{"id":3298,"date":"2013-04-03T14:25:00","date_gmt":"2013-04-03T11:25:00","guid":{"rendered":"https:\/\/dia.edu.az\/?p=3298"},"modified":"2021-03-03T14:27:24","modified_gmt":"2021-03-03T11:27:24","slug":"akademiyada-taninmis-jurnalist-v%c9%99-yazici-dolu-filminin-senari-mu%c9%99llifi-milli-m%c9%99clisin-deputati-aqil-abbas-v%c9%99-qarabag-muharib%c9%99sinin-istirakcisi-az","status":"publish","type":"post","link":"https:\/\/legacy.dia.edu.az\/ru\/arxivl\u0259r\/3298","title":{"rendered":"Akademiyada tan\u0131nm\u0131\u015f jurnalist v\u0259 yaz\u0131\u00e7\u0131, \u201cDolu\u201d filminin senari m\u00fc\u0259llifi, Milli M\u0259clisin deputat\u0131 Aqil Abbas v\u0259 Qaraba\u011f m\u00fcharib\u0259sinin i\u015ftirak\u00e7\u0131s\u0131, \u201cAz\u0259rbaycan Bayra\u011f\u0131\u201d ordenli \u0130bad H\u00fcseynovla g\u00f6r\u00fc\u015f ke\u00e7irilmi\u015fdir"},"content":{"rendered":"<p><strong>Akademiyada tan\u0131nm\u0131\u015f jurnalist v\u0259 yaz\u0131\u00e7\u0131, \u201cDolu\u201d filminin senari m\u00fc\u0259llifi, Milli M\u0259clisin deputat\u0131 Aqil Abbas v\u0259 Qaraba\u011f m\u00fcharib\u0259sinin i\u015ftirak\u00e7\u0131s\u0131, \u201cAz\u0259rbaycan Bayra\u011f\u0131\u201d ordenli \u0130bad H\u00fcseynovla g\u00f6r\u00fc\u015f ke\u00e7irilmi\u015fdir<\/strong><\/p>\n\n\n\n<p>Aprelin 4-d\u0259 Az\u0259rbaycan Respublikas\u0131n\u0131n Prezidenti yan\u0131nda D\u00f6vl\u0259t \u0130dar\u0259\u00e7ilik Akademiyas\u0131nda tan\u0131nm\u0131\u015f jurnalist v\u0259 yaz\u0131\u00e7\u0131,&nbsp;\u201cDolu\u201d filminin senari m\u00fc\u0259llifi, Milli M\u0259clisin deputat\u0131 Aqil Abbas&nbsp;v\u0259 Qaraba\u011f m\u00fcharib\u0259sinin i\u015ftirak\u00e7\u0131s\u0131, \u201cAz\u0259rbaycan Bayra\u011f\u0131\u201d ordenli\u0130bad H\u00fcseynovla&nbsp;g\u00f6r\u00fc\u015f ke\u00e7irilmi\u015fdir.&nbsp;<br>T\u0259dbiri giri\u015f s\u00f6z\u00fc il\u0259 a\u00e7an D\u00f6vl\u0259t \u0130dar\u0259\u00e7ilik Akademiyas\u0131n\u0131n rektoru,&nbsp;akademik Urxan \u018fl\u0259kb\u0259rov&nbsp;qonaqlar\u0131 salamlam\u0131\u015f, sonra Qaraba\u011f m\u00fcharib\u0259sind\u0259 V\u0259t\u0259n u\u011frunda son n\u0259f\u0259sin\u0259 q\u0259d\u0259r d\u00f6y\u00fc\u015f\u0259n Az\u0259rbaycan o\u011fullar\u0131n\u0131n q\u0259hr\u0259manl\u0131qlar\u0131na diqq\u0259ti c\u0259lb etmi\u015f v\u0259 bel\u0259 g\u00f6r\u00fc\u015fl\u0259rin g\u0259ncl\u0259rin m\u0259n\u0259vi t\u0259rbiy\u0259si \u00fc\u00e7\u00fcn \u0259h\u0259miyy\u0259tini, g\u0259ncl\u0259rd\u0259 v\u0259t\u0259np\u0259rv\u0259rlik ruhunun a\u015f\u0131lanmas\u0131nda \u00f6n\u0259mli rolunu, g\u0259ncl\u0259rin milli d\u00f6vl\u0259t\u00e7ilik t\u0259f\u0259kk\u00fcrl\u0259rinin formala\u015fmas\u0131na olan m\u00fcsb\u0259t t\u0259sirl\u0259rini qeyd etmi\u015fdir. Sonra rektor qeyd etmi\u015fdir ki, \u015fanl\u0131 d\u00f6y\u00fc\u015f yolu ke\u00e7mi\u015f \u0130bad H\u00fcseynov ad\u0131n\u0131 xalq\u0131m\u0131z\u0131n q\u0259hr\u0259manl\u0131q salnam\u0259sin\u0259 yazd\u0131rm\u0131\u015fd\u0131r. \u0130bad H\u00fcseynovun ba\u015f\u00e7\u0131l\u0131\u011f\u0131 alt\u0131nda ke\u00e7irilmi\u015f x\u00fcsusi \u0259m\u0259liyyatlar\u0131 diqq\u0259t\u0259 \u00e7atd\u0131r\u0131lm\u0131\u015fd\u0131r. Sonra \u0130bad H\u00fcseynovun igidlikl\u0259 dolu d\u00f6y\u00fc\u015f yolunu \u0259ks etdir\u0259n video\u00e7arx n\u00fcmayi\u015f olunmu\u015fdur.<br>T\u0259dbird\u0259&nbsp;Milli M\u0259clisin deputat\u0131 Aqil Abbas,Az\u0259rbaycan Bayra\u011f\u0131 ordenli \u0130bad H\u00fcseynov, \u201cAtilla\u201d jurnal\u0131n\u0131n redaktoru G\u00fcl\u015f\u0259n Behbud \u00e7\u0131x\u0131\u015f ed\u0259r\u0259k \u00f6z fikirl\u0259rini bildirmi\u015f, g\u0259ncl\u0259r\u0259 V\u0259t\u0259ni sevm\u0259yi, onun h\u0259r qar\u0131\u015f\u0131n\u0131 g\u00f6z b\u0259b\u0259yi kimi qoruma\u011f\u0131 t\u00f6vsiy\u0259 etmi\u015fdir.<\/p>","protected":false},"excerpt":{"rendered":"<p>Akademiyada tan\u0131nm\u0131\u015f jurnalist v\u0259 yaz\u0131\u00e7\u0131, \u201cDolu\u201d filminin senari m\u00fc\u0259llifi, Milli M\u0259clisin deputat\u0131 Aqil Abbas v\u0259 Qaraba\u011f m\u00fcharib\u0259sinin i\u015ftirak\u00e7\u0131s\u0131, \u201cAz\u0259rbaycan Bayra\u011f\u0131\u201d ordenli \u0130bad H\u00fcseynovla g\u00f6r\u00fc\u015f ke\u00e7irilmi\u015fdir Aprelin 4-d\u0259 Az\u0259rbaycan Respublikas\u0131n\u0131n Prezidenti yan\u0131nda D\u00f6vl\u0259t \u0130dar\u0259\u00e7ilik Akademiyas\u0131nda tan\u0131nm\u0131\u015f jurnalist v\u0259 yaz\u0131\u00e7\u0131,&nbsp;\u201cDolu\u201d filminin senari m\u00fc\u0259llifi, Milli M\u0259clisin deputat\u0131 Aqil Abbas&nbsp;v\u0259 Qaraba\u011f m\u00fcharib\u0259sinin i\u015ftirak\u00e7\u0131s\u0131, \u201cAz\u0259rbaycan Bayra\u011f\u0131\u201d ordenli\u0130bad H\u00fcseynovla&nbsp;g\u00f6r\u00fc\u015f ke\u00e7irilmi\u015fdir.&nbsp;T\u0259dbiri giri\u015f [&hellip;]<\/p>","protected":false},"author":2,"featured_media":3299,"comment_status":"closed","ping_status":"closed","sticky":false,"template":"","format":"standard","meta":[],"categories":[137],"tags":[187,197,192,189,191,190],"_links":{"self":[{"href":"https:\/\/legacy.dia.edu.az\/ru\/wp-json\/wp\/v2\/posts\/3298"}],"collection":[{"href":"https:\/\/legacy.dia.edu.az\/ru\/wp-json\/wp\/v2\/posts"}],"about":[{"href":"https:\/\/legacy.dia.edu.az\/ru\/wp-json\/wp\/v2\/types\/post"}],"author":[{"embeddable":true,"href":"https:\/\/legacy.dia.edu.az\/ru\/wp-json\/wp\/v2\/users\/2"}],"replies":[{"embeddable":true,"href":"https:\/\/legacy.dia.edu.az\/ru\/wp-json\/wp\/v2\/comments?post=3298"}],"version-history":[{"count":0,"href":"https:\/\/legacy.dia.edu.az\/ru\/wp-json\/wp\/v2\/posts\/3298\/revisions"}],"wp:featuredmedia":[{"embeddable":true,"href":"https:\/\/legacy.dia.edu.az\/ru\/wp-json\/wp\/v2\/media\/3299"}],"wp:attachment":[{"href":"https:\/\/legacy.dia.edu.az\/ru\/wp-json\/wp\/v2\/media?parent=3298"}],"wp:term":[{"taxonomy":"category","embeddable":true,"href":"https:\/\/legacy.dia.edu.az\/ru\/wp-json\/wp\/v2\/categories?post=3298"},{"taxonomy":"post_tag","embeddable":true,"href":"https:\/\/legacy.dia.edu.az\/ru\/wp-json\/wp\/v2\/tags?post=3298"}],"curies":[{"name":"wp","href":"https:\/\/api.w.org\/{rel}","templated":true}]}}