{"id":3284,"date":"2012-12-06T14:21:00","date_gmt":"2012-12-06T11:21:00","guid":{"rendered":"https:\/\/dia.edu.az\/?p=3284"},"modified":"2021-03-03T14:24:53","modified_gmt":"2021-03-03T11:24:53","slug":"dovl%c9%99t-idar%c9%99cilik-akademiyasinda-elektron-hokum%c9%99t-t%c9%99lim-m%c9%99rk%c9%99zinin-acilisi-olmusdur","status":"publish","type":"post","link":"https:\/\/legacy.dia.edu.az\/ru\/arxivl\u0259r\/3284","title":{"rendered":"D\u00f6vl\u0259t \u0130dar\u0259\u00e7ilik Akademiyas\u0131nda \u201cElektron H\u00f6kum\u0259t T\u0259lim M\u0259rk\u0259zi\u201dnin a\u00e7\u0131l\u0131\u015f\u0131 olmu\u015fdur"},"content":{"rendered":"<p><strong>D\u00f6vl\u0259t \u0130dar\u0259\u00e7ilik Akademiyas\u0131nda \u201cElektron H\u00f6kum\u0259t T\u0259lim M\u0259rk\u0259zi\u201dnin a\u00e7\u0131l\u0131\u015f\u0131 olmu\u015fdur<\/strong><\/p>\n\n\n\n<p>6 dekabr 2012-ci il tarixind\u0259 Az\u0259rbaycan Respublikas\u0131n\u0131n Prezidenti yan\u0131nda D\u00f6vl\u0259t \u0130dar\u0259\u00e7ilik Akademiyas\u0131nda Az\u0259rbaycan Respublikas\u0131 Rabit\u0259 v\u0259 \u0130nformasiya Texnologiyalar\u0131 Nazirliyinin d\u0259st\u0259yi il\u0259 yarad\u0131lan<strong>\u201cElektron H\u00f6kum\u0259t T\u0259lim M\u0259rk\u0259zi\u201dnin a\u00e7\u0131l\u0131\u015f\u0131<\/strong>\u00a0olmu\u015fdur.\u00a0<br>T\u0259dbird\u0259 Az\u0259rbaycan Respublikas\u0131 Rabit\u0259 v\u0259 \u0130nformasiya Texnologiyalar\u0131 Nazirinin m\u00fcavini\u00a0<strong>Elmir V\u0259lizad\u0259<\/strong>, D\u00f6vl\u0259t \u0130dar\u0259\u00e7ilik Akademiyas\u0131n\u0131n rektoru,<strong>akademik Urxan \u018fl\u0259kb\u0259rov<\/strong>, professor-m\u00fc\u0259llim hey\u0259ti, m\u00fcdaviml\u0259r, t\u0259l\u0259b\u0259 v\u0259 magistrlar i\u015ftirak etmi\u015fl\u0259r.\u00a0<br>M\u0259rk\u0259z d\u00f6vl\u0259t qulluq\u00e7ular\u0131n\u0131n, m\u00fcdavim v\u0259 t\u0259l\u0259b\u0259l\u0259rin t\u0259hsil imkanlar\u0131n\u0131 geni\u015fl\u0259ndirm\u0259kl\u0259 yana\u015f\u0131, informasiya-kommunikasiya texnologiyalar\u0131n\u0131n t\u0259tbiqi sah\u0259sind\u0259 yeni bilik v\u0259 bacar\u0131qlar\u0131n \u0259ld\u0259 edilm\u0259sin\u0259 imkanlar yaradacaq.<br>Diqq\u0259t\u0259 \u00e7atd\u0131r\u0131ld\u0131 ki, t\u0259lim m\u0259rk\u0259zinin \u0259sas m\u0259qs\u0259di haz\u0131rda d\u00f6vl\u0259t qullu\u011fu sistemind\u0259 f\u0259aliyy\u0259t g\u00f6st\u0259r\u0259n v\u0259 bu istiqam\u0259td\u0259 haz\u0131rlanan kadrlar\u0131n elektron idar\u0259etm\u0259 prinsipl\u0259ri il\u0259 tan\u0131\u015f etm\u0259k, onlar\u0131n elmi t\u0259dqiqatlara c\u0259lb edilm\u0259si, m\u00fcxt\u0259lif treninql\u0259rin t\u0259\u015fkili, diskussiya xarakterli g\u00f6r\u00fc\u015fl\u0259rin ke\u00e7irilm\u0259sini qar\u015f\u0131ya v\u0259zif\u0259 kimi qoyur.\u00a0<br>Rabit\u0259 v\u0259 \u0130nformasiya Texnologiyalar\u0131 Nazirinin m\u00fcavini\u00a0<strong>Elmir V\u0259lizad\u0259<\/strong>\u00a0Elektron xidm\u0259tl\u0259rin g\u00f6st\u0259rilm\u0259si \u00fczr\u0259 i\u015fl\u0259rin d\u00f6vl\u0259tin daim diqq\u0259t m\u0259rk\u0259zind\u0259 oldu\u011funu, \u201cElektron Az\u0259rbaycan\u201d D\u00f6vl\u0259t Proqram\u0131n\u0131n v\u0259 \u201cElektron h\u00f6kum\u0259t\u201d F\u0259aliyy\u0259t Proqram\u0131n\u0131n \u0259h\u0259miyy\u0259tini qeyd etdi. \u0130stifad\u0259y\u0259 veril\u0259n t\u0259lim m\u0259rk\u0259zinin h\u0259m d\u00f6vl\u0259t qulluq\u00e7ular\u0131, h\u0259m d\u0259 g\u0259nc idar\u0259\u00e7i kadrlar \u00fc\u00e7\u00fcn yeni praktik bilikl\u0259r \u0259ld\u0259 edilm\u0259sin\u0259 v\u0259 elektron idar\u0259etm\u0259 vasit\u0259sind\u0259n istifad\u0259 ed\u0259r\u0259k inki\u015faf\u0131n davaml\u0131 xarakteli olmas\u0131na t\u00f6hv\u0259 ver\u0259c\u0259yini bildirmi\u015fdir.\u00a0\u00a0\u00a0<br>Daha sonra D\u00f6vl\u0259t \u0130dar\u0259\u00e7ilik Akademiyas\u0131n\u0131n rektoru,\u00a0<strong>akademik Urxan \u018fl\u0259kb\u0259rov<\/strong>\u00a0qeyd etdi ki, \u0130KT bilikl\u0259rinin t\u0259tbiqi davaml\u0131 insan inki\u015faf\u0131 istiqam\u0259tind\u0259 at\u0131lan \u0259n vacib vasit\u0259l\u0259rd\u0259n biridi \u00a0v\u0259 bu qloballa\u015fan d\u00fcnyada m\u00fch\u00fcm \u0259h\u0259miyy\u0259t k\u0259sb edir. O, bildirmi\u015fdir ki, Az\u0259rbaycanda informasiya c\u0259miyy\u0259tin\u0259 ke\u00e7idin t\u0259min edilm\u0259si, \u0130KT-nin t\u0259tbiqi yolu il\u0259 informasiya v\u0259 bilikl\u0259r\u0259 \u0259saslanan, r\u0259qab\u0259t\u0259 davaml\u0131 iqtisadiyyat\u0131n inki\u015faf etdirilm\u0259si, d\u00f6vl\u0259t idar\u0259etm\u0259 mexanizml\u0259rinin s\u0259m\u0259r\u0259liliyinin art\u0131r\u0131lmas\u0131 v\u0259 q\u0259rarlar\u0131n q\u0259bulu prosesind\u0259 v\u0259t\u0259nda\u015flar\u0131n v\u0259 sosial institutlar\u0131n i\u015ftirak\u0131n\u0131n t\u0259min edilm\u0259si istiqam\u0259tind\u0259 at\u0131lan m\u00fch\u00fcm add\u0131m kimi qiym\u0259tl\u0259ndirilir.<\/p>\n\n\n\n<figure class=\"wp-container-2 wp-block-gallery-1 wp-block-gallery columns-3 is-cropped\"><ul class=\"blocks-gallery-grid\"><li class=\"blocks-gallery-item\"><figure><img width=\"640\" height=\"425\" src=\"https:\/\/dia.edu.az\/wp-content\/uploads\/2021\/03\/1-5.jpg\" alt=\"\" data-id=\"3288\" data-full-url=\"https:\/\/dia.edu.az\/wp-content\/uploads\/2021\/03\/1-5.jpg\" data-link=\"https:\/\/dia.edu.az\/?attachment_id=3288\" class=\"wp-image-3288\" srcset=\"https:\/\/legacy.dia.edu.az\/wp-content\/uploads\/2021\/03\/1-5.jpg 640w, https:\/\/legacy.dia.edu.az\/wp-content\/uploads\/2021\/03\/1-5-300x199.jpg 300w, https:\/\/legacy.dia.edu.az\/wp-content\/uploads\/2021\/03\/1-5-150x100.jpg 150w, https:\/\/legacy.dia.edu.az\/wp-content\/uploads\/2021\/03\/1-5-300x199@2x.jpg 600w\" sizes=\"(max-width: 640px) 100vw, 640px\" \/><\/figure><\/li><li class=\"blocks-gallery-item\"><figure><img width=\"640\" height=\"425\" src=\"https:\/\/dia.edu.az\/wp-content\/uploads\/2021\/03\/2-3.jpg\" alt=\"\" data-id=\"3291\" data-full-url=\"https:\/\/dia.edu.az\/wp-content\/uploads\/2021\/03\/2-3.jpg\" data-link=\"https:\/\/dia.edu.az\/?attachment_id=3291\" class=\"wp-image-3291\" srcset=\"https:\/\/legacy.dia.edu.az\/wp-content\/uploads\/2021\/03\/2-3.jpg 640w, https:\/\/legacy.dia.edu.az\/wp-content\/uploads\/2021\/03\/2-3-300x199.jpg 300w, https:\/\/legacy.dia.edu.az\/wp-content\/uploads\/2021\/03\/2-3-150x100.jpg 150w, https:\/\/legacy.dia.edu.az\/wp-content\/uploads\/2021\/03\/2-3-300x199@2x.jpg 600w\" sizes=\"(max-width: 640px) 100vw, 640px\" \/><\/figure><\/li><li class=\"blocks-gallery-item\"><figure><img width=\"640\" height=\"425\" src=\"https:\/\/dia.edu.az\/wp-content\/uploads\/2021\/03\/3-3.jpg\" alt=\"\" data-id=\"3294\" data-full-url=\"https:\/\/dia.edu.az\/wp-content\/uploads\/2021\/03\/3-3.jpg\" data-link=\"https:\/\/dia.edu.az\/?attachment_id=3294\" class=\"wp-image-3294\" srcset=\"https:\/\/legacy.dia.edu.az\/wp-content\/uploads\/2021\/03\/3-3.jpg 640w, https:\/\/legacy.dia.edu.az\/wp-content\/uploads\/2021\/03\/3-3-300x199.jpg 300w, https:\/\/legacy.dia.edu.az\/wp-content\/uploads\/2021\/03\/3-3-150x100.jpg 150w, https:\/\/legacy.dia.edu.az\/wp-content\/uploads\/2021\/03\/3-3-300x199@2x.jpg 600w\" sizes=\"(max-width: 640px) 100vw, 640px\" \/><\/figure><\/li><\/ul><\/figure>","protected":false},"excerpt":{"rendered":"<p>D\u00f6vl\u0259t \u0130dar\u0259\u00e7ilik Akademiyas\u0131nda \u201cElektron H\u00f6kum\u0259t T\u0259lim M\u0259rk\u0259zi\u201dnin a\u00e7\u0131l\u0131\u015f\u0131 olmu\u015fdur 6 dekabr 2012-ci il tarixind\u0259 Az\u0259rbaycan Respublikas\u0131n\u0131n Prezidenti yan\u0131nda D\u00f6vl\u0259t \u0130dar\u0259\u00e7ilik Akademiyas\u0131nda Az\u0259rbaycan Respublikas\u0131 Rabit\u0259 v\u0259 \u0130nformasiya Texnologiyalar\u0131 Nazirliyinin d\u0259st\u0259yi il\u0259 yarad\u0131lan\u201cElektron H\u00f6kum\u0259t T\u0259lim M\u0259rk\u0259zi\u201dnin a\u00e7\u0131l\u0131\u015f\u0131\u00a0olmu\u015fdur.\u00a0T\u0259dbird\u0259 Az\u0259rbaycan Respublikas\u0131 Rabit\u0259 v\u0259 \u0130nformasiya Texnologiyalar\u0131 Nazirinin m\u00fcavini\u00a0Elmir V\u0259lizad\u0259, D\u00f6vl\u0259t \u0130dar\u0259\u00e7ilik Akademiyas\u0131n\u0131n rektoru,akademik Urxan \u018fl\u0259kb\u0259rov, professor-m\u00fc\u0259llim hey\u0259ti, m\u00fcdaviml\u0259r, t\u0259l\u0259b\u0259 v\u0259 [&hellip;]<\/p>","protected":false},"author":2,"featured_media":3285,"comment_status":"closed","ping_status":"closed","sticky":false,"template":"","format":"standard","meta":[],"categories":[137],"tags":[187,197,192,189,191,190],"_links":{"self":[{"href":"https:\/\/legacy.dia.edu.az\/ru\/wp-json\/wp\/v2\/posts\/3284"}],"collection":[{"href":"https:\/\/legacy.dia.edu.az\/ru\/wp-json\/wp\/v2\/posts"}],"about":[{"href":"https:\/\/legacy.dia.edu.az\/ru\/wp-json\/wp\/v2\/types\/post"}],"author":[{"embeddable":true,"href":"https:\/\/legacy.dia.edu.az\/ru\/wp-json\/wp\/v2\/users\/2"}],"replies":[{"embeddable":true,"href":"https:\/\/legacy.dia.edu.az\/ru\/wp-json\/wp\/v2\/comments?post=3284"}],"version-history":[{"count":0,"href":"https:\/\/legacy.dia.edu.az\/ru\/wp-json\/wp\/v2\/posts\/3284\/revisions"}],"wp:featuredmedia":[{"embeddable":true,"href":"https:\/\/legacy.dia.edu.az\/ru\/wp-json\/wp\/v2\/media\/3285"}],"wp:attachment":[{"href":"https:\/\/legacy.dia.edu.az\/ru\/wp-json\/wp\/v2\/media?parent=3284"}],"wp:term":[{"taxonomy":"category","embeddable":true,"href":"https:\/\/legacy.dia.edu.az\/ru\/wp-json\/wp\/v2\/categories?post=3284"},{"taxonomy":"post_tag","embeddable":true,"href":"https:\/\/legacy.dia.edu.az\/ru\/wp-json\/wp\/v2\/tags?post=3284"}],"curies":[{"name":"wp","href":"https:\/\/api.w.org\/{rel}","templated":true}]}}