{"id":3270,"date":"2012-11-22T14:17:00","date_gmt":"2012-11-22T11:17:00","guid":{"rendered":"https:\/\/dia.edu.az\/?p=3270"},"modified":"2021-03-03T14:21:17","modified_gmt":"2021-03-03T11:21:17","slug":"az%c9%99rbaycan-dovl%c9%99tciliyinin-huquqi-%c9%99saslari-v%c9%99-inzibati-islahatlar-istiqam%c9%99ti-uzr%c9%99qisamudd%c9%99tli-ixtisasartirma-kursu-kecirilmisdir-%ef%bb%bf","status":"publish","type":"post","link":"https:\/\/legacy.dia.edu.az\/ru\/arxivl\u0259r\/3270","title":{"rendered":"\u201cAz\u0259rbaycan d\u00f6vl\u0259t\u00e7iliyinin h\u00fcquqi \u0259saslar\u0131 v\u0259 inzibati islahatlar\u201d istiqam\u0259ti \u00fczr\u0259q\u0131sam\u00fcdd\u0259tli ixtisasart\u0131rma kursu ke\u00e7irilmi\u015fdir \ufeff"},"content":{"rendered":"<p><strong>\u201cAz\u0259rbaycan d\u00f6vl\u0259t\u00e7iliyinin h\u00fcquqi \u0259saslar\u0131 v\u0259 inzibati islahatlar\u201d istiqam\u0259ti \u00fczr\u0259q\u0131sam\u00fcdd\u0259tli ixtisasart\u0131rma kursu ke\u00e7irilmi\u015fdir<\/strong><br><\/p>\n\n\n\n<p>Az\u0259rbaycan Respublikas\u0131n\u0131n Prezidenti yan\u0131nda D\u00f6vl\u0259t \u0130dar\u0259\u00e7ilik Akademiyas\u0131nda \u201cAz\u0259rbaycan d\u00f6vl\u0259t\u00e7iliyinin h\u00fcquqi \u0259saslar\u0131 v\u0259 inzibati islahatlar\u201d istiqam\u0259ti \u00fczr\u0259q\u0131sam\u00fcdd\u0259tli\u00a0 ixtisasart\u0131rma kursu ke\u00e7irilmi\u015fdir. Bu il t\u0259\u015fkil olunmu\u015f kurs \u201cAz\u0259rbaycan d\u00f6vl\u0259t\u00e7iliyinin konstitusion h\u00fcquqi \u0259saslar\u0131\u201d v\u0259 \u201cAz\u0259rbaycanda inzibati islahatlar\u201d\u00a0 modullar\u0131ndan ibar\u0259t olmu\u015fdur. Kursa D\u00f6vl\u0259t Hakimiyy\u0259tinin m\u0259rk\u0259zi, \u015f\u0259h\u0259r, rayon miqyasl\u0131 orqanlar\u0131n\u0131n n\u00fcmay\u0259nd\u0259li orqanlar\u0131n, m\u00fcvafiq nazirlik, komit\u0259 v\u0259 idar\u0259l\u0259rin r\u0259hb\u0259r i\u015f\u00e7il\u0259ri, \u015f\u0259h\u0259r v\u0259 rayon icra hakimiyy\u0259tl\u0259rinin h\u00fcquq \u015f\u00f6b\u0259l\u0259rinin m\u00fcdirl\u0259ri \u00a0c\u0259lb olunmu\u015flar.<br>Bu istiqam\u0259td\u0259 kursun \u0259sas m\u0259qs\u0259di Az\u0259rbaycan Respublikas\u0131nda Konstitusiya islahatlar\u0131, Az\u0259rbaycan Respublikas\u0131n\u0131n milli t\u0259hl\u00fck\u0259sizliyinin t\u0259min olunmas\u0131nda h\u00fcquq m\u00fchafiz\u0259 orqanlar\u0131n\u0131n qar\u015f\u0131l\u0131ql\u0131 f\u0259aliyy\u0259ti, Prokurorlu\u011fun Az\u0259rbaycan Respublikas\u0131 cinay\u0259t m\u00fchakim\u0259 icraat\u0131nda i\u015ftirak\u0131, Az\u0259rbaycanda inzibati h\u00fcquq islahatlar\u0131 v\u0259 s. probleml\u0259rl\u0259\u00a0 ba\u011fl\u0131 bilikl\u0259rin dinl\u0259yicil\u0259r\u0259 \u00e7atd\u0131r\u0131lmas\u0131 v\u0259 onlar il\u0259 fikir m\u00fcbadil\u0259sinin apar\u0131lmas\u0131 idi.<br>Kurs \u0259rzind\u0259 Az\u0259rbaycan Respublikasi Prezidenti Adm<br>inistrasiyas\u0131 \u0130ctimai-siyasi m\u0259s\u0259l\u0259l\u0259r \u015f\u00f6b\u0259sinin m\u00fcdiri\u00a0<strong>\u018fli H\u0259s\u0259nov<\/strong>, \u00a0Az\u0259rbaycan Respublikasi Prezidenti Administrasiyas\u0131 \u0130ctimai-siyasi m\u0259s\u0259l\u0259l\u0259r \u015f\u00f6b\u0259sinin m\u00fcdir m\u00fcavini\u00a0<strong>Tahir S\u00fcleymanov,<\/strong>\u00a0AR Milli M\u0259clis Aparat\u0131n\u0131n D\u00f6vl\u0259t quruculu\u011fu \u00fczr\u0259 qanunvericilik \u015f\u00f6b\u0259sinin m\u00fcdiri\u00a0<strong>L\u0259tif H\u00fcseynov<\/strong>, AR Milli M\u0259clisin H\u00fcquq siyas\u0259ti v\u0259 d\u00f6vl\u0259t quruculu\u011fu komit\u0259sinin s\u0259dri\u00a0<strong>\u018fli H\u00fcseynli,<\/strong>\u00a0AR Ali M\u0259hk\u0259m\u0259sinin hakiml\u0259ri \u00a0\u00a0v\u0259 dig\u0259r d\u00f6vl\u0259t v\u0259 qeyri-h\u00f6k\u00fcm\u0259t t\u0259\u015fkilatlar\u0131n\u0131n n\u00fcmay\u0259nd\u0259l\u0259ri \u00a0Az\u0259rbaycan Respublikas\u0131n\u0131n g\u0259ncl\u0259r siyas\u0259tinin m\u00fcasir probleml\u0259rin\u0259 dair m\u00fcxt\u0259lif m\u00f6vzularda m\u00fchazir\u0259l\u0259rl\u0259 \u00e7\u0131x\u0131\u015f etmi\u015fl\u0259r. \u00a0<br>Kurs \u00e7\u0259r\u00e7iv\u0259sind\u0259 i\u015f<br>tirak\u00e7\u0131lar \u00fc\u00e7\u00fcn m\u0259d\u0259ni-maarifl\u0259ndici ekskursiya t\u0259\u015fkil olunmu\u015f. Ekskursiya zaman\u0131 dinl\u0259yicil\u0259r Qobustan Dovl\u0259t tarix v\u0259 b\u0259dii Qoru\u011funa s\u0259f\u0259r etmi\u015fl\u0259r.<br>Noyabr ay\u0131n\u0131n 22-d\u0259 Az\u0259rbaycan Respublikas\u0131n\u0131n Prezidenti yan\u0131nda D\u00f6vl\u0259t \u0130dar\u0259\u00e7ilik Akademiyas\u0131nda kurs \u00fczr\u0259 dinl\u0259yicil\u0259rin burax\u0131l\u0131\u015f m\u0259rasimi ke\u00e7irilmi\u015fdir. Akademiyan\u0131n<strong>prorektoru, professor \u018flikram Abdullayev<\/strong>\u00a0kursun sonunda dinl\u0259yicil\u0259r qar\u015f\u0131s\u0131nda \u00e7\u0131x\u0131\u015f etmi\u015f, onlara kursu m\u00fcv\u0259ff\u0259qiyy\u0259tl\u0259 bitirdikl\u0259rin\u0259 g\u00f6r\u0259 sertifikatlar t\u0259qdim ed\u0259r\u0259k\u00a0\u00a0 g\u0259l\u0259c\u0259k i\u015fl\u0259rind\u0259 u\u011furlar arzu etmi\u015fdir.<\/p>\n\n\n\n<figure class=\"wp-container-2 wp-block-gallery-1 wp-block-gallery columns-3 is-cropped\"><ul class=\"blocks-gallery-grid\"><li class=\"blocks-gallery-item\"><figure><img width=\"640\" height=\"425\" src=\"https:\/\/dia.edu.az\/wp-content\/uploads\/2021\/03\/1-3.jpg\" alt=\"\" data-id=\"3274\" data-full-url=\"https:\/\/dia.edu.az\/wp-content\/uploads\/2021\/03\/1-3.jpg\" data-link=\"https:\/\/dia.edu.az\/?attachment_id=3274\" class=\"wp-image-3274\" srcset=\"https:\/\/legacy.dia.edu.az\/wp-content\/uploads\/2021\/03\/1-3.jpg 640w, https:\/\/legacy.dia.edu.az\/wp-content\/uploads\/2021\/03\/1-3-300x199.jpg 300w, https:\/\/legacy.dia.edu.az\/wp-content\/uploads\/2021\/03\/1-3-150x100.jpg 150w, https:\/\/legacy.dia.edu.az\/wp-content\/uploads\/2021\/03\/1-3-300x199@2x.jpg 600w\" sizes=\"(max-width: 640px) 100vw, 640px\" \/><\/figure><\/li><li class=\"blocks-gallery-item\"><figure><img width=\"640\" height=\"425\" src=\"https:\/\/dia.edu.az\/wp-content\/uploads\/2021\/03\/2-2.jpg\" alt=\"\" data-id=\"3277\" data-full-url=\"https:\/\/dia.edu.az\/wp-content\/uploads\/2021\/03\/2-2.jpg\" data-link=\"https:\/\/dia.edu.az\/?attachment_id=3277\" class=\"wp-image-3277\" srcset=\"https:\/\/legacy.dia.edu.az\/wp-content\/uploads\/2021\/03\/2-2.jpg 640w, https:\/\/legacy.dia.edu.az\/wp-content\/uploads\/2021\/03\/2-2-300x199.jpg 300w, https:\/\/legacy.dia.edu.az\/wp-content\/uploads\/2021\/03\/2-2-150x100.jpg 150w, https:\/\/legacy.dia.edu.az\/wp-content\/uploads\/2021\/03\/2-2-300x199@2x.jpg 600w\" sizes=\"(max-width: 640px) 100vw, 640px\" \/><\/figure><\/li><li class=\"blocks-gallery-item\"><figure><img width=\"640\" height=\"425\" src=\"https:\/\/dia.edu.az\/wp-content\/uploads\/2021\/03\/3-2.jpg\" alt=\"\" data-id=\"3280\" data-full-url=\"https:\/\/dia.edu.az\/wp-content\/uploads\/2021\/03\/3-2.jpg\" data-link=\"https:\/\/dia.edu.az\/?attachment_id=3280\" class=\"wp-image-3280\" srcset=\"https:\/\/legacy.dia.edu.az\/wp-content\/uploads\/2021\/03\/3-2.jpg 640w, https:\/\/legacy.dia.edu.az\/wp-content\/uploads\/2021\/03\/3-2-300x199.jpg 300w, https:\/\/legacy.dia.edu.az\/wp-content\/uploads\/2021\/03\/3-2-150x100.jpg 150w, https:\/\/legacy.dia.edu.az\/wp-content\/uploads\/2021\/03\/3-2-300x199@2x.jpg 600w\" sizes=\"(max-width: 640px) 100vw, 640px\" \/><\/figure><\/li><\/ul><\/figure>","protected":false},"excerpt":{"rendered":"<p>\u201cAz\u0259rbaycan d\u00f6vl\u0259t\u00e7iliyinin h\u00fcquqi \u0259saslar\u0131 v\u0259 inzibati islahatlar\u201d istiqam\u0259ti \u00fczr\u0259q\u0131sam\u00fcdd\u0259tli ixtisasart\u0131rma kursu ke\u00e7irilmi\u015fdir Az\u0259rbaycan Respublikas\u0131n\u0131n Prezidenti yan\u0131nda D\u00f6vl\u0259t \u0130dar\u0259\u00e7ilik Akademiyas\u0131nda \u201cAz\u0259rbaycan d\u00f6vl\u0259t\u00e7iliyinin h\u00fcquqi \u0259saslar\u0131 v\u0259 inzibati islahatlar\u201d istiqam\u0259ti \u00fczr\u0259q\u0131sam\u00fcdd\u0259tli\u00a0 ixtisasart\u0131rma kursu ke\u00e7irilmi\u015fdir. Bu il t\u0259\u015fkil olunmu\u015f kurs \u201cAz\u0259rbaycan d\u00f6vl\u0259t\u00e7iliyinin konstitusion h\u00fcquqi \u0259saslar\u0131\u201d v\u0259 \u201cAz\u0259rbaycanda inzibati islahatlar\u201d\u00a0 modullar\u0131ndan ibar\u0259t olmu\u015fdur. Kursa D\u00f6vl\u0259t Hakimiyy\u0259tinin m\u0259rk\u0259zi, \u015f\u0259h\u0259r, rayon miqyasl\u0131 [&hellip;]<\/p>","protected":false},"author":2,"featured_media":3271,"comment_status":"closed","ping_status":"closed","sticky":false,"template":"","format":"standard","meta":[],"categories":[137],"tags":[187,197,192,189,191,190],"_links":{"self":[{"href":"https:\/\/legacy.dia.edu.az\/ru\/wp-json\/wp\/v2\/posts\/3270"}],"collection":[{"href":"https:\/\/legacy.dia.edu.az\/ru\/wp-json\/wp\/v2\/posts"}],"about":[{"href":"https:\/\/legacy.dia.edu.az\/ru\/wp-json\/wp\/v2\/types\/post"}],"author":[{"embeddable":true,"href":"https:\/\/legacy.dia.edu.az\/ru\/wp-json\/wp\/v2\/users\/2"}],"replies":[{"embeddable":true,"href":"https:\/\/legacy.dia.edu.az\/ru\/wp-json\/wp\/v2\/comments?post=3270"}],"version-history":[{"count":0,"href":"https:\/\/legacy.dia.edu.az\/ru\/wp-json\/wp\/v2\/posts\/3270\/revisions"}],"wp:featuredmedia":[{"embeddable":true,"href":"https:\/\/legacy.dia.edu.az\/ru\/wp-json\/wp\/v2\/media\/3271"}],"wp:attachment":[{"href":"https:\/\/legacy.dia.edu.az\/ru\/wp-json\/wp\/v2\/media?parent=3270"}],"wp:term":[{"taxonomy":"category","embeddable":true,"href":"https:\/\/legacy.dia.edu.az\/ru\/wp-json\/wp\/v2\/categories?post=3270"},{"taxonomy":"post_tag","embeddable":true,"href":"https:\/\/legacy.dia.edu.az\/ru\/wp-json\/wp\/v2\/tags?post=3270"}],"curies":[{"name":"wp","href":"https:\/\/api.w.org\/{rel}","templated":true}]}}