{"id":3260,"date":"2012-09-10T13:11:00","date_gmt":"2012-09-10T10:11:00","guid":{"rendered":"https:\/\/dia.edu.az\/?p=3260"},"modified":"2021-03-03T13:13:59","modified_gmt":"2021-03-03T10:13:59","slug":"aciq-hokum%c9%99tin-t%c9%99sviqin%c9%99-dair-2012-2015-ci-ill%c9%99r-ucun-milli-f%c9%99aliyy%c9%99t-planina-dair-seminar","status":"publish","type":"post","link":"https:\/\/legacy.dia.edu.az\/ru\/arxivl\u0259r\/3260","title":{"rendered":"&#8220;A\u00e7\u0131q H\u00f6kum\u0259tin t\u0259\u015fviqin\u0259 dair 2012-2015-ci ill\u0259r \u00fc\u00e7\u00fcn Milli F\u0259aliyy\u0259t Plan\u0131&#8221;na dair seminar"},"content":{"rendered":"<p><strong>&#8220;A\u00e7\u0131q H\u00f6kum\u0259tin t\u0259\u015fviqin\u0259 dair 2012-2015-ci ill\u0259r \u00fc\u00e7\u00fcn Milli F\u0259aliyy\u0259t Plan\u0131&#8221;na dair seminar<\/strong><\/p>\n\n\n\n<p>Az\u0259rbaycan Respublikas\u0131n\u0131n Prezidenti yan\u0131nda D\u00f6vl\u0259t \u0130dar\u0259\u00e7ilik Akademiyas\u0131 R\u0259hb\u0259r kadrlar\u0131n ixtisas\u0131n\u0131n art\u0131r\u0131lmas\u0131 fak\u00fclt\u0259sind\u0259 Az\u0259rbaycan Prezidentinin 5 sentyabr 2012-ci il tarixli s\u0259r\u0259ncam\u0131 il\u0259 t\u0259sdiq edilmi\u015f &#8220;A\u00e7\u0131q H\u00f6kum\u0259tin t\u0259\u015fviqin\u0259 dair 2012-2015-ci ill\u0259r \u00fc\u00e7\u00fcn Milli F\u0259aliyy\u0259t Plan\u0131&#8221;na dair d\u00f6vl\u0259t qulluq\u00e7ular\u0131 \u00fc\u00e7\u00fcn seminar ke\u00e7irilmi\u015fdir. Seminar\u0131 giri\u015f s\u00f6z\u00fc il\u0259 a\u00e7an D\u00f6vl\u0259t \u0130dar\u0259\u00e7ilik Akdemiyas\u0131n\u0131n rektoru\u00a0<strong>akademik Urxan \u018fl\u0259kb\u0259rov\u00a0<\/strong>bu plan\u0131n \u0259h\u0259miyy\u0259tind\u0259n dan\u0131\u015faraq onun h\u0259yata ke\u00e7irilm\u0259sind\u0259 elektron h\u00f6kum\u0259t t\u0259sisat\u0131n\u0131n t\u0259dbiqinin x\u00fcsusi \u00f6n\u0259mini vur\u011fulad\u0131. Seminara d\u0259v\u0259t olunmu\u015f ekspertl\u0259r Energetika v\u0259 S\u0259naye Nazirliyi Elektron idar\u0259etm\u0259 \u015f\u00f6b\u0259sinin m\u00fcdiri\u00a0<strong>R\u00fcst\u0259m \u00a0\u015e\u0259faq\u0259tov<\/strong>\u00a0v\u0259 AR Milli M\u0259clisinin sektor m\u00fcdiri\u00a0<strong>R\u0259\u015fad \u018fzizov<\/strong>\u00a0Milli F\u0259aliyy\u0259t Plan\u0131 v\u0259 e-h\u00f6kum\u0259t haqq\u0131nda i\u015ftirak\u00e7\u0131lara \u0259trafl\u0131 m\u0259lumat vermi\u015fl\u0259r. Daha sonra seminar i\u015ftirak\u00e7\u0131lar\u0131 m\u00f6vzu \u0259traf\u0131nda fikir m\u00fcbadil\u0259si aparm\u0131\u015flar.<\/p>\n\n\n\n<figure class=\"wp-block-image size-large is-style-default\"><img width=\"640\" height=\"426\" src=\"https:\/\/dia.edu.az\/wp-content\/uploads\/2021\/03\/5-1.jpg\" alt=\"\" class=\"wp-image-3261\" srcset=\"https:\/\/legacy.dia.edu.az\/wp-content\/uploads\/2021\/03\/5-1.jpg 640w, https:\/\/legacy.dia.edu.az\/wp-content\/uploads\/2021\/03\/5-1-300x200.jpg 300w, https:\/\/legacy.dia.edu.az\/wp-content\/uploads\/2021\/03\/5-1-150x100.jpg 150w, https:\/\/legacy.dia.edu.az\/wp-content\/uploads\/2021\/03\/5-1-300x200@2x.jpg 600w\" sizes=\"(max-width: 640px) 100vw, 640px\" \/><\/figure>","protected":false},"excerpt":{"rendered":"<p>&#8220;A\u00e7\u0131q H\u00f6kum\u0259tin t\u0259\u015fviqin\u0259 dair 2012-2015-ci ill\u0259r \u00fc\u00e7\u00fcn Milli F\u0259aliyy\u0259t Plan\u0131&#8221;na dair seminar Az\u0259rbaycan Respublikas\u0131n\u0131n Prezidenti yan\u0131nda D\u00f6vl\u0259t \u0130dar\u0259\u00e7ilik Akademiyas\u0131 R\u0259hb\u0259r kadrlar\u0131n ixtisas\u0131n\u0131n art\u0131r\u0131lmas\u0131 fak\u00fclt\u0259sind\u0259 Az\u0259rbaycan Prezidentinin 5 sentyabr 2012-ci il tarixli s\u0259r\u0259ncam\u0131 il\u0259 t\u0259sdiq edilmi\u015f &#8220;A\u00e7\u0131q H\u00f6kum\u0259tin t\u0259\u015fviqin\u0259 dair 2012-2015-ci ill\u0259r \u00fc\u00e7\u00fcn Milli F\u0259aliyy\u0259t Plan\u0131&#8221;na dair d\u00f6vl\u0259t qulluq\u00e7ular\u0131 \u00fc\u00e7\u00fcn seminar ke\u00e7irilmi\u015fdir. Seminar\u0131 giri\u015f s\u00f6z\u00fc il\u0259 [&hellip;]<\/p>","protected":false},"author":2,"featured_media":3261,"comment_status":"closed","ping_status":"closed","sticky":false,"template":"","format":"standard","meta":[],"categories":[137],"tags":[192,189,191,190,188],"_links":{"self":[{"href":"https:\/\/legacy.dia.edu.az\/ru\/wp-json\/wp\/v2\/posts\/3260"}],"collection":[{"href":"https:\/\/legacy.dia.edu.az\/ru\/wp-json\/wp\/v2\/posts"}],"about":[{"href":"https:\/\/legacy.dia.edu.az\/ru\/wp-json\/wp\/v2\/types\/post"}],"author":[{"embeddable":true,"href":"https:\/\/legacy.dia.edu.az\/ru\/wp-json\/wp\/v2\/users\/2"}],"replies":[{"embeddable":true,"href":"https:\/\/legacy.dia.edu.az\/ru\/wp-json\/wp\/v2\/comments?post=3260"}],"version-history":[{"count":0,"href":"https:\/\/legacy.dia.edu.az\/ru\/wp-json\/wp\/v2\/posts\/3260\/revisions"}],"wp:featuredmedia":[{"embeddable":true,"href":"https:\/\/legacy.dia.edu.az\/ru\/wp-json\/wp\/v2\/media\/3261"}],"wp:attachment":[{"href":"https:\/\/legacy.dia.edu.az\/ru\/wp-json\/wp\/v2\/media?parent=3260"}],"wp:term":[{"taxonomy":"category","embeddable":true,"href":"https:\/\/legacy.dia.edu.az\/ru\/wp-json\/wp\/v2\/categories?post=3260"},{"taxonomy":"post_tag","embeddable":true,"href":"https:\/\/legacy.dia.edu.az\/ru\/wp-json\/wp\/v2\/tags?post=3260"}],"curies":[{"name":"wp","href":"https:\/\/api.w.org\/{rel}","templated":true}]}}