{"id":3227,"date":"2012-04-19T12:43:00","date_gmt":"2012-04-19T09:43:00","guid":{"rendered":"https:\/\/dia.edu.az\/?p=3227"},"modified":"2021-03-03T12:50:08","modified_gmt":"2021-03-03T09:50:08","slug":"dovl%c9%99t-idar%c9%99cilik-akademiyasinda-xalq-yazicisi-cingiz-abdullayevl%c9%99-gorus-kecirilmisdir","status":"publish","type":"post","link":"https:\/\/legacy.dia.edu.az\/ru\/arxivl\u0259r\/3227","title":{"rendered":"D\u00f6vl\u0259t \u0130dar\u0259\u00e7ilik Akademiyas\u0131nda Xalq Yaz\u0131\u00e7\u0131s\u0131 \u00c7ingiz Abdullayevl\u0259 g\u00f6r\u00fc\u015f ke\u00e7irilmi\u015fdir"},"content":{"rendered":"<p><strong>D\u00f6vl\u0259t \u0130dar\u0259\u00e7ilik Akademiyas\u0131nda Xalq Yaz\u0131\u00e7\u0131s\u0131 \u00c7ingiz Abdullayevl\u0259 g\u00f6r\u00fc\u015f ke\u00e7irilmi\u015fdir<\/strong><\/p>\n\n\n\n<p>19 aprel 2012-ci ild\u0259 D\u0130A-da\u00a0Xalq Yaz\u0131\u00e7\u0131s\u0131 \u00c7ingiz Abdullayevl\u0259\u00a0g\u00f6r\u00fc\u015f v\u0259 kitablar\u0131n\u0131n \u201cimza g\u00fcn\u00fc\u201d ke\u00e7irilib. T\u0259l\u0259b\u0259 v\u0259 m\u00fc\u0259llim kollektivi il\u0259 ke\u00e7iril\u0259n g\u00f6r\u00fc\u015fd\u0259 ali t\u0259hsil oca\u011f\u0131n\u0131n rektoru,akademik Urxan \u018fl\u0259kb\u0259rov\u00a0d\u00fcnya \u015f\u00f6hr\u0259tli yaz\u0131\u00e7\u0131n\u0131n yarad\u0131c\u0131l\u0131\u011f\u0131 v\u0259 n\u0259\u015frl\u0259ri bar\u0259d\u0259 m\u0259lumat vermi\u015fdir.\u00a0<br>Sonra\u00a0\u00c7.Abdullayev\u00a0yarad\u0131c\u0131l\u0131\u011f\u0131n\u0131n \u0259sas istiqam\u0259tl\u0259ri bar\u0259d\u0259 dan\u0131\u015fm\u0131\u015f, t\u0259l\u0259b\u0259l\u0259ri v\u0259t\u0259np\u0259rv\u0259rlik ruhunda t\u0259rbiy\u0259 olunma\u011f\u0131, intellektual s\u0259viyy\u0259l\u0259rini daim y\u00fcks\u0259ltm\u0259yi, d\u00fcnyag\u00f6r\u00fc\u015fl\u0259rini m\u0259hz m\u00fctali\u0259 il\u0259 geni\u015fl\u0259ndirm\u0259yi t\u00f6vsiy\u0259 etmi\u015fdir. G\u0259ncl\u0259rimizin m\u00fctali\u0259 il\u0259 daha \u00e7ox m\u0259\u015f\u011ful olacaqlar\u0131na inam\u0131n\u0131 ifad\u0259 ed\u0259n qonaq bunun xalq\u0131n m\u0259d\u0259niyy\u0259ti v\u0259 g\u0259l\u0259c\u0259yin\u0259 xidm\u0259t ed\u0259c\u0259yini demi\u015fdir. &#8220;Qisas\u0131n g\u00fcc\u00fc&#8221;, &#8220;G\u00f6y m\u0259l\u0259kl\u0259r&#8221;, &#8220;Bakinski bulvar&#8221; kitablar\u0131n\u0131n q\u0259hramanlar\u0131 v\u0259 dig\u0259r maraql\u0131 fikirl\u0259ri bar\u0259d\u0259 yaz\u0131\u00e7\u0131 oxucular\u0131n\u0131n v\u0259 t\u0259l\u0259b\u0259l\u0259rin ona \u00fcnvanlanan suallar\u0131n\u0131 cavabland\u0131r\u0131b, \u201cKitab Klubu\u201dnun s\u0259dri akademiyan\u0131n \u00fc\u00e7\u00fcnc\u00fc kurs t\u0259l\u0259b\u0259si Fidan Sideifzad\u0259 \u00e7\u0131x\u0131\u015f ed\u0259r\u0259k bu il f\u0259aliyy\u0259t\u0259 ba\u015flayan klub haqq\u0131nda m\u0259lumat verib v\u0259 onlarla xatir\u0259 \u015f\u0259kli \u00e7\u0259kdirib.<\/p>\n\n\n\n<p><\/p>\n\n\n\n<figure class=\"wp-container-2 wp-block-gallery-1 wp-block-gallery columns-3 is-cropped\"><ul class=\"blocks-gallery-grid\"><li class=\"blocks-gallery-item\"><figure><img width=\"640\" height=\"426\" src=\"https:\/\/dia.edu.az\/wp-content\/uploads\/2021\/03\/4-1.jpg\" alt=\"\" data-id=\"3231\" data-full-url=\"https:\/\/dia.edu.az\/wp-content\/uploads\/2021\/03\/4-1.jpg\" data-link=\"https:\/\/dia.edu.az\/?attachment_id=3231\" class=\"wp-image-3231\" srcset=\"https:\/\/legacy.dia.edu.az\/wp-content\/uploads\/2021\/03\/4-1.jpg 640w, https:\/\/legacy.dia.edu.az\/wp-content\/uploads\/2021\/03\/4-1-300x200.jpg 300w, https:\/\/legacy.dia.edu.az\/wp-content\/uploads\/2021\/03\/4-1-150x100.jpg 150w, https:\/\/legacy.dia.edu.az\/wp-content\/uploads\/2021\/03\/4-1-300x200@2x.jpg 600w\" sizes=\"(max-width: 640px) 100vw, 640px\" \/><\/figure><\/li><li class=\"blocks-gallery-item\"><figure><img width=\"640\" height=\"426\" src=\"https:\/\/dia.edu.az\/wp-content\/uploads\/2021\/03\/5.jpg\" alt=\"\" data-id=\"3234\" data-full-url=\"https:\/\/dia.edu.az\/wp-content\/uploads\/2021\/03\/5.jpg\" data-link=\"https:\/\/dia.edu.az\/?attachment_id=3234\" class=\"wp-image-3234\" srcset=\"https:\/\/legacy.dia.edu.az\/wp-content\/uploads\/2021\/03\/5.jpg 640w, https:\/\/legacy.dia.edu.az\/wp-content\/uploads\/2021\/03\/5-300x200.jpg 300w, https:\/\/legacy.dia.edu.az\/wp-content\/uploads\/2021\/03\/5-150x100.jpg 150w, https:\/\/legacy.dia.edu.az\/wp-content\/uploads\/2021\/03\/5-300x200@2x.jpg 600w\" sizes=\"(max-width: 640px) 100vw, 640px\" \/><\/figure><\/li><li class=\"blocks-gallery-item\"><figure><img width=\"640\" height=\"426\" src=\"https:\/\/dia.edu.az\/wp-content\/uploads\/2021\/03\/6.jpg\" alt=\"\" data-id=\"3237\" data-full-url=\"https:\/\/dia.edu.az\/wp-content\/uploads\/2021\/03\/6.jpg\" data-link=\"https:\/\/dia.edu.az\/?attachment_id=3237\" class=\"wp-image-3237\" srcset=\"https:\/\/legacy.dia.edu.az\/wp-content\/uploads\/2021\/03\/6.jpg 640w, https:\/\/legacy.dia.edu.az\/wp-content\/uploads\/2021\/03\/6-300x200.jpg 300w, https:\/\/legacy.dia.edu.az\/wp-content\/uploads\/2021\/03\/6-150x100.jpg 150w, https:\/\/legacy.dia.edu.az\/wp-content\/uploads\/2021\/03\/6-300x200@2x.jpg 600w\" sizes=\"(max-width: 640px) 100vw, 640px\" \/><\/figure><\/li><li class=\"blocks-gallery-item\"><figure><img width=\"640\" height=\"426\" src=\"https:\/\/dia.edu.az\/wp-content\/uploads\/2021\/03\/7.jpg\" alt=\"\" data-id=\"3240\" data-full-url=\"https:\/\/dia.edu.az\/wp-content\/uploads\/2021\/03\/7.jpg\" data-link=\"https:\/\/dia.edu.az\/?attachment_id=3240\" class=\"wp-image-3240\" srcset=\"https:\/\/legacy.dia.edu.az\/wp-content\/uploads\/2021\/03\/7.jpg 640w, https:\/\/legacy.dia.edu.az\/wp-content\/uploads\/2021\/03\/7-300x200.jpg 300w, https:\/\/legacy.dia.edu.az\/wp-content\/uploads\/2021\/03\/7-150x100.jpg 150w, https:\/\/legacy.dia.edu.az\/wp-content\/uploads\/2021\/03\/7-300x200@2x.jpg 600w\" sizes=\"(max-width: 640px) 100vw, 640px\" \/><\/figure><\/li><\/ul><\/figure>","protected":false},"excerpt":{"rendered":"<p>D\u00f6vl\u0259t \u0130dar\u0259\u00e7ilik Akademiyas\u0131nda Xalq Yaz\u0131\u00e7\u0131s\u0131 \u00c7ingiz Abdullayevl\u0259 g\u00f6r\u00fc\u015f ke\u00e7irilmi\u015fdir 19 aprel 2012-ci ild\u0259 D\u0130A-da\u00a0Xalq Yaz\u0131\u00e7\u0131s\u0131 \u00c7ingiz Abdullayevl\u0259\u00a0g\u00f6r\u00fc\u015f v\u0259 kitablar\u0131n\u0131n \u201cimza g\u00fcn\u00fc\u201d ke\u00e7irilib. T\u0259l\u0259b\u0259 v\u0259 m\u00fc\u0259llim kollektivi il\u0259 ke\u00e7iril\u0259n g\u00f6r\u00fc\u015fd\u0259 ali t\u0259hsil oca\u011f\u0131n\u0131n rektoru,akademik Urxan \u018fl\u0259kb\u0259rov\u00a0d\u00fcnya \u015f\u00f6hr\u0259tli yaz\u0131\u00e7\u0131n\u0131n yarad\u0131c\u0131l\u0131\u011f\u0131 v\u0259 n\u0259\u015frl\u0259ri bar\u0259d\u0259 m\u0259lumat vermi\u015fdir.\u00a0Sonra\u00a0\u00c7.Abdullayev\u00a0yarad\u0131c\u0131l\u0131\u011f\u0131n\u0131n \u0259sas istiqam\u0259tl\u0259ri bar\u0259d\u0259 dan\u0131\u015fm\u0131\u015f, t\u0259l\u0259b\u0259l\u0259ri v\u0259t\u0259np\u0259rv\u0259rlik ruhunda t\u0259rbiy\u0259 olunma\u011f\u0131, intellektual s\u0259viyy\u0259l\u0259rini daim [&hellip;]<\/p>","protected":false},"author":2,"featured_media":3228,"comment_status":"closed","ping_status":"closed","sticky":false,"template":"","format":"standard","meta":[],"categories":[137],"tags":[187,192,189,191,188],"_links":{"self":[{"href":"https:\/\/legacy.dia.edu.az\/ru\/wp-json\/wp\/v2\/posts\/3227"}],"collection":[{"href":"https:\/\/legacy.dia.edu.az\/ru\/wp-json\/wp\/v2\/posts"}],"about":[{"href":"https:\/\/legacy.dia.edu.az\/ru\/wp-json\/wp\/v2\/types\/post"}],"author":[{"embeddable":true,"href":"https:\/\/legacy.dia.edu.az\/ru\/wp-json\/wp\/v2\/users\/2"}],"replies":[{"embeddable":true,"href":"https:\/\/legacy.dia.edu.az\/ru\/wp-json\/wp\/v2\/comments?post=3227"}],"version-history":[{"count":0,"href":"https:\/\/legacy.dia.edu.az\/ru\/wp-json\/wp\/v2\/posts\/3227\/revisions"}],"wp:featuredmedia":[{"embeddable":true,"href":"https:\/\/legacy.dia.edu.az\/ru\/wp-json\/wp\/v2\/media\/3228"}],"wp:attachment":[{"href":"https:\/\/legacy.dia.edu.az\/ru\/wp-json\/wp\/v2\/media?parent=3227"}],"wp:term":[{"taxonomy":"category","embeddable":true,"href":"https:\/\/legacy.dia.edu.az\/ru\/wp-json\/wp\/v2\/categories?post=3227"},{"taxonomy":"post_tag","embeddable":true,"href":"https:\/\/legacy.dia.edu.az\/ru\/wp-json\/wp\/v2\/tags?post=3227"}],"curies":[{"name":"wp","href":"https:\/\/api.w.org\/{rel}","templated":true}]}}