{"id":28556,"date":"2025-12-01T12:25:52","date_gmt":"2025-12-01T08:25:52","guid":{"rendered":"https:\/\/dia.edu.az\/?p=28556"},"modified":"2025-12-01T12:28:10","modified_gmt":"2025-12-01T08:28:10","slug":"dovl%c9%99t-idar%c9%99cilik-akademiyasinda-ytb-baskani-t%c9%99r%c9%99find%c9%99n-seminar-kecirilib","status":"publish","type":"post","link":"https:\/\/legacy.dia.edu.az\/ru\/arxivl\u0259r\/28556","title":{"rendered":"D\u00f6vl\u0259t \u0130dar\u0259\u00e7ilik Akademiyas\u0131nda \u00a0YTB ba\u015fkan\u0131 t\u0259r\u0259find\u0259n seminar ke\u00e7irilib"},"content":{"rendered":"<div data-elementor-type=\"wp-post\" data-elementor-id=\"28556\" class=\"elementor elementor-28556\" data-elementor-settings=\"[]\">\n\t\t\t\t\t\t<div class=\"elementor-inner\">\n\t\t\t\t\t\t\t<div class=\"elementor-section-wrap\">\n\t\t\t\t\t\t\t<section class=\"elementor-section elementor-top-section elementor-element elementor-element-5f7014c elementor-section-boxed elementor-section-height-default elementor-section-height-default\" data-id=\"5f7014c\" data-element_type=\"section\">\n\t\t\t\t\t\t<div class=\"elementor-container elementor-column-gap-default\">\n\t\t\t\t\t\t\t<div class=\"elementor-row\">\n\t\t\t\t\t<div class=\"elementor-column elementor-col-100 elementor-top-column elementor-element elementor-element-fc67a8c\" data-id=\"fc67a8c\" data-element_type=\"column\">\n\t\t\t<div class=\"elementor-column-wrap elementor-element-populated\">\n\t\t\t\t\t\t\t<div class=\"elementor-widget-wrap\">\n\t\t\t\t\t\t<div class=\"elementor-element elementor-element-346cfa1 elementor-widget elementor-widget-text-editor\" data-id=\"346cfa1\" data-element_type=\"widget\" data-widget_type=\"text-editor.default\">\n\t\t\t\t<div class=\"elementor-widget-container\">\n\t\t\t\t\t\t\t\t<div class=\"elementor-text-editor elementor-clearfix\">\n\t\t\t\t\t<p class=\"MsoNormal\" style=\"text-indent:35.4pt\"><span style=\"font-size:12.0pt;line-height:115%;font-family:&quot;Arial&quot;,sans-serif;mso-ansi-language:EN-US\">28\nnoyabr 2025-ci il tarixind\u0259 Az\u0259rbaycan Respublikas\u0131n\u0131n Prezidenti yan\u0131nda D\u00f6vl\u0259t\n\u0130dar\u0259\u00e7ilik Akademiyas\u0131nda (D\u0130A) T\u00fcrkiy\u0259 Respublikas\u0131n\u0131n Yurtd\u0131\u015f\u0131 T\u00fcrkler v\u0259\nAkraba Topluluklar Ba\u015fkanl\u0131\u011f\u0131n\u0131n (YTB) s\u0259dri c\u0259nab Abdulhadi Turus v\u0259 onu\nm\u00fc\u015fayi\u0259t ed\u0259n n\u00fcmay\u0259nd\u0259 hey\u0259tinin i\u015ftirak\u0131 il\u0259 g\u00f6r\u00fc\u015f ke\u00e7irilmi\u015fdir.<o:p><\/o:p><\/span><\/p><p class=\"MsoNormal\" style=\"text-indent:35.4pt\"><span style=\"font-size:12.0pt;line-height:115%;font-family:&quot;Arial&quot;,sans-serif;mso-ansi-language:EN-US\">D\u0130A-n\u0131n\nrektoru, akademik Urxan \u018fl\u0259kb\u0259rov t\u0259dbiri a\u00e7araq qonaqlar\u0131 salamlam\u0131\u015f v\u0259\ng\u00f6r\u00fc\u015f\u00fcn m\u0259qs\u0259di, \u0259h\u0259miyy\u0259ti bar\u0259d\u0259 m\u0259lumat vermi\u015fdir. Rektor qeyd etmi\u015fdir ki,\nqlobal \u00e7a\u011f\u0131r\u0131\u015flar\u0131n artd\u0131\u011f\u0131 bir d\u00f6vrd\u0259 d\u00f6vl\u0259t idar\u0259\u00e7iliyind\u0259 yeni yana\u015fmalar\u0131n\n\u00f6yr\u0259nilm\u0259si v\u0259 t\u0259tbiqi x\u00fcsusi \u00f6n\u0259m k\u0259sb edir. O, h\u0259m\u00e7inin Az\u0259rbaycan v\u0259 T\u00fcrkiy\u0259\nRespublikas\u0131n\u0131n d\u00f6vl\u0259t idar\u0259\u00e7iliyi sah\u0259sind\u0259ki t\u0259cr\u00fcb\u0259l\u0259rinin bir-birini\ntamamlad\u0131\u011f\u0131n\u0131 v\u0259 bu istiqam\u0259td\u0259 \u0259m\u0259kda\u015fl\u0131\u011f\u0131n iki \u00f6lk\u0259 aras\u0131nda qar\u015f\u0131l\u0131ql\u0131\nfaydal\u0131 n\u0259tic\u0259l\u0259r ver\u0259 bil\u0259c\u0259yini vur\u011fulam\u0131\u015fd\u0131r. Akademik \u018fl\u0259kb\u0259rov qlobal\nsiyasi sistemd\u0259 idar\u0259etm\u0259 institutlar\u0131n\u0131n \u00e7evikliyi, innovativ idar\u0259\u00e7ilik\nmodell\u0259rinin t\u0259tbiqi v\u0259 insan kapital\u0131n\u0131n inki\u015faf\u0131n\u0131n \u0259sas prioritetl\u0259rd\u0259n biri\noldu\u011funu x\u00fcsusi qeyd etmi\u015fdir.<o:p><\/o:p><\/span><\/p><p class=\"MsoNormal\" style=\"text-indent:35.4pt\"><span style=\"font-size:12.0pt;line-height:115%;font-family:&quot;Arial&quot;,sans-serif;mso-ansi-language:EN-US\">G\u00f6r\u00fc\u015f\nzaman\u0131 YTB-nin s\u0259dri Abdulhadi Turus geni\u015f m\u0259ruz\u0259 il\u0259 \u00e7\u0131x\u0131\u015f etmi\u015fdir. O, T\u00fcrkiy\u0259nin\ndiaspora siyas\u0259tinin \u0259sas istiqam\u0259tl\u0259ri, konseptual \u00e7\u0259r\u00e7iv\u0259si v\u0259 strateji h\u0259d\u0259fl\u0259ri\nbar\u0259d\u0259 \u0259trafl\u0131 m\u0259lumat vermi\u015fdir. Turus bildirmi\u015fdir ki, YTB-nin f\u0259aliyy\u0259ti\nyaln\u0131z xaricd\u0259 ya\u015fayan t\u00fcrkl\u0259rin d\u0259st\u0259kl\u0259nm\u0259si il\u0259 m\u0259hdudla\u015fm\u0131r, h\u0259m d\u0259 qarda\u015f\nxalqlar aras\u0131nda akademik v\u0259 m\u0259d\u0259ni \u0259laq\u0259l\u0259rin g\u00fccl\u0259ndirilm\u0259sin\u0259 xidm\u0259t edir.\nO, YTB-nin t\u0259qa\u00fcd proqramlar\u0131, g\u0259ncl\u0259r t\u0259\u015f\u0259bb\u00fcsl\u0259ri, m\u0259d\u0259ni layih\u0259l\u0259ri v\u0259\nakademik m\u00fcbadil\u0259 proqramlar\u0131n\u0131n g\u0259l\u0259c\u0259k ill\u0259rd\u0259 daha da geni\u015fl\u0259ndiril\u0259c\u0259yini\nqeyd ed\u0259r\u0259k D\u0130A-n\u0131n bu \u0259m\u0259kda\u015fl\u0131q \u00e7\u0259r\u00e7iv\u0259sind\u0259 m\u00fch\u00fcm rol oynad\u0131\u011f\u0131n\u0131\nvur\u011fulam\u0131\u015fd\u0131r.<o:p><\/o:p><\/span><\/p><p class=\"MsoNormal\" style=\"text-indent:35.4pt\"><span style=\"font-size:12.0pt;line-height:115%;font-family:&quot;Arial&quot;,sans-serif;mso-ansi-language:EN-US\">Daha\nsonra D\u0130A-n\u0131n \u0130qtisadiyyat\u0131n d\u00f6vl\u0259t t\u0259nziml\u0259nm\u0259si kafedras\u0131n\u0131n m\u00fcdiri, Milli M\u0259clisin\nkomit\u0259 s\u0259dri Az\u0259r \u018fmiraslanov \u00e7\u0131x\u0131\u015f etmi\u015fdir. O, Az\u0259rbaycan\u2013T\u00fcrkiy\u0259 \u0259m\u0259kda\u015fl\u0131\u011f\u0131n\u0131n\niqtisadi idar\u0259etm\u0259 sah\u0259sind\u0259 strateji \u0259h\u0259miyy\u0259tini qeyd ed\u0259r\u0259k bildirmi\u015fdir ki,\nm\u00fcasir iqtisadi \u00e7a\u011f\u0131r\u0131\u015flar d\u00f6vl\u0259tl\u0259rd\u0259n daha \u00e7evik, analitik v\u0259 innovativ q\u0259rarverm\u0259\nyana\u015fmalar\u0131 t\u0259l\u0259b edir. Deputat yeni iqtisadi trendl\u0259rin, r\u0259q\u0259msal idar\u0259etm\u0259nin\nv\u0259 regional inteqrasiya layih\u0259l\u0259rinin iki \u00f6lk\u0259 aras\u0131nda \u0259m\u0259kda\u015fl\u0131qda m\u00fch\u00fcm yer\ntutdu\u011funu vur\u011fulam\u0131\u015f, bu sah\u0259l\u0259r \u00fczr\u0259 g\u0259nc m\u00fct\u0259x\u0259ssisl\u0259rin haz\u0131rlanmas\u0131n\u0131n\nvacibliyini diqq\u0259t\u0259 \u00e7atd\u0131rm\u0131\u015fd\u0131r.<o:p><\/o:p><\/span><\/p><p class=\"MsoNormal\" style=\"text-indent:35.4pt\"><span style=\"font-size:12.0pt;line-height:115%;font-family:&quot;Arial&quot;,sans-serif;mso-ansi-language:EN-US\">D\u0130A-n\u0131n\nBeyn\u0259lxalq m\u00fcnasib\u0259tl\u0259r kafedras\u0131n\u0131n professoru, Siyasi Ara\u015fd\u0131rmalar\n\u0130nstitutunun r\u0259hb\u0259ri, mill\u0259t v\u0259kili Elman N\u0259sirov Az\u0259rbaycan\u2013T\u00fcrkiy\u0259 m\u00fcnasib\u0259tl\u0259rinin\ntarixi v\u0259 m\u00fcasir inki\u015faf dinamikas\u0131 bar\u0259d\u0259 \u00e7\u0131x\u0131\u015f etmi\u015fdir. O, iki \u00f6lk\u0259\naras\u0131ndak\u0131 siyasi v\u0259 diplomatik \u0259laq\u0259l\u0259rin d\u00fcnyada analoqu olmayan strateji\nm\u00fctt\u0259fiqlik modeli oldu\u011funu bildirmi\u015fdir. Mill\u0259t v\u0259kili h\u0259m\u00e7inin vur\u011fulam\u0131\u015fd\u0131r\nki, Az\u0259rbaycan v\u0259 T\u00fcrkiy\u0259 \u0259m\u0259kda\u015fl\u0131\u011f\u0131 t\u0259hl\u00fck\u0259sizlik v\u0259 enerji sah\u0259l\u0259ri il\u0259 m\u0259hdudla\u015fm\u0131r,\nh\u0259m d\u0259 inteqrasiya olunmu\u015f diplomatik strategiyalar\u0131n formala\u015fd\u0131r\u0131lmas\u0131\nbax\u0131m\u0131ndan b\u00f6y\u00fck \u0259h\u0259miyy\u0259t da\u015f\u0131y\u0131r.<o:p><\/o:p><\/span><\/p><p class=\"MsoNormal\" style=\"text-indent:35.4pt\"><span style=\"font-size:12.0pt;line-height:115%;font-family:&quot;Arial&quot;,sans-serif;mso-ansi-language:EN-US\">Elm v\u0259\nbeyn\u0259lxalq \u0259laq\u0259l\u0259r \u00fczr\u0259 prorektor, professor Elvin \u018fzizb\u0259yov \u00e7\u0131x\u0131\u015f\u0131nda\nbildirmi\u015fdir ki, D\u0130A T\u00fcrkiy\u0259nin apar\u0131c\u0131 universitetl\u0259ri v\u0259 elmi qurumlar\u0131 il\u0259\nbirg\u0259 layih\u0259l\u0259rin icras\u0131n\u0131 davam etdirir. O, qar\u015f\u0131dak\u0131 ill\u0259rd\u0259 bu \u0259m\u0259kda\u015fl\u0131\u011f\u0131n\ndaha da geni\u015fl\u0259ndirilm\u0259si, elm v\u0259 t\u0259hsil m\u00f6vzular\u0131nda konfranslar\u0131n t\u0259\u015fkili,\nyeni doktorantura proqramlar\u0131n\u0131n yarad\u0131lmas\u0131 v\u0259 m\u00fcasir akademik t\u0259dris istiqam\u0259tl\u0259rinin\nt\u0259tbiqi kimi t\u0259\u015f\u0259bb\u00fcsl\u0259rin n\u0259z\u0259rd\u0259 tutuldu\u011funu vur\u011fulam\u0131\u015fd\u0131r.<o:p><\/o:p><\/span><\/p><p class=\"MsoNormal\" style=\"text-indent:35.4pt\"><span style=\"font-size:12.0pt;line-height:115%;font-family:&quot;Arial&quot;,sans-serif;mso-ansi-language:EN-US\">T\u0259dbir\n\u00e7\u0259r\u00e7iv\u0259sind\u0259 t\u0259hsil proqramlar\u0131n\u0131n d\u0259st\u0259kl\u0259nm\u0259si, el\u0259c\u0259 d\u0259 m\u0259d\u0259ni, sosial v\u0259\nakademik sah\u0259l\u0259rd\u0259 m\u00fcmk\u00fcn \u0259m\u0259kda\u015fl\u0131q perspektivl\u0259ri m\u00fczakir\u0259 olunmu\u015fdur.<o:p><\/o:p><\/span><\/p><p>\n\n\n\n\n\n\n\n\n\n\n\n\n\n<\/p><p class=\"MsoNormal\" style=\"text-indent:35.4pt\"><span style=\"font-size:12.0pt;line-height:115%;font-family:&quot;Arial&quot;,sans-serif;mso-ansi-language:EN-US\">Sonda\nprofessor-m\u00fc\u0259llim hey\u0259ti qonaqlara \u00f6z suallar\u0131n\u0131 \u00fcnvanlam\u0131\u015f, g\u00f6r\u00fc\u015f xatir\u0259\nfotosu il\u0259 yekunla\u015fm\u0131\u015fd\u0131r.<\/span><span style=\"font-size:14.0pt;line-height:115%;font-family:&quot;Arial&quot;,sans-serif;mso-ansi-language:EN-US\"><o:p><\/o:p><\/span><\/p>\t\t\t\t\t<\/div>\n\t\t\t\t\t\t<\/div>\n\t\t\t\t<\/div>\n\t\t\t\t\t\t<\/div>\n\t\t\t\t\t<\/div>\n\t\t<\/div>\n\t\t\t\t\t\t\t\t<\/div>\n\t\t\t\t\t<\/div>\n\t\t<\/section>\n\t\t\t\t<section class=\"elementor-section elementor-top-section elementor-element elementor-element-919633a elementor-section-boxed elementor-section-height-default elementor-section-height-default\" data-id=\"919633a\" data-element_type=\"section\">\n\t\t\t\t\t\t<div class=\"elementor-container elementor-column-gap-default\">\n\t\t\t\t\t\t\t<div class=\"elementor-row\">\n\t\t\t\t\t<div class=\"elementor-column elementor-col-100 elementor-top-column elementor-element elementor-element-5feb816\" data-id=\"5feb816\" data-element_type=\"column\">\n\t\t\t<div class=\"elementor-column-wrap elementor-element-populated\">\n\t\t\t\t\t\t\t<div class=\"elementor-widget-wrap\">\n\t\t\t\t\t\t<div class=\"elementor-element elementor-element-b3dd912 elementor-arrows-position-inside elementor-pagination-position-outside elementor-widget elementor-widget-image-carousel\" data-id=\"b3dd912\" data-element_type=\"widget\" data-settings=\"{&quot;navigation&quot;:&quot;both&quot;,&quot;autoplay&quot;:&quot;yes&quot;,&quot;pause_on_hover&quot;:&quot;yes&quot;,&quot;pause_on_interaction&quot;:&quot;yes&quot;,&quot;autoplay_speed&quot;:5000,&quot;infinite&quot;:&quot;yes&quot;,&quot;speed&quot;:500}\" data-widget_type=\"image-carousel.default\">\n\t\t\t\t<div class=\"elementor-widget-container\">\n\t\t\t\t\t<div class=\"elementor-image-carousel-wrapper swiper-container\" dir=\"ltr\">\n\t\t\t<div class=\"elementor-image-carousel swiper-wrapper\">\n\t\t\t\t<div class=\"swiper-slide\"><a data-elementor-open-lightbox=\"yes\" data-elementor-lightbox-slideshow=\"b3dd912\" href=\"https:\/\/legacy.dia.edu.az\/wp-content\/uploads\/2025\/12\/2.jpg\"><figure class=\"swiper-slide-inner\"><img class=\"swiper-slide-image\" src=\"https:\/\/legacy.dia.edu.az\/wp-content\/uploads\/2025\/12\/2-150x150.jpg\" alt=\"\" \/><\/figure><\/a><\/div><div class=\"swiper-slide\"><a data-elementor-open-lightbox=\"yes\" data-elementor-lightbox-slideshow=\"b3dd912\" href=\"https:\/\/legacy.dia.edu.az\/wp-content\/uploads\/2025\/12\/3.jpg\"><figure class=\"swiper-slide-inner\"><img class=\"swiper-slide-image\" src=\"https:\/\/legacy.dia.edu.az\/wp-content\/uploads\/2025\/12\/3-150x150.jpg\" alt=\"\" \/><\/figure><\/a><\/div><div class=\"swiper-slide\"><a data-elementor-open-lightbox=\"yes\" data-elementor-lightbox-slideshow=\"b3dd912\" href=\"https:\/\/legacy.dia.edu.az\/wp-content\/uploads\/2025\/12\/4.jpg\"><figure class=\"swiper-slide-inner\"><img class=\"swiper-slide-image\" src=\"https:\/\/legacy.dia.edu.az\/wp-content\/uploads\/2025\/12\/4-150x150.jpg\" alt=\"\" \/><\/figure><\/a><\/div><div class=\"swiper-slide\"><a data-elementor-open-lightbox=\"yes\" data-elementor-lightbox-slideshow=\"b3dd912\" href=\"https:\/\/legacy.dia.edu.az\/wp-content\/uploads\/2025\/12\/8.jpg\"><figure class=\"swiper-slide-inner\"><img class=\"swiper-slide-image\" src=\"https:\/\/legacy.dia.edu.az\/wp-content\/uploads\/2025\/12\/8-150x150.jpg\" alt=\"\" \/><\/figure><\/a><\/div>\t\t\t<\/div>\n\t\t\t\t\t\t\t\t\t\t\t\t<div class=\"swiper-pagination\"><\/div>\n\t\t\t\t\t\t\t\t\t\t\t\t\t<div class=\"elementor-swiper-button elementor-swiper-button-prev\">\n\t\t\t\t\t\t<i class=\"eicon-chevron-left\" aria-hidden=\"true\"><\/i>\n\t\t\t\t\t\t<span class=\"elementor-screen-only\">\u041d\u0430\u0437\u0430\u0434<\/span>\n\t\t\t\t\t<\/div>\n\t\t\t\t\t<div class=\"elementor-swiper-button elementor-swiper-button-next\">\n\t\t\t\t\t\t<i class=\"eicon-chevron-right\" aria-hidden=\"true\"><\/i>\n\t\t\t\t\t\t<span class=\"elementor-screen-only\">\u0414\u0430\u043b\u0435\u0435<\/span>\n\t\t\t\t\t<\/div>\n\t\t\t\t\t\t\t\t\t<\/div>\n\t\t\t\t<\/div>\n\t\t\t\t<\/div>\n\t\t\t\t\t\t<\/div>\n\t\t\t\t\t<\/div>\n\t\t<\/div>\n\t\t\t\t\t\t\t\t<\/div>\n\t\t\t\t\t<\/div>\n\t\t<\/section>\n\t\t\t\t\t\t<\/div>\n\t\t\t\t\t\t<\/div>\n\t\t\t\t\t<\/div>","protected":false},"excerpt":{"rendered":"<p>28 noyabr 2025-ci il tarixind\u0259 Az\u0259rbaycan Respublikas\u0131n\u0131n Prezidenti yan\u0131nda D\u00f6vl\u0259t \u0130dar\u0259\u00e7ilik Akademiyas\u0131nda (D\u0130A) T\u00fcrkiy\u0259 Respublikas\u0131n\u0131n Yurtd\u0131\u015f\u0131 T\u00fcrkler v\u0259 Akraba Topluluklar Ba\u015fkanl\u0131\u011f\u0131n\u0131n (YTB) s\u0259dri c\u0259nab Abdulhadi Turus v\u0259 onu m\u00fc\u015fayi\u0259t ed\u0259n n\u00fcmay\u0259nd\u0259 hey\u0259tinin i\u015ftirak\u0131 il\u0259 g\u00f6r\u00fc\u015f ke\u00e7irilmi\u015fdir. D\u0130A-n\u0131n rektoru, akademik Urxan \u018fl\u0259kb\u0259rov t\u0259dbiri a\u00e7araq qonaqlar\u0131 salamlam\u0131\u015f v\u0259 g\u00f6r\u00fc\u015f\u00fcn m\u0259qs\u0259di, \u0259h\u0259miyy\u0259ti bar\u0259d\u0259 m\u0259lumat vermi\u015fdir. Rektor qeyd etmi\u015fdir [&hellip;]<\/p>","protected":false},"author":2,"featured_media":28557,"comment_status":"closed","ping_status":"closed","sticky":false,"template":"","format":"standard","meta":[],"categories":[137],"tags":[],"_links":{"self":[{"href":"https:\/\/legacy.dia.edu.az\/ru\/wp-json\/wp\/v2\/posts\/28556"}],"collection":[{"href":"https:\/\/legacy.dia.edu.az\/ru\/wp-json\/wp\/v2\/posts"}],"about":[{"href":"https:\/\/legacy.dia.edu.az\/ru\/wp-json\/wp\/v2\/types\/post"}],"author":[{"embeddable":true,"href":"https:\/\/legacy.dia.edu.az\/ru\/wp-json\/wp\/v2\/users\/2"}],"replies":[{"embeddable":true,"href":"https:\/\/legacy.dia.edu.az\/ru\/wp-json\/wp\/v2\/comments?post=28556"}],"version-history":[{"count":7,"href":"https:\/\/legacy.dia.edu.az\/ru\/wp-json\/wp\/v2\/posts\/28556\/revisions"}],"predecessor-version":[{"id":28568,"href":"https:\/\/legacy.dia.edu.az\/ru\/wp-json\/wp\/v2\/posts\/28556\/revisions\/28568"}],"wp:featuredmedia":[{"embeddable":true,"href":"https:\/\/legacy.dia.edu.az\/ru\/wp-json\/wp\/v2\/media\/28557"}],"wp:attachment":[{"href":"https:\/\/legacy.dia.edu.az\/ru\/wp-json\/wp\/v2\/media?parent=28556"}],"wp:term":[{"taxonomy":"category","embeddable":true,"href":"https:\/\/legacy.dia.edu.az\/ru\/wp-json\/wp\/v2\/categories?post=28556"},{"taxonomy":"post_tag","embeddable":true,"href":"https:\/\/legacy.dia.edu.az\/ru\/wp-json\/wp\/v2\/tags?post=28556"}],"curies":[{"name":"wp","href":"https:\/\/api.w.org\/{rel}","templated":true}]}}