{"id":28542,"date":"2025-11-28T14:46:16","date_gmt":"2025-11-28T10:46:16","guid":{"rendered":"https:\/\/dia.edu.az\/?p=28542"},"modified":"2025-11-28T14:48:08","modified_gmt":"2025-11-28T10:48:08","slug":"az%c9%99rbaycan-respublikasinin-prezidenti-yaninda-dovl%c9%99t-idar%c9%99cilik-akademiyasinda-icra-hakimiyy%c9%99ti-orqanlarinin-r%c9%99hb%c9%99rl%c9%99ri-ucun-keciril%c9%99n-uzunmudd%c9%99tli-ixtisas","status":"publish","type":"post","link":"https:\/\/legacy.dia.edu.az\/ru\/arxivl\u0259r\/28542","title":{"rendered":"Az\u0259rbaycan Respublikas\u0131n\u0131n Prezidenti yan\u0131nda D\u00f6vl\u0259t \u0130dar\u0259\u00e7ilik Akademiyas\u0131nda icra hakimiyy\u0259ti orqanlar\u0131n\u0131n r\u0259hb\u0259rl\u0259ri \u00fc\u00e7\u00fcn ke\u00e7iril\u0259n uzunm\u00fcdd\u0259tli ixtisasart\u0131rma kursu u\u011furla davam edir"},"content":{"rendered":"<div data-elementor-type=\"wp-post\" data-elementor-id=\"28542\" class=\"elementor elementor-28542\" data-elementor-settings=\"[]\">\n\t\t\t\t\t\t<div class=\"elementor-inner\">\n\t\t\t\t\t\t\t<div class=\"elementor-section-wrap\">\n\t\t\t\t\t\t\t<section class=\"elementor-section elementor-top-section elementor-element elementor-element-0de76bf elementor-section-boxed elementor-section-height-default elementor-section-height-default\" data-id=\"0de76bf\" data-element_type=\"section\">\n\t\t\t\t\t\t<div class=\"elementor-container elementor-column-gap-default\">\n\t\t\t\t\t\t\t<div class=\"elementor-row\">\n\t\t\t\t\t<div class=\"elementor-column elementor-col-100 elementor-top-column elementor-element elementor-element-4cb3f85\" data-id=\"4cb3f85\" data-element_type=\"column\">\n\t\t\t<div class=\"elementor-column-wrap elementor-element-populated\">\n\t\t\t\t\t\t\t<div class=\"elementor-widget-wrap\">\n\t\t\t\t\t\t<div class=\"elementor-element elementor-element-0084b84 elementor-widget elementor-widget-text-editor\" data-id=\"0084b84\" data-element_type=\"widget\" data-widget_type=\"text-editor.default\">\n\t\t\t\t<div class=\"elementor-widget-container\">\n\t\t\t\t\t\t\t\t<div class=\"elementor-text-editor elementor-clearfix\">\n\t\t\t\t\t<p style=\"margin:0cm;text-align:justify;text-indent:36.0pt;line-height:150%\">Az\u0259rbaycan\nRespublikas\u0131n\u0131n Prezidenti c\u0259nab \u0130lham \u018fliyevin 11 dekabr 2014-c\u00fc il tarixli,\n387 n\u00f6mr\u0259li F\u0259rman\u0131 v\u0259 h\u0259min s\u0259n\u0259d\u0259 edilmi\u015f 15 may 2025-ci il tarixli\nd\u0259yi\u015fiklikl\u0259r \u0259sas\u0131nda h\u0259yata ke\u00e7iril\u0259n d\u00f6vl\u0259t idar\u0259\u00e7iliyi \u00fczr\u0259 pe\u015f\u0259kar inki\u015faf\nproqram\u0131 sistemli \u015f\u0259kild\u0259 davam etdirilir. 23 sentyabr 2025-ci ild\u0259 Az\u0259rbaycan Respublikas\u0131n\u0131n\nPrezidenti yan\u0131nda D\u00f6vl\u0259t \u0130dar\u0259\u00e7ilik Akademiyas\u0131nda ba\u015flanm\u0131\u015f bu t\u0259lim prosesi\n\u201cSosial-iqtisadi inki\u015faf\u0131n t\u0259hlili v\u0259 proqnozla\u015fd\u0131r\u0131lmas\u0131\u201d v\u0259 \u201c\u0130ctimai-siyasi\nv\u0259 humanitar m\u0259s\u0259l\u0259l\u0259r\u201d \u015f\u00f6b\u0259l\u0259rin\u0259 r\u0259hb\u0259rlik ed\u0259n kadrlar\u0131n idar\u0259etm\u0259 sah\u0259sind\u0259\ninstitusional v\u0259 analitik bacar\u0131qlar\u0131n\u0131n inki\u015faf etdirilm\u0259sini h\u0259d\u0259fl\u0259yir.\nT\u0259lim Akademiyan\u0131n rektoru, akademik Urxan \u018fl\u0259kb\u0259rov t\u0259r\u0259find\u0259n ke\u00e7irilir.<o:p><\/o:p><\/p><p style=\"margin:0cm;text-align:justify;text-indent:36.0pt;line-height:150%\">Bu\ng\u00fcn ke\u00e7iril\u0259n t<span lang=\"AZ-LATIN\">\u0259lim<\/span>\n\u201cPrezident \u0130lham \u018fliyevin idar\u0259etm\u0259 texnologiyalar\u0131: Liderlik\u201d m\u00f6vzusuna h\u0259sr\nolunmu\u015fdur. Sessiya \u00e7\u0259r\u00e7iv\u0259sind\u0259 \u00fcmummilli lider Heyd\u0259r \u018fliyevin\nformala\u015fd\u0131rd\u0131\u011f\u0131 d\u00f6vl\u0259t\u00e7ilik v\u0259 idar\u0259\u00e7ilik prinsipl\u0259rinin Prezident \u0130lham \u018fliyev\nt\u0259r\u0259find\u0259n m\u00fcasir d\u00f6vr\u00fcn t\u0259l\u0259bl\u0259rin\u0259 uy\u011fun olaraq daha da inki\u015faf etdirildiyi vur\u011fulanm\u0131\u015fd\u0131r.\nQeyd edilib ki, Heyd\u0259r \u018fliyevin idar\u0259etm\u0259 siyas\u0259ti Az\u0259rbaycan\u0131n uzunm\u00fcdd\u0259tli\ninki\u015faf strategiyas\u0131n\u0131n formala\u015fmas\u0131nda \u0259sasl\u0131 rol oynam\u0131\u015fd\u0131r. T\u0259lim\ni\u015ftirak\u00e7\u0131lar\u0131 \u00f6lk\u0259mizin son ill\u0259rd\u0259 qazand\u0131\u011f\u0131 b\u00f6y\u00fck nailiyy\u0259tl\u0259rin d\u00fczg\u00fcn\nqurulmu\u015f idar\u0259etm\u0259 modelinin n\u0259tic\u0259si oldu\u011funu x\u00fcsusi vur\u011fulam\u0131\u015flar.\nM\u00fczakir\u0259l\u0259rd\u0259 qeyd olunmu\u015fdur ki, strateji bax\u0131\u015fa, \u00e7evik q\u0259rarverm\u0259 prosesin\u0259\nv\u0259 \u015f\u0259ffaf idar\u0259etm\u0259 mexanizml\u0259rin\u0259 \u0259saslanan bu model Az\u0259rbaycan\u0131 iqtisadi,\nsosial v\u0259 humanitar sah\u0259l\u0259rd\u0259 yeni m\u0259rh\u0259l\u0259y\u0259 y\u00fcks\u0259ltmi\u015fdir.<o:p><\/o:p><\/p><p style=\"margin:0cm;text-align:justify;text-indent:36.0pt;line-height:150%\">T\u0259lim\nzaman\u0131 Prezident \u0130lham \u018fliyevin r\u0259hb\u0259rliyi il\u0259 h\u0259yata ke\u00e7iril\u0259n idar\u0259\u00e7ilik\nislahatlar\u0131, institusional modernl\u0259\u015fm\u0259 v\u0259 innovativ idar\u0259etm\u0259\ntexnologiyalar\u0131n\u0131n t\u0259tbiqi geni\u015f \u015f\u0259kild\u0259 t\u0259hlil edilmi\u015fdir. Eyni zamanda \u00f6lk\u0259\nr\u0259hb\u0259rliyi il\u0259 yana\u015f\u0131 Birinci vitse-prezident Mehriban \u018fliyevan\u0131n idar\u0259etm\u0259\nf\u0259aliyy\u0259tind\u0259 humanitar siyas\u0259t, sosial layih\u0259l\u0259r v\u0259 institusional inki\u015faf\nsah\u0259sind\u0259 \u0259ld\u0259 etdiyi u\u011furlar\u0131n d\u00f6vl\u0259t idar\u0259\u00e7iliyinin b\u00fct\u00f6vl\u00fckd\u0259 effektivliyini\nart\u0131rd\u0131\u011f\u0131 vur\u011fulanm\u0131\u015fd\u0131r.<o:p><\/o:p><\/p><p>\n\n\n\n\n\n<\/p><p style=\"margin:0cm;text-align:justify;text-indent:36.0pt;line-height:150%\">D\u00f6rd\nmoduldan ibar\u0259t olan uzunm\u00fcdd\u0259tli ixtisasart\u0131rma kursu iqtisadi, sosial,\nhumanitar v\u0259 korporativ idar\u0259etm\u0259 istiqam\u0259tl\u0259rind\u0259 r\u0259hb\u0259r \u015f\u0259xsl\u0259rin bilik v\u0259\nbacar\u0131qlar\u0131n\u0131 t\u0259kmill\u0259\u015fdirm\u0259yi qar\u015f\u0131ya m\u0259qs\u0259d qoyur. Proqram \u00e7\u0259r\u00e7iv\u0259sind\u0259\ni\u015ftirak\u00e7\u0131lar m\u00fcasir idar\u0259etm\u0259nin \u0259sas al\u0259tl\u0259ri, inki\u015faf g\u00f6st\u0259ricil\u0259rinin\nformala\u015fd\u0131r\u0131lmas\u0131 v\u0259 \u00f6l\u00e7\u00fclm\u0259si, n\u0259tic\u0259y\u00f6n\u00fcml\u00fc f\u0259aliyy\u0259t, strateji planla\u015fd\u0131rma\nv\u0259 d\u00f6vl\u0259t sektorunda innovasiya yana\u015fmalar\u0131 \u00fczr\u0259 praktiki bacar\u0131qlar\nqazanacaqlar.<o:p><\/o:p><\/p>\t\t\t\t\t<\/div>\n\t\t\t\t\t\t<\/div>\n\t\t\t\t<\/div>\n\t\t\t\t\t\t<\/div>\n\t\t\t\t\t<\/div>\n\t\t<\/div>\n\t\t\t\t\t\t\t\t<\/div>\n\t\t\t\t\t<\/div>\n\t\t<\/section>\n\t\t\t\t<section class=\"elementor-section elementor-top-section elementor-element elementor-element-62a7441 elementor-section-boxed elementor-section-height-default elementor-section-height-default\" data-id=\"62a7441\" data-element_type=\"section\">\n\t\t\t\t\t\t<div class=\"elementor-container elementor-column-gap-default\">\n\t\t\t\t\t\t\t<div class=\"elementor-row\">\n\t\t\t\t\t<div class=\"elementor-column elementor-col-100 elementor-top-column elementor-element elementor-element-2a976a4\" data-id=\"2a976a4\" data-element_type=\"column\">\n\t\t\t<div class=\"elementor-column-wrap elementor-element-populated\">\n\t\t\t\t\t\t\t<div class=\"elementor-widget-wrap\">\n\t\t\t\t\t\t<div class=\"elementor-element elementor-element-6dddb65 elementor-arrows-position-inside elementor-pagination-position-outside elementor-widget elementor-widget-image-carousel\" data-id=\"6dddb65\" data-element_type=\"widget\" data-settings=\"{&quot;navigation&quot;:&quot;both&quot;,&quot;autoplay&quot;:&quot;yes&quot;,&quot;pause_on_hover&quot;:&quot;yes&quot;,&quot;pause_on_interaction&quot;:&quot;yes&quot;,&quot;autoplay_speed&quot;:5000,&quot;infinite&quot;:&quot;yes&quot;,&quot;speed&quot;:500}\" data-widget_type=\"image-carousel.default\">\n\t\t\t\t<div class=\"elementor-widget-container\">\n\t\t\t\t\t<div class=\"elementor-image-carousel-wrapper swiper-container\" dir=\"ltr\">\n\t\t\t<div class=\"elementor-image-carousel swiper-wrapper\">\n\t\t\t\t<div class=\"swiper-slide\"><a data-elementor-open-lightbox=\"yes\" data-elementor-lightbox-slideshow=\"6dddb65\" data-elementor-lightbox-title=\"7\" href=\"https:\/\/legacy.dia.edu.az\/wp-content\/uploads\/2025\/11\/7.png\"><figure class=\"swiper-slide-inner\"><img class=\"swiper-slide-image\" src=\"https:\/\/legacy.dia.edu.az\/wp-content\/uploads\/2025\/11\/7-150x150.png\" alt=\"7\" \/><\/figure><\/a><\/div><div class=\"swiper-slide\"><a data-elementor-open-lightbox=\"yes\" data-elementor-lightbox-slideshow=\"6dddb65\" data-elementor-lightbox-title=\"6\" href=\"https:\/\/legacy.dia.edu.az\/wp-content\/uploads\/2025\/11\/6.png\"><figure class=\"swiper-slide-inner\"><img class=\"swiper-slide-image\" src=\"https:\/\/legacy.dia.edu.az\/wp-content\/uploads\/2025\/11\/6-150x150.png\" alt=\"6\" \/><\/figure><\/a><\/div><div class=\"swiper-slide\"><a data-elementor-open-lightbox=\"yes\" data-elementor-lightbox-slideshow=\"6dddb65\" data-elementor-lightbox-title=\"5\" href=\"https:\/\/legacy.dia.edu.az\/wp-content\/uploads\/2025\/11\/5.png\"><figure class=\"swiper-slide-inner\"><img class=\"swiper-slide-image\" src=\"https:\/\/legacy.dia.edu.az\/wp-content\/uploads\/2025\/11\/5-150x150.png\" alt=\"5\" \/><\/figure><\/a><\/div><div class=\"swiper-slide\"><a data-elementor-open-lightbox=\"yes\" data-elementor-lightbox-slideshow=\"6dddb65\" data-elementor-lightbox-title=\"4\" href=\"https:\/\/legacy.dia.edu.az\/wp-content\/uploads\/2025\/11\/4.png\"><figure class=\"swiper-slide-inner\"><img class=\"swiper-slide-image\" src=\"https:\/\/legacy.dia.edu.az\/wp-content\/uploads\/2025\/11\/4-150x150.png\" alt=\"4\" \/><\/figure><\/a><\/div><div class=\"swiper-slide\"><a data-elementor-open-lightbox=\"yes\" data-elementor-lightbox-slideshow=\"6dddb65\" data-elementor-lightbox-title=\"3\" href=\"https:\/\/legacy.dia.edu.az\/wp-content\/uploads\/2025\/11\/3-1.png\"><figure class=\"swiper-slide-inner\"><img class=\"swiper-slide-image\" src=\"https:\/\/legacy.dia.edu.az\/wp-content\/uploads\/2025\/11\/3-1-150x150.png\" alt=\"3\" \/><\/figure><\/a><\/div><div class=\"swiper-slide\"><a data-elementor-open-lightbox=\"yes\" data-elementor-lightbox-slideshow=\"6dddb65\" data-elementor-lightbox-title=\"2\" href=\"https:\/\/legacy.dia.edu.az\/wp-content\/uploads\/2025\/11\/2-1.png\"><figure class=\"swiper-slide-inner\"><img class=\"swiper-slide-image\" src=\"https:\/\/legacy.dia.edu.az\/wp-content\/uploads\/2025\/11\/2-1-150x150.png\" alt=\"2\" \/><\/figure><\/a><\/div>\t\t\t<\/div>\n\t\t\t\t\t\t\t\t\t\t\t\t<div class=\"swiper-pagination\"><\/div>\n\t\t\t\t\t\t\t\t\t\t\t\t\t<div class=\"elementor-swiper-button elementor-swiper-button-prev\">\n\t\t\t\t\t\t<i class=\"eicon-chevron-left\" aria-hidden=\"true\"><\/i>\n\t\t\t\t\t\t<span class=\"elementor-screen-only\">\u041d\u0430\u0437\u0430\u0434<\/span>\n\t\t\t\t\t<\/div>\n\t\t\t\t\t<div class=\"elementor-swiper-button elementor-swiper-button-next\">\n\t\t\t\t\t\t<i class=\"eicon-chevron-right\" aria-hidden=\"true\"><\/i>\n\t\t\t\t\t\t<span class=\"elementor-screen-only\">\u0414\u0430\u043b\u0435\u0435<\/span>\n\t\t\t\t\t<\/div>\n\t\t\t\t\t\t\t\t\t<\/div>\n\t\t\t\t<\/div>\n\t\t\t\t<\/div>\n\t\t\t\t\t\t<\/div>\n\t\t\t\t\t<\/div>\n\t\t<\/div>\n\t\t\t\t\t\t\t\t<\/div>\n\t\t\t\t\t<\/div>\n\t\t<\/section>\n\t\t\t\t\t\t<\/div>\n\t\t\t\t\t\t<\/div>\n\t\t\t\t\t<\/div>","protected":false},"excerpt":{"rendered":"<p>Az\u0259rbaycan Respublikas\u0131n\u0131n Prezidenti c\u0259nab \u0130lham \u018fliyevin 11 dekabr 2014-c\u00fc il tarixli, 387 n\u00f6mr\u0259li F\u0259rman\u0131 v\u0259 h\u0259min s\u0259n\u0259d\u0259 edilmi\u015f 15 may 2025-ci il tarixli d\u0259yi\u015fiklikl\u0259r \u0259sas\u0131nda h\u0259yata ke\u00e7iril\u0259n d\u00f6vl\u0259t idar\u0259\u00e7iliyi \u00fczr\u0259 pe\u015f\u0259kar inki\u015faf proqram\u0131 sistemli \u015f\u0259kild\u0259 davam etdirilir. 23 sentyabr 2025-ci ild\u0259 Az\u0259rbaycan Respublikas\u0131n\u0131n Prezidenti yan\u0131nda D\u00f6vl\u0259t \u0130dar\u0259\u00e7ilik Akademiyas\u0131nda ba\u015flanm\u0131\u015f bu t\u0259lim prosesi \u201cSosial-iqtisadi inki\u015faf\u0131n t\u0259hlili [&hellip;]<\/p>","protected":false},"author":2,"featured_media":28551,"comment_status":"closed","ping_status":"closed","sticky":false,"template":"","format":"standard","meta":[],"categories":[137],"tags":[],"_links":{"self":[{"href":"https:\/\/legacy.dia.edu.az\/ru\/wp-json\/wp\/v2\/posts\/28542"}],"collection":[{"href":"https:\/\/legacy.dia.edu.az\/ru\/wp-json\/wp\/v2\/posts"}],"about":[{"href":"https:\/\/legacy.dia.edu.az\/ru\/wp-json\/wp\/v2\/types\/post"}],"author":[{"embeddable":true,"href":"https:\/\/legacy.dia.edu.az\/ru\/wp-json\/wp\/v2\/users\/2"}],"replies":[{"embeddable":true,"href":"https:\/\/legacy.dia.edu.az\/ru\/wp-json\/wp\/v2\/comments?post=28542"}],"version-history":[{"count":4,"href":"https:\/\/legacy.dia.edu.az\/ru\/wp-json\/wp\/v2\/posts\/28542\/revisions"}],"predecessor-version":[{"id":28555,"href":"https:\/\/legacy.dia.edu.az\/ru\/wp-json\/wp\/v2\/posts\/28542\/revisions\/28555"}],"wp:featuredmedia":[{"embeddable":true,"href":"https:\/\/legacy.dia.edu.az\/ru\/wp-json\/wp\/v2\/media\/28551"}],"wp:attachment":[{"href":"https:\/\/legacy.dia.edu.az\/ru\/wp-json\/wp\/v2\/media?parent=28542"}],"wp:term":[{"taxonomy":"category","embeddable":true,"href":"https:\/\/legacy.dia.edu.az\/ru\/wp-json\/wp\/v2\/categories?post=28542"},{"taxonomy":"post_tag","embeddable":true,"href":"https:\/\/legacy.dia.edu.az\/ru\/wp-json\/wp\/v2\/tags?post=28542"}],"curies":[{"name":"wp","href":"https:\/\/api.w.org\/{rel}","templated":true}]}}