{"id":28497,"date":"2025-11-24T12:18:40","date_gmt":"2025-11-24T08:18:40","guid":{"rendered":"https:\/\/dia.edu.az\/?p=28497"},"modified":"2025-11-24T12:19:04","modified_gmt":"2025-11-24T08:19:04","slug":"az%c9%99rbaycan-respublikasinin-prezidenti-yaninda-dovl%c9%99t-idar%c9%99cilik-akademiyasina-dia-h%c9%99val%c9%99-olunmus-t%c9%99dbirl%c9%99r-c%c9%99rciv%c9%99sind%c9%99-naxcivan-muxtar-respublikasi","status":"publish","type":"post","link":"https:\/\/legacy.dia.edu.az\/ru\/arxivl\u0259r\/28497","title":{"rendered":"Az\u0259rbaycan Respublikas\u0131n\u0131n Prezidenti yan\u0131nda D\u00f6vl\u0259t \u0130dar\u0259\u00e7ilik Akademiyas\u0131na (D\u0130A) h\u0259val\u0259 olunmu\u015f t\u0259dbirl\u0259r \u00e7\u0259r\u00e7iv\u0259sind\u0259 Nax\u00e7\u0131van Muxtar Respublikas\u0131n\u0131n m\u0259rk\u0259zi icra hakimiyy\u0259ti orqanlar\u0131nda f\u0259aliyy\u0259t g\u00f6st\u0259r\u0259n d\u00f6vl\u0259t qulluq\u00e7ular\u0131 \u00fc\u00e7\u00fcn \u201cD\u00f6vl\u0259t qullu\u011funda motivasiya\u201d m\u00f6vzusunda t\u0259lim ke\u00e7irilmi\u015fdir."},"content":{"rendered":"<div data-elementor-type=\"wp-post\" data-elementor-id=\"28497\" class=\"elementor elementor-28497\" data-elementor-settings=\"[]\">\n\t\t\t\t\t\t<div class=\"elementor-inner\">\n\t\t\t\t\t\t\t<div class=\"elementor-section-wrap\">\n\t\t\t\t\t\t\t<section class=\"elementor-section elementor-top-section elementor-element elementor-element-c1ce838 elementor-section-boxed elementor-section-height-default elementor-section-height-default\" data-id=\"c1ce838\" data-element_type=\"section\">\n\t\t\t\t\t\t<div class=\"elementor-container elementor-column-gap-default\">\n\t\t\t\t\t\t\t<div class=\"elementor-row\">\n\t\t\t\t\t<div class=\"elementor-column elementor-col-100 elementor-top-column elementor-element elementor-element-9916d0e\" data-id=\"9916d0e\" data-element_type=\"column\">\n\t\t\t<div class=\"elementor-column-wrap elementor-element-populated\">\n\t\t\t\t\t\t\t<div class=\"elementor-widget-wrap\">\n\t\t\t\t\t\t<div class=\"elementor-element elementor-element-6c54e7b elementor-widget elementor-widget-text-editor\" data-id=\"6c54e7b\" data-element_type=\"widget\" data-widget_type=\"text-editor.default\">\n\t\t\t\t<div class=\"elementor-widget-container\">\n\t\t\t\t\t\t\t\t<div class=\"elementor-text-editor elementor-clearfix\">\n\t\t\t\t\t<p class=\"MsoNormal\" style=\"text-align:justify;text-indent:36.0pt\"><span style=\"font-size:14.0pt;line-height:107%;font-family:&quot;Times New Roman&quot;,serif;mso-fareast-font-family:&quot;Times New Roman&quot;\">19 noyabr 2025-ci il tarixind\u0259\n\u201cNax\u00e7\u0131van Muxtar Respublikas\u0131n\u0131n sosial-iqtisadi inki\u015faf\u0131na dair 2023\u20132027-ci\nill\u0259r \u00fc\u00e7\u00fcn D\u00f6vl\u0259t Proqram\u0131\u201dn\u0131n 2025\u20132027-ci ill\u0259ri \u0259hat\u0259 ed\u0259n T\u0259fsilatl\u0131 T\u0259dbirl\u0259r\nPlan\u0131nda Az\u0259rbaycan Respublikas\u0131n\u0131n Prezidenti yan\u0131nda D\u00f6vl\u0259t \u0130dar\u0259\u00e7ilik\nAkademiyas\u0131na (D\u0130A) h\u0259val\u0259 edilmi\u015f t\u0259dbirl\u0259rin icras\u0131 \u00e7\u0259r\u00e7iv\u0259sind\u0259 Nax\u00e7\u0131van\nMuxtar Respublikas\u0131n\u0131n m\u0259rk\u0259zi icra hakimiyy\u0259ti orqanlar\u0131nda f\u0259aliyy\u0259t g\u00f6st\u0259r\u0259n\nd\u00f6vl\u0259t qulluq\u00e7ular\u0131 \u00fc\u00e7\u00fcn \u201cD\u00f6vl\u0259t qullu\u011funda motivasiya\u201d m\u00f6vzusunda t\u0259lim h\u0259yata\nke\u00e7irilmi\u015fdir.<o:p><\/o:p><\/span><\/p><p class=\"MsoNormal\" style=\"text-align:justify;text-indent:36.0pt\"><span style=\"font-size:14.0pt;line-height:107%;font-family:&quot;Times New Roman&quot;,serif;mso-fareast-font-family:&quot;Times New Roman&quot;\">T\u0259lim D\u0130A-n\u0131n \u201cD\u00f6vl\u0259t Qullu\u011fu v\u0259\nKadr Siyas\u0259ti\u201d kafedras\u0131n\u0131n ba\u015f m\u00fc\u0259llimi, siyasi elml\u0259r \u00fczr\u0259 f\u0259ls\u0259f\u0259 doktoru\nEsmira Qas\u0131m q\u0131z\u0131 Osmanova t\u0259r\u0259find\u0259n t\u0259qdim olunmu\u015fdur. M\u00fchazir\u0259\u00e7i \u00f6z \u00e7\u0131x\u0131\u015f\u0131nda\nd\u00f6vl\u0259t qullu\u011funda motivasiya mexanizml\u0259rinin \u0259m\u0259k m\u0259hsuldarl\u0131\u011f\u0131n\u0131n, xidm\u0259td\u0259\ns\u0259m\u0259r\u0259liliyin v\u0259 pe\u015f\u0259karl\u0131\u011f\u0131n art\u0131r\u0131lmas\u0131nda strateji \u0259h\u0259miyy\u0259t da\u015f\u0131d\u0131\u011f\u0131n\u0131\nx\u00fcsusi vur\u011fulam\u0131\u015fd\u0131r.<o:p><\/o:p><\/span><\/p><p class=\"MsoNormal\" style=\"text-align:justify;text-indent:36.0pt\"><span style=\"font-size:14.0pt;line-height:107%;font-family:&quot;Times New Roman&quot;,serif;mso-fareast-font-family:&quot;Times New Roman&quot;\">T\u0259lim m\u00fcdd\u0259tind\u0259 i\u015ftirak\u00e7\u0131lara\nmotivasiya n\u0259z\u0259riyy\u0259l\u0259ri, m\u00fcasir kadr siyas\u0259tinin \u0259sas istiqam\u0259tl\u0259ri, i\u015f\u00e7i\nm\u0259mnuniyy\u0259tin\u0259 t\u0259sir g\u00f6st\u0259r\u0259n sosial-psixoloji v\u0259 institusional amill\u0259r, el\u0259c\u0259\nd\u0259 d\u00f6vl\u0259t qullu\u011funda pe\u015f\u0259kar inki\u015faf\u0131n stimulla\u015fd\u0131r\u0131lmas\u0131na dair aktual\nyana\u015fmalar t\u0259qdim edilmi\u015fdir. Bununla yana\u015f\u0131, d\u00f6vl\u0259t qullu\u011funda motivasiya\nsisteminin strukturla\u015fd\u0131r\u0131lmas\u0131, insan resurslar\u0131n\u0131n idar\u0259 edilm\u0259sind\u0259\npsixoloji v\u0259 idar\u0259etm\u0259 faktorlar\u0131n\u0131n \u00f6yr\u0259nilm\u0259si, komanda m\u00fchitinin\nformala\u015fd\u0131r\u0131lmas\u0131, f\u0259aliyy\u0259tin qiym\u0259tl\u0259ndirilm\u0259si v\u0259 m\u00fckafatland\u0131rma\nmexanizml\u0259rinin t\u0259tbiqi istiqam\u0259tl\u0259rind\u0259 geni\u015f izahlar verilmi\u015fdir.<o:p><\/o:p><\/span><\/p><p class=\"MsoNormal\" style=\"text-align:justify;text-indent:36.0pt\"><span style=\"font-size:14.0pt;line-height:107%;font-family:&quot;Times New Roman&quot;,serif;mso-fareast-font-family:&quot;Times New Roman&quot;\">T\u0259lim prosesind\u0259 i\u015ftirak\u00e7\u0131lar\nmotivasiya sisteml\u0259rinin t\u0259tbiqind\u0259 \u00fcz\u0259 \u00e7\u0131xa bil\u0259c\u0259k institusional v\u0259 t\u0259\u015fkilati\n\u00e7\u0259tinlikl\u0259rin aradan qald\u0131r\u0131lmas\u0131, d\u00f6vl\u0259t idar\u0259\u00e7iliyind\u0259 m\u00fcasir yana\u015fmalar\u0131n\ninteqrasiyas\u0131 v\u0259 q\u0259rar q\u0259buletm\u0259 prosesind\u0259 motivasiya al\u0259tl\u0259rinin \u0259h\u0259miyy\u0259ti\nm\u00f6vzular\u0131nda praktik m\u00fczakir\u0259l\u0259r aparm\u0131\u015flar.<o:p><\/o:p><\/span><\/p><p>\n\n\n\n\n\n\n\n<\/p><p class=\"MsoNormal\" style=\"text-align:justify;text-indent:36.0pt\"><span style=\"font-size:14.0pt;line-height:107%;font-family:&quot;Times New Roman&quot;,serif;mso-fareast-font-family:&quot;Times New Roman&quot;\">T\u0259limin sonunda vur\u011fulanm\u0131\u015fd\u0131r ki,\ns\u0259m\u0259r\u0259li motivasiya sistemi d\u00f6vl\u0259t qullu\u011funda \u015f\u0259ffafl\u0131\u011f\u0131n, m\u0259suliyy\u0259tin,\nidar\u0259etm\u0259d\u0259 pe\u015f\u0259karl\u0131\u011f\u0131n v\u0259 xidm\u0259t keyfiyy\u0259tinin art\u0131r\u0131lmas\u0131n\u0131n \u0259sas \u015f\u0259rtl\u0259rind\u0259n\nbiridir. T\u0259lim prosesinin y\u00fcks\u0259k d\u0259r\u0259c\u0259d\u0259 interaktiv \u015f\u0259kild\u0259 ke\u00e7irilm\u0259si\ni\u015ftirak\u00e7\u0131lar\u0131n m\u00f6vzunu daha d\u0259rind\u0259n m\u0259nims\u0259m\u0259sin\u0259, fikir m\u00fcbadil\u0259sind\u0259 aktiv\ni\u015ftirak\u0131na v\u0259 praktiki bacar\u0131qlar\u0131n\u0131 t\u0259kmill\u0259\u015fdirm\u0259sin\u0259 imkan yaratm\u0131\u015fd\u0131r.<\/span><o:p><\/o:p><\/p>\t\t\t\t\t<\/div>\n\t\t\t\t\t\t<\/div>\n\t\t\t\t<\/div>\n\t\t\t\t\t\t<\/div>\n\t\t\t\t\t<\/div>\n\t\t<\/div>\n\t\t\t\t\t\t\t\t<\/div>\n\t\t\t\t\t<\/div>\n\t\t<\/section>\n\t\t\t\t\t\t<\/div>\n\t\t\t\t\t\t<\/div>\n\t\t\t\t\t<\/div>","protected":false},"excerpt":{"rendered":"<p>19 noyabr 2025-ci il tarixind\u0259 \u201cNax\u00e7\u0131van Muxtar Respublikas\u0131n\u0131n sosial-iqtisadi inki\u015faf\u0131na dair 2023\u20132027-ci ill\u0259r \u00fc\u00e7\u00fcn D\u00f6vl\u0259t Proqram\u0131\u201dn\u0131n 2025\u20132027-ci ill\u0259ri \u0259hat\u0259 ed\u0259n T\u0259fsilatl\u0131 T\u0259dbirl\u0259r Plan\u0131nda Az\u0259rbaycan Respublikas\u0131n\u0131n Prezidenti yan\u0131nda D\u00f6vl\u0259t \u0130dar\u0259\u00e7ilik Akademiyas\u0131na (D\u0130A) h\u0259val\u0259 edilmi\u015f t\u0259dbirl\u0259rin icras\u0131 \u00e7\u0259r\u00e7iv\u0259sind\u0259 Nax\u00e7\u0131van Muxtar Respublikas\u0131n\u0131n m\u0259rk\u0259zi icra hakimiyy\u0259ti orqanlar\u0131nda f\u0259aliyy\u0259t g\u00f6st\u0259r\u0259n d\u00f6vl\u0259t qulluq\u00e7ular\u0131 \u00fc\u00e7\u00fcn \u201cD\u00f6vl\u0259t qullu\u011funda motivasiya\u201d m\u00f6vzusunda t\u0259lim h\u0259yata ke\u00e7irilmi\u015fdir. [&hellip;]<\/p>","protected":false},"author":2,"featured_media":0,"comment_status":"closed","ping_status":"closed","sticky":false,"template":"","format":"standard","meta":[],"categories":[137],"tags":[],"_links":{"self":[{"href":"https:\/\/legacy.dia.edu.az\/ru\/wp-json\/wp\/v2\/posts\/28497"}],"collection":[{"href":"https:\/\/legacy.dia.edu.az\/ru\/wp-json\/wp\/v2\/posts"}],"about":[{"href":"https:\/\/legacy.dia.edu.az\/ru\/wp-json\/wp\/v2\/types\/post"}],"author":[{"embeddable":true,"href":"https:\/\/legacy.dia.edu.az\/ru\/wp-json\/wp\/v2\/users\/2"}],"replies":[{"embeddable":true,"href":"https:\/\/legacy.dia.edu.az\/ru\/wp-json\/wp\/v2\/comments?post=28497"}],"version-history":[{"count":4,"href":"https:\/\/legacy.dia.edu.az\/ru\/wp-json\/wp\/v2\/posts\/28497\/revisions"}],"predecessor-version":[{"id":28501,"href":"https:\/\/legacy.dia.edu.az\/ru\/wp-json\/wp\/v2\/posts\/28497\/revisions\/28501"}],"wp:attachment":[{"href":"https:\/\/legacy.dia.edu.az\/ru\/wp-json\/wp\/v2\/media?parent=28497"}],"wp:term":[{"taxonomy":"category","embeddable":true,"href":"https:\/\/legacy.dia.edu.az\/ru\/wp-json\/wp\/v2\/categories?post=28497"},{"taxonomy":"post_tag","embeddable":true,"href":"https:\/\/legacy.dia.edu.az\/ru\/wp-json\/wp\/v2\/tags?post=28497"}],"curies":[{"name":"wp","href":"https:\/\/api.w.org\/{rel}","templated":true}]}}