{"id":28350,"date":"2025-11-07T11:28:31","date_gmt":"2025-11-07T07:28:31","guid":{"rendered":"https:\/\/dia.edu.az\/?p=28350"},"modified":"2025-11-12T09:50:30","modified_gmt":"2025-11-12T05:50:30","slug":"dia-t%c9%99l%c9%99b%c9%99-elmi-c%c9%99miyy%c9%99ti-z%c9%99f%c9%99r-gunu-munasib%c9%99til%c9%99-konfrans-kecirmisdir","status":"publish","type":"post","link":"https:\/\/legacy.dia.edu.az\/ru\/arxivl\u0259r\/28350","title":{"rendered":"D\u0130A T\u0259l\u0259b\u0259 Elmi C\u0259miyy\u0259ti Z\u0259f\u0259r G\u00fcn\u00fc m\u00fcnasib\u0259til\u0259 konfrans ke\u00e7irmi\u015fdir"},"content":{"rendered":"<div data-elementor-type=\"wp-post\" data-elementor-id=\"28350\" class=\"elementor elementor-28350\" data-elementor-settings=\"[]\">\n\t\t\t\t\t\t<div class=\"elementor-inner\">\n\t\t\t\t\t\t\t<div class=\"elementor-section-wrap\">\n\t\t\t\t\t\t\t<section class=\"elementor-section elementor-top-section elementor-element elementor-element-10ed900 elementor-section-boxed elementor-section-height-default elementor-section-height-default\" data-id=\"10ed900\" data-element_type=\"section\">\n\t\t\t\t\t\t<div class=\"elementor-container elementor-column-gap-default\">\n\t\t\t\t\t\t\t<div class=\"elementor-row\">\n\t\t\t\t\t<div class=\"elementor-column elementor-col-100 elementor-top-column elementor-element elementor-element-2048fda\" data-id=\"2048fda\" data-element_type=\"column\">\n\t\t\t<div class=\"elementor-column-wrap elementor-element-populated\">\n\t\t\t\t\t\t\t<div class=\"elementor-widget-wrap\">\n\t\t\t\t\t\t<div class=\"elementor-element elementor-element-2fb981d elementor-widget elementor-widget-text-editor\" data-id=\"2fb981d\" data-element_type=\"widget\" data-widget_type=\"text-editor.default\">\n\t\t\t\t<div class=\"elementor-widget-container\">\n\t\t\t\t\t\t\t\t<div class=\"elementor-text-editor elementor-clearfix\">\n\t\t\t\t\t\t\t\t\t\t<\/div>\n\t\t\t\t\t\t<\/div>\n\t\t\t\t<\/div>\n\t\t\t\t\t\t<\/div>\n\t\t\t\t\t<\/div>\n\t\t<\/div>\n\t\t\t\t\t\t\t\t<\/div>\n\t\t\t\t\t<\/div>\n\t\t<\/section>\n\t\t\t\t<section class=\"elementor-section elementor-top-section elementor-element elementor-element-4b4c242 elementor-section-boxed elementor-section-height-default elementor-section-height-default\" data-id=\"4b4c242\" data-element_type=\"section\">\n\t\t\t\t\t\t<div class=\"elementor-container elementor-column-gap-default\">\n\t\t\t\t\t\t\t<div class=\"elementor-row\">\n\t\t\t\t\t<div class=\"elementor-column elementor-col-100 elementor-top-column elementor-element elementor-element-f589aa5\" data-id=\"f589aa5\" data-element_type=\"column\">\n\t\t\t<div class=\"elementor-column-wrap elementor-element-populated\">\n\t\t\t\t\t\t\t<div class=\"elementor-widget-wrap\">\n\t\t\t\t\t\t<div class=\"elementor-element elementor-element-11229ee elementor-widget elementor-widget-text-editor\" data-id=\"11229ee\" data-element_type=\"widget\" data-widget_type=\"text-editor.default\">\n\t\t\t\t<div class=\"elementor-widget-container\">\n\t\t\t\t\t\t\t\t<div class=\"elementor-text-editor elementor-clearfix\">\n\t\t\t\t\t<p class=\"MsoNormal\" style=\"text-align:justify\"><span lang=\"AZ-LATIN\">&nbsp; &nbsp; &nbsp;D\u0130A T\u0259l\u0259b\u0259 Elmi C\u0259miyy\u0259ti 04 noyabr 2025-ci il tarixind\u0259<span style=\"background-image: initial; background-position: initial; background-size: initial; background-repeat: initial; background-attachment: initial; background-origin: initial; background-clip: initial;\"> <a name=\"_Hlk213334526\">doktorant, magistrant v\u0259 <\/a><\/span>&nbsp;t\u0259l\u0259b\u0259l\u0259rin geni\u015f i\u015ftirak\u0131 il\u0259 Tarixi<br>Z\u0259f\u0259rin 5-ci ild\u00f6n\u00fcm\u00fcn\u0259 h\u0259sr olunmu\u015f \u201cB\u00f6y\u00fck Z\u0259f\u0259r: G\u00fccl\u00fc Az\u0259rbaycan d\u00f6vl\u0259tinin<br>inki\u015faf\u0131nda d\u00f6n\u00fc\u015f m\u0259rh\u0259l\u0259si\u201d m\u00f6vzusunda<span style=\"background-image: initial; background-position: initial; background-size: initial; background-repeat: initial; background-attachment: initial; background-origin: initial; background-clip: initial;\"> elmi konfrans <\/span>ke\u00e7irmi\u015fdir.<o:p><\/o:p><\/span><\/p>\n<p class=\"MsoNormal\" style=\"text-align:justify\"><span lang=\"AZ-LATIN\">&nbsp;&nbsp;&nbsp;&nbsp;<br>T\u0259dbir Az\u0259rbaycan Respublikas\u0131n\u0131n D\u00f6vl\u0259t Himninin s\u0259sl\u0259ndirilm\u0259si v\u0259&nbsp;\u00f6lk\u0259mizin <span style=\"letter-spacing:.35pt\">\u0259razi b\u00fct\u00f6vl\u00fcy\u00fc u\u011frunda&nbsp;canlar\u0131ndan ke\u00e7mi\u015f \u015f\u0259hidl\u0259rimizin unudulmaz xatir\u0259sinin bir d\u0259qiq\u0259lik <\/span>s\u00fckutla&nbsp;yad edilm\u0259si il\u0259 ba\u015flam\u0131\u015fd\u0131r.&nbsp; <o:p><\/o:p><\/span><\/p>\n<p class=\"MsoNormal\" style=\"text-align:justify\"><span lang=\"AZ-LATIN\">&nbsp;&nbsp;&nbsp; <span style=\"background-image: initial; background-position: initial; background-size: initial; background-repeat: initial; background-attachment: initial; background-origin: initial; background-clip: initial;\">Z\u0259f\u0259r G\u00fcn\u00fcn\u0259 h\u0259sr&nbsp;olunan video\u00e7arx&nbsp; n\u00fcmayi\u015f etdirilmi\u015f,&nbsp;\u015feirl\u0259r oxunmu\u015fdur.&nbsp;<\/span><\/span>&nbsp; &nbsp;<\/p>\n<p class=\"MsoNormal\" style=\"text-align:justify\">&nbsp;<span style=\"background-image: initial; background-position: initial; background-size: initial; background-repeat: initial; background-attachment: initial; background-origin: initial; background-clip: initial;\">Konfrans\u0131 <\/span>D\u00f6vl\u0259t \u0130dar\u0259\u00e7ilik Akademiyas\u0131n\u0131n prorektoru, <span style=\"background-image: initial; background-position: initial; background-size: initial; background-repeat: initial; background-attachment: initial; background-origin: initial; background-clip: initial;\">professor Elvin \u018fzizb\u0259yov a\u00e7araq,&nbsp; <\/span>Erm\u0259nistan d\u00f6vl\u0259tinin <span style=\"background-image: initial; background-position: initial; background-size: initial; background-repeat: initial; background-attachment: initial; background-origin: initial; background-clip: initial;\">Az\u0259rbaycana qar\u015f\u0131&nbsp;<\/span>otuz il davam ed\u0259n i\u015f\u011fal\u00e7\u0131l\u0131q siyas\u0259tind\u0259n, bu ill\u0259r \u0259rzind\u0259 xalq\u0131m\u0131z\u0131 Z\u0259f\u0259r\u0259&nbsp;<span style=\"background-image: initial; background-position: initial; background-size: initial; background-repeat: initial; background-attachment: initial; background-origin: initial; background-clip: initial;\">aparan yoldan, <\/span>Az\u0259rbaycan Respublikas\u0131n\u0131n Prezidenti, <span style=\"background-image: initial; background-position: initial; background-size: initial; background-repeat: initial; background-attachment: initial; background-origin: initial; background-clip: initial;\">Silahl\u0131&nbsp;<\/span><span style=\"background-image: initial; background-position: initial; background-size: initial; background-repeat: initial; background-attachment: initial; background-origin: initial; background-clip: initial;\">Q\u00fcvv\u0259l\u0259rin<\/span> M\u00fcz\u0259ff\u0259r Ali Ba\u015f Komandan\u0131 c\u0259nab \u0130lham \u018fliyevin r\u0259hb\u0259rliyi alt\u0131nda r\u0259\u015fad\u0259tli Az\u0259rbaycan Ordusunun c\u0259mi 44 g\u00fcnd\u0259 i\u015f\u011fal\u00e7\u0131 Erm\u0259nistan \u00fcz\u0259rind\u0259 B\u00f6y\u00fck Q\u0259l\u0259b\u0259sind\u0259n, u\u011furlu antiterror \u0259m\u0259liyyat\u0131ndan, m\u00f6ht\u0259\u015f\u0259m Z\u0259f\u0259rin&nbsp;<span lang=\"AZ-LATIN\">tarixi \u0259h\u0259miyy\u0259tind\u0259n geni\u015f s\u00f6hb\u0259t a\u00e7m\u0131\u015f, Az\u0259rbaycan <\/span><span class=\"2\"><i><span lang=\"AZ-LATIN\" style=\"font-size: 12pt; background-image: initial; background-position: initial; background-size: initial; background-repeat: initial; background-attachment: initial; background-origin: initial; background-clip: initial;\">&nbsp;<\/span><\/i><\/span><em><span lang=\"AZ-LATIN\" style=\"font-size: 12pt; background-image: initial; background-position: initial; background-size: initial; background-repeat: initial; background-attachment: initial; background-origin: initial; background-clip: initial; font-style: normal;\">xalq\u0131n\u0131n&nbsp;<\/span><\/em><em><span lang=\"AZ-LATIN\" style=\"font-size: 12pt; background-image: initial; background-position: initial; background-size: initial; background-repeat: initial; background-attachment: initial; background-origin: initial; background-clip: initial; font-style: normal;\">\u00e7ox\u0259srlik&nbsp;<\/span><\/em>tarixin\u0259 q\u0131z\u0131l h\u0259rfl\u0259rl\u0259 yaz\u0131lm\u0131\u015f 8 Noyabr &#8211; Z\u0259f\u0259r G\u00fcn\u00fc m\u00fcnasib\u0259til\u0259 konfrans i\u015ftirak\u00e7\u0131lar\u0131n\u0131 t\u0259brik etmi\u015f, Erm\u0259nistan\u0131n <a name=\"_Hlk213391257\" style=\"color: rgb(0, 0, 0); background-color: rgb(255, 255, 255);\"><span style=\"background-image: initial; background-position: initial; background-size: initial; background-repeat: initial; background-attachment: initial; background-origin: initial; background-clip: initial;\">Az\u0259rbaycana qar\u015f\u0131&nbsp;<\/span><\/a>t\u0259cav\u00fcz\u00fc&nbsp;<span style=\"background-image: initial; background-position: initial; background-size: initial; background-repeat: initial; background-attachment: initial; background-origin: initial; background-clip: initial;\">n\u0259tic\u0259\u00adsind\u0259 <\/span>t\u00f6r\u0259tdiyi cinay\u0259tl\u0259r\u0259 g\u00f6r\u0259 beyn\u0259lxalq h\u00fcquq \u00e7\u0259r\u00e7iv\u0259sind\u0259 a\u011f\u0131r c\u0259za alaca\u011f\u0131na \u0259minlik bildirmi\u015fdir. Natiq postm\u00fcharib\u0259 reall\u0131qlar\u0131 v\u0259 Prezident \u0130lham \u018fliyevin u\u011furla h\u0259yata ke\u00e7irdiyi Qaraba\u011f\u0131n dir\u00e7\u0259li\u015fi strategiyas\u0131ndan v\u0259 B\u00f6y\u00fck qay\u0131d\u0131\u015fdan geni\u015f b\u0259hs etmi\u015f, D\u0130A T\u0259l\u0259b\u0259 Elmi C\u0259miyy\u0259tinin Tarixi Z\u0259f\u0259rin 5-ci ild\u00f6n\u00fcm\u00fcn\u0259 h\u0259sr olunmu\u015f elmi <a name=\"_Hlk213330427\" style=\"color: rgb(0, 0, 0); background-color: rgb(255, 255, 255);\">konfrans\u0131n<\/a>\u0131n x\u00fcsusi \u0259h\u0259miyy\u0259tini vur\u011fulayaraq, onun i\u015fin\u0259 u\u011furlar arzulam\u0131\u015fd\u0131r.<\/p>\n<p class=\"MsoNormal\" style=\"text-align:justify\"><span lang=\"AZ-LATIN\">&nbsp;&nbsp;&nbsp;&nbsp;<br>Sonra<a name=\"_Hlk213334307\"> <\/a><a name=\"_Hlk213334698\">D\u0130A TEC-nin <\/a>s\u0259dri, siyasi elml\u0259r doktoru, prof.\u0259v. Sevil&nbsp;M\u0259mm\u0259dova m\u0259ruz\u0259 ed\u0259r\u0259k, 44 g\u00fcnl\u00fck V\u0259t\u0259n m\u00fcharib\u0259sind\u0259 Prezident,&nbsp;M\u00fcz\u0259ff\u0259r Ali Ba\u015f Komandan, <span style=\"background-image: initial; background-position: initial; background-size: initial; background-repeat: initial; background-attachment: initial; background-origin: initial; background-clip: initial;\">&nbsp;m\u00fcdrik lider v\u0259 qalib&nbsp;<\/span><\/span><em><span lang=\"AZ-LATIN\" style=\"font-size: 12pt; background-image: initial; background-position: initial; background-size: initial; background-repeat: initial; background-attachment: initial; background-origin: initial; background-clip: initial; font-style: normal;\">s\u0259rk\u0259rd\u0259<\/span><\/em><span lang=\"AZ-LATIN\"> c\u0259nab \u0130lham \u018fliyevin Z\u0259f\u0259r&nbsp;salnam\u0259sind\u0259n \u0259trafl\u0131 b\u0259hs etmi\u015f, torpaqlar\u0131m\u0131z\u0131n erm\u0259ni i\u015f\u011fal\u0131ndan azad&nbsp;olunmas\u0131nda v\u0259t\u0259np\u0259rv\u0259rliyini d\u00fcnyaya n\u00fcmayi\u015f etdir\u0259n g\u0259ncl\u0259rimizin x\u00fcsusi&nbsp;rolunu vur\u011fulam\u0131\u015f, Z\u0259f\u0259r Bayram\u0131 m\u00fcnasib\u0259til\u0259 i\u015ftirak\u00e7\u0131lar\u0131 t\u0259brik ed\u0259r\u0259k, bu&nbsp;sonsuz sevinc hissl\u0259rini biz\u0259 b\u0259x\u015f ed\u0259n q\u0259hr\u0259man<span style=\"background-image: initial; background-position: initial; background-size: initial; background-repeat: initial; background-attachment: initial; background-origin: initial; background-clip: initial;\">&nbsp;\u015f\u0259hidl\u0259rimizin \u0259ziz&nbsp;xatir\u0259sinin <\/span>xalq\u0131m\u0131z<span style=\"background-image: initial; background-position: initial; background-size: initial; background-repeat: initial; background-attachment: initial; background-origin: initial; background-clip: initial;\"> <\/span>t\u0259r\u0259find\u0259n y\u00fcks\u0259k etiramla daim ya\u015fad\u0131ld\u0131\u011f\u0131n\u0131 v\u0259 <span style=\"background-image: initial; background-position: initial; background-size: initial; background-repeat: initial; background-attachment: initial; background-origin: initial; background-clip: initial;\">\u0259b\u0259dil\u0259\u015fdirildiyini<br>qeyd etmi\u015f<\/span>, d\u00f6vl\u0259t ba\u015f\u00e7\u0131m\u0131z\u0131n r\u0259hb\u0259rliyi alt\u0131nda azad olunmu\u015f \u0259razil\u0259rd\u0259&nbsp;apar\u0131lan <span style=\"background-image: initial; background-position: initial; background-size: initial; background-repeat: initial; background-attachment: initial; background-origin: initial; background-clip: initial;\">geni\u015fmiqyasl\u0131&nbsp;quruculuq <\/span>i\u015fl\u0259ri haqq\u0131nda \u0259trafl\u0131 s\u00f6hb\u0259t a\u00e7m\u0131\u015fd\u0131r.<o:p><\/o:p><\/span><\/p>\n<p class=\"MsoNormal\" style=\"text-align:justify\"><span lang=\"RU\">&nbsp;&nbsp;&nbsp;&nbsp; Plenar iclasdan sonra Konfrans \u00f6z&nbsp;i\u015fini&nbsp; iki b\u00f6lm\u0259d\u0259 <\/span><span lang=\"AZ-LATIN\">D\u0130A-n\u0131n professoru Sevil&nbsp;M\u0259mm\u0259dovan\u0131n v\u0259 dosenti Nur\u0259ddin \u0130brahimovun r\u0259hb\u0259rliyi il\u0259 <\/span><span lang=\"RU\">davam etdirmi\u015fdir. B\u00f6lm\u0259 iclaslar\u0131na qat\u0131lan <a name=\"_Hlk213334859\">60-d\u0259k&nbsp;<\/a><\/span><span lang=\"AZ-LATIN\" style=\"background-image: initial; background-position: initial; background-size: initial; background-repeat: initial; background-attachment: initial; background-origin: initial; background-clip: initial;\">doktorant, magistrant v\u0259 <\/span><span lang=\"AZ-LATIN\">&nbsp;t\u0259l\u0259b\u0259l\u0259r&nbsp; <\/span><span lang=\"RU\">maraql\u0131 \u00e7\u0131x\u0131\u015flar <\/span><span lang=\"AZ-LATIN\">etmi\u015f<\/span><span lang=\"RU\">,&nbsp;geni\u015f fikir m\u00fcbadil\u0259si aparm\u0131\u015flar. Sonda \u00e7\u0131x\u0131\u015f ed\u0259nl\u0259r <\/span><span lang=\"AZ-LATIN\">D\u0130A T\u0259l\u0259b\u0259 Elmi C\u0259miyy\u0259tinin&nbsp;Sertifikatlar\u0131 il\u0259 t\u0259ltif edilmi\u015fl\u0259r.<\/span><span lang=\"RU\"><o:p><\/o:p><\/span><\/p>\n<p style=\"text-align:justify\">\n<\/p><p class=\"MsoNormal\" style=\"text-align:justify\"><span lang=\"TR\">&nbsp;<\/span><\/p>\t\t\t\t\t<\/div>\n\t\t\t\t\t\t<\/div>\n\t\t\t\t<\/div>\n\t\t\t\t\t\t<\/div>\n\t\t\t\t\t<\/div>\n\t\t<\/div>\n\t\t\t\t\t\t\t\t<\/div>\n\t\t\t\t\t<\/div>\n\t\t<\/section>\n\t\t\t\t<section class=\"elementor-section elementor-top-section elementor-element elementor-element-a9f5cd2 elementor-section-boxed elementor-section-height-default elementor-section-height-default\" data-id=\"a9f5cd2\" data-element_type=\"section\">\n\t\t\t\t\t\t<div class=\"elementor-container elementor-column-gap-default\">\n\t\t\t\t\t\t\t<div class=\"elementor-row\">\n\t\t\t\t\t<div class=\"elementor-column elementor-col-100 elementor-top-column elementor-element elementor-element-926838f\" data-id=\"926838f\" data-element_type=\"column\">\n\t\t\t<div class=\"elementor-column-wrap elementor-element-populated\">\n\t\t\t\t\t\t\t<div class=\"elementor-widget-wrap\">\n\t\t\t\t\t\t<div class=\"elementor-element elementor-element-a01b38e elementor-arrows-position-inside elementor-pagination-position-outside elementor-widget elementor-widget-image-carousel\" data-id=\"a01b38e\" data-element_type=\"widget\" data-settings=\"{&quot;navigation&quot;:&quot;both&quot;,&quot;autoplay&quot;:&quot;yes&quot;,&quot;pause_on_hover&quot;:&quot;yes&quot;,&quot;pause_on_interaction&quot;:&quot;yes&quot;,&quot;autoplay_speed&quot;:5000,&quot;infinite&quot;:&quot;yes&quot;,&quot;speed&quot;:500}\" data-widget_type=\"image-carousel.default\">\n\t\t\t\t<div class=\"elementor-widget-container\">\n\t\t\t\t\t<div class=\"elementor-image-carousel-wrapper swiper-container\" dir=\"ltr\">\n\t\t\t<div class=\"elementor-image-carousel swiper-wrapper\">\n\t\t\t\t<div class=\"swiper-slide\"><a data-elementor-open-lightbox=\"yes\" data-elementor-lightbox-slideshow=\"a01b38e\" href=\"https:\/\/legacy.dia.edu.az\/wp-content\/uploads\/2025\/11\/WhatsApp-Image-2025-11-07-at-11.16.33.jpeg\"><figure class=\"swiper-slide-inner\"><img class=\"swiper-slide-image\" src=\"https:\/\/legacy.dia.edu.az\/wp-content\/uploads\/2025\/11\/WhatsApp-Image-2025-11-07-at-11.16.33-150x150.jpeg\" alt=\"\" \/><\/figure><\/a><\/div><div class=\"swiper-slide\"><a data-elementor-open-lightbox=\"yes\" data-elementor-lightbox-slideshow=\"a01b38e\" href=\"https:\/\/legacy.dia.edu.az\/wp-content\/uploads\/2025\/11\/WhatsApp-Image-2025-11-07-at-11.15.16.jpeg\"><figure class=\"swiper-slide-inner\"><img class=\"swiper-slide-image\" src=\"https:\/\/legacy.dia.edu.az\/wp-content\/uploads\/2025\/11\/WhatsApp-Image-2025-11-07-at-11.15.16-150x150.jpeg\" alt=\"\" \/><\/figure><\/a><\/div>\t\t\t<\/div>\n\t\t\t\t\t\t\t\t\t\t\t\t<div class=\"swiper-pagination\"><\/div>\n\t\t\t\t\t\t\t\t\t\t\t\t\t<div class=\"elementor-swiper-button elementor-swiper-button-prev\">\n\t\t\t\t\t\t<i class=\"eicon-chevron-left\" aria-hidden=\"true\"><\/i>\n\t\t\t\t\t\t<span class=\"elementor-screen-only\">\u041d\u0430\u0437\u0430\u0434<\/span>\n\t\t\t\t\t<\/div>\n\t\t\t\t\t<div class=\"elementor-swiper-button elementor-swiper-button-next\">\n\t\t\t\t\t\t<i class=\"eicon-chevron-right\" aria-hidden=\"true\"><\/i>\n\t\t\t\t\t\t<span class=\"elementor-screen-only\">\u0414\u0430\u043b\u0435\u0435<\/span>\n\t\t\t\t\t<\/div>\n\t\t\t\t\t\t\t\t\t<\/div>\n\t\t\t\t<\/div>\n\t\t\t\t<\/div>\n\t\t\t\t\t\t<\/div>\n\t\t\t\t\t<\/div>\n\t\t<\/div>\n\t\t\t\t\t\t\t\t<\/div>\n\t\t\t\t\t<\/div>\n\t\t<\/section>\n\t\t\t\t\t\t<\/div>\n\t\t\t\t\t\t<\/div>\n\t\t\t\t\t<\/div>","protected":false},"excerpt":{"rendered":"<p>&nbsp; &nbsp; &nbsp;D\u0130A T\u0259l\u0259b\u0259 Elmi C\u0259miyy\u0259ti 04 noyabr 2025-ci il tarixind\u0259 doktorant, magistrant v\u0259 &nbsp;t\u0259l\u0259b\u0259l\u0259rin geni\u015f i\u015ftirak\u0131 il\u0259 TarixiZ\u0259f\u0259rin 5-ci ild\u00f6n\u00fcm\u00fcn\u0259 h\u0259sr olunmu\u015f \u201cB\u00f6y\u00fck Z\u0259f\u0259r: G\u00fccl\u00fc Az\u0259rbaycan d\u00f6vl\u0259tinininki\u015faf\u0131nda d\u00f6n\u00fc\u015f m\u0259rh\u0259l\u0259si\u201d m\u00f6vzusunda elmi konfrans ke\u00e7irmi\u015fdir. &nbsp;&nbsp;&nbsp;&nbsp;T\u0259dbir Az\u0259rbaycan Respublikas\u0131n\u0131n D\u00f6vl\u0259t Himninin s\u0259sl\u0259ndirilm\u0259si v\u0259&nbsp;\u00f6lk\u0259mizin \u0259razi b\u00fct\u00f6vl\u00fcy\u00fc u\u011frunda&nbsp;canlar\u0131ndan ke\u00e7mi\u015f \u015f\u0259hidl\u0259rimizin unudulmaz xatir\u0259sinin bir d\u0259qiq\u0259lik s\u00fckutla&nbsp;yad edilm\u0259si il\u0259 ba\u015flam\u0131\u015fd\u0131r.&nbsp; &nbsp;&nbsp;&nbsp; [&hellip;]<\/p>","protected":false},"author":2,"featured_media":28346,"comment_status":"closed","ping_status":"closed","sticky":false,"template":"","format":"standard","meta":[],"categories":[137],"tags":[],"_links":{"self":[{"href":"https:\/\/legacy.dia.edu.az\/ru\/wp-json\/wp\/v2\/posts\/28350"}],"collection":[{"href":"https:\/\/legacy.dia.edu.az\/ru\/wp-json\/wp\/v2\/posts"}],"about":[{"href":"https:\/\/legacy.dia.edu.az\/ru\/wp-json\/wp\/v2\/types\/post"}],"author":[{"embeddable":true,"href":"https:\/\/legacy.dia.edu.az\/ru\/wp-json\/wp\/v2\/users\/2"}],"replies":[{"embeddable":true,"href":"https:\/\/legacy.dia.edu.az\/ru\/wp-json\/wp\/v2\/comments?post=28350"}],"version-history":[{"count":13,"href":"https:\/\/legacy.dia.edu.az\/ru\/wp-json\/wp\/v2\/posts\/28350\/revisions"}],"predecessor-version":[{"id":28365,"href":"https:\/\/legacy.dia.edu.az\/ru\/wp-json\/wp\/v2\/posts\/28350\/revisions\/28365"}],"wp:featuredmedia":[{"embeddable":true,"href":"https:\/\/legacy.dia.edu.az\/ru\/wp-json\/wp\/v2\/media\/28346"}],"wp:attachment":[{"href":"https:\/\/legacy.dia.edu.az\/ru\/wp-json\/wp\/v2\/media?parent=28350"}],"wp:term":[{"taxonomy":"category","embeddable":true,"href":"https:\/\/legacy.dia.edu.az\/ru\/wp-json\/wp\/v2\/categories?post=28350"},{"taxonomy":"post_tag","embeddable":true,"href":"https:\/\/legacy.dia.edu.az\/ru\/wp-json\/wp\/v2\/tags?post=28350"}],"curies":[{"name":"wp","href":"https:\/\/api.w.org\/{rel}","templated":true}]}}