{"id":28300,"date":"2025-11-06T09:32:22","date_gmt":"2025-11-06T05:32:22","guid":{"rendered":"https:\/\/dia.edu.az\/?p=28300"},"modified":"2025-11-06T09:33:19","modified_gmt":"2025-11-06T05:33:19","slug":"dia-da-t%c9%99l%c9%99b%c9%99l%c9%99rin-qazil%c9%99rl%c9%99-gorusu-bas-tutdu","status":"publish","type":"post","link":"https:\/\/legacy.dia.edu.az\/ru\/arxivl\u0259r\/28300","title":{"rendered":"D\u0130A &#8211; da t\u0259l\u0259b\u0259l\u0259rin qazil\u0259rl\u0259 g\u00f6r\u00fc\u015f\u00fc ba\u015f tutdu"},"content":{"rendered":"<div data-elementor-type=\"wp-post\" data-elementor-id=\"28300\" class=\"elementor elementor-28300\" data-elementor-settings=\"[]\">\n\t\t\t\t\t\t<div class=\"elementor-inner\">\n\t\t\t\t\t\t\t<div class=\"elementor-section-wrap\">\n\t\t\t\t\t\t\t<section class=\"elementor-section elementor-top-section elementor-element elementor-element-789d8e9 elementor-section-boxed elementor-section-height-default elementor-section-height-default\" data-id=\"789d8e9\" data-element_type=\"section\">\n\t\t\t\t\t\t<div class=\"elementor-container elementor-column-gap-default\">\n\t\t\t\t\t\t\t<div class=\"elementor-row\">\n\t\t\t\t\t<div class=\"elementor-column elementor-col-100 elementor-top-column elementor-element elementor-element-3234b6c\" data-id=\"3234b6c\" data-element_type=\"column\">\n\t\t\t<div class=\"elementor-column-wrap elementor-element-populated\">\n\t\t\t\t\t\t\t<div class=\"elementor-widget-wrap\">\n\t\t\t\t\t\t<div class=\"elementor-element elementor-element-759c1cd elementor-widget elementor-widget-text-editor\" data-id=\"759c1cd\" data-element_type=\"widget\" data-widget_type=\"text-editor.default\">\n\t\t\t\t<div class=\"elementor-widget-container\">\n\t\t\t\t\t\t\t\t<div class=\"elementor-text-editor elementor-clearfix\">\n\t\t\t\t\t<p>D\u00f6vl\u0259t \u0130dar\u0259\u00e7ilik Akademiyas\u0131nda (D\u0130A) 8 Noyabr \u2013 Z\u0259f\u0259r G\u00fcn\u00fc m\u00fcnasib\u0259til\u0259 ali t\u0259hsil m\u00fc\u0259ssis\u0259sinin rektoru, akademik Urxan \u018fl\u0259kb\u0259rovun m\u00fcvafiq tap\u015f\u0131r\u0131na \u0259sas\u0259n silsil\u0259 t\u0259dbirl\u0259r davam edir. Bu \u00e7\u0259r\u00e7iv\u0259d\u0259 ke\u00e7iril\u0259n n\u00f6vb\u0259ti g\u00f6r\u00fc\u015f V\u0259t\u0259n m\u00fcharib\u0259si q\u0259hr\u0259manlar\u0131na h\u0259sr olunub.<\/p><p>T\u0259dbiri giri\u015f s\u00f6z\u00fc il\u0259 D\u00f6vl\u0259t \u0130dar\u0259\u00e7ilik Akademiyas\u0131n\u0131n rektorunun m\u00fc\u015faviri Zaur M\u0259mm\u0259dov a\u00e7araq i\u015ftirak\u00e7\u0131lar\u0131 salamlay\u0131b. O qeyd edib ki, D\u0130A-da v\u0259t\u0259np\u0259rv\u0259rlik t\u0259rbiy\u0259si, milli-m\u0259n\u0259vi d\u0259y\u0259rl\u0259rin g\u0259ncl\u0259r\u0259 a\u015f\u0131lanmas\u0131 istiqam\u0259tind\u0259 davaml\u0131 i\u015fl\u0259r apar\u0131l\u0131r v\u0259 bu kimi g\u00f6r\u00fc\u015fl\u0259r t\u0259l\u0259b\u0259l\u0259r \u00fc\u00e7\u00fcn h\u0259m maarifl\u0259ndirici, h\u0259m d\u0259 m\u0259n\u0259vi c\u0259h\u0259td\u0259n b\u00f6y\u00fck \u0259h\u0259miyy\u0259t da\u015f\u0131y\u0131r.<\/p><p>V\u0259t\u0259n m\u00fcharib\u0259si q\u0259hr\u0259man\u0131, mayor Zaur H\u00fcseynov \u00e7\u0131x\u0131\u015f\u0131nda d\u00f6y\u00fc\u015f yolundan, apar\u0131lan \u0259m\u0259liyyatlardan, Az\u0259rbaycan Ordusunun q\u0259hr\u0259manl\u0131\u011f\u0131ndan dan\u0131\u015f\u0131b. O, h\u0259r bir \u0259sg\u0259rin v\u0259 zabitin v\u0259t\u0259n sevgisi, q\u0259l\u0259b\u0259 inam\u0131 v\u0259 torpaqlar\u0131n azad olunmas\u0131 namin\u0259 g\u00f6st\u0259rdiyi f\u0259dakarl\u0131\u011f\u0131n\u0131n \u0259h\u0259miyy\u0259tini vur\u011fulay\u0131b.<\/p><p>V\u0259t\u0259n m\u00fcharib\u0259si q\u0259hr\u0259man\u0131, mayor Mirdam\u0259t Ba\u011f\u0131yev \u00f6z \u00e7\u0131x\u0131\u015f\u0131nda m\u00fcharib\u0259 d\u00f6vr\u00fcnd\u0259 Az\u0259rbaycan xalq\u0131n\u0131n birliyind\u0259n v\u0259 arxa c\u0259bh\u0259d\u0259 g\u00f6st\u0259ril\u0259n h\u0259mr\u0259yliyin \u00f6n\u0259mind\u0259n b\u0259hs edib. Onun s\u00f6zl\u0259rin\u0259 g\u00f6r\u0259, h\u0259r k\u0259s \u00f6z m\u00f6vqeyind\u0259, ist\u0259r s\u0259ng\u0259rd\u0259, ist\u0259rs\u0259 d\u0259 arxa c\u0259bh\u0259d\u0259, q\u0259l\u0259b\u0259nin \u0259ld\u0259 olunmas\u0131 \u00fc\u00e7\u00fcn \u0259zml\u0259 \u00e7al\u0131\u015f\u0131rd\u0131.<\/p><p><br><\/p><p>Ba\u015f leytenant \u0130zz\u0259t Balacayev \u00e7\u0131x\u0131\u015f\u0131nda d\u00f6y\u00fc\u015fl\u0259rd\u0259 i\u015ftirak\u0131ndan dan\u0131\u015f\u0131b. O bildirib ki, g\u0259ncl\u0259r \u015f\u0259hidl\u0259rimizin q\u0259hr\u0259manl\u0131q yolunu unutmamal\u0131, onlar\u0131n ideallar\u0131n\u0131 ya\u015fatmal\u0131 v\u0259 h\u0259r zaman d\u00f6vl\u0259tin\u0259 s\u0259daq\u0259tl\u0259 xidm\u0259t etm\u0259lidirl\u0259r.<\/p><p><br><\/p><p>Qonaqlar t\u0259r\u0259find\u0259n qeyd olunub ki, 8 Noyabr \u2013 Z\u0259f\u0259r G\u00fcn\u00fc Az\u0259rbaycan xalq\u0131n\u0131n milli q\u00fcrur v\u0259 h\u0259mr\u0259yliyinin r\u0259mzidir. \u201cBu Q\u0259l\u0259b\u0259 Prezident, M\u00fcz\u0259ff\u0259r Ali Ba\u015f Komandan \u0130lham \u018fliyevin r\u0259hb\u0259rliyi alt\u0131nda h\u0259yata ke\u00e7iril\u0259n q\u0259tiyy\u0259tli siyas\u0259tin v\u0259 d\u00f6vl\u0259t-xalq birliyinin n\u0259tic\u0259sidir\u201d.<\/p><p>Bildirilmi\u015fdir ki, \u201cm\u00fcasir Az\u0259rbaycan\u0131n \u0259ld\u0259 etdiyi bu tarixi nailiyy\u0259t Ulu \u00d6nd\u0259r Heyd\u0259r \u018fliyevin m\u00fc\u0259yy\u0259nl\u0259\u015fdirdiyi strateji inki\u015faf yolunun m\u0259ntiqi davam\u0131d\u0131r. M\u0259hz bu m\u00fcdrik siyasi x\u0259tt say\u0259sind\u0259 Az\u0259rbaycan bu g\u00fcn qalib d\u00f6vl\u0259t, g\u00fccl\u00fc ordu v\u0259 y\u00fcks\u0259k n\u00fcfuza malik regional lider\u0259 \u00e7evrilib\u201d.<\/p><p>Z\u0259f\u0259r G\u00fcn\u00fc xalq\u0131m\u0131z\u0131n q\u0259hr\u0259manl\u0131q salnam\u0259sin\u0259 q\u0131z\u0131l h\u0259rfl\u0259rl\u0259 yaz\u0131lm\u0131\u015f, g\u0259l\u0259c\u0259k n\u0259sill\u0259r\u0259 milli birlik, v\u0259t\u0259np\u0259rv\u0259rlik v\u0259 d\u00f6vl\u0259t\u0259 s\u0259daq\u0259t n\u00fcmun\u0259si kimi \u0259b\u0259di ya\u015fayacaq tarixi hadis\u0259dir.<\/p>\t\t\t\t\t<\/div>\n\t\t\t\t\t\t<\/div>\n\t\t\t\t<\/div>\n\t\t\t\t\t\t<\/div>\n\t\t\t\t\t<\/div>\n\t\t<\/div>\n\t\t\t\t\t\t\t\t<\/div>\n\t\t\t\t\t<\/div>\n\t\t<\/section>\n\t\t\t\t<section class=\"elementor-section elementor-top-section elementor-element elementor-element-dbcc164 elementor-section-boxed elementor-section-height-default elementor-section-height-default\" data-id=\"dbcc164\" data-element_type=\"section\">\n\t\t\t\t\t\t<div class=\"elementor-container elementor-column-gap-default\">\n\t\t\t\t\t\t\t<div class=\"elementor-row\">\n\t\t\t\t\t<div class=\"elementor-column elementor-col-100 elementor-top-column elementor-element elementor-element-059eb5e\" data-id=\"059eb5e\" data-element_type=\"column\">\n\t\t\t<div class=\"elementor-column-wrap elementor-element-populated\">\n\t\t\t\t\t\t\t<div class=\"elementor-widget-wrap\">\n\t\t\t\t\t\t<div class=\"elementor-element elementor-element-d0c18bf elementor-arrows-position-inside elementor-pagination-position-outside elementor-widget elementor-widget-image-carousel\" data-id=\"d0c18bf\" data-element_type=\"widget\" data-settings=\"{&quot;navigation&quot;:&quot;both&quot;,&quot;autoplay&quot;:&quot;yes&quot;,&quot;pause_on_hover&quot;:&quot;yes&quot;,&quot;pause_on_interaction&quot;:&quot;yes&quot;,&quot;autoplay_speed&quot;:5000,&quot;infinite&quot;:&quot;yes&quot;,&quot;speed&quot;:500}\" data-widget_type=\"image-carousel.default\">\n\t\t\t\t<div class=\"elementor-widget-container\">\n\t\t\t\t\t<div class=\"elementor-image-carousel-wrapper swiper-container\" dir=\"ltr\">\n\t\t\t<div class=\"elementor-image-carousel swiper-wrapper\">\n\t\t\t\t<div class=\"swiper-slide\"><a data-elementor-open-lightbox=\"yes\" data-elementor-lightbox-slideshow=\"d0c18bf\" data-elementor-lightbox-title=\"WhatsApp Image 2025-11-06 at 09.30.20 (1)\" href=\"https:\/\/legacy.dia.edu.az\/wp-content\/uploads\/2025\/11\/WhatsApp-Image-2025-11-06-at-09.30.20-1.jpeg\"><figure class=\"swiper-slide-inner\"><img class=\"swiper-slide-image\" src=\"https:\/\/legacy.dia.edu.az\/wp-content\/uploads\/2025\/11\/WhatsApp-Image-2025-11-06-at-09.30.20-1-150x150.jpeg\" alt=\"WhatsApp Image 2025-11-06 at 09.30.20 (1)\" \/><\/figure><\/a><\/div><div class=\"swiper-slide\"><a data-elementor-open-lightbox=\"yes\" data-elementor-lightbox-slideshow=\"d0c18bf\" data-elementor-lightbox-title=\"WhatsApp Image 2025-11-06 at 09.30.20\" href=\"https:\/\/legacy.dia.edu.az\/wp-content\/uploads\/2025\/11\/WhatsApp-Image-2025-11-06-at-09.30.20.jpeg\"><figure class=\"swiper-slide-inner\"><img class=\"swiper-slide-image\" src=\"https:\/\/legacy.dia.edu.az\/wp-content\/uploads\/2025\/11\/WhatsApp-Image-2025-11-06-at-09.30.20-150x150.jpeg\" alt=\"WhatsApp Image 2025-11-06 at 09.30.20\" \/><\/figure><\/a><\/div><div class=\"swiper-slide\"><a data-elementor-open-lightbox=\"yes\" data-elementor-lightbox-slideshow=\"d0c18bf\" data-elementor-lightbox-title=\"WhatsApp Image 2025-11-06 at 09.30.19\" href=\"https:\/\/legacy.dia.edu.az\/wp-content\/uploads\/2025\/11\/WhatsApp-Image-2025-11-06-at-09.30.19-1.jpeg\"><figure class=\"swiper-slide-inner\"><img class=\"swiper-slide-image\" src=\"https:\/\/legacy.dia.edu.az\/wp-content\/uploads\/2025\/11\/WhatsApp-Image-2025-11-06-at-09.30.19-1-150x150.jpeg\" alt=\"WhatsApp Image 2025-11-06 at 09.30.19\" \/><\/figure><\/a><\/div>\t\t\t<\/div>\n\t\t\t\t\t\t\t\t\t\t\t\t<div class=\"swiper-pagination\"><\/div>\n\t\t\t\t\t\t\t\t\t\t\t\t\t<div class=\"elementor-swiper-button elementor-swiper-button-prev\">\n\t\t\t\t\t\t<i class=\"eicon-chevron-left\" aria-hidden=\"true\"><\/i>\n\t\t\t\t\t\t<span class=\"elementor-screen-only\">\u041d\u0430\u0437\u0430\u0434<\/span>\n\t\t\t\t\t<\/div>\n\t\t\t\t\t<div class=\"elementor-swiper-button elementor-swiper-button-next\">\n\t\t\t\t\t\t<i class=\"eicon-chevron-right\" aria-hidden=\"true\"><\/i>\n\t\t\t\t\t\t<span class=\"elementor-screen-only\">\u0414\u0430\u043b\u0435\u0435<\/span>\n\t\t\t\t\t<\/div>\n\t\t\t\t\t\t\t\t\t<\/div>\n\t\t\t\t<\/div>\n\t\t\t\t<\/div>\n\t\t\t\t\t\t<\/div>\n\t\t\t\t\t<\/div>\n\t\t<\/div>\n\t\t\t\t\t\t\t\t<\/div>\n\t\t\t\t\t<\/div>\n\t\t<\/section>\n\t\t\t\t\t\t<\/div>\n\t\t\t\t\t\t<\/div>\n\t\t\t\t\t<\/div>","protected":false},"excerpt":{"rendered":"<p>D\u00f6vl\u0259t \u0130dar\u0259\u00e7ilik Akademiyas\u0131nda (D\u0130A) 8 Noyabr \u2013 Z\u0259f\u0259r G\u00fcn\u00fc m\u00fcnasib\u0259til\u0259 ali t\u0259hsil m\u00fc\u0259ssis\u0259sinin rektoru, akademik Urxan \u018fl\u0259kb\u0259rovun m\u00fcvafiq tap\u015f\u0131r\u0131na \u0259sas\u0259n silsil\u0259 t\u0259dbirl\u0259r davam edir. Bu \u00e7\u0259r\u00e7iv\u0259d\u0259 ke\u00e7iril\u0259n n\u00f6vb\u0259ti g\u00f6r\u00fc\u015f V\u0259t\u0259n m\u00fcharib\u0259si q\u0259hr\u0259manlar\u0131na h\u0259sr olunub. T\u0259dbiri giri\u015f s\u00f6z\u00fc il\u0259 D\u00f6vl\u0259t \u0130dar\u0259\u00e7ilik Akademiyas\u0131n\u0131n rektorunun m\u00fc\u015faviri Zaur M\u0259mm\u0259dov a\u00e7araq i\u015ftirak\u00e7\u0131lar\u0131 salamlay\u0131b. O qeyd edib ki, D\u0130A-da v\u0259t\u0259np\u0259rv\u0259rlik t\u0259rbiy\u0259si, [&hellip;]<\/p>","protected":false},"author":2,"featured_media":28301,"comment_status":"closed","ping_status":"closed","sticky":false,"template":"","format":"standard","meta":[],"categories":[137],"tags":[],"_links":{"self":[{"href":"https:\/\/legacy.dia.edu.az\/ru\/wp-json\/wp\/v2\/posts\/28300"}],"collection":[{"href":"https:\/\/legacy.dia.edu.az\/ru\/wp-json\/wp\/v2\/posts"}],"about":[{"href":"https:\/\/legacy.dia.edu.az\/ru\/wp-json\/wp\/v2\/types\/post"}],"author":[{"embeddable":true,"href":"https:\/\/legacy.dia.edu.az\/ru\/wp-json\/wp\/v2\/users\/2"}],"replies":[{"embeddable":true,"href":"https:\/\/legacy.dia.edu.az\/ru\/wp-json\/wp\/v2\/comments?post=28300"}],"version-history":[{"count":4,"href":"https:\/\/legacy.dia.edu.az\/ru\/wp-json\/wp\/v2\/posts\/28300\/revisions"}],"predecessor-version":[{"id":28308,"href":"https:\/\/legacy.dia.edu.az\/ru\/wp-json\/wp\/v2\/posts\/28300\/revisions\/28308"}],"wp:featuredmedia":[{"embeddable":true,"href":"https:\/\/legacy.dia.edu.az\/ru\/wp-json\/wp\/v2\/media\/28301"}],"wp:attachment":[{"href":"https:\/\/legacy.dia.edu.az\/ru\/wp-json\/wp\/v2\/media?parent=28300"}],"wp:term":[{"taxonomy":"category","embeddable":true,"href":"https:\/\/legacy.dia.edu.az\/ru\/wp-json\/wp\/v2\/categories?post=28300"},{"taxonomy":"post_tag","embeddable":true,"href":"https:\/\/legacy.dia.edu.az\/ru\/wp-json\/wp\/v2\/tags?post=28300"}],"curies":[{"name":"wp","href":"https:\/\/api.w.org\/{rel}","templated":true}]}}