{"id":27960,"date":"2025-10-27T10:55:04","date_gmt":"2025-10-27T06:55:04","guid":{"rendered":"https:\/\/dia.edu.az\/?p=27960"},"modified":"2025-10-27T11:00:01","modified_gmt":"2025-10-27T07:00:01","slug":"dia-nin-t%c9%99l%c9%99b%c9%99si-i-yer%c9%99-layiq-gorulmusdur","status":"publish","type":"post","link":"https:\/\/legacy.dia.edu.az\/ru\/arxivl\u0259r\/27960","title":{"rendered":"D\u0130A &#8211; n\u0131n t\u0259l\u0259b\u0259si I yer\u0259 layiq g\u00f6r\u00fclm\u00fc\u015fd\u00fcr"},"content":{"rendered":"<div data-elementor-type=\"wp-post\" data-elementor-id=\"27960\" class=\"elementor elementor-27960\" data-elementor-settings=\"[]\">\n\t\t\t\t\t\t<div class=\"elementor-inner\">\n\t\t\t\t\t\t\t<div class=\"elementor-section-wrap\">\n\t\t\t\t\t\t\t<section class=\"elementor-section elementor-top-section elementor-element elementor-element-351e300 elementor-section-boxed elementor-section-height-default elementor-section-height-default\" data-id=\"351e300\" data-element_type=\"section\">\n\t\t\t\t\t\t<div class=\"elementor-container elementor-column-gap-default\">\n\t\t\t\t\t\t\t<div class=\"elementor-row\">\n\t\t\t\t\t<div class=\"elementor-column elementor-col-100 elementor-top-column elementor-element elementor-element-158743c\" data-id=\"158743c\" data-element_type=\"column\">\n\t\t\t<div class=\"elementor-column-wrap elementor-element-populated\">\n\t\t\t\t\t\t\t<div class=\"elementor-widget-wrap\">\n\t\t\t\t\t\t<div class=\"elementor-element elementor-element-9f1b709 elementor-widget elementor-widget-text-editor\" data-id=\"9f1b709\" data-element_type=\"widget\" data-widget_type=\"text-editor.default\">\n\t\t\t\t<div class=\"elementor-widget-container\">\n\t\t\t\t\t\t\t\t<div class=\"elementor-text-editor elementor-clearfix\">\n\t\t\t\t\t<p>Az\u0259rbaycan Respublikas\u0131 Prezidenti yan\u0131nda D\u00f6vl\u0259t \u0130dar\u0259\u00e7ilik Akademiyas\u0131n\u0131n H\u00fcquq\u015f\u00fcnasl\u0131q ixtisas\u0131 \u00fczr\u0259 III kurs t\u0259l\u0259b\u0259si Lal\u0259 Babazad\u0259 Az\u0259rbaycan Respublikas\u0131n\u0131n Ba\u015f Prokurorlu\u011fu t\u0259r\u0259find\u0259n prokurorluq i\u015f\u00e7il\u0259rinin pe\u015f\u0259 bayram\u0131 g\u00fcn\u00fc v\u0259 prokurorluq orqanlar\u0131n\u0131n yarad\u0131lmas\u0131n\u0131n 107-ci ild\u00f6n\u00fcm\u00fc m\u00fcnasib\u0259til\u0259 ali t\u0259hsil m\u00fc\u0259ssis\u0259l\u0259rinin h\u00fcquq ixtisas\u0131 \u00fczr\u0259 t\u0259hsil alan t\u0259l\u0259b\u0259 v\u0259 kursantlar\u0131 aras\u0131nda ke\u00e7iril\u0259n m\u0259qal\u0259 m\u00fcsabiq\u0259sind\u0259 1-ci yer\u0259 layiq g\u00f6r\u00fclm\u00fc\u015fd\u00fcr. Qalib t\u0259l\u0259b\u0259 D\u00f6vl\u0259t \u0130dar\u0259\u00e7ilik Akademiyas\u0131n\u0131n rektoru, akademik Urxan \u018fl\u0259kb\u0259rov t\u0259r\u0259find\u0259n q\u0259bul edilmi\u015fdir. H\u00f6rm\u0259tli rektor t\u0259l\u0259b\u0259y\u0259 nailiyy\u0259tin\u0259 g\u00f6r\u0259 t\u0259\u015f\u0259kk\u00fcr etmi\u015f v\u0259 g\u0259l\u0259c\u0259k f\u0259aliyy\u0259tind\u0259 ona u\u011furlar arzulam\u0131\u015fd\u0131r.<\/p>\t\t\t\t\t<\/div>\n\t\t\t\t\t\t<\/div>\n\t\t\t\t<\/div>\n\t\t\t\t\t\t<\/div>\n\t\t\t\t\t<\/div>\n\t\t<\/div>\n\t\t\t\t\t\t\t\t<\/div>\n\t\t\t\t\t<\/div>\n\t\t<\/section>\n\t\t\t\t\t\t<\/div>\n\t\t\t\t\t\t<\/div>\n\t\t\t\t\t<\/div>","protected":false},"excerpt":{"rendered":"<p>Az\u0259rbaycan Respublikas\u0131 Prezidenti yan\u0131nda D\u00f6vl\u0259t \u0130dar\u0259\u00e7ilik Akademiyas\u0131n\u0131n H\u00fcquq\u015f\u00fcnasl\u0131q ixtisas\u0131 \u00fczr\u0259 III kurs t\u0259l\u0259b\u0259si Lal\u0259 Babazad\u0259 Az\u0259rbaycan Respublikas\u0131n\u0131n Ba\u015f Prokurorlu\u011fu t\u0259r\u0259find\u0259n prokurorluq i\u015f\u00e7il\u0259rinin pe\u015f\u0259 bayram\u0131 g\u00fcn\u00fc v\u0259 prokurorluq orqanlar\u0131n\u0131n yarad\u0131lmas\u0131n\u0131n 107-ci ild\u00f6n\u00fcm\u00fc m\u00fcnasib\u0259til\u0259 ali t\u0259hsil m\u00fc\u0259ssis\u0259l\u0259rinin h\u00fcquq ixtisas\u0131 \u00fczr\u0259 t\u0259hsil alan t\u0259l\u0259b\u0259 v\u0259 kursantlar\u0131 aras\u0131nda ke\u00e7iril\u0259n m\u0259qal\u0259 m\u00fcsabiq\u0259sind\u0259 1-ci yer\u0259 layiq g\u00f6r\u00fclm\u00fc\u015fd\u00fcr. Qalib t\u0259l\u0259b\u0259 D\u00f6vl\u0259t \u0130dar\u0259\u00e7ilik [&hellip;]<\/p>","protected":false},"author":2,"featured_media":27961,"comment_status":"closed","ping_status":"closed","sticky":false,"template":"","format":"standard","meta":[],"categories":[137],"tags":[],"_links":{"self":[{"href":"https:\/\/legacy.dia.edu.az\/ru\/wp-json\/wp\/v2\/posts\/27960"}],"collection":[{"href":"https:\/\/legacy.dia.edu.az\/ru\/wp-json\/wp\/v2\/posts"}],"about":[{"href":"https:\/\/legacy.dia.edu.az\/ru\/wp-json\/wp\/v2\/types\/post"}],"author":[{"embeddable":true,"href":"https:\/\/legacy.dia.edu.az\/ru\/wp-json\/wp\/v2\/users\/2"}],"replies":[{"embeddable":true,"href":"https:\/\/legacy.dia.edu.az\/ru\/wp-json\/wp\/v2\/comments?post=27960"}],"version-history":[{"count":5,"href":"https:\/\/legacy.dia.edu.az\/ru\/wp-json\/wp\/v2\/posts\/27960\/revisions"}],"predecessor-version":[{"id":27966,"href":"https:\/\/legacy.dia.edu.az\/ru\/wp-json\/wp\/v2\/posts\/27960\/revisions\/27966"}],"wp:featuredmedia":[{"embeddable":true,"href":"https:\/\/legacy.dia.edu.az\/ru\/wp-json\/wp\/v2\/media\/27961"}],"wp:attachment":[{"href":"https:\/\/legacy.dia.edu.az\/ru\/wp-json\/wp\/v2\/media?parent=27960"}],"wp:term":[{"taxonomy":"category","embeddable":true,"href":"https:\/\/legacy.dia.edu.az\/ru\/wp-json\/wp\/v2\/categories?post=27960"},{"taxonomy":"post_tag","embeddable":true,"href":"https:\/\/legacy.dia.edu.az\/ru\/wp-json\/wp\/v2\/tags?post=27960"}],"curies":[{"name":"wp","href":"https:\/\/api.w.org\/{rel}","templated":true}]}}