{"id":27892,"date":"2025-10-18T15:05:44","date_gmt":"2025-10-18T11:05:44","guid":{"rendered":"https:\/\/dia.edu.az\/?p=27892"},"modified":"2025-10-22T15:06:56","modified_gmt":"2025-10-22T11:06:56","slug":"dovl%c9%99t-idar%c9%99cilik-akademiyasinda-must%c9%99qilliyin-b%c9%99rpasinin-34-cu-ildonumun%c9%99-h%c9%99sr-olunmus-d%c9%99yirmi-masa-kecirilib","status":"publish","type":"post","link":"https:\/\/legacy.dia.edu.az\/ru\/arxivl\u0259r\/27892","title":{"rendered":"D\u00f6vl\u0259t \u0130dar\u0259\u00e7ilik Akademiyas\u0131nda m\u00fcst\u0259qilliyin b\u0259rpas\u0131n\u0131n 34-c\u00fc ild\u00f6n\u00fcm\u00fcn\u0259 h\u0259sr olunmu\u015f d\u0259yirmi masa ke\u00e7irilib"},"content":{"rendered":"<div data-elementor-type=\"wp-post\" data-elementor-id=\"27892\" class=\"elementor elementor-27892\" data-elementor-settings=\"[]\">\n\t\t\t\t\t\t<div class=\"elementor-inner\">\n\t\t\t\t\t\t\t<div class=\"elementor-section-wrap\">\n\t\t\t\t\t\t\t<section class=\"elementor-section elementor-top-section elementor-element elementor-element-7cca4f2 elementor-section-boxed elementor-section-height-default elementor-section-height-default\" data-id=\"7cca4f2\" data-element_type=\"section\">\n\t\t\t\t\t\t<div class=\"elementor-container elementor-column-gap-default\">\n\t\t\t\t\t\t\t<div class=\"elementor-row\">\n\t\t\t\t\t<div class=\"elementor-column elementor-col-100 elementor-top-column elementor-element elementor-element-c360a06\" data-id=\"c360a06\" data-element_type=\"column\">\n\t\t\t<div class=\"elementor-column-wrap elementor-element-populated\">\n\t\t\t\t\t\t\t<div class=\"elementor-widget-wrap\">\n\t\t\t\t\t\t<div class=\"elementor-element elementor-element-459e6a1 elementor-widget elementor-widget-text-editor\" data-id=\"459e6a1\" data-element_type=\"widget\" data-widget_type=\"text-editor.default\">\n\t\t\t\t<div class=\"elementor-widget-container\">\n\t\t\t\t\t\t\t\t<div class=\"elementor-text-editor elementor-clearfix\">\n\t\t\t\t\t<p><span style=\"font-family:&quot;Arial&quot;,sans-serif\">17 oktyabr tarixind\u0259 Az\u0259rbaycan\nRespublikas\u0131n\u0131n Prezidenti yan\u0131nda D\u00f6vl\u0259t \u0130dar\u0259\u00e7ilik Akademiyas\u0131nda (D\u0130A)\nAz\u0259rbaycan Respublikas\u0131n\u0131n d\u00f6vl\u0259t m\u00fcst\u0259qilliyinin b\u0259rpa edilm\u0259sinin 34-c\u00fc\nild\u00f6n\u00fcm\u00fc m\u00fcnasib\u0259til\u0259 d\u0259yirmi masa ke\u00e7irilmi\u015fdir.<o:p><\/o:p><\/span><\/p><p><span style=\"font-family:&quot;Arial&quot;,sans-serif\">T\u0259dbirin \u0259vv\u0259lind\u0259 Az\u0259rbaycan\nRespublikas\u0131n\u0131n D\u00f6vl\u0259t Himni s\u0259sl\u0259ndirilib, Ulu \u00d6nd\u0259r Heyd\u0259r \u018fliyevin v\u0259 V\u0259t\u0259n\nu\u011frunda \u015f\u0259hid olmu\u015f q\u0259hr\u0259manlar\u0131n \u0259ziz xatir\u0259si bir d\u0259qiq\u0259lik s\u00fckutla yad\nedilib.<o:p><\/o:p><\/span><\/p><p><span style=\"font-family:&quot;Arial&quot;,sans-serif\">D\u0259yirmi masan\u0131 giri\u015f s\u00f6z\u00fc il\u0259\na\u00e7an D\u0130A-n\u0131n rektoru, akademik Urxan \u018fl\u0259kb\u0259rov qeyd edib ki, \u00f6t\u0259n 34 il \u0259rzind\u0259\nAz\u0259rbaycan xalq\u0131 m\u00fcst\u0259qilliyini qoruyaraq m\u00f6hk\u0259ml\u0259ndirib, \u00f6lk\u0259miz regionun\nsiyasi, iqtisadi v\u0259 m\u0259d\u0259ni m\u0259rk\u0259zl\u0259rind\u0259n birin\u0259 \u00e7evrilib. Rektor vur\u011fulay\u0131b\nki, m\u00fcst\u0259qilliyimizin ilk ill\u0259ri m\u00fcr\u0259kk\u0259b s\u0131naqlarla yadda qalsa da, xalq\u0131m\u0131z\u0131n\nbirliyi v\u0259 Heyd\u0259r \u018fliyev kimi m\u00fcdrik d\u00f6vl\u0259t xadiminin siyasi irad\u0259si say\u0259sind\u0259\nAz\u0259rbaycan d\u00f6vl\u0259t\u00e7iliyi dir\u00e7\u0259ldi, sabitlik v\u0259 inki\u015faf d\u00f6vr\u00fcn\u0259 q\u0259d\u0259m qoydu.<br>\n\u201cM\u00fcst\u0259qilliyimiz d\u00f6nm\u0259zdir, \u0259b\u0259didir\u201d \u2013 dey\u0259n Ulu \u00d6nd\u0259r Heyd\u0259r \u018fliyevin\nstrateji x\u0259tti bu g\u00fcn Prezident c\u0259nab \u0130lham \u018fliyevin r\u0259hb\u0259rliyi il\u0259 u\u011furla\ndavam etdirilir, Az\u0259rbaycan beyn\u0259lxalq al\u0259md\u0259 m\u00fcst\u0259qil, g\u00fccl\u00fc v\u0259 n\u00fcfuzlu d\u00f6vl\u0259t\nkimi tan\u0131n\u0131r,\u201d \u2013 dey\u0259 akademik Urxan \u018fl\u0259kb\u0259rov \u00e7\u0131x\u0131\u015f\u0131nda qeyd etmi\u015fdir.<o:p><\/o:p><\/span><\/p><p><span style=\"font-family:&quot;Arial&quot;,sans-serif\">T\u0259dbird\u0259 D\u0130A-n\u0131n Tarix\nkafedras\u0131n\u0131n professoru, tarix elml\u0259ri doktoru Havva M\u0259mm\u0259dova \u201cAz\u0259rbaycan\u0131n\nd\u00f6vl\u0259t m\u00fcst\u0259qilliyinin b\u0259rpas\u0131: tarixi v\u0259 siyasi aspektl\u0259r\u201d m\u00f6vzusunda m\u0259ruz\u0259\nil\u0259 \u00e7\u0131x\u0131\u015f edib. O, 1991-ci il 18 oktyabr tarixind\u0259 q\u0259bul edilmi\u015f \u201cAz\u0259rbaycan\nRespublikas\u0131n\u0131n D\u00f6vl\u0259t M\u00fcst\u0259qilliyi haqq\u0131nda Konstitusiya Akt\u0131\u201dn\u0131n tarixi\n\u0259h\u0259miyy\u0259tind\u0259n dan\u0131\u015f\u0131b, bu s\u0259n\u0259din \u0259srl\u0259rl\u0259 davam ed\u0259n milli azadl\u0131q\nideallar\u0131n\u0131n realla\u015fmas\u0131n\u0131n simvolu oldu\u011funu vur\u011fulay\u0131b. Professor qeyd edib\nki, Az\u0259rbaycan Xalq C\u00fcmhuriyy\u0259tinin (1918\u20131920) d\u00f6vl\u0259t\u00e7ilik \u0259n\u0259n\u0259l\u0259ri 1991-ci\nild\u0259 b\u0259rpa edilmi\u015f m\u00fcst\u0259qil d\u00f6vl\u0259tin ideoloji v\u0259 siyasi \u0259sas\u0131n\u0131 t\u0259\u015fkil edib.<br>\nHavva M\u0259mm\u0259dova bildirib ki, m\u00fcst\u0259qilliyin ilk ill\u0259rind\u0259 \u00f6lk\u0259d\u0259 yaranm\u0131\u015f siyasi\nv\u0259 iqtisadi \u00e7\u0259tinlikl\u0259r, Erm\u0259nistan\u0131n h\u0259rbi t\u0259cav\u00fcz\u00fc v\u0259 daxili qar\u015f\u0131durmalar\nd\u00f6vl\u0259t\u00e7iliyimizi ciddi s\u0131naq qar\u015f\u0131s\u0131nda qoymu\u015fdu. \u201cBu d\u00f6vrd\u0259 xalq\u0131n t\u0259l\u0259bi il\u0259\nhakimiyy\u0259t\u0259 qay\u0131dan Ulu \u00d6nd\u0259r Heyd\u0259r \u018fliyev m\u00fcdrik siyas\u0259ti v\u0259 q\u0259tiyy\u0259tli\nadd\u0131mlar\u0131 il\u0259 Az\u0259rbaycan\u0131 par\u00e7alanmaq t\u0259hl\u00fck\u0259sind\u0259n xilas etdi, milli\nd\u00f6vl\u0259t\u00e7iliyin m\u00f6hk\u0259ml\u0259nm\u0259sin\u0259, beyn\u0259lxalq arenada n\u00fcfuzunun artmas\u0131na nail oldu,\ndaha sonra Prezident \u0130lham \u018fliyev Az\u0259rbaycan xalq\u0131na tarixi z\u0259f\u0259r b\u0259x\u015f etdi,\u201d \u2013\ndey\u0259 professor \u0259lav\u0259 edib.<o:p><\/o:p><\/span><\/p><p><span style=\"font-family:&quot;Arial&quot;,sans-serif\">Daha sonra \u00e7\u0131x\u0131\u015f ed\u0259n D\u0130A-n\u0131n\nH\u00fcquq kafedras\u0131n\u0131n m\u00fc\u0259llimi, h\u00fcquq elml\u0259ri \u00fczr\u0259 f\u0259ls\u0259f\u0259 doktoru, dosent Fuad\n\u0130brahimov m\u00fcst\u0259qilliyimizin h\u00fcquqi \u0259saslar\u0131 v\u0259 onun konstitusion t\u0259minat\u0131ndan\ndan\u0131\u015f\u0131b. O qeyd edib ki, 1995-ci ild\u0259 q\u0259bul olunmu\u015f Az\u0259rbaycan Respublikas\u0131n\u0131n\nKonstitusiyas\u0131 \u00f6lk\u0259mizin h\u00fcquqi d\u00f6vl\u0259t kimi formala\u015fmas\u0131 \u00fc\u00e7\u00fcn m\u00f6hk\u0259m baza\nyaratd\u0131. Fuad \u0130brahimov vur\u011fulay\u0131b ki, \u201cD\u00f6vl\u0259t M\u00fcst\u0259qilliyi haqq\u0131nda Akt\u201d t\u0259kc\u0259\nsiyasi s\u0259n\u0259d deyil, h\u0259m d\u0259 h\u00fcquqi bax\u0131mdan Az\u0259rbaycan xalq\u0131n\u0131n \u00f6z m\u00fcq\u0259dd\u0259rat\u0131n\u0131\nm\u00fc\u0259yy\u0259n etm\u0259k h\u00fcququnun realla\u015fmas\u0131 idi.<br>\nO \u0259lav\u0259 edib ki, bu g\u00fcn Az\u0259rbaycan Respublikas\u0131n\u0131n h\u00fcquq sistemi beyn\u0259lxalq\nh\u00fcquq normalar\u0131na uy\u011funla\u015fd\u0131r\u0131l\u0131b, qanunvericilik islahatlar\u0131 is\u0259 Prezident\n\u0130lham \u018fliyevin r\u0259hb\u0259rliyi il\u0259 ard\u0131c\u0131l \u015f\u0259kild\u0259 h\u0259yata ke\u00e7irilir. \u201cBu islahatlar\nn\u0259tic\u0259sind\u0259 insan h\u00fcquq v\u0259 azadl\u0131qlar\u0131n\u0131n t\u0259minat\u0131, idar\u0259etm\u0259nin \u015f\u0259ffafl\u0131\u011f\u0131,\nm\u0259hk\u0259m\u0259-h\u00fcquq sisteminin m\u00fcasirl\u0259\u015fm\u0259si istiqam\u0259tind\u0259 m\u00fch\u00fcm n\u0259tic\u0259l\u0259r \u0259ld\u0259\nolunub,\u201d \u2013 dey\u0259 dosent \u0130brahimov \u00e7\u0131x\u0131\u015f\u0131nda qeyd etmi\u015fdir.<o:p><\/o:p><\/span><\/p><p>\n\n\n\n\n\n\n\n\n\n<\/p><p><span style=\"font-family:&quot;Arial&quot;,sans-serif\">T\u0259dbirin sonunda i\u015ftirak\u00e7\u0131lar\naras\u0131nda fikir m\u00fcbadil\u0259si apar\u0131l\u0131b.<o:p><\/o:p><\/span><\/p>\t\t\t\t\t<\/div>\n\t\t\t\t\t\t<\/div>\n\t\t\t\t<\/div>\n\t\t\t\t\t\t<\/div>\n\t\t\t\t\t<\/div>\n\t\t<\/div>\n\t\t\t\t\t\t\t\t<\/div>\n\t\t\t\t\t<\/div>\n\t\t<\/section>\n\t\t\t\t<section class=\"elementor-section elementor-top-section elementor-element elementor-element-2cc8c05 elementor-section-boxed elementor-section-height-default elementor-section-height-default\" data-id=\"2cc8c05\" data-element_type=\"section\">\n\t\t\t\t\t\t<div class=\"elementor-container elementor-column-gap-default\">\n\t\t\t\t\t\t\t<div class=\"elementor-row\">\n\t\t\t\t\t<div class=\"elementor-column elementor-col-100 elementor-top-column elementor-element elementor-element-17d433d\" data-id=\"17d433d\" data-element_type=\"column\">\n\t\t\t<div class=\"elementor-column-wrap elementor-element-populated\">\n\t\t\t\t\t\t\t<div class=\"elementor-widget-wrap\">\n\t\t\t\t\t\t<div class=\"elementor-element elementor-element-59b3493 elementor-arrows-position-inside elementor-pagination-position-outside elementor-widget elementor-widget-image-carousel\" data-id=\"59b3493\" data-element_type=\"widget\" data-settings=\"{&quot;navigation&quot;:&quot;both&quot;,&quot;autoplay&quot;:&quot;yes&quot;,&quot;pause_on_hover&quot;:&quot;yes&quot;,&quot;pause_on_interaction&quot;:&quot;yes&quot;,&quot;autoplay_speed&quot;:5000,&quot;infinite&quot;:&quot;yes&quot;,&quot;speed&quot;:500}\" data-widget_type=\"image-carousel.default\">\n\t\t\t\t<div class=\"elementor-widget-container\">\n\t\t\t\t\t<div class=\"elementor-image-carousel-wrapper swiper-container\" dir=\"ltr\">\n\t\t\t<div class=\"elementor-image-carousel swiper-wrapper\">\n\t\t\t\t<div class=\"swiper-slide\"><a data-elementor-open-lightbox=\"yes\" data-elementor-lightbox-slideshow=\"59b3493\" href=\"https:\/\/legacy.dia.edu.az\/wp-content\/uploads\/2025\/10\/DSC_8807.jpg\"><figure class=\"swiper-slide-inner\"><img class=\"swiper-slide-image\" src=\"https:\/\/legacy.dia.edu.az\/wp-content\/uploads\/2025\/10\/DSC_8807-150x150.jpg\" alt=\"\" \/><\/figure><\/a><\/div><div class=\"swiper-slide\"><a data-elementor-open-lightbox=\"yes\" data-elementor-lightbox-slideshow=\"59b3493\" href=\"https:\/\/legacy.dia.edu.az\/wp-content\/uploads\/2025\/10\/DSC_8806.jpg\"><figure class=\"swiper-slide-inner\"><img class=\"swiper-slide-image\" src=\"https:\/\/legacy.dia.edu.az\/wp-content\/uploads\/2025\/10\/DSC_8806-150x150.jpg\" alt=\"\" \/><\/figure><\/a><\/div><div class=\"swiper-slide\"><a data-elementor-open-lightbox=\"yes\" data-elementor-lightbox-slideshow=\"59b3493\" href=\"https:\/\/legacy.dia.edu.az\/wp-content\/uploads\/2025\/10\/DSC_8795.jpg\"><figure class=\"swiper-slide-inner\"><img class=\"swiper-slide-image\" src=\"https:\/\/legacy.dia.edu.az\/wp-content\/uploads\/2025\/10\/DSC_8795-150x150.jpg\" alt=\"\" \/><\/figure><\/a><\/div><div class=\"swiper-slide\"><a data-elementor-open-lightbox=\"yes\" data-elementor-lightbox-slideshow=\"59b3493\" href=\"https:\/\/legacy.dia.edu.az\/wp-content\/uploads\/2025\/10\/DSC_8794.jpg\"><figure class=\"swiper-slide-inner\"><img class=\"swiper-slide-image\" src=\"https:\/\/legacy.dia.edu.az\/wp-content\/uploads\/2025\/10\/DSC_8794-150x150.jpg\" alt=\"\" \/><\/figure><\/a><\/div><div class=\"swiper-slide\"><a data-elementor-open-lightbox=\"yes\" data-elementor-lightbox-slideshow=\"59b3493\" href=\"https:\/\/legacy.dia.edu.az\/wp-content\/uploads\/2025\/10\/DSC_8787.jpg\"><figure class=\"swiper-slide-inner\"><img class=\"swiper-slide-image\" src=\"https:\/\/legacy.dia.edu.az\/wp-content\/uploads\/2025\/10\/DSC_8787-150x150.jpg\" alt=\"\" \/><\/figure><\/a><\/div><div class=\"swiper-slide\"><a data-elementor-open-lightbox=\"yes\" data-elementor-lightbox-slideshow=\"59b3493\" href=\"https:\/\/legacy.dia.edu.az\/wp-content\/uploads\/2025\/10\/DSC_8785.jpg\"><figure class=\"swiper-slide-inner\"><img class=\"swiper-slide-image\" src=\"https:\/\/legacy.dia.edu.az\/wp-content\/uploads\/2025\/10\/DSC_8785-150x150.jpg\" alt=\"\" \/><\/figure><\/a><\/div><div class=\"swiper-slide\"><a data-elementor-open-lightbox=\"yes\" data-elementor-lightbox-slideshow=\"59b3493\" href=\"https:\/\/legacy.dia.edu.az\/wp-content\/uploads\/2025\/10\/DSC_8775.jpg\"><figure class=\"swiper-slide-inner\"><img class=\"swiper-slide-image\" src=\"https:\/\/legacy.dia.edu.az\/wp-content\/uploads\/2025\/10\/DSC_8775-150x150.jpg\" alt=\"\" \/><\/figure><\/a><\/div><div class=\"swiper-slide\"><a data-elementor-open-lightbox=\"yes\" data-elementor-lightbox-slideshow=\"59b3493\" href=\"https:\/\/legacy.dia.edu.az\/wp-content\/uploads\/2025\/10\/DSC_8769.jpg\"><figure class=\"swiper-slide-inner\"><img class=\"swiper-slide-image\" src=\"https:\/\/legacy.dia.edu.az\/wp-content\/uploads\/2025\/10\/DSC_8769-150x150.jpg\" alt=\"\" \/><\/figure><\/a><\/div><div class=\"swiper-slide\"><a data-elementor-open-lightbox=\"yes\" data-elementor-lightbox-slideshow=\"59b3493\" href=\"https:\/\/legacy.dia.edu.az\/wp-content\/uploads\/2025\/10\/DSC_8763.jpg\"><figure class=\"swiper-slide-inner\"><img class=\"swiper-slide-image\" src=\"https:\/\/legacy.dia.edu.az\/wp-content\/uploads\/2025\/10\/DSC_8763-150x150.jpg\" alt=\"\" \/><\/figure><\/a><\/div>\t\t\t<\/div>\n\t\t\t\t\t\t\t\t\t\t\t\t<div class=\"swiper-pagination\"><\/div>\n\t\t\t\t\t\t\t\t\t\t\t\t\t<div class=\"elementor-swiper-button elementor-swiper-button-prev\">\n\t\t\t\t\t\t<i class=\"eicon-chevron-left\" aria-hidden=\"true\"><\/i>\n\t\t\t\t\t\t<span class=\"elementor-screen-only\">\u041d\u0430\u0437\u0430\u0434<\/span>\n\t\t\t\t\t<\/div>\n\t\t\t\t\t<div class=\"elementor-swiper-button elementor-swiper-button-next\">\n\t\t\t\t\t\t<i class=\"eicon-chevron-right\" aria-hidden=\"true\"><\/i>\n\t\t\t\t\t\t<span class=\"elementor-screen-only\">\u0414\u0430\u043b\u0435\u0435<\/span>\n\t\t\t\t\t<\/div>\n\t\t\t\t\t\t\t\t\t<\/div>\n\t\t\t\t<\/div>\n\t\t\t\t<\/div>\n\t\t\t\t\t\t<\/div>\n\t\t\t\t\t<\/div>\n\t\t<\/div>\n\t\t\t\t\t\t\t\t<\/div>\n\t\t\t\t\t<\/div>\n\t\t<\/section>\n\t\t\t\t\t\t<\/div>\n\t\t\t\t\t\t<\/div>\n\t\t\t\t\t<\/div>","protected":false},"excerpt":{"rendered":"<p>17 oktyabr tarixind\u0259 Az\u0259rbaycan Respublikas\u0131n\u0131n Prezidenti yan\u0131nda D\u00f6vl\u0259t \u0130dar\u0259\u00e7ilik Akademiyas\u0131nda (D\u0130A) Az\u0259rbaycan Respublikas\u0131n\u0131n d\u00f6vl\u0259t m\u00fcst\u0259qilliyinin b\u0259rpa edilm\u0259sinin 34-c\u00fc ild\u00f6n\u00fcm\u00fc m\u00fcnasib\u0259til\u0259 d\u0259yirmi masa ke\u00e7irilmi\u015fdir. T\u0259dbirin \u0259vv\u0259lind\u0259 Az\u0259rbaycan Respublikas\u0131n\u0131n D\u00f6vl\u0259t Himni s\u0259sl\u0259ndirilib, Ulu \u00d6nd\u0259r Heyd\u0259r \u018fliyevin v\u0259 V\u0259t\u0259n u\u011frunda \u015f\u0259hid olmu\u015f q\u0259hr\u0259manlar\u0131n \u0259ziz xatir\u0259si bir d\u0259qiq\u0259lik s\u00fckutla yad edilib. D\u0259yirmi masan\u0131 giri\u015f s\u00f6z\u00fc il\u0259 a\u00e7an D\u0130A-n\u0131n rektoru, [&hellip;]<\/p>","protected":false},"author":2,"featured_media":27893,"comment_status":"closed","ping_status":"closed","sticky":false,"template":"","format":"standard","meta":[],"categories":[137],"tags":[],"_links":{"self":[{"href":"https:\/\/legacy.dia.edu.az\/ru\/wp-json\/wp\/v2\/posts\/27892"}],"collection":[{"href":"https:\/\/legacy.dia.edu.az\/ru\/wp-json\/wp\/v2\/posts"}],"about":[{"href":"https:\/\/legacy.dia.edu.az\/ru\/wp-json\/wp\/v2\/types\/post"}],"author":[{"embeddable":true,"href":"https:\/\/legacy.dia.edu.az\/ru\/wp-json\/wp\/v2\/users\/2"}],"replies":[{"embeddable":true,"href":"https:\/\/legacy.dia.edu.az\/ru\/wp-json\/wp\/v2\/comments?post=27892"}],"version-history":[{"count":4,"href":"https:\/\/legacy.dia.edu.az\/ru\/wp-json\/wp\/v2\/posts\/27892\/revisions"}],"predecessor-version":[{"id":27905,"href":"https:\/\/legacy.dia.edu.az\/ru\/wp-json\/wp\/v2\/posts\/27892\/revisions\/27905"}],"wp:featuredmedia":[{"embeddable":true,"href":"https:\/\/legacy.dia.edu.az\/ru\/wp-json\/wp\/v2\/media\/27893"}],"wp:attachment":[{"href":"https:\/\/legacy.dia.edu.az\/ru\/wp-json\/wp\/v2\/media?parent=27892"}],"wp:term":[{"taxonomy":"category","embeddable":true,"href":"https:\/\/legacy.dia.edu.az\/ru\/wp-json\/wp\/v2\/categories?post=27892"},{"taxonomy":"post_tag","embeddable":true,"href":"https:\/\/legacy.dia.edu.az\/ru\/wp-json\/wp\/v2\/tags?post=27892"}],"curies":[{"name":"wp","href":"https:\/\/api.w.org\/{rel}","templated":true}]}}