{"id":27755,"date":"2025-10-13T10:34:10","date_gmt":"2025-10-13T06:34:10","guid":{"rendered":"https:\/\/dia.edu.az\/?p=27755"},"modified":"2025-10-13T10:35:29","modified_gmt":"2025-10-13T06:35:29","slug":"az%c9%99rbaycan-respublikasinin-prezidenti-yaninda-dovl%c9%99t-idr%c9%99cilik-akademiyasinda-dovl%c9%99t-qulluguna-dair-qanunvericilik-v%c9%99-onun-t%c9%99tbiqi-movzusunda-elmi-prakt","status":"publish","type":"post","link":"https:\/\/legacy.dia.edu.az\/ru\/arxivl\u0259r\/27755","title":{"rendered":"Az\u0259rbaycan Respublikas\u0131n\u0131n Prezidenti yan\u0131nda D\u00f6vl\u0259t \u0130dr\u0259\u00e7ilik Akademiyas\u0131nda \u201cD\u00f6vl\u0259t qullu\u011funa dair qanunvericilik v\u0259 onun t\u0259tbiqi\u201d m\u00f6vzusunda elmi-praktik t\u0259lim ke\u00e7irilmi\u015fdir"},"content":{"rendered":"<div data-elementor-type=\"wp-post\" data-elementor-id=\"27755\" class=\"elementor elementor-27755\" data-elementor-settings=\"[]\">\n\t\t\t\t\t\t<div class=\"elementor-inner\">\n\t\t\t\t\t\t\t<div class=\"elementor-section-wrap\">\n\t\t\t\t\t\t\t<section class=\"elementor-section elementor-top-section elementor-element elementor-element-35af116 elementor-section-boxed elementor-section-height-default elementor-section-height-default\" data-id=\"35af116\" data-element_type=\"section\">\n\t\t\t\t\t\t<div class=\"elementor-container elementor-column-gap-default\">\n\t\t\t\t\t\t\t<div class=\"elementor-row\">\n\t\t\t\t\t<div class=\"elementor-column elementor-col-100 elementor-top-column elementor-element elementor-element-c711ebd\" data-id=\"c711ebd\" data-element_type=\"column\">\n\t\t\t<div class=\"elementor-column-wrap elementor-element-populated\">\n\t\t\t\t\t\t\t<div class=\"elementor-widget-wrap\">\n\t\t\t\t\t\t<div class=\"elementor-element elementor-element-203b4df elementor-widget elementor-widget-text-editor\" data-id=\"203b4df\" data-element_type=\"widget\" data-widget_type=\"text-editor.default\">\n\t\t\t\t<div class=\"elementor-widget-container\">\n\t\t\t\t\t\t\t\t<div class=\"elementor-text-editor elementor-clearfix\">\n\t\t\t\t\t<p style=\"text-align:justify;text-indent:36.0pt\"><span style=\"font-size:14.0pt\">08\noktyabr 2025-ci il tarixind\u0259 Az\u0259rbaycan Respublikas\u0131n\u0131n Prezidenti yan\u0131nda\nD\u00f6vl\u0259t \u0130dr\u0259\u00e7ilik Akademiyas\u0131nda \u201cNax\u00e7\u0131van Muxtar Respublikas\u0131n\u0131n\nsosial-iqtisadi inki\u015faf\u0131na dair 2023\u20132027-ci ill\u0259r \u00fc\u00e7\u00fcn D\u00f6vl\u0259t Proqram\u0131\u201dn\u0131n\nicras\u0131 \u00e7\u0259r\u00e7iv\u0259sind\u0259 Nax\u00e7\u0131van Muxtar Respublikas\u0131n\u0131n m\u0259rk\u0259zi icra hakimiyy\u0259ti\norqanlar\u0131nda f\u0259aliyy\u0259t g\u00f6st\u0259r\u0259n d\u00f6vl\u0259t qulluq\u00e7ular\u0131 \u00fc\u00e7\u00fcn \u201cD\u00f6vl\u0259t qullu\u011funa dair\nqanunvericilik v\u0259 onun t\u0259tbiqi\u201d m\u00f6vzusunda elmi-praktik t\u0259lim ke\u00e7irilmi\u015fdir.<o:p><\/o:p><\/span><\/p><p style=\"text-align:justify;text-indent:36.0pt\"><span style=\"font-size:14.0pt\">T\u0259lim\nD\u00f6vl\u0259t \u0130dar\u0259\u00e7ilik Akademiyas\u0131n\u0131n \u0259m\u0259kda\u015f\u0131, h\u00fcquq \u00fczr\u0259 f\u0259ls\u0259f\u0259 doktoru, dosent,\n\u0259m\u0259kdar m\u00fc\u0259llim Na\u011f\u0131yev F\u0259xr\u0259ddin Ta\u011f\u0131 o\u011flu t\u0259r\u0259find\u0259n apar\u0131lm\u0131\u015fd\u0131r. T\u0259dbirin\n\u0259sas m\u0259qs\u0259di d\u00f6vl\u0259t qullu\u011funun h\u00fcquqi-normativ bazas\u0131n\u0131n d\u0259rind\u0259n \u00f6yr\u0259nilm\u0259si,\nd\u00f6vl\u0259t qulluq\u00e7ular\u0131n\u0131n normativ h\u00fcquqi aktlar kontekstind\u0259 f\u0259aliyy\u0259t\ns\u0259m\u0259r\u0259liliyinin art\u0131r\u0131lmas\u0131 v\u0259 d\u00f6vl\u0259t idar\u0259etm\u0259sind\u0259 h\u00fcquq m\u0259d\u0259niyy\u0259tinin\ny\u00fcks\u0259ldilm\u0259sidir.<o:p><\/o:p><\/span><\/p><p style=\"text-align:justify;text-indent:36.0pt\"><span style=\"font-size:14.0pt\">T\u0259lim\n\u00e7\u0259r\u00e7iv\u0259sind\u0259 i\u015ftirak\u00e7\u0131lara Az\u0259rbaycan Respublikas\u0131nda d\u00f6vl\u0259t qullu\u011funun inki\u015faf\nm\u0259rh\u0259l\u0259l\u0259ri, m\u00f6vcud qanunvericiliyin m\u0259zmun v\u0259 strukturu, h\u0259m\u00e7inin d\u00f6vl\u0259t\nqullu\u011funda institusional islahatlar v\u0259 etik davran\u0131\u015f prinsipl\u0259ri \u00fczr\u0259 geni\u015f\nizahat verilmi\u015fdir. Qanunvericilik normalar\u0131n\u0131n t\u0259tbiqind\u0259 qar\u015f\u0131ya \u00e7\u0131xan\npraktiki \u00e7\u0259tinlikl\u0259r, onlar\u0131n h\u0259lli yollar\u0131 v\u0259 h\u00fcquqi mexanizml\u0259r \u0259traf\u0131nda\nm\u00fczakir\u0259l\u0259r apar\u0131lm\u0131\u015f, dinl\u0259yicil\u0259rin \u00e7oxsayl\u0131 suallar\u0131 cavabland\u0131r\u0131lm\u0131\u015fd\u0131r.<o:p><\/o:p><\/span><\/p><p style=\"text-align:justify;text-indent:36.0pt\"><span style=\"font-size:14.0pt\">T\u0259dbir\nzaman\u0131 d\u00f6vl\u0259t qullu\u011funda \u015f\u0259ffafl\u0131\u011f\u0131n, hesabatl\u0131l\u0131\u011f\u0131n v\u0259 m\u0259suliyy\u0259tli\nidar\u0259etm\u0259nin t\u0259min olunmas\u0131nda h\u00fcquqi maarifl\u0259ndirm\u0259nin rolu vur\u011fulanm\u0131\u015f,\nd\u00f6vl\u0259t qulluq\u00e7ular\u0131n\u0131n h\u00fcquqi haz\u0131rl\u0131q s\u0259viyy\u0259sinin art\u0131r\u0131lmas\u0131n\u0131n vacibliyi\nelmi \u0259saslarla \u0259sasland\u0131r\u0131lm\u0131\u015fd\u0131r.<o:p><\/o:p><\/span><\/p><p>\n\n\n\n\n\n\n\n<\/p><p style=\"text-align:justify;text-indent:36.0pt\"><span style=\"font-size:14.0pt\">T\u0259limin\nsonunda vur\u011fulanm\u0131\u015fd\u0131r ki, bu c\u00fcr elmi-praktik t\u0259liml\u0259rin t\u0259\u015fkili insan\nkapital\u0131n\u0131n inki\u015faf\u0131, idar\u0259etm\u0259d\u0259 h\u00fcquqi yana\u015fmalar\u0131n g\u00fccl\u0259ndirilm\u0259si v\u0259 d\u00f6vl\u0259t\nqullu\u011funun institusional dayan\u0131ql\u0131\u011f\u0131n\u0131n t\u0259min olunmas\u0131 bax\u0131m\u0131ndan strateji\n\u0259h\u0259miyy\u0259t da\u015f\u0131y\u0131r.<o:p><\/o:p><\/span><\/p>\t\t\t\t\t<\/div>\n\t\t\t\t\t\t<\/div>\n\t\t\t\t<\/div>\n\t\t\t\t\t\t<\/div>\n\t\t\t\t\t<\/div>\n\t\t<\/div>\n\t\t\t\t\t\t\t\t<\/div>\n\t\t\t\t\t<\/div>\n\t\t<\/section>\n\t\t\t\t<section class=\"elementor-section elementor-top-section elementor-element elementor-element-664f992 elementor-section-boxed elementor-section-height-default elementor-section-height-default\" data-id=\"664f992\" data-element_type=\"section\">\n\t\t\t\t\t\t<div class=\"elementor-container elementor-column-gap-default\">\n\t\t\t\t\t\t\t<div class=\"elementor-row\">\n\t\t\t\t\t<div class=\"elementor-column elementor-col-100 elementor-top-column elementor-element elementor-element-566a84c\" data-id=\"566a84c\" data-element_type=\"column\">\n\t\t\t<div class=\"elementor-column-wrap elementor-element-populated\">\n\t\t\t\t\t\t\t<div class=\"elementor-widget-wrap\">\n\t\t\t\t\t\t<div class=\"elementor-element elementor-element-6faf4cd elementor-arrows-position-inside elementor-pagination-position-outside elementor-widget elementor-widget-image-carousel\" data-id=\"6faf4cd\" data-element_type=\"widget\" data-settings=\"{&quot;navigation&quot;:&quot;both&quot;,&quot;autoplay&quot;:&quot;yes&quot;,&quot;pause_on_hover&quot;:&quot;yes&quot;,&quot;pause_on_interaction&quot;:&quot;yes&quot;,&quot;autoplay_speed&quot;:5000,&quot;infinite&quot;:&quot;yes&quot;,&quot;speed&quot;:500}\" data-widget_type=\"image-carousel.default\">\n\t\t\t\t<div class=\"elementor-widget-container\">\n\t\t\t\t\t<div class=\"elementor-image-carousel-wrapper swiper-container\" dir=\"ltr\">\n\t\t\t<div class=\"elementor-image-carousel swiper-wrapper\">\n\t\t\t\t<div class=\"swiper-slide\"><a data-elementor-open-lightbox=\"yes\" data-elementor-lightbox-slideshow=\"6faf4cd\" href=\"https:\/\/legacy.dia.edu.az\/wp-content\/uploads\/2025\/10\/gjki.png\"><figure class=\"swiper-slide-inner\"><img class=\"swiper-slide-image\" src=\"https:\/\/legacy.dia.edu.az\/wp-content\/uploads\/2025\/10\/gjki-150x150.png\" alt=\"\" \/><\/figure><\/a><\/div><div class=\"swiper-slide\"><a data-elementor-open-lightbox=\"yes\" data-elementor-lightbox-slideshow=\"6faf4cd\" href=\"https:\/\/legacy.dia.edu.az\/wp-content\/uploads\/2025\/10\/gh.png\"><figure class=\"swiper-slide-inner\"><img class=\"swiper-slide-image\" src=\"https:\/\/legacy.dia.edu.az\/wp-content\/uploads\/2025\/10\/gh-150x150.png\" alt=\"\" \/><\/figure><\/a><\/div>\t\t\t<\/div>\n\t\t\t\t\t\t\t\t\t\t\t\t<div class=\"swiper-pagination\"><\/div>\n\t\t\t\t\t\t\t\t\t\t\t\t\t<div class=\"elementor-swiper-button elementor-swiper-button-prev\">\n\t\t\t\t\t\t<i class=\"eicon-chevron-left\" aria-hidden=\"true\"><\/i>\n\t\t\t\t\t\t<span class=\"elementor-screen-only\">\u041d\u0430\u0437\u0430\u0434<\/span>\n\t\t\t\t\t<\/div>\n\t\t\t\t\t<div class=\"elementor-swiper-button elementor-swiper-button-next\">\n\t\t\t\t\t\t<i class=\"eicon-chevron-right\" aria-hidden=\"true\"><\/i>\n\t\t\t\t\t\t<span class=\"elementor-screen-only\">\u0414\u0430\u043b\u0435\u0435<\/span>\n\t\t\t\t\t<\/div>\n\t\t\t\t\t\t\t\t\t<\/div>\n\t\t\t\t<\/div>\n\t\t\t\t<\/div>\n\t\t\t\t\t\t<\/div>\n\t\t\t\t\t<\/div>\n\t\t<\/div>\n\t\t\t\t\t\t\t\t<\/div>\n\t\t\t\t\t<\/div>\n\t\t<\/section>\n\t\t\t\t\t\t<\/div>\n\t\t\t\t\t\t<\/div>\n\t\t\t\t\t<\/div>","protected":false},"excerpt":{"rendered":"<p>08 oktyabr 2025-ci il tarixind\u0259 Az\u0259rbaycan Respublikas\u0131n\u0131n Prezidenti yan\u0131nda D\u00f6vl\u0259t \u0130dr\u0259\u00e7ilik Akademiyas\u0131nda \u201cNax\u00e7\u0131van Muxtar Respublikas\u0131n\u0131n sosial-iqtisadi inki\u015faf\u0131na dair 2023\u20132027-ci ill\u0259r \u00fc\u00e7\u00fcn D\u00f6vl\u0259t Proqram\u0131\u201dn\u0131n icras\u0131 \u00e7\u0259r\u00e7iv\u0259sind\u0259 Nax\u00e7\u0131van Muxtar Respublikas\u0131n\u0131n m\u0259rk\u0259zi icra hakimiyy\u0259ti orqanlar\u0131nda f\u0259aliyy\u0259t g\u00f6st\u0259r\u0259n d\u00f6vl\u0259t qulluq\u00e7ular\u0131 \u00fc\u00e7\u00fcn \u201cD\u00f6vl\u0259t qullu\u011funa dair qanunvericilik v\u0259 onun t\u0259tbiqi\u201d m\u00f6vzusunda elmi-praktik t\u0259lim ke\u00e7irilmi\u015fdir. T\u0259lim D\u00f6vl\u0259t \u0130dar\u0259\u00e7ilik Akademiyas\u0131n\u0131n \u0259m\u0259kda\u015f\u0131, h\u00fcquq \u00fczr\u0259 [&hellip;]<\/p>","protected":false},"author":2,"featured_media":27756,"comment_status":"closed","ping_status":"closed","sticky":false,"template":"","format":"standard","meta":[],"categories":[137],"tags":[],"_links":{"self":[{"href":"https:\/\/legacy.dia.edu.az\/ru\/wp-json\/wp\/v2\/posts\/27755"}],"collection":[{"href":"https:\/\/legacy.dia.edu.az\/ru\/wp-json\/wp\/v2\/posts"}],"about":[{"href":"https:\/\/legacy.dia.edu.az\/ru\/wp-json\/wp\/v2\/types\/post"}],"author":[{"embeddable":true,"href":"https:\/\/legacy.dia.edu.az\/ru\/wp-json\/wp\/v2\/users\/2"}],"replies":[{"embeddable":true,"href":"https:\/\/legacy.dia.edu.az\/ru\/wp-json\/wp\/v2\/comments?post=27755"}],"version-history":[{"count":4,"href":"https:\/\/legacy.dia.edu.az\/ru\/wp-json\/wp\/v2\/posts\/27755\/revisions"}],"predecessor-version":[{"id":27762,"href":"https:\/\/legacy.dia.edu.az\/ru\/wp-json\/wp\/v2\/posts\/27755\/revisions\/27762"}],"wp:featuredmedia":[{"embeddable":true,"href":"https:\/\/legacy.dia.edu.az\/ru\/wp-json\/wp\/v2\/media\/27756"}],"wp:attachment":[{"href":"https:\/\/legacy.dia.edu.az\/ru\/wp-json\/wp\/v2\/media?parent=27755"}],"wp:term":[{"taxonomy":"category","embeddable":true,"href":"https:\/\/legacy.dia.edu.az\/ru\/wp-json\/wp\/v2\/categories?post=27755"},{"taxonomy":"post_tag","embeddable":true,"href":"https:\/\/legacy.dia.edu.az\/ru\/wp-json\/wp\/v2\/tags?post=27755"}],"curies":[{"name":"wp","href":"https:\/\/api.w.org\/{rel}","templated":true}]}}