{"id":27462,"date":"2025-09-28T17:00:58","date_gmt":"2025-09-28T13:00:58","guid":{"rendered":"https:\/\/dia.edu.az\/?p=27462"},"modified":"2025-09-28T17:02:24","modified_gmt":"2025-09-28T13:02:24","slug":"az%c9%99rbaycan-respublikasi-prezidenti-yaninda-dovl%c9%99t-idar%c9%99cilik-akademiyasinin-huquq-kafedrasinin-mudiri-qizil-ulduz-medali-il%c9%99-t%c9%99ltif-edilib","status":"publish","type":"post","link":"https:\/\/legacy.dia.edu.az\/ru\/arxivl\u0259r\/27462","title":{"rendered":"Az\u0259rbaycan Respublikas\u0131 Prezidenti yan\u0131nda D\u00f6vl\u0259t \u0130dar\u0259\u00e7ilik Akademiyas\u0131n\u0131n H\u00fcquq kafedras\u0131n\u0131n m\u00fcdiri \u201cQ\u0131z\u0131l Ulduz\u201d medal\u0131 il\u0259 t\u0259ltif edilib."},"content":{"rendered":"<div data-elementor-type=\"wp-post\" data-elementor-id=\"27462\" class=\"elementor elementor-27462\" data-elementor-settings=\"[]\">\n\t\t\t\t\t\t<div class=\"elementor-inner\">\n\t\t\t\t\t\t\t<div class=\"elementor-section-wrap\">\n\t\t\t\t\t\t\t<section class=\"elementor-section elementor-top-section elementor-element elementor-element-d42bf37 elementor-section-boxed elementor-section-height-default elementor-section-height-default\" data-id=\"d42bf37\" data-element_type=\"section\">\n\t\t\t\t\t\t<div class=\"elementor-container elementor-column-gap-default\">\n\t\t\t\t\t\t\t<div class=\"elementor-row\">\n\t\t\t\t\t<div class=\"elementor-column elementor-col-100 elementor-top-column elementor-element elementor-element-ad963c8\" data-id=\"ad963c8\" data-element_type=\"column\">\n\t\t\t<div class=\"elementor-column-wrap elementor-element-populated\">\n\t\t\t\t\t\t\t<div class=\"elementor-widget-wrap\">\n\t\t\t\t\t\t<div class=\"elementor-element elementor-element-5ff8759 elementor-widget elementor-widget-text-editor\" data-id=\"5ff8759\" data-element_type=\"widget\" data-widget_type=\"text-editor.default\">\n\t\t\t\t<div class=\"elementor-widget-container\">\n\t\t\t\t\t\t\t\t<div class=\"elementor-text-editor elementor-clearfix\">\n\t\t\t\t\t<p>Az\u0259rbaycan Respublikas\u0131 Prezidenti yan\u0131nda D\u00f6vl\u0259t \u0130dar\u0259\u00e7ilik Akademiyas\u0131n\u0131n H\u00fcquq kafedras\u0131n\u0131n m\u00fcdiri, h\u00fcquq elml\u0259ri doktoru professor \u0130saxan V\u0259liyev T\u00fcrk D\u00fcnyas\u0131 Beyn\u0259lxalq Elml\u0259r Akademiyas\u0131n\u0131n \u00dcmumi y\u0131\u011f\u0131nca\u011f\u0131n\u0131n q\u0259rar\u0131 il\u0259 qurumun h\u0259qiqi \u00fczv\u00fc \u2013 akademiki se\u00e7ilib. O, eyni zamanda, t\u00fcrk d\u00fcnyas\u0131nda h\u00fcquq elmi v\u0259 t\u0259hsilin\u0259 g\u00f6st\u0259rdiyi xidm\u0259tl\u0259rin\u0259 g\u00f6r\u0259 \u201cQ\u0131z\u0131l Ulduz\u201d medal\u0131 il\u0259 t\u0259ltif edilib.<\/p><p><br><\/p><p>Qeyd ed\u0259k ki, prosessor \u0130saxan V\u0259liyev 170-d\u0259n art\u0131q elmi \u0259s\u0259rin, 4 monoqrafiyan\u0131n, 4 d\u0259rs v\u0259saitinin v\u0259 2 d\u0259rsliyin m\u00fc\u0259llifidir. Tan\u0131nm\u0131\u015f alim h\u00fcquq elminin inki\u015faf\u0131ndak\u0131 b\u00f6y\u00fck xidm\u0259tl\u0259rim\u0259 g\u00f6r\u0259 bir s\u0131ra m\u00fckafatlara, o c\u00fcml\u0259d\u0259n, Milli Elml\u0259r Akademiyas\u0131 Prezidentinin f\u0259xri f\u0259rmanlar\u0131na, Avropa n\u0259\u015fr m\u0259tbuat evinin q\u0131z\u0131l, Beyn\u0259lxalq Kriminalistl\u0259r v\u0259 Kriminoloqlar \u0130ttifaq\u0131n\u0131n g\u00fcm\u00fc\u015f, \u0130taliyan\u0131n Kafoskari Universitetinin xatir\u0259 medal\u0131na layiq g\u00f6r\u00fcl\u00fcb.<\/p><p><br><\/p><p>Beyn\u0259lxalq Kriminalistl\u0259r v\u0259 Kriminoloqlar C\u0259miyy\u0259tinin Bak\u0131 n\u00fcmay\u0259nd\u0259liyinin r\u0259hb\u0259ri, Fransadak\u0131 Sofiya Antipolis Universitetinin f\u0259xri doktoru olan tan\u0131nm\u0131\u015f alim t\u00fcrk d\u00fcnyas\u0131 \u00f6lk\u0259l\u0259rind\u0259 t\u0259\u015fkil edil\u0259n m\u00fcxt\u0259lif beyn\u0259lxalq elmi konfrans v\u0259 simpozumlarda i\u015ftirak edib. O, h\u0259m\u00e7inin haz\u0131rda q\u00fcvv\u0259d\u0259 olan \u201cT\u00fcrk C\u0259za Qanunu\u201dnun Az\u0259rbaycan dilin\u0259 t\u0259rc\u00fcm\u0259sinin elmi redaktorudur.<\/p><p><br><\/p><p>Professor \u0130saxan V\u0259liyevin \u201cD\u00f6vl\u0259t hakimiyy\u0259ti sistemind\u0259 prokurorlu\u011fun yeri: Rusiya Federasiyas\u0131, Az\u0259rbaycan Respublikas\u0131 v\u0259 Qazax\u0131stan qanunvericiliyinin m\u00fcqayis\u0259li t\u0259hlili \u0259sas\u0131nda&#8221; adl\u0131 elmi monoqrafiyas\u0131 Qazax\u0131stan Respublikas\u0131nda&nbsp; elmi \u0259d\u0259biyyat kimi istifad\u0259 olunur.<\/p><p><br><\/p><p>Alimin 2019-cu ild\u0259 n\u0259\u015fr edil\u0259n v\u0259 \u00dcmummilli Lider Heyd\u0259r \u018fliyevin 95 illik yubileyin\u0259 ithaf olunan \u201cSabitlik v\u0259 rifah namin\u0259 siyas\u0259t\u201d kitab\u0131nda bir s\u0131ra m\u00fch\u00fcm m\u0259s\u0259l\u0259l\u0259rl\u0259 yana\u015f\u0131, t\u00fcrk d\u00fcnyas\u0131 il\u0259 ba\u011fl\u0131 ictimai-siyasi prosesl\u0259r, T\u00fcrkdilli D\u00f6vl\u0259tl\u0259r T\u0259\u015fkilat\u0131n\u0131n g\u0259l\u0259c\u0259k inki\u015faf perspektivl\u0259ri geni\u015f i\u015f\u0131qland\u0131r\u0131l\u0131b. \u0130saxan V\u0259liyevin Ulu \u00d6nd\u0259r Heyd\u0259r \u018fliyevin 100 illik yubileyin\u0259 h\u0259sr edil\u0259n \u201cAil\u0259 h\u00fcququ\u201d d\u0259rsliyind\u0259 is\u0259 Az\u0259rbaycan Respublikas\u0131 v\u0259 T\u00fcrkiy\u0259 C\u00fcmhuriyy\u0259tinin qanunvericilikl\u0259rinin m\u00fcqayis\u0259li t\u0259hlilin\u0259 yer ayr\u0131l\u0131b.<\/p>\t\t\t\t\t<\/div>\n\t\t\t\t\t\t<\/div>\n\t\t\t\t<\/div>\n\t\t\t\t\t\t<\/div>\n\t\t\t\t\t<\/div>\n\t\t<\/div>\n\t\t\t\t\t\t\t\t<\/div>\n\t\t\t\t\t<\/div>\n\t\t<\/section>\n\t\t\t\t<section class=\"elementor-section elementor-top-section elementor-element elementor-element-69a5f6c elementor-section-boxed elementor-section-height-default elementor-section-height-default\" data-id=\"69a5f6c\" data-element_type=\"section\">\n\t\t\t\t\t\t<div class=\"elementor-container elementor-column-gap-default\">\n\t\t\t\t\t\t\t<div class=\"elementor-row\">\n\t\t\t\t\t<div class=\"elementor-column elementor-col-100 elementor-top-column elementor-element elementor-element-7ea1dcf\" data-id=\"7ea1dcf\" data-element_type=\"column\">\n\t\t\t<div class=\"elementor-column-wrap elementor-element-populated\">\n\t\t\t\t\t\t\t<div class=\"elementor-widget-wrap\">\n\t\t\t\t\t\t<div class=\"elementor-element elementor-element-aabf797 elementor-arrows-position-inside elementor-pagination-position-outside elementor-widget elementor-widget-image-carousel\" data-id=\"aabf797\" data-element_type=\"widget\" data-settings=\"{&quot;navigation&quot;:&quot;both&quot;,&quot;autoplay&quot;:&quot;yes&quot;,&quot;pause_on_hover&quot;:&quot;yes&quot;,&quot;pause_on_interaction&quot;:&quot;yes&quot;,&quot;autoplay_speed&quot;:5000,&quot;infinite&quot;:&quot;yes&quot;,&quot;speed&quot;:500}\" data-widget_type=\"image-carousel.default\">\n\t\t\t\t<div class=\"elementor-widget-container\">\n\t\t\t\t\t<div class=\"elementor-image-carousel-wrapper swiper-container\" dir=\"ltr\">\n\t\t\t<div class=\"elementor-image-carousel swiper-wrapper\">\n\t\t\t\t<div class=\"swiper-slide\"><a data-elementor-open-lightbox=\"yes\" data-elementor-lightbox-slideshow=\"aabf797\" data-elementor-lightbox-title=\"WhatsApp Image 2025-09-28 at 16.52.57\" href=\"https:\/\/legacy.dia.edu.az\/wp-content\/uploads\/2025\/09\/WhatsApp-Image-2025-09-28-at-16.52.57.jpeg\"><figure class=\"swiper-slide-inner\"><img class=\"swiper-slide-image\" src=\"https:\/\/legacy.dia.edu.az\/wp-content\/uploads\/2025\/09\/WhatsApp-Image-2025-09-28-at-16.52.57-150x150.jpeg\" alt=\"WhatsApp Image 2025-09-28 at 16.52.57\" \/><\/figure><\/a><\/div><div class=\"swiper-slide\"><a data-elementor-open-lightbox=\"yes\" data-elementor-lightbox-slideshow=\"aabf797\" data-elementor-lightbox-title=\"WhatsApp Image 2025-09-28 at 16.52.57 (1)\" href=\"https:\/\/legacy.dia.edu.az\/wp-content\/uploads\/2025\/09\/WhatsApp-Image-2025-09-28-at-16.52.57-1.jpeg\"><figure class=\"swiper-slide-inner\"><img class=\"swiper-slide-image\" src=\"https:\/\/legacy.dia.edu.az\/wp-content\/uploads\/2025\/09\/WhatsApp-Image-2025-09-28-at-16.52.57-1-150x150.jpeg\" alt=\"WhatsApp Image 2025-09-28 at 16.52.57 (1)\" \/><\/figure><\/a><\/div>\t\t\t<\/div>\n\t\t\t\t\t\t\t\t\t\t\t\t<div class=\"swiper-pagination\"><\/div>\n\t\t\t\t\t\t\t\t\t\t\t\t\t<div class=\"elementor-swiper-button elementor-swiper-button-prev\">\n\t\t\t\t\t\t<i class=\"eicon-chevron-left\" aria-hidden=\"true\"><\/i>\n\t\t\t\t\t\t<span class=\"elementor-screen-only\">\u041d\u0430\u0437\u0430\u0434<\/span>\n\t\t\t\t\t<\/div>\n\t\t\t\t\t<div class=\"elementor-swiper-button elementor-swiper-button-next\">\n\t\t\t\t\t\t<i class=\"eicon-chevron-right\" aria-hidden=\"true\"><\/i>\n\t\t\t\t\t\t<span class=\"elementor-screen-only\">\u0414\u0430\u043b\u0435\u0435<\/span>\n\t\t\t\t\t<\/div>\n\t\t\t\t\t\t\t\t\t<\/div>\n\t\t\t\t<\/div>\n\t\t\t\t<\/div>\n\t\t\t\t\t\t<\/div>\n\t\t\t\t\t<\/div>\n\t\t<\/div>\n\t\t\t\t\t\t\t\t<\/div>\n\t\t\t\t\t<\/div>\n\t\t<\/section>\n\t\t\t\t\t\t<\/div>\n\t\t\t\t\t\t<\/div>\n\t\t\t\t\t<\/div>","protected":false},"excerpt":{"rendered":"<p>Az\u0259rbaycan Respublikas\u0131 Prezidenti yan\u0131nda D\u00f6vl\u0259t \u0130dar\u0259\u00e7ilik Akademiyas\u0131n\u0131n H\u00fcquq kafedras\u0131n\u0131n m\u00fcdiri, h\u00fcquq elml\u0259ri doktoru professor \u0130saxan V\u0259liyev T\u00fcrk D\u00fcnyas\u0131 Beyn\u0259lxalq Elml\u0259r Akademiyas\u0131n\u0131n \u00dcmumi y\u0131\u011f\u0131nca\u011f\u0131n\u0131n q\u0259rar\u0131 il\u0259 qurumun h\u0259qiqi \u00fczv\u00fc \u2013 akademiki se\u00e7ilib. O, eyni zamanda, t\u00fcrk d\u00fcnyas\u0131nda h\u00fcquq elmi v\u0259 t\u0259hsilin\u0259 g\u00f6st\u0259rdiyi xidm\u0259tl\u0259rin\u0259 g\u00f6r\u0259 \u201cQ\u0131z\u0131l Ulduz\u201d medal\u0131 il\u0259 t\u0259ltif edilib. Qeyd ed\u0259k ki, prosessor \u0130saxan V\u0259liyev [&hellip;]<\/p>","protected":false},"author":2,"featured_media":27463,"comment_status":"closed","ping_status":"closed","sticky":false,"template":"","format":"standard","meta":[],"categories":[137],"tags":[],"_links":{"self":[{"href":"https:\/\/legacy.dia.edu.az\/ru\/wp-json\/wp\/v2\/posts\/27462"}],"collection":[{"href":"https:\/\/legacy.dia.edu.az\/ru\/wp-json\/wp\/v2\/posts"}],"about":[{"href":"https:\/\/legacy.dia.edu.az\/ru\/wp-json\/wp\/v2\/types\/post"}],"author":[{"embeddable":true,"href":"https:\/\/legacy.dia.edu.az\/ru\/wp-json\/wp\/v2\/users\/2"}],"replies":[{"embeddable":true,"href":"https:\/\/legacy.dia.edu.az\/ru\/wp-json\/wp\/v2\/comments?post=27462"}],"version-history":[{"count":4,"href":"https:\/\/legacy.dia.edu.az\/ru\/wp-json\/wp\/v2\/posts\/27462\/revisions"}],"predecessor-version":[{"id":27468,"href":"https:\/\/legacy.dia.edu.az\/ru\/wp-json\/wp\/v2\/posts\/27462\/revisions\/27468"}],"wp:featuredmedia":[{"embeddable":true,"href":"https:\/\/legacy.dia.edu.az\/ru\/wp-json\/wp\/v2\/media\/27463"}],"wp:attachment":[{"href":"https:\/\/legacy.dia.edu.az\/ru\/wp-json\/wp\/v2\/media?parent=27462"}],"wp:term":[{"taxonomy":"category","embeddable":true,"href":"https:\/\/legacy.dia.edu.az\/ru\/wp-json\/wp\/v2\/categories?post=27462"},{"taxonomy":"post_tag","embeddable":true,"href":"https:\/\/legacy.dia.edu.az\/ru\/wp-json\/wp\/v2\/tags?post=27462"}],"curies":[{"name":"wp","href":"https:\/\/api.w.org\/{rel}","templated":true}]}}