{"id":27419,"date":"2025-09-24T20:31:39","date_gmt":"2025-09-24T16:31:39","guid":{"rendered":"https:\/\/dia.edu.az\/?p=27419"},"modified":"2025-09-24T20:33:15","modified_gmt":"2025-09-24T16:33:15","slug":"dovl%c9%99t-idar%c9%99cilik-akademiyasinda-icra-hakimiyy%c9%99ti-orqanlarinin-sosial-iqtisadi-inkisafin-t%c9%99hlili-v%c9%99-proqnozlasdirilmasi-v%c9%99-ictimai-siyasi","status":"publish","type":"post","link":"https:\/\/legacy.dia.edu.az\/ru\/arxivl\u0259r\/27419","title":{"rendered":"D\u00f6vl\u0259t \u0130dar\u0259\u00e7ilik Akademiyas\u0131nda \u00a0icra hakimiyy\u0259ti orqanlar\u0131n\u0131n \u201cSosial-iqtisadi inki\u015faf\u0131n t\u0259hlili v\u0259 proqnozla\u015fd\u0131r\u0131lmas\u0131\u201d v\u0259 \u201c\u0130ctimai-siyasi v\u0259 humanitar m\u0259s\u0259l\u0259l\u0259r\u201d \u015f\u00f6b\u0259l\u0259rinin r\u0259hb\u0259rl\u0259ri \u00fc\u00e7\u00fcn t\u0259lim ba\u015f tutdu."},"content":{"rendered":"<div data-elementor-type=\"wp-post\" data-elementor-id=\"27419\" class=\"elementor elementor-27419\" data-elementor-settings=\"[]\">\n\t\t\t\t\t\t<div class=\"elementor-inner\">\n\t\t\t\t\t\t\t<div class=\"elementor-section-wrap\">\n\t\t\t\t\t\t\t<section class=\"elementor-section elementor-top-section elementor-element elementor-element-fa779c6 elementor-section-boxed elementor-section-height-default elementor-section-height-default\" data-id=\"fa779c6\" data-element_type=\"section\">\n\t\t\t\t\t\t<div class=\"elementor-container elementor-column-gap-default\">\n\t\t\t\t\t\t\t<div class=\"elementor-row\">\n\t\t\t\t\t<div class=\"elementor-column elementor-col-100 elementor-top-column elementor-element elementor-element-b285b12\" data-id=\"b285b12\" data-element_type=\"column\">\n\t\t\t<div class=\"elementor-column-wrap elementor-element-populated\">\n\t\t\t\t\t\t\t<div class=\"elementor-widget-wrap\">\n\t\t\t\t\t\t<div class=\"elementor-element elementor-element-094312c elementor-widget elementor-widget-text-editor\" data-id=\"094312c\" data-element_type=\"widget\" data-widget_type=\"text-editor.default\">\n\t\t\t\t<div class=\"elementor-widget-container\">\n\t\t\t\t\t\t\t\t<div class=\"elementor-text-editor elementor-clearfix\">\n\t\t\t\t\t<p style=\"text-align:justify\"><span style=\"font-family:&quot;Arial&quot;,sans-serif\">23\nsentyabr 2025-ci il tarixind\u0259 Az\u0259rbaycan Respublikas\u0131n\u0131n Prezidenti yan\u0131nda\nD\u00f6vl\u0259t \u0130dar\u0259\u00e7ilik Akademiyas\u0131nda icra hakimiyy\u0259ti orqanlar\u0131n\u0131n \u201cSosial-iqtisadi\ninki\u015faf\u0131n t\u0259hlili v\u0259 proqnozla\u015fd\u0131r\u0131lmas\u0131\u201d v\u0259 \u201c\u0130ctimai-siyasi v\u0259 humanitar\nm\u0259s\u0259l\u0259l\u0259r\u201d \u015f\u00f6b\u0259l\u0259rinin r\u0259hb\u0259rl\u0259ri \u00fc\u00e7\u00fcn n\u0259z\u0259rd\u0259 tutulmu\u015f t\u0259lim proqram\u0131n\u0131n\na\u00e7\u0131l\u0131\u015f\u0131&nbsp; ba\u015f tutmu\u015fdur.<o:p><\/o:p><\/span><\/p><p style=\"text-align:justify\"><span style=\"font-family:&quot;Arial&quot;,sans-serif\">T\u0259lim,\nAz\u0259rbaycan Respublikas\u0131n\u0131n Prezidenti c\u0259nab \u0130lham \u018fliyevin 11 dekabr 2014-c\u00fc il\ntarixli 387 n\u00f6mr\u0259li F\u0259rman\u0131 v\u0259 h\u0259min s\u0259n\u0259d\u0259 edilmi\u015f 15 may 2025-ci il tarixli\n394 n\u00f6mr\u0259li F\u0259rmanla t\u0259sdiq olunmu\u015f d\u0259yi\u015fiklikl\u0259r\u0259 \u0259sas\u0259n t\u0259\u015fkil olunmu\u015fdur.\nProqram \u201cD\u00f6vl\u0259t idar\u0259\u00e7iliyind\u0259 inki\u015faf g\u00f6st\u0259ricil\u0259ri v\u0259 onlar\u0131n \u00f6l\u00e7\u00fclm\u0259si\u201d\nm\u00f6vzusuna h\u0259sr edilmi\u015fdir.<o:p><\/o:p><\/span><\/p><p style=\"text-align:justify\"><span lang=\"AZ-LATIN\" style=\"font-family:&quot;Arial&quot;,sans-serif;mso-ansi-language:AZ-LATIN\">T\u0259limin ilk g\u00fcn\u00fcnd\u0259 Az\u0259rbaycan Respublikas\u0131n\u0131n\nPrezidenti yan\u0131nda D\u00f6vl\u0259t \u0130dar\u0259\u00e7ilik Akademiyas\u0131n\u0131n rektoru, akademik <strong><span style=\"font-weight: normal;\">Urxan \u018fl\u0259kb\u0259rov<\/span><\/strong>\n\u00e7\u0131x\u0131\u015f ed\u0259r\u0259k d\u00f6vl\u0259t idar\u0259\u00e7iliyind\u0259 n\u0259tic\u0259y\u00f6n\u00fcml\u00fc f\u0259aliyy\u0259tin t\u0259\u015fviq\nolunmas\u0131n\u0131n, strateji planla\u015fd\u0131rma v\u0259 idar\u0259etm\u0259 indikatorlar\u0131n\u0131n t\u0259tbiqinin\n\u0259h\u0259miyy\u0259tini vur\u011fulam\u0131\u015fd\u0131r. Akademik Urxan \u018fl\u0259kb\u0259rov h\u0259m\u00e7inin Prezident \u0130lham\n\u018fliyevin r\u0259hb\u0259rliyi il\u0259 h\u0259yata ke\u00e7iril\u0259n idar\u0259\u00e7ilik islahatlar\u0131, \u015f\u0259ffafl\u0131q v\u0259\ns\u0259m\u0259r\u0259liliy\u0259 \u0259saslanan yeni idar\u0259etm\u0259 modelinin mahiyy\u0259ti bar\u0259d\u0259 i\u015ftirak\u00e7\u0131lara\ngeni\u015f m\u0259lumat vermi\u015fdir.<o:p><\/o:p><\/span><\/p><p style=\"text-align:justify\"><span lang=\"AZ-LATIN\" style=\"font-family:&quot;Arial&quot;,sans-serif;mso-ansi-language:AZ-LATIN\">D\u00f6rd moduldan ibar\u0259t olan bu t\u0259lim proqram\u0131 <strong><span style=\"font-weight: normal;\">iqtisadi<\/span><\/strong>,\n<strong><span style=\"font-weight: normal;\">humanitar<\/span><\/strong>,\n<strong><span style=\"font-weight: normal;\">sosial<\/span><\/strong>\nv\u0259 <strong><span style=\"font-weight: normal;\">korporativ\nidar\u0259etm\u0259<\/span><\/strong> sah\u0259l\u0259rini \u0259hat\u0259 edir. T\u0259limin ke\u00e7irilm\u0259sind\u0259 \u0259sas\nm\u0259qs\u0259d yerli icra hakimiyy\u0259ti orqanlar\u0131nda r\u0259hb\u0259r v\u0259zif\u0259 tutan kadrlar\u0131n m\u00fcasir\nd\u00f6vl\u0259t idar\u0259\u00e7iliyi sah\u0259sind\u0259 bilik v\u0259 bacar\u0131qlar\u0131n\u0131n t\u0259kmill\u0259\u015fdirilm\u0259si, o\nc\u00fcml\u0259d\u0259n inki\u015faf g\u00f6st\u0259ricil\u0259rinin formala\u015fd\u0131r\u0131lmas\u0131 v\u0259 onlar\u0131n effektiv\n\u00f6l\u00e7\u00fclm\u0259si sah\u0259sind\u0259 praktiki v\u0259rdi\u015fl\u0259rin a\u015f\u0131lanmas\u0131d\u0131r.<o:p><\/o:p><\/span><\/p><p>\n\n\n\n\n\n\n\n<\/p><p class=\"MsoNormal\" style=\"text-align:justify\"><span lang=\"AZ-LATIN\" style=\"font-size:12.0pt;line-height:107%;font-family:&quot;Arial&quot;,sans-serif;mso-ansi-language:AZ-LATIN\">\u00dcmumilikd\u0259 h\u0259ft\u0259d\u0259 iki d\u0259f\u0259 olmaqla 48 saatl\u0131q t\u0259lim\nproqram\u0131n\u0131n 2025-ci il sentyabr\u0131n 23-d\u0259n dekabr\u0131n 11-d\u0259k hibrid formada \u2013 h\u0259m \u0259yani,\nh\u0259m d\u0259 onlayn rejimd\u0259 ke\u00e7irilm\u0259si n\u0259z\u0259rd\u0259 tutulmu\u015fdur.<o:p><\/o:p><\/span><\/p>\t\t\t\t\t<\/div>\n\t\t\t\t\t\t<\/div>\n\t\t\t\t<\/div>\n\t\t\t\t\t\t<\/div>\n\t\t\t\t\t<\/div>\n\t\t<\/div>\n\t\t\t\t\t\t\t\t<\/div>\n\t\t\t\t\t<\/div>\n\t\t<\/section>\n\t\t\t\t<section class=\"elementor-section elementor-top-section elementor-element elementor-element-84f1857 elementor-section-boxed elementor-section-height-default elementor-section-height-default\" data-id=\"84f1857\" data-element_type=\"section\">\n\t\t\t\t\t\t<div class=\"elementor-container elementor-column-gap-default\">\n\t\t\t\t\t\t\t<div class=\"elementor-row\">\n\t\t\t\t\t<div class=\"elementor-column elementor-col-100 elementor-top-column elementor-element elementor-element-ad94cfa\" data-id=\"ad94cfa\" data-element_type=\"column\">\n\t\t\t<div class=\"elementor-column-wrap elementor-element-populated\">\n\t\t\t\t\t\t\t<div class=\"elementor-widget-wrap\">\n\t\t\t\t\t\t<div class=\"elementor-element elementor-element-5acd1a1 elementor-arrows-position-inside elementor-pagination-position-outside elementor-widget elementor-widget-image-carousel\" data-id=\"5acd1a1\" data-element_type=\"widget\" data-settings=\"{&quot;navigation&quot;:&quot;both&quot;,&quot;autoplay&quot;:&quot;yes&quot;,&quot;pause_on_hover&quot;:&quot;yes&quot;,&quot;pause_on_interaction&quot;:&quot;yes&quot;,&quot;autoplay_speed&quot;:5000,&quot;infinite&quot;:&quot;yes&quot;,&quot;speed&quot;:500}\" data-widget_type=\"image-carousel.default\">\n\t\t\t\t<div class=\"elementor-widget-container\">\n\t\t\t\t\t<div class=\"elementor-image-carousel-wrapper swiper-container\" dir=\"ltr\">\n\t\t\t<div class=\"elementor-image-carousel swiper-wrapper\">\n\t\t\t\t<div class=\"swiper-slide\"><a data-elementor-open-lightbox=\"yes\" data-elementor-lightbox-slideshow=\"5acd1a1\" href=\"https:\/\/legacy.dia.edu.az\/wp-content\/uploads\/2025\/09\/1-1-scaled.jpg\"><figure class=\"swiper-slide-inner\"><img class=\"swiper-slide-image\" src=\"https:\/\/legacy.dia.edu.az\/wp-content\/uploads\/2025\/09\/1-1-150x150.jpg\" alt=\"\" \/><\/figure><\/a><\/div><div class=\"swiper-slide\"><a data-elementor-open-lightbox=\"yes\" data-elementor-lightbox-slideshow=\"5acd1a1\" href=\"https:\/\/legacy.dia.edu.az\/wp-content\/uploads\/2025\/09\/2-1-scaled.jpg\"><figure class=\"swiper-slide-inner\"><img class=\"swiper-slide-image\" src=\"https:\/\/legacy.dia.edu.az\/wp-content\/uploads\/2025\/09\/2-1-150x150.jpg\" alt=\"\" \/><\/figure><\/a><\/div><div class=\"swiper-slide\"><a data-elementor-open-lightbox=\"yes\" data-elementor-lightbox-slideshow=\"5acd1a1\" href=\"https:\/\/legacy.dia.edu.az\/wp-content\/uploads\/2025\/09\/3-1.jpg\"><figure class=\"swiper-slide-inner\"><img class=\"swiper-slide-image\" src=\"https:\/\/legacy.dia.edu.az\/wp-content\/uploads\/2025\/09\/3-1-150x150.jpg\" alt=\"\" \/><\/figure><\/a><\/div><div class=\"swiper-slide\"><a data-elementor-open-lightbox=\"yes\" data-elementor-lightbox-slideshow=\"5acd1a1\" href=\"https:\/\/legacy.dia.edu.az\/wp-content\/uploads\/2025\/09\/4-1.jpg\"><figure class=\"swiper-slide-inner\"><img class=\"swiper-slide-image\" src=\"https:\/\/legacy.dia.edu.az\/wp-content\/uploads\/2025\/09\/4-1-150x150.jpg\" alt=\"\" \/><\/figure><\/a><\/div><div class=\"swiper-slide\"><a data-elementor-open-lightbox=\"yes\" data-elementor-lightbox-slideshow=\"5acd1a1\" href=\"https:\/\/legacy.dia.edu.az\/wp-content\/uploads\/2025\/09\/5-1.jpg\"><figure class=\"swiper-slide-inner\"><img class=\"swiper-slide-image\" src=\"https:\/\/legacy.dia.edu.az\/wp-content\/uploads\/2025\/09\/5-1-150x150.jpg\" alt=\"\" \/><\/figure><\/a><\/div><div class=\"swiper-slide\"><a data-elementor-open-lightbox=\"yes\" data-elementor-lightbox-slideshow=\"5acd1a1\" href=\"https:\/\/legacy.dia.edu.az\/wp-content\/uploads\/2025\/09\/6-1.jpg\"><figure class=\"swiper-slide-inner\"><img class=\"swiper-slide-image\" src=\"https:\/\/legacy.dia.edu.az\/wp-content\/uploads\/2025\/09\/6-1-150x150.jpg\" alt=\"\" \/><\/figure><\/a><\/div><div class=\"swiper-slide\"><a data-elementor-open-lightbox=\"yes\" data-elementor-lightbox-slideshow=\"5acd1a1\" href=\"https:\/\/legacy.dia.edu.az\/wp-content\/uploads\/2025\/09\/7-1.jpg\"><figure class=\"swiper-slide-inner\"><img class=\"swiper-slide-image\" src=\"https:\/\/legacy.dia.edu.az\/wp-content\/uploads\/2025\/09\/7-1-150x150.jpg\" alt=\"\" \/><\/figure><\/a><\/div>\t\t\t<\/div>\n\t\t\t\t\t\t\t\t\t\t\t\t<div class=\"swiper-pagination\"><\/div>\n\t\t\t\t\t\t\t\t\t\t\t\t\t<div class=\"elementor-swiper-button elementor-swiper-button-prev\">\n\t\t\t\t\t\t<i class=\"eicon-chevron-left\" aria-hidden=\"true\"><\/i>\n\t\t\t\t\t\t<span class=\"elementor-screen-only\">\u041d\u0430\u0437\u0430\u0434<\/span>\n\t\t\t\t\t<\/div>\n\t\t\t\t\t<div class=\"elementor-swiper-button elementor-swiper-button-next\">\n\t\t\t\t\t\t<i class=\"eicon-chevron-right\" aria-hidden=\"true\"><\/i>\n\t\t\t\t\t\t<span class=\"elementor-screen-only\">\u0414\u0430\u043b\u0435\u0435<\/span>\n\t\t\t\t\t<\/div>\n\t\t\t\t\t\t\t\t\t<\/div>\n\t\t\t\t<\/div>\n\t\t\t\t<\/div>\n\t\t\t\t\t\t<\/div>\n\t\t\t\t\t<\/div>\n\t\t<\/div>\n\t\t\t\t\t\t\t\t<\/div>\n\t\t\t\t\t<\/div>\n\t\t<\/section>\n\t\t\t\t\t\t<\/div>\n\t\t\t\t\t\t<\/div>\n\t\t\t\t\t<\/div>","protected":false},"excerpt":{"rendered":"<p>23 sentyabr 2025-ci il tarixind\u0259 Az\u0259rbaycan Respublikas\u0131n\u0131n Prezidenti yan\u0131nda D\u00f6vl\u0259t \u0130dar\u0259\u00e7ilik Akademiyas\u0131nda icra hakimiyy\u0259ti orqanlar\u0131n\u0131n \u201cSosial-iqtisadi inki\u015faf\u0131n t\u0259hlili v\u0259 proqnozla\u015fd\u0131r\u0131lmas\u0131\u201d v\u0259 \u201c\u0130ctimai-siyasi v\u0259 humanitar m\u0259s\u0259l\u0259l\u0259r\u201d \u015f\u00f6b\u0259l\u0259rinin r\u0259hb\u0259rl\u0259ri \u00fc\u00e7\u00fcn n\u0259z\u0259rd\u0259 tutulmu\u015f t\u0259lim proqram\u0131n\u0131n a\u00e7\u0131l\u0131\u015f\u0131&nbsp; ba\u015f tutmu\u015fdur. T\u0259lim, Az\u0259rbaycan Respublikas\u0131n\u0131n Prezidenti c\u0259nab \u0130lham \u018fliyevin 11 dekabr 2014-c\u00fc il tarixli 387 n\u00f6mr\u0259li F\u0259rman\u0131 v\u0259 h\u0259min s\u0259n\u0259d\u0259 edilmi\u015f 15 [&hellip;]<\/p>","protected":false},"author":2,"featured_media":27420,"comment_status":"closed","ping_status":"closed","sticky":false,"template":"","format":"standard","meta":[],"categories":[137],"tags":[],"_links":{"self":[{"href":"https:\/\/legacy.dia.edu.az\/ru\/wp-json\/wp\/v2\/posts\/27419"}],"collection":[{"href":"https:\/\/legacy.dia.edu.az\/ru\/wp-json\/wp\/v2\/posts"}],"about":[{"href":"https:\/\/legacy.dia.edu.az\/ru\/wp-json\/wp\/v2\/types\/post"}],"author":[{"embeddable":true,"href":"https:\/\/legacy.dia.edu.az\/ru\/wp-json\/wp\/v2\/users\/2"}],"replies":[{"embeddable":true,"href":"https:\/\/legacy.dia.edu.az\/ru\/wp-json\/wp\/v2\/comments?post=27419"}],"version-history":[{"count":7,"href":"https:\/\/legacy.dia.edu.az\/ru\/wp-json\/wp\/v2\/posts\/27419\/revisions"}],"predecessor-version":[{"id":27433,"href":"https:\/\/legacy.dia.edu.az\/ru\/wp-json\/wp\/v2\/posts\/27419\/revisions\/27433"}],"wp:featuredmedia":[{"embeddable":true,"href":"https:\/\/legacy.dia.edu.az\/ru\/wp-json\/wp\/v2\/media\/27420"}],"wp:attachment":[{"href":"https:\/\/legacy.dia.edu.az\/ru\/wp-json\/wp\/v2\/media?parent=27419"}],"wp:term":[{"taxonomy":"category","embeddable":true,"href":"https:\/\/legacy.dia.edu.az\/ru\/wp-json\/wp\/v2\/categories?post=27419"},{"taxonomy":"post_tag","embeddable":true,"href":"https:\/\/legacy.dia.edu.az\/ru\/wp-json\/wp\/v2\/tags?post=27419"}],"curies":[{"name":"wp","href":"https:\/\/api.w.org\/{rel}","templated":true}]}}