{"id":26751,"date":"2025-06-23T10:36:15","date_gmt":"2025-06-23T06:36:15","guid":{"rendered":"https:\/\/dia.edu.az\/?p=26751"},"modified":"2025-09-09T16:23:24","modified_gmt":"2025-09-09T12:23:24","slug":"dovl%c9%99t-idar%c9%99cilik-akademiyasinda-dovl%c9%99t-qulluqcularinin-pes%c9%99-bayrami-gunu-qeyd-olunub","status":"publish","type":"post","link":"https:\/\/legacy.dia.edu.az\/ru\/arxivl\u0259r\/26751","title":{"rendered":"D\u00f6vl\u0259t \u0130dar\u0259\u00e7ilik Akademiyas\u0131nda D\u00f6vl\u0259t Qulluq\u00e7ular\u0131n\u0131n Pe\u015f\u0259 Bayram\u0131 g\u00fcn\u00fc qeyd olunub"},"content":{"rendered":"<div data-elementor-type=\"wp-post\" data-elementor-id=\"26751\" class=\"elementor elementor-26751\" data-elementor-settings=\"[]\">\n\t\t\t\t\t\t<div class=\"elementor-inner\">\n\t\t\t\t\t\t\t<div class=\"elementor-section-wrap\">\n\t\t\t\t\t\t\t<section class=\"elementor-section elementor-top-section elementor-element elementor-element-a442cc2 elementor-section-boxed elementor-section-height-default elementor-section-height-default\" data-id=\"a442cc2\" data-element_type=\"section\">\n\t\t\t\t\t\t<div class=\"elementor-container elementor-column-gap-default\">\n\t\t\t\t\t\t\t<div class=\"elementor-row\">\n\t\t\t\t\t<div class=\"elementor-column elementor-col-100 elementor-top-column elementor-element elementor-element-1354f46\" data-id=\"1354f46\" data-element_type=\"column\">\n\t\t\t<div class=\"elementor-column-wrap elementor-element-populated\">\n\t\t\t\t\t\t\t<div class=\"elementor-widget-wrap\">\n\t\t\t\t\t\t<div class=\"elementor-element elementor-element-ffca2ad elementor-widget elementor-widget-text-editor\" data-id=\"ffca2ad\" data-element_type=\"widget\" data-widget_type=\"text-editor.default\">\n\t\t\t\t<div class=\"elementor-widget-container\">\n\t\t\t\t\t\t\t\t<div class=\"elementor-text-editor elementor-clearfix\">\n\t\t\t\t\t<p>23 iyun \u2013 D\u00f6vl\u0259t qulluq\u00e7ular\u0131n\u0131n Pe\u015f\u0259 bayram\u0131 m\u00fcnasib\u0259til\u0259 Az\u0259rbaycan Respublikas\u0131n\u0131n Prezidenti yan\u0131nda D\u00f6vl\u0259t \u0130dar\u0259\u00e7ilik Akademiyas\u0131nda konfrans ke\u00e7irilib. T\u0259dbird\u0259 d\u00f6vl\u0259t qullu\u011funun inki\u015faf\u0131nda pe\u015f\u0259kar kadrlar\u0131n rolu, d\u00f6vl\u0259t qulluq\u00e7ular\u0131n\u0131n davaml\u0131 t\u0259lim v\u0259 ixtisasart\u0131rma prosesl\u0259rin\u0259 c\u0259lb olunmas\u0131n\u0131n \u0259h\u0259miyy\u0259ti x\u00fcsusi vur\u011fulan\u0131b. T\u0259dbir i\u015ftirak\u00e7\u0131lar\u0131 aras\u0131nda Az\u0259rbaycan Respublikas\u0131n\u0131n Prezidenti yan\u0131nda D\u00f6vl\u0259t \u0130dar\u0259\u00e7ilik Akademiyas\u0131n\u0131n professor-m\u00fc\u0259llim hey\u0259ti, m\u00fcxt\u0259lif d\u00f6vl\u0259t qurumlar\u0131n\u0131n n\u00fcmay\u0259nd\u0259l\u0259ri v\u0259 r\u0259hb\u0259r kadrlar\u0131n yenid\u0259n haz\u0131rlanmas\u0131 fak\u00fclt\u0259sinin magistrantlar\u0131 i\u015ftirak edibl\u0259r.<br>T\u0259dbirin a\u00e7\u0131l\u0131\u015f\u0131nda \u00e7\u0131x\u0131\u015f ed\u0259n Az\u0259rbaycan Respublikas\u0131n\u0131n Prezidenti yan\u0131nda D\u00f6vl\u0259t \u0130dar\u0259\u00e7ilik Akademiyas\u0131n\u0131n rektoru, akademik Urxan \u018fl\u0259kb\u0259rov d\u00f6vl\u0259t qulluq\u00e7ular\u0131n\u0131 23 iyun \u2013 D\u00f6vl\u0259t qulluq\u00e7ular\u0131n\u0131n Pe\u015f\u0259 bayram\u0131 m\u00fcnasib\u0259til\u0259 t\u0259brik edib. O, d\u00f6vl\u0259t qulluq\u00e7ular\u0131n\u0131n \u00f6lk\u0259nin idar\u0259 olunmas\u0131nda, ictimai xidm\u0259tl\u0259rin g\u00f6st\u0259rilm\u0259sind\u0259 v\u0259 v\u0259t\u0259nda\u015f m\u0259mnunlu\u011funun t\u0259min olunmas\u0131nda oynad\u0131qlar\u0131 m\u00fch\u00fcm rolu x\u00fcsusi qeyd edib. Akademik vur\u011fulay\u0131b ki, d\u00f6vl\u0259t qullu\u011funun inki\u015faf\u0131 v\u0259 bu sah\u0259d\u0259 \u00e7al\u0131\u015fan kadrlar\u0131n pe\u015f\u0259karl\u0131\u011f\u0131n\u0131n art\u0131r\u0131lmas\u0131 Prezident \u0130lham \u018fliyevin r\u0259hb\u0259rliyi il\u0259 h\u0259yata ke\u00e7iril\u0259n islahatlar\u0131n \u0259sas istiqam\u0259tl\u0259rind\u0259n biridir. O \u0259lav\u0259 edib ki, D\u00f6vl\u0259t \u0130dar\u0259\u00e7ilik Akademiyas\u0131 m\u00fcasir t\u0259lim proqramlar\u0131, innovativ metodlar v\u0259 strateji yana\u015fmalar \u0259sas\u0131nda d\u00f6vl\u0259t qulluq\u00e7ular\u0131n\u0131n bilik v\u0259 bacar\u0131qlar\u0131n\u0131n art\u0131r\u0131lmas\u0131 istiqam\u0259tind\u0259 s\u0259yl\u0259rini davam etdirir. Akademik \u00e7\u0131x\u0131\u015f\u0131n\u0131n sonunda pe\u015f\u0259kar v\u0259 v\u0259t\u0259np\u0259rv\u0259r d\u00f6vl\u0259t qulluq\u00e7usu olma\u011f\u0131n h\u0259m m\u0259suliyy\u0259t, h\u0259m d\u0259 \u015f\u0259r\u0259f oldu\u011funu qeyd edib.<br>Daha sonra Az\u0259rbaycan Respublikas\u0131 Prezidenti yan\u0131nda D\u00f6vl\u0259t \u0130dar\u0259\u00e7ilik Akademiyas\u0131n\u0131n \u201cD\u00f6vl\u0259t qullu\u011fu v\u0259 kadr siyas\u0259ti\u201d kafedras\u0131n\u0131n m\u00fcdiri, professor Hikm\u0259t M\u0259mm\u0259dov \u00e7\u0131x\u0131\u015f edib. O bildirib ki, d\u00f6vl\u0259t qulluq\u00e7ular\u0131n\u0131n bilik v\u0259 bacar\u0131qlar\u0131n\u0131n art\u0131r\u0131lmas\u0131, onlar\u0131n m\u00fcasir idar\u0259etm\u0259 prinsipl\u0259rin\u0259 uy\u011fun t\u0259liml\u0259r\u0259 c\u0259lb olunmas\u0131 d\u00f6vl\u0259t idar\u0259\u00e7iliyinin keyfiyy\u0259tinin y\u00fcks\u0259ldilm\u0259si bax\u0131m\u0131ndan b\u00f6y\u00fck \u0259h\u0259miyy\u0259t k\u0259sb edir. Professor qeyd edib ki, qlobal v\u0259 regional \u00e7a\u011f\u0131r\u0131\u015flar fonunda \u00e7evik v\u0259 pe\u015f\u0259kar d\u00f6vl\u0259t qulluq\u00e7usu korpusunun formala\u015fd\u0131r\u0131lmas\u0131 prioritet m\u0259s\u0259l\u0259l\u0259rd\u0259n biridir. O, h\u0259m\u00e7inin vur\u011fulay\u0131b ki, d\u00f6vl\u0259t qullu\u011fu sah\u0259sind\u0259 islahatlar\u0131n u\u011furla davam etdirilm\u0259si insan resurslar\u0131n\u0131n inki\u015faf\u0131 v\u0259 effektiv kadr siyas\u0259ti il\u0259 birba\u015fa ba\u011fl\u0131d\u0131r.<br>T\u0259dbird\u0259 \u201cR\u0259hb\u0259r D\u00f6vl\u0259t \u0130dar\u0259\u00e7iliyi Kadrlar\u0131n\u0131n \u0130xtisas\u0131n\u0131n Art\u0131r\u0131lmas\u0131 \u0130nstitutu\u201dnun direktoru, professor G\u00fclnar\u0259 Qurbanova da \u00e7\u0131x\u0131\u015f ed\u0259r\u0259k bildirib ki, institut d\u00f6vl\u0259t qulluq\u00e7ular\u0131n\u0131n Pe\u015f\u0259 bayram\u0131 \u0259r\u0259f\u0259sind\u0259 onlar\u0131n pe\u015f\u0259kar inki\u015faf\u0131n\u0131 d\u0259st\u0259kl\u0259m\u0259k m\u0259qs\u0259dil\u0259 geni\u015fmiqyasl\u0131 t\u0259lim v\u0259 ixtisasart\u0131rma proqramlar\u0131 h\u0259yata ke\u00e7irir. O qeyd edib ki, institut 2019\u20132025-ci ill\u0259r \u00fc\u00e7\u00fcn D\u00f6vl\u0259t Qullu\u011fu v\u0259 2020\u20132025-ci ill\u0259r \u00fc\u00e7\u00fcn M\u0259\u015f\u011fulluq Strategiyalar\u0131, el\u0259c\u0259 d\u0259 Nax\u00e7\u0131van\u0131n sosial-iqtisadi inki\u015faf proqram\u0131 \u00e7\u0259r\u00e7iv\u0259sind\u0259, minl\u0259rl\u0259 d\u00f6vl\u0259t qulluq\u00e7usunu \u0259hat\u0259 ed\u0259n \u0259n\u0259n\u0259vi, onlayn v\u0259 s\u0259yyar t\u0259liml\u0259r t\u0259\u015fkil etmi\u015fdir. Haz\u0131rda 54 m\u00f6vzunu \u0259hat\u0259 ed\u0259n bu proqramlara innovativ idar\u0259\u00e7ilik, etik davran\u0131\u015f, informasiya-kommunikasiya texnologiyalar\u0131 (\u0130KT), liderlik v\u0259 iqlim d\u0259yi\u015fiklikl\u0259ri kimi aktual sah\u0259l\u0259r daxildir. Professor G\u00fclnar\u0259 Qurbanova sonda bildirmi\u015fdir ki, t\u0259liml\u0259rd\u0259 Milli M\u0259clis deputatlar\u0131, nazirlik v\u0259 agentlik n\u00fcmay\u0259nd\u0259l\u0259ri d\u0259 f\u0259al i\u015ftirak edir v\u0259 bu, d\u00f6vl\u0259t qulluq\u00e7ular\u0131n\u0131n bilik v\u0259 bacar\u0131qlar\u0131n\u0131n art\u0131r\u0131lmas\u0131na \u00f6n\u0259mli t\u00f6hf\u0259 verir.<br>Sonra \u201cR\u0259hb\u0259r kadrlar\u0131n yenid\u0259n haz\u0131rlanmas\u0131\u201d fak\u00fclt\u0259sinin dekan\u0131 \u00dclk\u0259r \u015e\u0259fiyeva \u00e7\u0131x\u0131\u015f ed\u0259r\u0259k vur\u011fulay\u0131b ki, bu g\u00fcn Akademiyan\u0131n m\u0259zunlar\u0131 yaln\u0131z bir t\u0259hsil m\u0259rh\u0259l\u0259sini deyil, h\u0259m d\u0259 d\u00f6vl\u0259t idar\u0259\u00e7iliyind\u0259 m\u0259suliyy\u0259t v\u0259 etimadla dolu yeni bir m\u0259rh\u0259l\u0259y\u0259 q\u0259d\u0259m qoyurlar. O, fak\u00fclt\u0259nin \u0259sas m\u0259qs\u0259dinin t\u0259kc\u0259 n\u0259z\u0259ri bilikl\u0259rin \u00f6t\u00fcr\u00fclm\u0259si deyil, eyni zamanda strateji d\u00fc\u015f\u00fcnc\u0259, analitik yana\u015fma v\u0259 liderlik keyfiyy\u0259tl\u0259rinin formala\u015fd\u0131r\u0131lmas\u0131 oldu\u011funu qeyd edib. Dosent bildirib ki, t\u0259dris proqramlar\u0131 real d\u00f6vl\u0259t idar\u0259etm\u0259 t\u0259cr\u00fcb\u0259sin\u0259 \u0259saslan\u0131r, yerli v\u0259 beyn\u0259lxalq t\u0259cr\u00fcb\u0259l\u0259rin inteqrasiyas\u0131 il\u0259 z\u0259nginl\u0259\u015fdiril\u0259r\u0259k i\u015ftirak\u00e7\u0131lar\u0131n d\u0259yi\u015f\u0259n m\u00fchit\u0259 \u00e7evik uy\u011funla\u015fma bacar\u0131\u011f\u0131n\u0131 inki\u015faf etdirm\u0259y\u0259 y\u00f6n\u0259lib. \u00dclk\u0259r \u015e\u0259fiyeva \u0259lav\u0259 edib ki, m\u0259zunlar aras\u0131nda art\u0131q m\u0259rk\u0259zi v\u0259 yerli icra hakimiyy\u0259ti orqanlar\u0131nda u\u011furla f\u0259aliyy\u0259t g\u00f6st\u0259r\u0259n, r\u0259hb\u0259r v\u0259zif\u0259l\u0259r\u0259 y\u00fcks\u0259l\u0259n pe\u015f\u0259kar kadrlar m\u00f6vcuddur ki, bu da Akademiyada h\u0259yata ke\u00e7iril\u0259n keyfiyy\u0259tli t\u0259limin n\u0259tic\u0259sidir. O, d\u00f6vl\u0259t qullu\u011fu sah\u0259sind\u0259 y\u00fcks\u0259k ixtisasl\u0131 kadrlar\u0131n haz\u0131rlanmas\u0131n\u0131n \u00f6lk\u0259mizin dayan\u0131ql\u0131 v\u0259 \u015f\u0259ffaf idar\u0259\u00e7ilik modelinin m\u00f6hk\u0259ml\u0259ndirilm\u0259sind\u0259 \u0259h\u0259miyy\u0259tini vur\u011fulayaraq, m\u0259zunlar\u0131 t\u0259brik edib v\u0259 g\u0259l\u0259c\u0259k f\u0259aliyy\u0259tl\u0259rind\u0259 u\u011furlar arzulay\u0131b.<br>T\u0259dbirin sonunda Az\u0259rbaycan Respublikas\u0131 Prezidentinin Administrasiyas\u0131 H\u00fcquq m\u00fchafiz\u0259 orqanlar\u0131 il\u0259 i\u015f \u015f\u00f6b\u0259sinin ba\u015f m\u0259sl\u0259h\u0259t\u00e7isi v\u0259 Az\u0259rbaycan Respublikas\u0131n\u0131n Prezidenti yan\u0131nda D\u00f6vl\u0259t \u0130dar\u0259\u00e7ilik Akademiyas\u0131n\u0131n R\u0259hb\u0259r kadrlar\u0131n yenid\u0259n haz\u0131rlanmas\u0131 fak\u00fclt\u0259sinin magistrant\u0131 Adil H\u0259s\u0259nli \u201cD\u00f6vl\u0259t qullu\u011fu: \u015f\u0259ffafl\u0131q, m\u0259suliyy\u0259t v\u0259 g\u0259l\u0259c\u0259y\u0259 xidm\u0259t\u201d m\u00f6vzusunda \u00f6z ara\u015fd\u0131rmalar\u0131n\u0131 v\u0259 t\u0259\u0259ss\u00fcratlar\u0131n\u0131 i\u015ftirak\u00e7\u0131larla b\u00f6l\u00fc\u015fd\u00fc, h\u0259m\u00e7inin m\u00fcdafi\u0259sini u\u011furla tamamlayan qrup yolda\u015flar\u0131n\u0131 t\u0259brik etdi v\u0259 professor-m\u00fc\u0259llim hey\u0259ti ba\u015fda olmaqla b\u00fct\u00fcn akademik icmaya t\u0259\u015f\u0259kk\u00fcr\u00fcn\u00fc bildirdi. O, Akademiyada ald\u0131\u011f\u0131 t\u0259hsilin \u015f\u0259xsi v\u0259 pe\u015f\u0259kar inki\u015faf\u0131nda m\u00fch\u00fcm rol oynad\u0131\u011f\u0131n\u0131, qazand\u0131\u011f\u0131 bilik v\u0259 bacar\u0131qlar\u0131n onun \u00fc\u00e7\u00fcn n\u0259 q\u0259d\u0259r d\u0259y\u0259rli oldu\u011funu x\u00fcsusil\u0259 vur\u011fulad\u0131.Qeyd olunmal\u0131d\u0131r ki,  respublika \u00fczr\u0259 d\u00f6vl\u0259t qullu\u011funa q\u0259bul \u00fczr\u0259  D\u00f6vl\u0259t \u0130dar\u0259\u00e7ilik Akademiyas\u0131 m\u0259zunlar\u0131 ilk s\u0131ralarda yer al\u0131rlar v\u0259 bu t\u0259sad\u00fcfi deyil. \u0130dar\u0259\u00e7ilik Akademiyas\u0131nda t\u0259hsil alan t\u0259l\u0259b\u0259l\u0259r q\u0259bul olduqlar\u0131 ilk g\u00fcnd\u0259n ba\u015flayaraq d\u00f6vl\u0259t siyas\u0259ti, d\u00f6vl\u0259t qulluq\u00e7usu olma\u011f\u0131n \u0259h\u0259miyy\u0259ti, innovativ idar\u0259etm\u0259, d\u00f6vl\u0259t idar\u0259\u00e7iliyi kimi vacib m\u00f6vzular\u0131 m\u0259nims\u0259yirl\u0259r.<\/p>\t\t\t\t\t<\/div>\n\t\t\t\t\t\t<\/div>\n\t\t\t\t<\/div>\n\t\t\t\t\t\t<\/div>\n\t\t\t\t\t<\/div>\n\t\t<\/div>\n\t\t\t\t\t\t\t\t<\/div>\n\t\t\t\t\t<\/div>\n\t\t<\/section>\n\t\t\t\t<section class=\"elementor-section elementor-top-section elementor-element elementor-element-1b153f3 elementor-section-boxed elementor-section-height-default elementor-section-height-default\" data-id=\"1b153f3\" data-element_type=\"section\">\n\t\t\t\t\t\t<div class=\"elementor-container elementor-column-gap-default\">\n\t\t\t\t\t\t\t<div class=\"elementor-row\">\n\t\t\t\t\t<div class=\"elementor-column elementor-col-100 elementor-top-column elementor-element elementor-element-dbb4e68\" data-id=\"dbb4e68\" data-element_type=\"column\">\n\t\t\t<div class=\"elementor-column-wrap elementor-element-populated\">\n\t\t\t\t\t\t\t<div class=\"elementor-widget-wrap\">\n\t\t\t\t\t\t<div class=\"elementor-element elementor-element-e4e3337 elementor-arrows-position-inside elementor-pagination-position-outside elementor-widget elementor-widget-image-carousel\" data-id=\"e4e3337\" data-element_type=\"widget\" data-settings=\"{&quot;navigation&quot;:&quot;both&quot;,&quot;autoplay&quot;:&quot;yes&quot;,&quot;pause_on_hover&quot;:&quot;yes&quot;,&quot;pause_on_interaction&quot;:&quot;yes&quot;,&quot;autoplay_speed&quot;:5000,&quot;infinite&quot;:&quot;yes&quot;,&quot;speed&quot;:500}\" data-widget_type=\"image-carousel.default\">\n\t\t\t\t<div class=\"elementor-widget-container\">\n\t\t\t\t\t<div class=\"elementor-image-carousel-wrapper swiper-container\" dir=\"ltr\">\n\t\t\t<div class=\"elementor-image-carousel swiper-wrapper\">\n\t\t\t\t<div class=\"swiper-slide\"><a data-elementor-open-lightbox=\"yes\" data-elementor-lightbox-slideshow=\"e4e3337\" data-elementor-lightbox-title=\"WhatsApp Image 2025-06-23 at 09.53.03 (2)\" href=\"https:\/\/legacy.dia.edu.az\/wp-content\/uploads\/2025\/06\/WhatsApp-Image-2025-06-23-at-09.53.03-2.jpeg\"><figure class=\"swiper-slide-inner\"><img class=\"swiper-slide-image\" src=\"https:\/\/legacy.dia.edu.az\/wp-content\/uploads\/2025\/06\/WhatsApp-Image-2025-06-23-at-09.53.03-2-150x150.jpeg\" alt=\"WhatsApp Image 2025-06-23 at 09.53.03 (2)\" \/><\/figure><\/a><\/div><div class=\"swiper-slide\"><a data-elementor-open-lightbox=\"yes\" data-elementor-lightbox-slideshow=\"e4e3337\" href=\"https:\/\/legacy.dia.edu.az\/wp-content\/uploads\/2025\/06\/WhatsApp-Image-2025-06-23-at-09.53.03-1.jpeg\"><figure class=\"swiper-slide-inner\"><img class=\"swiper-slide-image\" src=\"https:\/\/legacy.dia.edu.az\/wp-content\/uploads\/2025\/06\/WhatsApp-Image-2025-06-23-at-09.53.03-1-150x150.jpeg\" alt=\"\" \/><\/figure><\/a><\/div><div class=\"swiper-slide\"><a data-elementor-open-lightbox=\"yes\" data-elementor-lightbox-slideshow=\"e4e3337\" href=\"https:\/\/legacy.dia.edu.az\/wp-content\/uploads\/2025\/06\/WhatsApp-Image-2025-06-23-at-09.53.03.jpeg\"><figure class=\"swiper-slide-inner\"><img class=\"swiper-slide-image\" src=\"https:\/\/legacy.dia.edu.az\/wp-content\/uploads\/2025\/06\/WhatsApp-Image-2025-06-23-at-09.53.03-150x150.jpeg\" alt=\"\" \/><\/figure><\/a><\/div><div class=\"swiper-slide\"><a data-elementor-open-lightbox=\"yes\" data-elementor-lightbox-slideshow=\"e4e3337\" href=\"https:\/\/legacy.dia.edu.az\/wp-content\/uploads\/2025\/06\/WhatsApp-Image-2025-06-23-at-09.53.02-2.jpeg\"><figure class=\"swiper-slide-inner\"><img class=\"swiper-slide-image\" src=\"https:\/\/legacy.dia.edu.az\/wp-content\/uploads\/2025\/06\/WhatsApp-Image-2025-06-23-at-09.53.02-2-150x150.jpeg\" alt=\"\" \/><\/figure><\/a><\/div><div class=\"swiper-slide\"><a data-elementor-open-lightbox=\"yes\" data-elementor-lightbox-slideshow=\"e4e3337\" href=\"https:\/\/legacy.dia.edu.az\/wp-content\/uploads\/2025\/06\/WhatsApp-Image-2025-06-23-at-09.53.02.jpeg\"><figure class=\"swiper-slide-inner\"><img class=\"swiper-slide-image\" src=\"https:\/\/legacy.dia.edu.az\/wp-content\/uploads\/2025\/06\/WhatsApp-Image-2025-06-23-at-09.53.02-150x150.jpeg\" alt=\"\" \/><\/figure><\/a><\/div>\t\t\t<\/div>\n\t\t\t\t\t\t\t\t\t\t\t\t<div class=\"swiper-pagination\"><\/div>\n\t\t\t\t\t\t\t\t\t\t\t\t\t<div class=\"elementor-swiper-button elementor-swiper-button-prev\">\n\t\t\t\t\t\t<i class=\"eicon-chevron-left\" aria-hidden=\"true\"><\/i>\n\t\t\t\t\t\t<span class=\"elementor-screen-only\">\u041d\u0430\u0437\u0430\u0434<\/span>\n\t\t\t\t\t<\/div>\n\t\t\t\t\t<div class=\"elementor-swiper-button elementor-swiper-button-next\">\n\t\t\t\t\t\t<i class=\"eicon-chevron-right\" aria-hidden=\"true\"><\/i>\n\t\t\t\t\t\t<span class=\"elementor-screen-only\">\u0414\u0430\u043b\u0435\u0435<\/span>\n\t\t\t\t\t<\/div>\n\t\t\t\t\t\t\t\t\t<\/div>\n\t\t\t\t<\/div>\n\t\t\t\t<\/div>\n\t\t\t\t\t\t<\/div>\n\t\t\t\t\t<\/div>\n\t\t<\/div>\n\t\t\t\t\t\t\t\t<\/div>\n\t\t\t\t\t<\/div>\n\t\t<\/section>\n\t\t\t\t\t\t<\/div>\n\t\t\t\t\t\t<\/div>\n\t\t\t\t\t<\/div>","protected":false},"excerpt":{"rendered":"<p>23 iyun \u2013 D\u00f6vl\u0259t qulluq\u00e7ular\u0131n\u0131n Pe\u015f\u0259 bayram\u0131 m\u00fcnasib\u0259til\u0259 Az\u0259rbaycan Respublikas\u0131n\u0131n Prezidenti yan\u0131nda D\u00f6vl\u0259t \u0130dar\u0259\u00e7ilik Akademiyas\u0131nda konfrans ke\u00e7irilib. T\u0259dbird\u0259 d\u00f6vl\u0259t qullu\u011funun inki\u015faf\u0131nda pe\u015f\u0259kar kadrlar\u0131n rolu, d\u00f6vl\u0259t qulluq\u00e7ular\u0131n\u0131n davaml\u0131 t\u0259lim v\u0259 ixtisasart\u0131rma prosesl\u0259rin\u0259 c\u0259lb olunmas\u0131n\u0131n \u0259h\u0259miyy\u0259ti x\u00fcsusi vur\u011fulan\u0131b. T\u0259dbir i\u015ftirak\u00e7\u0131lar\u0131 aras\u0131nda Az\u0259rbaycan Respublikas\u0131n\u0131n Prezidenti yan\u0131nda D\u00f6vl\u0259t \u0130dar\u0259\u00e7ilik Akademiyas\u0131n\u0131n professor-m\u00fc\u0259llim hey\u0259ti, m\u00fcxt\u0259lif d\u00f6vl\u0259t qurumlar\u0131n\u0131n n\u00fcmay\u0259nd\u0259l\u0259ri v\u0259 r\u0259hb\u0259r kadrlar\u0131n [&hellip;]<\/p>","protected":false},"author":2,"featured_media":26757,"comment_status":"closed","ping_status":"open","sticky":false,"template":"","format":"standard","meta":[],"categories":[137],"tags":[],"_links":{"self":[{"href":"https:\/\/legacy.dia.edu.az\/ru\/wp-json\/wp\/v2\/posts\/26751"}],"collection":[{"href":"https:\/\/legacy.dia.edu.az\/ru\/wp-json\/wp\/v2\/posts"}],"about":[{"href":"https:\/\/legacy.dia.edu.az\/ru\/wp-json\/wp\/v2\/types\/post"}],"author":[{"embeddable":true,"href":"https:\/\/legacy.dia.edu.az\/ru\/wp-json\/wp\/v2\/users\/2"}],"replies":[{"embeddable":true,"href":"https:\/\/legacy.dia.edu.az\/ru\/wp-json\/wp\/v2\/comments?post=26751"}],"version-history":[{"count":24,"href":"https:\/\/legacy.dia.edu.az\/ru\/wp-json\/wp\/v2\/posts\/26751\/revisions"}],"predecessor-version":[{"id":26799,"href":"https:\/\/legacy.dia.edu.az\/ru\/wp-json\/wp\/v2\/posts\/26751\/revisions\/26799"}],"wp:featuredmedia":[{"embeddable":true,"href":"https:\/\/legacy.dia.edu.az\/ru\/wp-json\/wp\/v2\/media\/26757"}],"wp:attachment":[{"href":"https:\/\/legacy.dia.edu.az\/ru\/wp-json\/wp\/v2\/media?parent=26751"}],"wp:term":[{"taxonomy":"category","embeddable":true,"href":"https:\/\/legacy.dia.edu.az\/ru\/wp-json\/wp\/v2\/categories?post=26751"},{"taxonomy":"post_tag","embeddable":true,"href":"https:\/\/legacy.dia.edu.az\/ru\/wp-json\/wp\/v2\/tags?post=26751"}],"curies":[{"name":"wp","href":"https:\/\/api.w.org\/{rel}","templated":true}]}}