{"id":26567,"date":"2025-06-03T16:38:03","date_gmt":"2025-06-03T12:38:03","guid":{"rendered":"https:\/\/dia.edu.az\/?p=26567"},"modified":"2025-09-09T16:23:24","modified_gmt":"2025-09-09T12:23:24","slug":"c%c9%99kism%c9%99-huquq-musabiq%c9%99si-ugurla-yekunlasdi","status":"publish","type":"post","link":"https:\/\/legacy.dia.edu.az\/ru\/arxivl\u0259r\/26567","title":{"rendered":"\u201c\u00c7\u0259ki\u015fm\u0259\u201d H\u00fcquq M\u00fcsabiq\u0259si U\u011furla Yekunla\u015fd\u0131"},"content":{"rendered":"<div data-elementor-type=\"wp-post\" data-elementor-id=\"26567\" class=\"elementor elementor-26567\" data-elementor-settings=\"[]\">\n\t\t\t\t\t\t<div class=\"elementor-inner\">\n\t\t\t\t\t\t\t<div class=\"elementor-section-wrap\">\n\t\t\t\t\t\t\t<section class=\"elementor-section elementor-top-section elementor-element elementor-element-d788c77 elementor-section-boxed elementor-section-height-default elementor-section-height-default\" data-id=\"d788c77\" data-element_type=\"section\">\n\t\t\t\t\t\t<div class=\"elementor-container elementor-column-gap-default\">\n\t\t\t\t\t\t\t<div class=\"elementor-row\">\n\t\t\t\t\t<div class=\"elementor-column elementor-col-100 elementor-top-column elementor-element elementor-element-dd46a07\" data-id=\"dd46a07\" data-element_type=\"column\">\n\t\t\t<div class=\"elementor-column-wrap elementor-element-populated\">\n\t\t\t\t\t\t\t<div class=\"elementor-widget-wrap\">\n\t\t\t\t\t\t<div class=\"elementor-element elementor-element-96e5a2f elementor-widget elementor-widget-text-editor\" data-id=\"96e5a2f\" data-element_type=\"widget\" data-widget_type=\"text-editor.default\">\n\t\t\t\t<div class=\"elementor-widget-container\">\n\t\t\t\t\t\t\t\t<div class=\"elementor-text-editor elementor-clearfix\">\n\t\t\t\t\t<p>\u201c\u00c7\u0259ki\u015fm\u0259\u201d h\u00fcquq m\u00fcsabiq\u0259si u\u011furla yekunla\u015fd\u0131<\/p>\t\t\t\t\t<\/div>\n\t\t\t\t\t\t<\/div>\n\t\t\t\t<\/div>\n\t\t\t\t\t\t<\/div>\n\t\t\t\t\t<\/div>\n\t\t<\/div>\n\t\t\t\t\t\t\t\t<\/div>\n\t\t\t\t\t<\/div>\n\t\t<\/section>\n\t\t\t\t<section class=\"elementor-section elementor-top-section elementor-element elementor-element-d0b9705 elementor-section-boxed elementor-section-height-default elementor-section-height-default\" data-id=\"d0b9705\" data-element_type=\"section\">\n\t\t\t\t\t\t<div class=\"elementor-container elementor-column-gap-default\">\n\t\t\t\t\t\t\t<div class=\"elementor-row\">\n\t\t\t\t\t<div class=\"elementor-column elementor-col-100 elementor-top-column elementor-element elementor-element-c32e270\" data-id=\"c32e270\" data-element_type=\"column\">\n\t\t\t<div class=\"elementor-column-wrap elementor-element-populated\">\n\t\t\t\t\t\t\t<div class=\"elementor-widget-wrap\">\n\t\t\t\t\t\t<div class=\"elementor-element elementor-element-c16e8f2 elementor-widget elementor-widget-text-editor\" data-id=\"c16e8f2\" data-element_type=\"widget\" data-widget_type=\"text-editor.default\">\n\t\t\t\t<div class=\"elementor-widget-container\">\n\t\t\t\t\t\t\t\t<div class=\"elementor-text-editor elementor-clearfix\">\n\t\t\t\t\t<p>Konstitusiya v\u0259 Suverenlik \u0130lin\u0259 h\u0259sr olunmu\u015f \u201c\u00c7\u0259ki\u015fm\u0259\u201d h\u00fcquq m\u00fcsabiq\u0259si Bak\u0131 D\u00f6vl\u0259t Universitetinin (BDU) \u201cBDU k\u00f6n\u00fcll\u00fcl\u0259ri\u201d t\u0259\u015fkilat\u0131, H\u00fcquq fak\u00fclt\u0259si, M\u00fclki proses v\u0259 kommersiya h\u00fcququ kafedras\u0131 v\u0259 \u201cDe Novo\u201d H\u00fcquq klubu t\u0259r\u0259find\u0259n birg\u0259 t\u0259\u015fkil edil\u0259r\u0259k b\u00f6y\u00fck u\u011furla ba\u015fa \u00e7at\u0131b. \u0130ki aydan art\u0131q davam ed\u0259n bu m\u00fcsabiq\u0259 Az\u0259rbaycan\u0131n m\u00fcxt\u0259lif ali t\u0259hsil m\u00fc\u0259ssis\u0259l\u0259rinin t\u0259l\u0259b\u0259l\u0259ri aras\u0131nda h\u00fcquq sah\u0259sind\u0259 bilik v\u0259 bacar\u0131qlar\u0131n s\u0131naqdan ke\u00e7irilm\u0259si \u00fc\u00e7\u00fcn m\u00fch\u00fcm platforma olmu\u015fdur.<\/p><p>M\u00fcsabiq\u0259nin \u0259sas m\u0259qs\u0259di t\u0259l\u0259b\u0259l\u0259rin h\u00fcquqi ara\u015fd\u0131rma, analitik d\u00fc\u015f\u00fcnm\u0259, arqumentl\u0259\u015fdirm\u0259 v\u0259 ictimai nitq bacar\u0131qlar\u0131n\u0131 inki\u015faf etdirm\u0259k, eyni zamanda onlar\u0131n h\u00fcquq sah\u0259sind\u0259 pe\u015f\u0259kar potensial\u0131n\u0131 \u00fcz\u0259 \u00e7\u0131xarmaqd\u0131r. Karl Popper debat format\u0131nda ke\u00e7iril\u0259n m\u00fcsabiq\u0259d\u0259 m\u00fcxt\u0259lif universitetl\u0259rd\u0259n v\u0259 fak\u00fclt\u0259l\u0259rd\u0259n olan 45 komanda i\u015ftirak edib. H\u0259r bir komanda m\u00fcsabiq\u0259nin m\u00fcxt\u0259lif m\u0259rh\u0259l\u0259l\u0259rind\u0259 \u00f6z bilik v\u0259 bacar\u0131qlar\u0131n\u0131 n\u00fcmayi\u015f etdir\u0259r\u0259k, t\u0259sdiq v\u0259 inkar rollar\u0131nda \u00e7\u0131x\u0131\u015f edibl\u0259r. M\u00fcsabiq\u0259nin m\u0259rh\u0259l\u0259l\u0259ri m\u00fcxt\u0259lif h\u00fcquqi m\u00f6vzular \u0259traf\u0131nda t\u0259\u015fkil olunub: 1\/16 m\u0259rh\u0259l\u0259sind\u0259 i\u015ftirak\u00e7\u0131lar \u201cS\u00f6z azadl\u0131\u011f\u0131 h\u00fcququ m\u0259hdudla\u015fd\u0131r\u0131la bil\u0259r\u201d m\u00f6vzusu il\u0259 ba\u011fl\u0131 h\u00fcquqi v\u0259 etik m\u0259s\u0259l\u0259l\u0259ri m\u00fczakir\u0259 ed\u0259r\u0259k arqumentl\u0259rini t\u0259qdim etmi\u015f, 1\/8 v\u0259 yar\u0131mfinal m\u0259rh\u0259l\u0259l\u0259rind\u0259 \u201cQanunu yaln\u0131z Konstitusiya M\u0259hk\u0259m\u0259si \u015f\u0259rh etm\u0259lidir\u201d m\u00f6vzusu \u00fczr\u0259 qanunlar\u0131n t\u0259fsiri v\u0259 konstitusiya m\u0259hk\u0259m\u0259sinin rolu il\u0259 ba\u011fl\u0131 d\u0259rin h\u00fcquqi m\u00fczakir\u0259l\u0259r aparm\u0131\u015f, final m\u0259rh\u0259l\u0259sind\u0259 is\u0259 \u201cM\u00fclki prosesd\u0259 yaln\u0131z formal h\u0259qiq\u0259t m\u00fc\u0259yy\u0259n edilm\u0259lidir\u201d m\u00f6vzusu \u0259traf\u0131nda m\u00fclki prosesd\u0259 h\u0259qiq\u0259tin m\u00fc\u0259yy\u0259nl\u0259\u015fdirilm\u0259si il\u0259 ba\u011fl\u0131 m\u00fcr\u0259kk\u0259b h\u00fcquqi m\u00f6vqel\u0259ri m\u00fcdafi\u0259 etmi\u015fl\u0259r.<br>M\u00fcnsifl\u0259r hey\u0259tinin ciddi qiym\u0259tl\u0259ndirm\u0259si n\u0259tic\u0259sind\u0259 iki \u0259n g\u00fccl\u00fc komanda final m\u0259rh\u0259l\u0259sin\u0259 y\u00fcks\u0259lib: Az\u0259rbaycan Respublikas\u0131n\u0131n Prezidenti yan\u0131nda D\u00f6vl\u0259t \u0130dar\u0259\u00e7ilik Akademiyas\u0131n\u0131n 3-c\u00fc kurs h\u00fcquq t\u0259l\u0259b\u0259l\u0259rind\u0259n ibar\u0259t \u201cBona fide\u201d komandas\u0131 (Lal\u0259 P\u0259rviz v\u0259 Nurtac M\u0259mm\u0259dzad\u0259) v\u0259 BDU H\u00fcquq fak\u00fclt\u0259sinin 4-c\u00fc kurs t\u0259l\u0259b\u0259l\u0259rind\u0259n (SABAH qrupu) ibar\u0259t \u201c\u0130nsident\u201d komandas\u0131. Final m\u0259rh\u0259l\u0259si 23 may 2025-ci il tarixind\u0259 Yasamal Rayon M\u0259hk\u0259m\u0259sinin iclas zal\u0131nda ke\u00e7irilib. T\u0259dbird\u0259 Yasamal Rayon M\u0259hk\u0259m\u0259sinin hakimi Fazil \u018flizad\u0259 m\u00fcnsif qismind\u0259 i\u015ftirak ed\u0259r\u0259k komandalar\u0131n \u00e7\u0131x\u0131\u015flar\u0131n\u0131 qiym\u0259tl\u0259ndirib. G\u0259rgin v\u0259 intellektual m\u00fcbariz\u0259d\u0259n sonra \u201cBona fide\u201d komandas\u0131 1-ci yer\u0259, \u201c\u0130nsident\u201d komandas\u0131 is\u0259 2-ci yer\u0259 layiq g\u00f6r\u00fcl\u00fcb.<br>M\u00fcsabiq\u0259 M\u0259hk\u0259m\u0259-H\u00fcquq \u015euras\u0131n\u0131n, V\u0259kill\u0259r Kollegiyas\u0131n\u0131n v\u0259 Yasamal Rayon M\u0259hk\u0259m\u0259sinin d\u0259st\u0259yi il\u0259 ke\u00e7irilib. Bu d\u0259st\u0259k t\u0259dbirin y\u00fcks\u0259k s\u0259viyy\u0259d\u0259 t\u0259\u015fkil olunmas\u0131na v\u0259 h\u00fcquq t\u0259l\u0259b\u0259l\u0259ri \u00fc\u00e7\u00fcn real m\u0259hk\u0259m\u0259 m\u00fchitind\u0259 t\u0259cr\u00fcb\u0259 qazanma f\u00fcrs\u0259tinin yarad\u0131lmas\u0131na b\u00f6y\u00fck t\u00f6hf\u0259 verib. \u201c\u00c7\u0259ki\u015fm\u0259\u201d h\u00fcquq m\u00fcsabiq\u0259si t\u0259l\u0259b\u0259l\u0259r\u0259 n\u0259inki \u00f6z bilikl\u0259rini s\u0131naqdan ke\u00e7irm\u0259k, h\u0259m d\u0259 h\u00fcquq sah\u0259sind\u0259 pe\u015f\u0259kar \u015f\u0259b\u0259k\u0259 qurmaq v\u0259 g\u0259l\u0259c\u0259k karyera perspektivl\u0259rini geni\u015fl\u0259ndirm\u0259k imkan\u0131 yarad\u0131b.<br>M\u00fcsabiq\u0259nin yekun m\u0259rh\u0259l\u0259sind\u0259n sonra Az\u0259rbaycan Respublikas\u0131n\u0131n Prezidenti yan\u0131nda D\u00f6vl\u0259t \u0130dar\u0259\u00e7ilik Akademiyas\u0131n\u0131n rektoru, akademik Urxan \u018fl\u0259kb\u0259rov v\u0259 D\u0130A \u201cH\u00fcquq\u201d kafedras\u0131n\u0131n m\u00fcdiri, h\u00fcquq elml\u0259ri doktoru \u0130saxan V\u0259liyev Akademiyan\u0131n qalib komandas\u0131 \u201cBona fide\u201d  g\u00f6r\u00fc\u015f\u00fcb, komandan\u0131n \u00fczvl\u0259rini t\u0259brik ed\u0259r\u0259k, onlar\u0131n y\u00fcks\u0259k pe\u015f\u0259karl\u0131q n\u00fcmayi\u015f etdirdikl\u0259rini v\u0259 h\u00fcquq sah\u0259sind\u0259 g\u0259l\u0259c\u0259k u\u011furlara haz\u0131r olduqlar\u0131n\u0131 vur\u011fulay\u0131blar.<br>T\u0259dbirin t\u0259\u015fkilat\u00e7\u0131lar\u0131 g\u0259l\u0259c\u0259kd\u0259 d\u0259 bu c\u00fcr layih\u0259l\u0259rin ke\u00e7irilm\u0259sini planla\u015fd\u0131r\u0131r, bu is\u0259 Az\u0259rbaycan\u0131n h\u00fcquq t\u0259hsili sistemind\u0259 g\u0259ncl\u0259rin pe\u015f\u0259kar inki\u015faf\u0131na d\u0259st\u0259yin davaml\u0131 olaca\u011f\u0131n\u0131 g\u00f6st\u0259rir.\n<\/p>\t\t\t\t\t<\/div>\n\t\t\t\t\t\t<\/div>\n\t\t\t\t<\/div>\n\t\t\t\t\t\t<\/div>\n\t\t\t\t\t<\/div>\n\t\t<\/div>\n\t\t\t\t\t\t\t\t<\/div>\n\t\t\t\t\t<\/div>\n\t\t<\/section>\n\t\t\t\t\t\t<\/div>\n\t\t\t\t\t\t<\/div>\n\t\t\t\t\t<\/div>","protected":false},"excerpt":{"rendered":"<p>Konstitusiya v\u0259 Suverenlik \u0130lin\u0259 h\u0259sr olunmu\u015f \u201c\u00c7\u0259ki\u015fm\u0259\u201d h\u00fcquq m\u00fcsabiq\u0259si Bak\u0131 D\u00f6vl\u0259t Universitetinin <\/p>","protected":false},"author":2,"featured_media":26568,"comment_status":"closed","ping_status":"closed","sticky":false,"template":"","format":"standard","meta":[],"categories":[137],"tags":[],"_links":{"self":[{"href":"https:\/\/legacy.dia.edu.az\/ru\/wp-json\/wp\/v2\/posts\/26567"}],"collection":[{"href":"https:\/\/legacy.dia.edu.az\/ru\/wp-json\/wp\/v2\/posts"}],"about":[{"href":"https:\/\/legacy.dia.edu.az\/ru\/wp-json\/wp\/v2\/types\/post"}],"author":[{"embeddable":true,"href":"https:\/\/legacy.dia.edu.az\/ru\/wp-json\/wp\/v2\/users\/2"}],"replies":[{"embeddable":true,"href":"https:\/\/legacy.dia.edu.az\/ru\/wp-json\/wp\/v2\/comments?post=26567"}],"version-history":[{"count":7,"href":"https:\/\/legacy.dia.edu.az\/ru\/wp-json\/wp\/v2\/posts\/26567\/revisions"}],"predecessor-version":[{"id":26575,"href":"https:\/\/legacy.dia.edu.az\/ru\/wp-json\/wp\/v2\/posts\/26567\/revisions\/26575"}],"wp:featuredmedia":[{"embeddable":true,"href":"https:\/\/legacy.dia.edu.az\/ru\/wp-json\/wp\/v2\/media\/26568"}],"wp:attachment":[{"href":"https:\/\/legacy.dia.edu.az\/ru\/wp-json\/wp\/v2\/media?parent=26567"}],"wp:term":[{"taxonomy":"category","embeddable":true,"href":"https:\/\/legacy.dia.edu.az\/ru\/wp-json\/wp\/v2\/categories?post=26567"},{"taxonomy":"post_tag","embeddable":true,"href":"https:\/\/legacy.dia.edu.az\/ru\/wp-json\/wp\/v2\/tags?post=26567"}],"curies":[{"name":"wp","href":"https:\/\/api.w.org\/{rel}","templated":true}]}}