{"id":26118,"date":"2025-05-12T14:05:52","date_gmt":"2025-05-12T10:05:52","guid":{"rendered":"https:\/\/dia.edu.az\/?p=26118"},"modified":"2025-05-12T14:07:51","modified_gmt":"2025-05-12T10:07:51","slug":"dovl%c9%99t-idar%c9%99cilik-akademiyasinin-t%c9%99l%c9%99b%c9%99l%c9%99ri-ulu-ond%c9%99r-heyd%c9%99r-%c9%99liyevin-anadan-olmasinin-102-ci-ildonumun%c9%99-h%c9%99sr-olunmus-t%c9%99dbirl%c9%99rd","status":"publish","type":"post","link":"https:\/\/legacy.dia.edu.az\/ru\/arxivl\u0259r\/26118","title":{"rendered":"D\u00f6vl\u0259t \u0130dar\u0259\u00e7ilik Akademiyas\u0131n\u0131n t\u0259l\u0259b\u0259l\u0259ri\u00a0 Ulu \u00d6nd\u0259r Heyd\u0259r \u018fliyevin anadan olmas\u0131n\u0131n 102-ci ild\u00f6n\u00fcm\u00fcn\u0259 h\u0259sr olunmu\u015f t\u0259dbirl\u0259rd\u0259 i\u015ftirak etmi\u015fl\u0259r"},"content":{"rendered":"<div data-elementor-type=\"wp-post\" data-elementor-id=\"26118\" class=\"elementor elementor-26118\" data-elementor-settings=\"[]\">\n\t\t\t\t\t\t<div class=\"elementor-inner\">\n\t\t\t\t\t\t\t<div class=\"elementor-section-wrap\">\n\t\t\t\t\t\t\t<section class=\"elementor-section elementor-top-section elementor-element elementor-element-cac6006 elementor-section-boxed elementor-section-height-default elementor-section-height-default\" data-id=\"cac6006\" data-element_type=\"section\">\n\t\t\t\t\t\t<div class=\"elementor-container elementor-column-gap-default\">\n\t\t\t\t\t\t\t<div class=\"elementor-row\">\n\t\t\t\t\t<div class=\"elementor-column elementor-col-100 elementor-top-column elementor-element elementor-element-2de25df\" data-id=\"2de25df\" data-element_type=\"column\">\n\t\t\t<div class=\"elementor-column-wrap elementor-element-populated\">\n\t\t\t\t\t\t\t<div class=\"elementor-widget-wrap\">\n\t\t\t\t\t\t<div class=\"elementor-element elementor-element-b35cb90 elementor-widget elementor-widget-text-editor\" data-id=\"b35cb90\" data-element_type=\"widget\" data-widget_type=\"text-editor.default\">\n\t\t\t\t<div class=\"elementor-widget-container\">\n\t\t\t\t\t\t\t\t<div class=\"elementor-text-editor elementor-clearfix\">\n\t\t\t\t\tD\u00f6vl\u0259t \u0130dar\u0259\u00e7ilik Akademiyas\u0131n\u0131n t\u0259l\u0259b\u0259l\u0259ri  Ulu \u00d6nd\u0259r Heyd\u0259r \u018fliyevin anadan olmas\u0131n\u0131n 102-ci ild\u00f6n\u00fcm\u00fcn\u0259 h\u0259sr olunmu\u015f t\u0259dbirl\u0259rd\u0259 i\u015ftirak etmi\u015fl\u0259r\t\t\t\t\t<\/div>\n\t\t\t\t\t\t<\/div>\n\t\t\t\t<\/div>\n\t\t\t\t\t\t<\/div>\n\t\t\t\t\t<\/div>\n\t\t<\/div>\n\t\t\t\t\t\t\t\t<\/div>\n\t\t\t\t\t<\/div>\n\t\t<\/section>\n\t\t\t\t<section class=\"elementor-section elementor-top-section elementor-element elementor-element-982424b elementor-section-boxed elementor-section-height-default elementor-section-height-default\" data-id=\"982424b\" data-element_type=\"section\">\n\t\t\t\t\t\t<div class=\"elementor-container elementor-column-gap-default\">\n\t\t\t\t\t\t\t<div class=\"elementor-row\">\n\t\t\t\t\t<div class=\"elementor-column elementor-col-100 elementor-top-column elementor-element elementor-element-01d3bfb\" data-id=\"01d3bfb\" data-element_type=\"column\">\n\t\t\t<div class=\"elementor-column-wrap elementor-element-populated\">\n\t\t\t\t\t\t\t<div class=\"elementor-widget-wrap\">\n\t\t\t\t\t\t<div class=\"elementor-element elementor-element-9c5265b elementor-widget elementor-widget-text-editor\" data-id=\"9c5265b\" data-element_type=\"widget\" data-widget_type=\"text-editor.default\">\n\t\t\t\t<div class=\"elementor-widget-container\">\n\t\t\t\t\t\t\t\t<div class=\"elementor-text-editor elementor-clearfix\">\n\t\t\t\t\t<p>03.05.2025-04.05.2025-ci il tarixind\u0259 132-134 n\u00f6mr\u0259li m\u0259kt\u0259bin voleybol zal\u0131nda Az\u0259rbaycan Respublikas\u0131n\u0131n Prezidenti yan\u0131nda D\u00f6vl\u0259t \u0130dar\u0259\u00e7ilik Akademiyas\u0131 T\u0259l\u0259b\u0259 G\u0259ncl\u0259r T\u0259\u015fkilat\u0131n\u0131n n\u0259zdind\u0259 f\u0259aliyy\u0259t g\u00f6st\u0259r\u0259n \u201c\u0130dman\u201d klubunun t\u0259\u015fkilat\u00e7\u0131l\u0131\u011f\u0131 il\u0259 Ulu \u00d6nd\u0259r Heyd\u0259r \u018fliyevin anadan olmas\u0131n\u0131n 102-ci ild\u00f6n\u00fcm\u00fcn\u0259 h\u0259sr olunmu\u015f \u201cQ\u0131z\u0131l Top\u201d turnirini ke\u00e7irilmi\u015fdir.<\/p>\n<p>1.    6 may 2025-ci il tarixind\u0259 Az\u0259rbaycan Respublikas\u0131n\u0131n Prezidenti yan\u0131nda D\u00f6vl\u0259t \u0130dar\u0259\u00e7ilik Akademiyas\u0131n\u0131n Siyasi \u0130dar\u0259etm\u0259 fak\u00fclt\u0259si T\u0259l\u0259b\u0259 G\u0259ncl\u0259r T\u0259\u015fkilat\u0131n\u0131n t\u0259\u015fkilat\u00e7\u0131l\u0131\u011f\u0131 il\u0259 \u00dcmummilli lider Heyd\u0259r \u018fliyevin anadan olmas\u0131n\u0131n 102-ci ild\u00f6n\u00fcm\u00fcn\u0259 h\u0259sr olunmu\u015f \u201cAz\u0259rbaycan\u0131n inki\u015faf yolunda Heyd\u0259r \u018fliyevin irsi v\u0259 liderlik rolu\u201d m\u00f6vzusunda t\u0259dbir ba\u015f tutmu\u015fdur. \u201cAz\u0259rbaycan\u0131n inki\u015faf yolunda Heyd\u0259r \u018fliyevin irsi v\u0259 liderlik rolu\u201d m\u00f6vzusunda Milli M\u0259clisin deputat\u0131, siyasi elml\u0259r \u00fczr\u0259 f\u0259ls\u0259f\u0259 doktoru Ayd\u0131n Mirz\u0259zad\u0259nin D\u0130A t\u0259l\u0259b\u0259l\u0259ri il\u0259 g\u00f6r\u00fc\u015f\u00fc ba\u015f tutmu\u015fdur. <\/p>\n<p>7 may 2025-ci il tarixind\u0259 Az\u0259rbaycan Respublikas\u0131n\u0131n Prezidenti yan\u0131nda D\u00f6vl\u0259t \u0130dar\u0259\u00e7ilik Akademiyas\u0131 T\u0259l\u0259b\u0259 G\u0259ncl\u0259r T\u0259\u015fkilat\u0131n\u0131n n\u0259zdind\u0259 f\u0259aliyy\u0259t g\u00f6st\u0259r\u0259n &#8220;Art&#8221; klubunun v\u0259 \u00dczeyir Hac\u0131b\u0259ylinin ev-muzeyinin birg\u0259 t\u0259\u015fkilat\u00e7\u0131l\u0131\u011f\u0131 il\u0259 \u00dcmummilli Lider Heyd\u0259r \u018fliyevin anadan olmas\u0131n\u0131n 102-ci ild\u00f6n\u00fcm\u00fcn\u0259 h\u0259sr olunmu\u015f Respublika miqyasl\u0131 &#8220;\u0130nc\u0259S\u0259n\u0259t&#8221; m\u00fcsabiq\u0259si ke\u00e7irilmi\u015fdir.<\/p>\n<p>08.05.2025-ci il tarixind\u0259 Az\u0259rbaycan Respublikas\u0131n\u0131n Prezidenti yan\u0131nda D\u00f6vl\u0259t \u0130dar\u0259\u00e7ilik Akademiyas\u0131 T\u0259l\u0259b\u0259 G\u0259ncl\u0259r T\u0259\u015fkilat\u0131n\u0131n n\u0259zdind\u0259 f\u0259aliyy\u0259t g\u00f6st\u0259r\u0259n \u201cKitab\u201d klubunun t\u0259\u015fkilat\u00e7\u0131l\u0131\u011f\u0131 il\u0259 Ulu \u00d6nd\u0259r Heyd\u0259r \u018fliyevin 102-ci ild\u00f6n\u00fcm\u00fcn\u0259 h\u0259sr olunmu\u015f \u201cHeyd\u0259r \u018fliyev v\u0259 kitabsev\u0259rlik miras\u0131\u201d adl\u0131 seminar ke\u00e7irilmi\u015fdir. T\u0259dbirin gedi\u015fi zaman\u0131 El\u015fad Mirb\u0259\u015firo\u011flu Ulu \u00d6nd\u0259rin m\u00fcasir Az\u0259rbaycan d\u00f6vl\u0259tinin quruculu\u011funda g\u00f6st\u0259rdiyi misilsiz xidm\u0259tl\u0259r, \u00f6lk\u0259nin t\u0259hsilin\u0259, m\u0259d\u0259ni h\u0259yat\u0131na verdiyi t\u00f6hf\u0259l\u0259rd\u0259n s\u00f6hb\u0259t a\u00e7m\u0131\u015f, m\u00fctali\u0259 il\u0259 m\u0259\u015f\u011ful olma\u011f\u0131n n\u0259 d\u0259r\u0259c\u0259 vacib oldu\u011funu t\u0259l\u0259b\u0259l\u0259rin diqq\u0259tin\u0259 \u00e7atd\u0131rm\u0131\u015fd\u0131r.<\/p>\n<p>26.04.2025-12.05.2025-ci il tarixl\u0259rind\u0259  Az\u0259rbaycan Respublikas\u0131n\u0131n Prezidenti yan\u0131nda D\u00f6vl\u0259t \u0130dar\u0259\u00e7ilik Akademiyas\u0131 T\u0259l\u0259b\u0259 G\u0259ncl\u0259r T\u0259\u015fkilat\u0131n\u0131n t\u0259\u015fkilat\u00e7\u0131l\u0131\u011f\u0131 il\u0259 Az\u0259rbaycan Memarl\u0131q v\u0259 \u0130n\u015faat Universitetind\u0259 Ulu \u00d6nd\u0259r Heyd\u0259r \u018fliyevin anadan olmas\u0131n\u0131n 102-ci ild\u00f6n\u00fcm\u00fcn\u0259 h\u0259sr olunmu\u015f &#8220;D\u0130A TGT il\u0259 Futbol \u00c7empionat\u0131&#8221; adl\u0131 turnirin a\u00e7\u0131l\u0131\u015f m\u0259rasimi ke\u00e7irilmi\u015fdir.<\/p>\n<p>08.05.2025 tarixind\u0259 Ba\u015f prokuror yan\u0131nda Korrupsiyaya qar\u015f\u0131 M\u00fcbariz\u0259 Ba\u015f \u0130dar\u0259sind\u0259 t\u0259\u015fkil edilmi\u015f Olimpiadan\u0131n \u0259sas m\u0259qs\u0259di h\u00fcquq\u015f\u00fcnasl\u0131q ixtisas\u0131 \u00fczr\u0259 t\u0259hsil alan t\u0259l\u0259b\u0259l\u0259rin n\u0259z\u0259ri bilikl\u0259rinin t\u0259kmill\u0259\u015fdirilm\u0259si, onlar\u0131n h\u00fcquqi t\u0259f\u0259kk\u00fcr\u00fcn\u00fcn inki\u015faf etdirilm\u0259si v\u0259 g\u0259ncl\u0259r aras\u0131nda sa\u011flam r\u0259qab\u0259t m\u00fchitinin t\u0259\u015fviq olunmas\u0131 olub.<br>\nOlimpiadada \u00f6lk\u0259nin 8 ali t\u0259hsil v\u0259 ixtisasla\u015fm\u0131\u015f m\u00fc\u0259ssis\u0259sinin \u2013 Bak\u0131 D\u00f6vl\u0259t Universiteti, ADA Universiteti, Nax\u00e7\u0131van D\u00f6vl\u0259t Universiteti, Qaraba\u011f Universiteti, Az\u0259rbaycan Respublikas\u0131n\u0131n Prezidenti yan\u0131nda D\u00f6vl\u0259t \u0130dar\u0259\u00e7ilik Akademiyas\u0131, Milli Aviasiya Akademiyas\u0131, Daxili \u0130\u015fl\u0259r Nazirliyinin Polis Akademiyas\u0131 v\u0259 D\u00f6vl\u0259t G\u00f6mr\u00fck Komit\u0259sinin Akademiyas\u0131n\u0131n komandalar\u0131 i\u015ftirak edibl\u0259r.<br>\nYar\u0131\u015f\u0131n yekununda komandalar\u0131n toplad\u0131\u011f\u0131 \u00fcmumi n\u0259tic\u0259l\u0259r \u0259sas\u0131nda Az\u0259rbaycan Respublikas\u0131n\u0131n Prezidenti yan\u0131nda D\u00f6vl\u0259t \u0130dar\u0259\u00e7ilik Akademiyas\u0131n\u0131n komandas\u0131 qalib olub, D\u00f6vl\u0259t G\u00f6mr\u00fck Komit\u0259sinin Akademiyas\u0131n\u0131n komandas\u0131 2-ci yeri, Daxili \u0130\u015fl\u0259r Nazirliyinin Polis Akademiyas\u0131n\u0131n komandas\u0131 is\u0259 3-c\u00fc yeri tutaraq, komanda \u00fczvl\u0259ri diplom v\u0259 qiym\u0259tli h\u0259diyy\u0259l\u0259rl\u0259 t\u0259ltif olunublar.<\/p>\n<p>May\u0131n 10 -da is\u0259 \u0130dar\u0259\u00e7ilik Akademiyas\u0131n\u0131n t\u0259l\u0259b\u0259l\u0259ri F\u0259xri Xiyabanda olmu\u015flar.\n<\/p>\t\t\t\t\t<\/div>\n\t\t\t\t\t\t<\/div>\n\t\t\t\t<\/div>\n\t\t\t\t\t\t<\/div>\n\t\t\t\t\t<\/div>\n\t\t<\/div>\n\t\t\t\t\t\t\t\t<\/div>\n\t\t\t\t\t<\/div>\n\t\t<\/section>\n\t\t\t\t\t\t<\/div>\n\t\t\t\t\t\t<\/div>\n\t\t\t\t\t<\/div>","protected":false},"excerpt":{"rendered":"<p>D\u00f6vl\u0259t \u0130dar\u0259\u00e7ilik Akademiyas\u0131n\u0131n t\u0259l\u0259b\u0259l\u0259ri Ulu \u00d6nd\u0259r Heyd\u0259r \u018fliyevin anadan olmas\u0131n\u0131n 102-ci ild\u00f6n\u00fcm\u00fcn\u0259 h\u0259sr olunmu\u015f t\u0259dbirl\u0259rd\u0259 i\u015ftirak etmi\u015fl\u0259r 03.05.2025-04.05.2025-ci il tarixind\u0259 132-134 n\u00f6mr\u0259li m\u0259kt\u0259bin voleybol zal\u0131nda Az\u0259rbaycan Respublikas\u0131n\u0131n Prezidenti yan\u0131nda D\u00f6vl\u0259t \u0130dar\u0259\u00e7ilik Akademiyas\u0131 T\u0259l\u0259b\u0259 G\u0259ncl\u0259r T\u0259\u015fkilat\u0131n\u0131n n\u0259zdind\u0259 f\u0259aliyy\u0259t g\u00f6st\u0259r\u0259n \u201c\u0130dman\u201d klubunun t\u0259\u015fkilat\u00e7\u0131l\u0131\u011f\u0131 il\u0259 Ulu \u00d6nd\u0259r Heyd\u0259r \u018fliyevin anadan olmas\u0131n\u0131n 102-ci ild\u00f6n\u00fcm\u00fcn\u0259 h\u0259sr olunmu\u015f \u201cQ\u0131z\u0131l Top\u201d turnirini [&hellip;]<\/p>","protected":false},"author":2,"featured_media":25325,"comment_status":"closed","ping_status":"closed","sticky":false,"template":"","format":"standard","meta":[],"categories":[137],"tags":[],"_links":{"self":[{"href":"https:\/\/legacy.dia.edu.az\/ru\/wp-json\/wp\/v2\/posts\/26118"}],"collection":[{"href":"https:\/\/legacy.dia.edu.az\/ru\/wp-json\/wp\/v2\/posts"}],"about":[{"href":"https:\/\/legacy.dia.edu.az\/ru\/wp-json\/wp\/v2\/types\/post"}],"author":[{"embeddable":true,"href":"https:\/\/legacy.dia.edu.az\/ru\/wp-json\/wp\/v2\/users\/2"}],"replies":[{"embeddable":true,"href":"https:\/\/legacy.dia.edu.az\/ru\/wp-json\/wp\/v2\/comments?post=26118"}],"version-history":[{"count":8,"href":"https:\/\/legacy.dia.edu.az\/ru\/wp-json\/wp\/v2\/posts\/26118\/revisions"}],"predecessor-version":[{"id":26126,"href":"https:\/\/legacy.dia.edu.az\/ru\/wp-json\/wp\/v2\/posts\/26118\/revisions\/26126"}],"wp:featuredmedia":[{"embeddable":true,"href":"https:\/\/legacy.dia.edu.az\/ru\/wp-json\/wp\/v2\/media\/25325"}],"wp:attachment":[{"href":"https:\/\/legacy.dia.edu.az\/ru\/wp-json\/wp\/v2\/media?parent=26118"}],"wp:term":[{"taxonomy":"category","embeddable":true,"href":"https:\/\/legacy.dia.edu.az\/ru\/wp-json\/wp\/v2\/categories?post=26118"},{"taxonomy":"post_tag","embeddable":true,"href":"https:\/\/legacy.dia.edu.az\/ru\/wp-json\/wp\/v2\/tags?post=26118"}],"curies":[{"name":"wp","href":"https:\/\/api.w.org\/{rel}","templated":true}]}}