{"id":26082,"date":"2025-05-07T12:44:00","date_gmt":"2025-05-07T08:44:00","guid":{"rendered":"https:\/\/dia.edu.az\/?p=26082"},"modified":"2025-05-10T12:51:17","modified_gmt":"2025-05-10T08:51:17","slug":"konstitusiya-v%c9%99-suverenlik-ili-c%c9%99rciv%c9%99sind%c9%99-huquq-olimpiadasi-kecirilib","status":"publish","type":"post","link":"https:\/\/legacy.dia.edu.az\/ru\/arxivl\u0259r\/26082","title":{"rendered":"&#8220;Konstitusiya v\u0259 Suverenlik \u0130li&#8221; \u00e7\u0259r\u00e7iv\u0259sind\u0259 H\u00fcquq Olimpiadas\u0131 ke\u00e7irilib"},"content":{"rendered":"<div data-elementor-type=\"wp-post\" data-elementor-id=\"26082\" class=\"elementor elementor-26082\" data-elementor-settings=\"[]\">\n\t\t\t\t\t\t<div class=\"elementor-inner\">\n\t\t\t\t\t\t\t<div class=\"elementor-section-wrap\">\n\t\t\t\t\t\t\t<section class=\"elementor-section elementor-top-section elementor-element elementor-element-6192672 elementor-section-boxed elementor-section-height-default elementor-section-height-default\" data-id=\"6192672\" data-element_type=\"section\">\n\t\t\t\t\t\t<div class=\"elementor-container elementor-column-gap-default\">\n\t\t\t\t\t\t\t<div class=\"elementor-row\">\n\t\t\t\t\t<div class=\"elementor-column elementor-col-100 elementor-top-column elementor-element elementor-element-029f2ef\" data-id=\"029f2ef\" data-element_type=\"column\">\n\t\t\t<div class=\"elementor-column-wrap elementor-element-populated\">\n\t\t\t\t\t\t\t<div class=\"elementor-widget-wrap\">\n\t\t\t\t\t\t<div class=\"elementor-element elementor-element-92aeb91 elementor-position-top elementor-vertical-align-top elementor-widget elementor-widget-image-box\" data-id=\"92aeb91\" data-element_type=\"widget\" data-widget_type=\"image-box.default\">\n\t\t\t\t<div class=\"elementor-widget-container\">\n\t\t\t<div class=\"elementor-image-box-wrapper\"><figure class=\"elementor-image-box-img\"><a href=\"https:\/\/dia.edu.az\/wp-content\/uploads\/2025\/05\/HA2-scaled.jpeg\"><img width=\"2560\" height=\"1920\" src=\"https:\/\/legacy.dia.edu.az\/wp-content\/uploads\/2025\/05\/HA2-scaled.jpeg\" class=\"attachment-full size-full\" alt=\"\" srcset=\"https:\/\/legacy.dia.edu.az\/wp-content\/uploads\/2025\/05\/HA2-scaled.jpeg 2560w, https:\/\/legacy.dia.edu.az\/wp-content\/uploads\/2025\/05\/HA2-200x150.jpeg 200w, https:\/\/legacy.dia.edu.az\/wp-content\/uploads\/2025\/05\/HA2-450x338.jpeg 450w, https:\/\/legacy.dia.edu.az\/wp-content\/uploads\/2025\/05\/HA2-1536x1152.jpeg 1536w, https:\/\/legacy.dia.edu.az\/wp-content\/uploads\/2025\/05\/HA2-2048x1536.jpeg 2048w, https:\/\/legacy.dia.edu.az\/wp-content\/uploads\/2025\/05\/HA2-16x12.jpeg 16w, https:\/\/legacy.dia.edu.az\/wp-content\/uploads\/2025\/05\/HA2-200x150@2x.jpeg 400w, https:\/\/legacy.dia.edu.az\/wp-content\/uploads\/2025\/05\/HA2-450x338@2x.jpeg 900w\" sizes=\"(max-width: 2560px) 100vw, 2560px\" \/><\/a><\/figure><div class=\"elementor-image-box-content\"><h3 class=\"elementor-image-box-title\"><a href=\"https:\/\/dia.edu.az\/wp-content\/uploads\/2025\/05\/HA2-scaled.jpeg\">\"Konstitusiya v\u0259 Suverenlik \u0130li\" \u00e7\u0259r\u00e7iv\u0259sind\u0259 H\u00fcquq Olimpiadas\u0131 ke\u00e7irilib<\/a><\/h3><p class=\"elementor-image-box-description\">6 may 2025-ci il tarixind\u0259 Az\u0259rbaycan Respublikas\u0131 Ba\u015f Prokurorunun yan\u0131nda Korrupsiyaya qar\u015f\u0131 M\u00fcbariz\u0259 Ba\u015f \u0130dar\u0259sinin inzibati binas\u0131nda Bak\u0131 D\u00f6vl\u0259t Universitetinin t\u0259\u015f\u0259bb\u00fcs\u00fc, H\u00fcquq fak\u00fclt\u0259sinin T\u0259l\u0259b\u0259 G\u0259ncl\u0259r T\u0259\u015fkilat\u0131n\u0131n t\u0259\u015fkilat\u00e7\u0131l\u0131\u011f\u0131 v\u0259 Az\u0259rbaycan Respublikas\u0131 Ba\u015f Prokurorlu\u011funun institusional d\u0259st\u0259yi il\u0259 Ulu \u00d6nd\u0259r Heyd\u0259r \u018fliyevin anadan olmas\u0131n\u0131n 102-ci ild\u00f6n\u00fcm\u00fcn\u0259 h\u0259sr olunmu\u015f Respublika s\u0259viyy\u0259li H\u00fcquq Olimpiadas\u0131 t\u0259\u015fkil edilmi\u015fdir. <br>\nOlimpiada \u201cKonstitusiya v\u0259 Suverenlik \u0130li\u201d \u00e7\u0259r\u00e7iv\u0259sind\u0259 h\u00fcquq t\u0259hsili alan t\u0259l\u0259b\u0259l\u0259rin n\u0259z\u0259ri bilikl\u0259rinin v\u0259 praktiki bacar\u0131qlar\u0131n\u0131n qiym\u0259tl\u0259ndirilm\u0259si, h\u00fcquqi t\u0259f\u0259kk\u00fcr v\u0259 analitik d\u00fc\u015f\u00fcnm\u0259 qabiliyy\u0259tl\u0259rinin inki\u015faf etdirilm\u0259si, habel\u0259 g\u0259l\u0259c\u0259k h\u00fcquq\u015f\u00fcnaslar aras\u0131nda sa\u011flam r\u0259qab\u0259t m\u00fchitinin t\u0259\u015fviq edilm\u0259si m\u0259qs\u0259dil\u0259 t\u0259\u015fkil olunmu\u015fdur.<br>\nT\u0259dbird\u0259 respublikan\u0131n apar\u0131c\u0131 ali t\u0259hsil m\u00fc\u0259ssis\u0259l\u0259rinin \u2013 Qaraba\u011f Universiteti, D\u00f6vl\u0259t G\u00f6mr\u00fck Komit\u0259sinin Akademiyas\u0131, Milli Aviasiya Akademiyas\u0131, Bak\u0131 D\u00f6vl\u0259t Universiteti, ADA Universiteti, Az\u0259rbaycan Respublikas\u0131 Daxili \u0130\u015fl\u0259r Nazirliyinin Polis Akademiyas\u0131, Az\u0259rbaycan Respublikas\u0131n\u0131n Prezidenti yan\u0131nda D\u00f6vl\u0259t \u0130dar\u0259\u00e7ilik Akademiyas\u0131 v\u0259 Nax\u00e7\u0131van D\u00f6vl\u0259t Universiteti \u2013 h\u00fcquq fak\u00fclt\u0259l\u0259rinin t\u0259l\u0259b\u0259l\u0259ri i\u015ftirak etmi\u015fdir.<br>\n\u0130ki m\u0259rh\u0259l\u0259d\u0259n ibar\u0259t olan Olimpiada zaman\u0131 i\u015ftirak\u00e7\u0131lar h\u00fcququn m\u00fcxt\u0259lif sah\u0259l\u0259rin\u0259 dair n\u0259z\u0259ri v\u0259 praktik suallar\u0131 cavabland\u0131raraq elmi bilikl\u0259rini v\u0259 h\u00fcquqi t\u0259hlil bacar\u0131qlar\u0131n\u0131 n\u00fcmayi\u015f etdirmi\u015fl\u0259r. Qiym\u0259tl\u0259ndirm\u0259 prosesi m\u00fcst\u0259qil ekspertl\u0259rd\u0259n v\u0259 tan\u0131nm\u0131\u015f h\u00fcquq aliml\u0259rind\u0259n ibar\u0259t m\u00fcnsifl\u0259r hey\u0259ti t\u0259r\u0259find\u0259n \u015f\u0259ffaf v\u0259 obyektiv \u015f\u0259kild\u0259 h\u0259yata ke\u00e7irilmi\u015fdir.<br>\nN\u0259tic\u0259l\u0259r\u0259 \u0259sas\u0259n, Az\u0259rbaycan Respublikas\u0131n\u0131n Prezidenti yan\u0131nda D\u00f6vl\u0259t \u0130dar\u0259\u00e7ilik Akademiyas\u0131n\u0131n komandas\u0131n\u0131n \u00fczvl\u0259ri N\u0259zrin Musa-zad\u0259, Selcan \u018fli-Pur, Yahya M\u00fcrs\u0259lov, \u018fli N\u0259biyev v\u0259 Nihal F\u0259rz\u0259liyev birinci yer\u0259 layiq g\u00f6r\u00fclm\u00fc\u015fd\u00fcr. T\u0259dbirin sonunda qalib komandalar diplom v\u0259 h\u0259diyy\u0259l\u0259rl\u0259 t\u0259ltif olunmu\u015f, i\u015ftirak\u00e7\u0131lara is\u0259 t\u0259\u015f\u0259kk\u00fcrnam\u0259l\u0259r t\u0259qdim edilmi\u015fdir. Az\u0259rbaycan Respublikas\u0131n\u0131n Prezidenti yan\u0131nda D\u00f6vl\u0259t \u0130dar\u0259\u00e7ilik Akademiyas\u0131n\u0131n komandas\u0131n\u0131n \u00fczvl\u0259ri h\u00f6rm\u0259tli rektor, akademik Urxan \u018fl\u0259kb\u0259rov t\u0259r\u0259find\u0259n q\u0259bul edilmi\u015f v\u0259 onlara qeyd edil\u0259n u\u011furlar\u0131na g\u00f6r\u0259 d\u0259rin t\u0259\u015f\u0259kk\u00fcrl\u0259rini bildirmi\u015fdir.<br>\nBu kimi t\u0259dbirl\u0259rin t\u0259\u015fkili h\u00fcquq sah\u0259sind\u0259 ixtisasla\u015fan g\u0259ncl\u0259rin intellektual potensial\u0131n\u0131n inki\u015faf etdirilm\u0259si, pe\u015f\u0259kar kompetensiyalar\u0131n\u0131n formala\u015fd\u0131r\u0131lmas\u0131 v\u0259 m\u00f6hk\u0259ml\u0259ndirilm\u0259si il\u0259 yana\u015f\u0131, c\u0259miyy\u0259td\u0259 h\u00fcquqi maarifl\u0259ndirm\u0259 v\u0259 h\u00fcquq m\u0259d\u0259niyy\u0259tinin t\u0259\u015fviqi bax\u0131m\u0131ndan da \u0259h\u0259miyy\u0259tli rol oynay\u0131r.\n<\/p><\/div><\/div>\t\t<\/div>\n\t\t\t\t<\/div>\n\t\t\t\t\t\t<\/div>\n\t\t\t\t\t<\/div>\n\t\t<\/div>\n\t\t\t\t\t\t\t\t<\/div>\n\t\t\t\t\t<\/div>\n\t\t<\/section>\n\t\t\t\t\t\t<\/div>\n\t\t\t\t\t\t<\/div>\n\t\t\t\t\t<\/div>","protected":false},"excerpt":{"rendered":"<p>6 may 2025-ci il tarixind\u0259 Az\u0259rbaycan Respublikas\u0131 Ba\u015f Prokurorunun yan\u0131nda Korrupsiyaya qar\u015f\u0131 M\u00fcbariz\u0259 Ba\u015f \u0130dar\u0259sinin inzibati binas\u0131nda Bak\u0131 D\u00f6vl\u0259t Universitetinin t\u0259\u015f\u0259bb\u00fcs\u00fc, H\u00fcquq fak\u00fclt\u0259sinin T\u0259l\u0259b\u0259 G\u0259ncl\u0259r T\u0259\u015fkilat\u0131n\u0131n t\u0259\u015fkilat\u00e7\u0131l\u0131\u011f\u0131 v\u0259 Az\u0259rbaycan Respublikas\u0131 Ba\u015f Prokurorlu\u011funun institusional d\u0259st\u0259yi il\u0259 Ulu \u00d6nd\u0259r Heyd\u0259r \u018fliyevin anadan olmas\u0131n\u0131n 102-ci ild\u00f6n\u00fcm\u00fcn\u0259 h\u0259sr olunmu\u015f Respublika s\u0259viyy\u0259li H\u00fcquq Olimpiadas\u0131 t\u0259\u015fkil edilmi\u015fdir.<br \/>\nOlimpiada \u201cKonstitusiya v\u0259 Suverenlik \u0130li\u201d \u00e7\u0259r\u00e7iv\u0259sind\u0259 h\u00fcquq t\u0259hsili alan t\u0259l\u0259b\u0259l\u0259rin n\u0259z\u0259ri bilikl\u0259rinin v\u0259 praktiki bacar\u0131qlar\u0131n\u0131n qiym\u0259tl\u0259ndirilm\u0259si, h\u00fcquqi t\u0259f\u0259kk\u00fcr v\u0259 analitik d\u00fc\u015f\u00fcnm\u0259 qabiliyy\u0259tl\u0259rinin inki\u015faf etdirilm\u0259si, habel\u0259 g\u0259l\u0259c\u0259k h\u00fcquq\u015f\u00fcnaslar aras\u0131nda sa\u011flam r\u0259qab\u0259t m\u00fchitinin t\u0259\u015fviq edilm\u0259si m\u0259qs\u0259dil\u0259 t\u0259\u015fkil olunmu\u015fdur.<br \/>\nT\u0259dbird\u0259 respublikan\u0131n apar\u0131c\u0131 ali t\u0259hsil m\u00fc\u0259ssis\u0259l\u0259rinin \u2013 Qaraba\u011f Universiteti, D\u00f6vl\u0259t G\u00f6mr\u00fck Komit\u0259sinin Akademiyas\u0131, Milli Aviasiya Akademiyas\u0131, Bak\u0131 D\u00f6vl\u0259t Universiteti, ADA Universiteti, Az\u0259rbaycan Respublikas\u0131 Daxili \u0130\u015fl\u0259r Nazirliyinin Polis Akademiyas\u0131, Az\u0259rbaycan Respublikas\u0131n\u0131n Prezidenti yan\u0131nda D\u00f6vl\u0259t \u0130dar\u0259\u00e7ilik Akademiyas\u0131 v\u0259 Nax\u00e7\u0131van D\u00f6vl\u0259t Universiteti \u2013 h\u00fcquq fak\u00fclt\u0259l\u0259rinin t\u0259l\u0259b\u0259l\u0259ri i\u015ftirak etmi\u015fdir.<br \/>\n\u0130ki m\u0259rh\u0259l\u0259d\u0259n ibar\u0259t olan Olimpiada zaman\u0131 i\u015ftirak\u00e7\u0131lar h\u00fcququn m\u00fcxt\u0259lif sah\u0259l\u0259rin\u0259 dair n\u0259z\u0259ri v\u0259 praktik suallar\u0131 cavabland\u0131raraq elmi bilikl\u0259rini v\u0259 h\u00fcquqi t\u0259hlil bacar\u0131qlar\u0131n\u0131 n\u00fcmayi\u015f etdirmi\u015fl\u0259r. Qiym\u0259tl\u0259ndirm\u0259 prosesi m\u00fcst\u0259qil ekspertl\u0259rd\u0259n v\u0259 tan\u0131nm\u0131\u015f h\u00fcquq aliml\u0259rind\u0259n ibar\u0259t m\u00fcnsifl\u0259r hey\u0259ti t\u0259r\u0259find\u0259n \u015f\u0259ffaf v\u0259 obyektiv \u015f\u0259kild\u0259 h\u0259yata ke\u00e7irilmi\u015fdir.<br \/>\nN\u0259tic\u0259l\u0259r\u0259 \u0259sas\u0259n, Az\u0259rbaycan Respublikas\u0131n\u0131n Prezidenti yan\u0131nda D\u00f6vl\u0259t \u0130dar\u0259\u00e7ilik Akademiyas\u0131n\u0131n komandas\u0131n\u0131n \u00fczvl\u0259ri N\u0259zrin Musa-zad\u0259, Selcan \u018fli-Pur, Yahya M\u00fcrs\u0259lov, \u018fli N\u0259biyev v\u0259 Nihal F\u0259rz\u0259liyev birinci yer\u0259 layiq g\u00f6r\u00fclm\u00fc\u015fd\u00fcr. T\u0259dbirin sonunda qalib komandalar diplom v\u0259 h\u0259diyy\u0259l\u0259rl\u0259 t\u0259ltif olunmu\u015f, i\u015ftirak\u00e7\u0131lara is\u0259 t\u0259\u015f\u0259kk\u00fcrnam\u0259l\u0259r t\u0259qdim edilmi\u015fdir. Az\u0259rbaycan Respublikas\u0131n\u0131n Prezidenti yan\u0131nda D\u00f6vl\u0259t \u0130dar\u0259\u00e7ilik Akademiyas\u0131n\u0131n komandas\u0131n\u0131n \u00fczvl\u0259ri h\u00f6rm\u0259tli rektor, akademik Urxan \u018fl\u0259kb\u0259rov t\u0259r\u0259find\u0259n q\u0259bul edilmi\u015f v\u0259 onlara qeyd edil\u0259n u\u011furlar\u0131na g\u00f6r\u0259 d\u0259rin t\u0259\u015f\u0259kk\u00fcrl\u0259rini bildirmi\u015fdir.<br \/>\nBu kimi t\u0259dbirl\u0259rin t\u0259\u015fkili h\u00fcquq sah\u0259sind\u0259 ixtisasla\u015fan g\u0259ncl\u0259rin intellektual potensial\u0131n\u0131n inki\u015faf etdirilm\u0259si, pe\u015f\u0259kar kompetensiyalar\u0131n\u0131n formala\u015fd\u0131r\u0131lmas\u0131 v\u0259 m\u00f6hk\u0259ml\u0259ndirilm\u0259si il\u0259 yana\u015f\u0131, c\u0259miyy\u0259td\u0259 h\u00fcquqi maarifl\u0259ndirm\u0259 v\u0259 h\u00fcquq m\u0259d\u0259niyy\u0259tinin t\u0259\u015fviqi bax\u0131m\u0131ndan da \u0259h\u0259miyy\u0259tli rol oynay\u0131r.<\/p>","protected":false},"author":2,"featured_media":26070,"comment_status":"closed","ping_status":"closed","sticky":false,"template":"","format":"standard","meta":[],"categories":[137],"tags":[],"_links":{"self":[{"href":"https:\/\/legacy.dia.edu.az\/ru\/wp-json\/wp\/v2\/posts\/26082"}],"collection":[{"href":"https:\/\/legacy.dia.edu.az\/ru\/wp-json\/wp\/v2\/posts"}],"about":[{"href":"https:\/\/legacy.dia.edu.az\/ru\/wp-json\/wp\/v2\/types\/post"}],"author":[{"embeddable":true,"href":"https:\/\/legacy.dia.edu.az\/ru\/wp-json\/wp\/v2\/users\/2"}],"replies":[{"embeddable":true,"href":"https:\/\/legacy.dia.edu.az\/ru\/wp-json\/wp\/v2\/comments?post=26082"}],"version-history":[{"count":15,"href":"https:\/\/legacy.dia.edu.az\/ru\/wp-json\/wp\/v2\/posts\/26082\/revisions"}],"predecessor-version":[{"id":26098,"href":"https:\/\/legacy.dia.edu.az\/ru\/wp-json\/wp\/v2\/posts\/26082\/revisions\/26098"}],"wp:featuredmedia":[{"embeddable":true,"href":"https:\/\/legacy.dia.edu.az\/ru\/wp-json\/wp\/v2\/media\/26070"}],"wp:attachment":[{"href":"https:\/\/legacy.dia.edu.az\/ru\/wp-json\/wp\/v2\/media?parent=26082"}],"wp:term":[{"taxonomy":"category","embeddable":true,"href":"https:\/\/legacy.dia.edu.az\/ru\/wp-json\/wp\/v2\/categories?post=26082"},{"taxonomy":"post_tag","embeddable":true,"href":"https:\/\/legacy.dia.edu.az\/ru\/wp-json\/wp\/v2\/tags?post=26082"}],"curies":[{"name":"wp","href":"https:\/\/api.w.org\/{rel}","templated":true}]}}