{"id":26064,"date":"2025-05-10T12:40:30","date_gmt":"2025-05-10T08:40:30","guid":{"rendered":"https:\/\/dia.edu.az\/?p=26064"},"modified":"2025-05-10T12:43:54","modified_gmt":"2025-05-10T08:43:54","slug":"az%c9%99rbaycanin-inkisaf-yolunda-heyd%c9%99r-%c9%99liyevin-irsi-v%c9%99-liderlik-rolu-movzusunda-milli-m%c9%99clisin-deputati-il%c9%99-dia-t%c9%99l%c9%99b%c9%99l%c9%99ri-arasinda-go","status":"publish","type":"post","link":"https:\/\/legacy.dia.edu.az\/ru\/arxivl\u0259r\/26064","title":{"rendered":"\u201cAz\u0259rbaycan\u0131n inki\u015faf yolunda Heyd\u0259r \u018fliyevin irsi v\u0259 liderlik rolu\u201d m\u00f6vzusunda Milli M\u0259clisin deputat\u0131 il\u0259 D\u0130A t\u0259l\u0259b\u0259l\u0259ri aras\u0131nda g\u00f6r\u00fc\u015f ba\u015f tutmu\u015fdur"},"content":{"rendered":"<div data-elementor-type=\"wp-post\" data-elementor-id=\"26064\" class=\"elementor elementor-26064\" data-elementor-settings=\"[]\">\n\t\t\t\t\t\t<div class=\"elementor-inner\">\n\t\t\t\t\t\t\t<div class=\"elementor-section-wrap\">\n\t\t\t\t\t\t\t<section class=\"elementor-section elementor-top-section elementor-element elementor-element-4f4ac57 elementor-section-boxed elementor-section-height-default elementor-section-height-default\" data-id=\"4f4ac57\" data-element_type=\"section\">\n\t\t\t\t\t\t<div class=\"elementor-container elementor-column-gap-default\">\n\t\t\t\t\t\t\t<div class=\"elementor-row\">\n\t\t\t\t\t<div class=\"elementor-column elementor-col-100 elementor-top-column elementor-element elementor-element-5c75fe3\" data-id=\"5c75fe3\" data-element_type=\"column\">\n\t\t\t<div class=\"elementor-column-wrap elementor-element-populated\">\n\t\t\t\t\t\t\t<div class=\"elementor-widget-wrap\">\n\t\t\t\t\t\t<div class=\"elementor-element elementor-element-a1e271e elementor-widget elementor-widget-text-editor\" data-id=\"a1e271e\" data-element_type=\"widget\" data-widget_type=\"text-editor.default\">\n\t\t\t\t<div class=\"elementor-widget-container\">\n\t\t\t\t\t\t\t\t<div class=\"elementor-text-editor elementor-clearfix\">\n\t\t\t\t\t\u201cAz\u0259rbaycan\u0131n inki\u015faf yolunda Heyd\u0259r \u018fliyevin irsi v\u0259 liderlik rolu\u201d m\u00f6vzusunda Milli M\u0259clisin deputat\u0131 il\u0259 D\u0130A t\u0259l\u0259b\u0259l\u0259ri aras\u0131nda g\u00f6r\u00fc\u015f ba\u015f tutmu\u015fdur\t\t\t\t\t<\/div>\n\t\t\t\t\t\t<\/div>\n\t\t\t\t<\/div>\n\t\t\t\t\t\t<\/div>\n\t\t\t\t\t<\/div>\n\t\t<\/div>\n\t\t\t\t\t\t\t\t<\/div>\n\t\t\t\t\t<\/div>\n\t\t<\/section>\n\t\t\t\t<section class=\"elementor-section elementor-top-section elementor-element elementor-element-ae07d44 elementor-section-boxed elementor-section-height-default elementor-section-height-default\" data-id=\"ae07d44\" data-element_type=\"section\">\n\t\t\t\t\t\t<div class=\"elementor-container elementor-column-gap-default\">\n\t\t\t\t\t\t\t<div class=\"elementor-row\">\n\t\t\t\t\t<div class=\"elementor-column elementor-col-100 elementor-top-column elementor-element elementor-element-702ce60\" data-id=\"702ce60\" data-element_type=\"column\">\n\t\t\t<div class=\"elementor-column-wrap elementor-element-populated\">\n\t\t\t\t\t\t\t<div class=\"elementor-widget-wrap\">\n\t\t\t\t\t\t<div class=\"elementor-element elementor-element-67e1619 elementor-arrows-position-inside elementor-pagination-position-outside elementor-widget elementor-widget-image-carousel\" data-id=\"67e1619\" data-element_type=\"widget\" data-settings=\"{&quot;navigation&quot;:&quot;both&quot;,&quot;autoplay&quot;:&quot;yes&quot;,&quot;pause_on_hover&quot;:&quot;yes&quot;,&quot;pause_on_interaction&quot;:&quot;yes&quot;,&quot;autoplay_speed&quot;:5000,&quot;infinite&quot;:&quot;yes&quot;,&quot;speed&quot;:500}\" data-widget_type=\"image-carousel.default\">\n\t\t\t\t<div class=\"elementor-widget-container\">\n\t\t\t\t\t<div class=\"elementor-image-carousel-wrapper swiper-container\" dir=\"ltr\">\n\t\t\t<div class=\"elementor-image-carousel swiper-wrapper\">\n\t\t\t\t<div class=\"swiper-slide\"><a data-elementor-open-lightbox=\"yes\" data-elementor-lightbox-slideshow=\"67e1619\" data-elementor-lightbox-title=\"hh1\" href=\"https:\/\/legacy.dia.edu.az\/wp-content\/uploads\/2025\/05\/hh1.jpg\"><figure class=\"swiper-slide-inner\"><img class=\"swiper-slide-image\" src=\"https:\/\/legacy.dia.edu.az\/wp-content\/uploads\/2025\/05\/hh1-150x150.jpg\" alt=\"hh1\" \/><\/figure><\/a><\/div><div class=\"swiper-slide\"><a data-elementor-open-lightbox=\"yes\" data-elementor-lightbox-slideshow=\"67e1619\" data-elementor-lightbox-title=\"hh3\" href=\"https:\/\/legacy.dia.edu.az\/wp-content\/uploads\/2025\/05\/hh3.jpg\"><figure class=\"swiper-slide-inner\"><img class=\"swiper-slide-image\" src=\"https:\/\/legacy.dia.edu.az\/wp-content\/uploads\/2025\/05\/hh3-150x150.jpg\" alt=\"hh3\" \/><\/figure><\/a><\/div><div class=\"swiper-slide\"><a data-elementor-open-lightbox=\"yes\" data-elementor-lightbox-slideshow=\"67e1619\" data-elementor-lightbox-title=\"hh2\" href=\"https:\/\/legacy.dia.edu.az\/wp-content\/uploads\/2025\/05\/hh2.jpg\"><figure class=\"swiper-slide-inner\"><img class=\"swiper-slide-image\" src=\"https:\/\/legacy.dia.edu.az\/wp-content\/uploads\/2025\/05\/hh2-150x150.jpg\" alt=\"hh2\" \/><\/figure><\/a><\/div><div class=\"swiper-slide\"><a data-elementor-open-lightbox=\"yes\" data-elementor-lightbox-slideshow=\"67e1619\" data-elementor-lightbox-title=\"hh4\" href=\"https:\/\/legacy.dia.edu.az\/wp-content\/uploads\/2025\/05\/hh4.jpg\"><figure class=\"swiper-slide-inner\"><img class=\"swiper-slide-image\" src=\"https:\/\/legacy.dia.edu.az\/wp-content\/uploads\/2025\/05\/hh4-150x150.jpg\" alt=\"hh4\" \/><\/figure><\/a><\/div>\t\t\t<\/div>\n\t\t\t\t\t\t\t\t\t\t\t\t<div class=\"swiper-pagination\"><\/div>\n\t\t\t\t\t\t\t\t\t\t\t\t\t<div class=\"elementor-swiper-button elementor-swiper-button-prev\">\n\t\t\t\t\t\t<i class=\"eicon-chevron-left\" aria-hidden=\"true\"><\/i>\n\t\t\t\t\t\t<span class=\"elementor-screen-only\">\u041d\u0430\u0437\u0430\u0434<\/span>\n\t\t\t\t\t<\/div>\n\t\t\t\t\t<div class=\"elementor-swiper-button elementor-swiper-button-next\">\n\t\t\t\t\t\t<i class=\"eicon-chevron-right\" aria-hidden=\"true\"><\/i>\n\t\t\t\t\t\t<span class=\"elementor-screen-only\">\u0414\u0430\u043b\u0435\u0435<\/span>\n\t\t\t\t\t<\/div>\n\t\t\t\t\t\t\t\t\t<\/div>\n\t\t\t\t<\/div>\n\t\t\t\t<\/div>\n\t\t\t\t\t\t<\/div>\n\t\t\t\t\t<\/div>\n\t\t<\/div>\n\t\t\t\t\t\t\t\t<\/div>\n\t\t\t\t\t<\/div>\n\t\t<\/section>\n\t\t\t\t<section class=\"elementor-section elementor-top-section elementor-element elementor-element-e0c354a elementor-section-boxed elementor-section-height-default elementor-section-height-default\" data-id=\"e0c354a\" data-element_type=\"section\">\n\t\t\t\t\t\t<div class=\"elementor-container elementor-column-gap-default\">\n\t\t\t\t\t\t\t<div class=\"elementor-row\">\n\t\t\t\t\t<div class=\"elementor-column elementor-col-100 elementor-top-column elementor-element elementor-element-9dad9f1\" data-id=\"9dad9f1\" data-element_type=\"column\">\n\t\t\t<div class=\"elementor-column-wrap elementor-element-populated\">\n\t\t\t\t\t\t\t<div class=\"elementor-widget-wrap\">\n\t\t\t\t\t\t<div class=\"elementor-element elementor-element-164e76f elementor-widget elementor-widget-text-editor\" data-id=\"164e76f\" data-element_type=\"widget\" data-widget_type=\"text-editor.default\">\n\t\t\t\t<div class=\"elementor-widget-container\">\n\t\t\t\t\t\t\t\t<div class=\"elementor-text-editor elementor-clearfix\">\n\t\t\t\t\t<p><br><\/p>\n<p><br>Az\u0259rbaycan Respublikas\u0131n\u0131n Prezidenti yan\u0131nda D\u00f6vl\u0259t \u0130dar\u0259\u00e7ilik Akademiyas\u0131n\u0131n Siyasi \u0130dar\u0259etm\u0259 fak\u00fclt\u0259si T\u0259l\u0259b\u0259 G\u0259ncl\u0259r T\u0259\u015fkilat\u0131n\u0131n t\u0259\u015fkilat\u00e7\u0131l\u0131\u011f\u0131 il\u0259 \u00dcmummilli lider Heyd\u0259r \u018fliyevin anadan olmas\u0131n\u0131n 102-ci ild\u00f6n\u00fcm\u00fcn\u0259 h\u0259sr olunmu\u015f \u201cAz\u0259rbaycan\u0131n inki\u015faf yolunda Heyd\u0259r \u018fliyevin irsi v\u0259 liderlik rolu\u201d m\u00f6vzusunda t\u0259dbir ba\u015f tutmu\u015fdur.<br>T\u0259dbirin a\u00e7\u0131l\u0131\u015f nitqini D\u00f6vl\u0259t \u0130dar\u0259\u00e7ilik Akademiyas\u0131n\u0131n Siyasi \u0130dar\u0259etm\u0259 fak\u00fclt\u0259sinin dekan\u0131, dosent Murt\u0259za H\u0259s\u0259nov etmi\u015fdir. O, \u00e7\u0131x\u0131\u015f\u0131nda Ulu \u00d6nd\u0259r Heyd\u0259r \u018fliyevin Az\u0259rbaycan d\u00f6vl\u0259t\u00e7iliyinin qurulmas\u0131nda v\u0259 inki\u015faf\u0131nda misilsiz xidm\u0259tl\u0259rind\u0259n, onun z\u0259ngin irsind\u0259n v\u0259 m\u00fcasir d\u00f6vl\u0259t idar\u0259\u00e7iliyi sah\u0259sind\u0259 qoydu\u011fu m\u00f6hk\u0259m t\u0259m\u0259ll\u0259rd\u0259n b\u0259hs etmi\u015fdir.<br>T\u0259dbirin qona\u011f\u0131 Az\u0259rbaycan Respublikas\u0131 Milli M\u0259clisinin deputat\u0131, siyasi elml\u0259r \u00fczr\u0259 f\u0259ls\u0259f\u0259 doktoru Ayd\u0131n Mirz\u0259zad\u0259 olmu\u015fdur.<br>A. Mirz\u0259zad\u0259 \u00e7\u0131x\u0131\u015f\u0131nda Heyd\u0259r \u018fliyevin m\u00fcdrik siyas\u0259ti, strateji bax\u0131\u015flar\u0131 v\u0259 liderlik keyfiyy\u0259tl\u0259ri say\u0259sind\u0259 Az\u0259rbaycan\u0131n m\u00fcst\u0259qilliyini m\u00f6hk\u0259ml\u0259ndirdiyini v\u0259 \u00f6lk\u0259nin d\u00fcnya arenas\u0131nda layiqli yer tutdu\u011funu vur\u011fulam\u0131\u015fd\u0131r. O, h\u0259m\u00e7inin g\u0259ncl\u0259rl\u0259 \u00f6z t\u0259cr\u00fcb\u0259sini b\u00f6l\u00fc\u015fm\u00fc\u015f, onlar\u0131n f\u0259al v\u0259t\u0259nda\u015f kimi yeti\u015fm\u0259sinin \u00f6n\u0259mini qeyd etmi\u015f v\u0259 t\u0259l\u0259b\u0259l\u0259ri elm\u0259, d\u00f6vl\u0259t\u0259 v\u0259 c\u0259miyy\u0259t\u0259 xidm\u0259t etm\u0259y\u0259 s\u0259sl\u0259mi\u015fdir.<br>T\u0259dbird\u0259 t\u0259l\u0259b\u0259l\u0259r d\u0259 f\u0259al i\u015ftirak etmi\u015f, m\u00f6vzu \u0259traf\u0131nda suallar vermi\u015f v\u0259 fikir m\u00fcbadil\u0259si aparm\u0131\u015flar.<\/p>\t\t\t\t\t<\/div>\n\t\t\t\t\t\t<\/div>\n\t\t\t\t<\/div>\n\t\t\t\t\t\t<\/div>\n\t\t\t\t\t<\/div>\n\t\t<\/div>\n\t\t\t\t\t\t\t\t<\/div>\n\t\t\t\t\t<\/div>\n\t\t<\/section>\n\t\t\t\t\t\t<\/div>\n\t\t\t\t\t\t<\/div>\n\t\t\t\t\t<\/div>","protected":false},"excerpt":{"rendered":"<p>\u201cAz\u0259rbaycan\u0131n inki\u015faf yolunda Heyd\u0259r \u018fliyevin irsi v\u0259 liderlik rolu\u201d m\u00f6vzusunda Milli M\u0259clisin deputat\u0131, siyasi elml\u0259r \u00fczr\u0259 f\u0259ls\u0259f\u0259 doktoru Ayd\u0131n Mirz\u0259zad\u0259nin D\u0130A t\u0259l\u0259b\u0259l\u0259ri il\u0259 g\u00f6r\u00fc\u015f\u00fc ba\u015f tutmu\u015fdur.<br \/>\nAz\u0259rbaycan Respublikas\u0131n\u0131n Prezidenti yan\u0131nda D\u00f6vl\u0259t \u0130dar\u0259\u00e7ilik Akademiyas\u0131n\u0131n Siyasi \u0130dar\u0259etm\u0259 fak\u00fclt\u0259si T\u0259l\u0259b\u0259 G\u0259ncl\u0259r T\u0259\u015fkilat\u0131n\u0131n t\u0259\u015fkilat\u00e7\u0131l\u0131\u011f\u0131 il\u0259 \u00dcmummilli lider Heyd\u0259r \u018fliyevin anadan olmas\u0131n\u0131n 102-ci ild\u00f6n\u00fcm\u00fcn\u0259 h\u0259sr olunmu\u015f \u201cAz\u0259rbaycan\u0131n inki\u015faf yolunda Heyd\u0259r \u018fliyevin irsi v\u0259 liderlik rolu\u201d m\u00f6vzusunda t\u0259dbir ba\u015f tutmu\u015fdur.<br \/>\nT\u0259dbirin a\u00e7\u0131l\u0131\u015f nitqini D\u00f6vl\u0259t \u0130dar\u0259\u00e7ilik Akademiyas\u0131n\u0131n Siyasi \u0130dar\u0259etm\u0259 fak\u00fclt\u0259sinin dekan\u0131, dosent Murt\u0259za H\u0259s\u0259nov etmi\u015fdir. O, \u00e7\u0131x\u0131\u015f\u0131nda Ulu \u00d6nd\u0259r Heyd\u0259r \u018fliyevin Az\u0259rbaycan d\u00f6vl\u0259t\u00e7iliyinin qurulmas\u0131nda v\u0259 inki\u015faf\u0131nda misilsiz xidm\u0259tl\u0259rind\u0259n, onun z\u0259ngin irsind\u0259n v\u0259 m\u00fcasir d\u00f6vl\u0259t idar\u0259\u00e7iliyi sah\u0259sind\u0259 qoydu\u011fu m\u00f6hk\u0259m t\u0259m\u0259ll\u0259rd\u0259n b\u0259hs etmi\u015fdir.<br \/>\nT\u0259dbirin qona\u011f\u0131 Az\u0259rbaycan Respublikas\u0131 Milli M\u0259clisinin deputat\u0131, siyasi elml\u0259r \u00fczr\u0259 f\u0259ls\u0259f\u0259 doktoru Ayd\u0131n Mirz\u0259zad\u0259 olmu\u015fdur.<br \/>\nA. Mirz\u0259zad\u0259 \u00e7\u0131x\u0131\u015f\u0131nda Heyd\u0259r \u018fliyevin m\u00fcdrik siyas\u0259ti, strateji bax\u0131\u015flar\u0131 v\u0259 liderlik keyfiyy\u0259tl\u0259ri say\u0259sind\u0259 Az\u0259rbaycan\u0131n m\u00fcst\u0259qilliyini m\u00f6hk\u0259ml\u0259ndirdiyini v\u0259 \u00f6lk\u0259nin d\u00fcnya arenas\u0131nda layiqli yer tutdu\u011funu vur\u011fulam\u0131\u015fd\u0131r. O, h\u0259m\u00e7inin g\u0259ncl\u0259rl\u0259 \u00f6z t\u0259cr\u00fcb\u0259sini b\u00f6l\u00fc\u015fm\u00fc\u015f, onlar\u0131n f\u0259al v\u0259t\u0259nda\u015f kimi yeti\u015fm\u0259sinin \u00f6n\u0259mini qeyd etmi\u015f v\u0259 t\u0259l\u0259b\u0259l\u0259ri elm\u0259, d\u00f6vl\u0259t\u0259 v\u0259 c\u0259miyy\u0259t\u0259 xidm\u0259t etm\u0259y\u0259 s\u0259sl\u0259mi\u015fdir.<br \/>\nT\u0259dbird\u0259 t\u0259l\u0259b\u0259l\u0259r d\u0259 f\u0259al i\u015ftirak etmi\u015f, m\u00f6vzu \u0259traf\u0131nda suallar vermi\u015f v\u0259 fikir m\u00fcbadil\u0259si aparm\u0131\u015flar.<\/p>","protected":false},"author":2,"featured_media":26066,"comment_status":"closed","ping_status":"closed","sticky":false,"template":"","format":"standard","meta":[],"categories":[137],"tags":[],"_links":{"self":[{"href":"https:\/\/legacy.dia.edu.az\/ru\/wp-json\/wp\/v2\/posts\/26064"}],"collection":[{"href":"https:\/\/legacy.dia.edu.az\/ru\/wp-json\/wp\/v2\/posts"}],"about":[{"href":"https:\/\/legacy.dia.edu.az\/ru\/wp-json\/wp\/v2\/types\/post"}],"author":[{"embeddable":true,"href":"https:\/\/legacy.dia.edu.az\/ru\/wp-json\/wp\/v2\/users\/2"}],"replies":[{"embeddable":true,"href":"https:\/\/legacy.dia.edu.az\/ru\/wp-json\/wp\/v2\/comments?post=26064"}],"version-history":[{"count":11,"href":"https:\/\/legacy.dia.edu.az\/ru\/wp-json\/wp\/v2\/posts\/26064\/revisions"}],"predecessor-version":[{"id":26081,"href":"https:\/\/legacy.dia.edu.az\/ru\/wp-json\/wp\/v2\/posts\/26064\/revisions\/26081"}],"wp:featuredmedia":[{"embeddable":true,"href":"https:\/\/legacy.dia.edu.az\/ru\/wp-json\/wp\/v2\/media\/26066"}],"wp:attachment":[{"href":"https:\/\/legacy.dia.edu.az\/ru\/wp-json\/wp\/v2\/media?parent=26064"}],"wp:term":[{"taxonomy":"category","embeddable":true,"href":"https:\/\/legacy.dia.edu.az\/ru\/wp-json\/wp\/v2\/categories?post=26064"},{"taxonomy":"post_tag","embeddable":true,"href":"https:\/\/legacy.dia.edu.az\/ru\/wp-json\/wp\/v2\/tags?post=26064"}],"curies":[{"name":"wp","href":"https:\/\/api.w.org\/{rel}","templated":true}]}}