{"id":25810,"date":"2025-04-30T12:10:49","date_gmt":"2025-04-30T08:10:49","guid":{"rendered":"https:\/\/dia.edu.az\/?p=25810"},"modified":"2025-04-30T12:16:24","modified_gmt":"2025-04-30T08:16:24","slug":"dia-t%c9%99l%c9%99b%c9%99-elmi-c%c9%99miyy%c9%99ti-uzeyir-hacib%c9%99ylinin-140-illiyin%c9%99-h%c9%99sr-olunmus-d%c9%99yirmi-masa-kecirdi","status":"publish","type":"post","link":"https:\/\/legacy.dia.edu.az\/ru\/arxivl\u0259r\/25810","title":{"rendered":"D\u0130A T\u0259l\u0259b\u0259 Elmi C\u0259miyy\u0259ti &#8211; \u00dczeyir Hac\u0131b\u0259ylinin 140 illiyin\u0259 h\u0259sr olunmu\u015f D\u0259yirmi masa ke\u00e7irdi"},"content":{"rendered":"<div data-elementor-type=\"wp-post\" data-elementor-id=\"25810\" class=\"elementor elementor-25810\" data-elementor-settings=\"[]\">\n\t\t\t\t\t\t<div class=\"elementor-inner\">\n\t\t\t\t\t\t\t<div class=\"elementor-section-wrap\">\n\t\t\t\t\t\t\t<section class=\"elementor-section elementor-top-section elementor-element elementor-element-112d2f6 elementor-section-boxed elementor-section-height-default elementor-section-height-default\" data-id=\"112d2f6\" data-element_type=\"section\">\n\t\t\t\t\t\t<div class=\"elementor-container elementor-column-gap-default\">\n\t\t\t\t\t\t\t<div class=\"elementor-row\">\n\t\t\t\t\t<div class=\"elementor-column elementor-col-100 elementor-top-column elementor-element elementor-element-0b86d1d\" data-id=\"0b86d1d\" data-element_type=\"column\">\n\t\t\t<div class=\"elementor-column-wrap elementor-element-populated\">\n\t\t\t\t\t\t\t<div class=\"elementor-widget-wrap\">\n\t\t\t\t\t\t<div class=\"elementor-element elementor-element-70ba211 elementor-position-top elementor-vertical-align-top elementor-widget elementor-widget-image-box\" data-id=\"70ba211\" data-element_type=\"widget\" data-widget_type=\"image-box.default\">\n\t\t\t\t<div class=\"elementor-widget-container\">\n\t\t\t<div class=\"elementor-image-box-wrapper\"><figure class=\"elementor-image-box-img\"><a href=\"https:\/\/dia.edu.az\/wp-content\/uploads\/2025\/04\/dm1-scaled.jpeg\"><img width=\"2560\" height=\"1920\" src=\"https:\/\/legacy.dia.edu.az\/wp-content\/uploads\/2025\/04\/dm1-scaled.jpeg\" class=\"attachment-full size-full\" alt=\"\" srcset=\"https:\/\/legacy.dia.edu.az\/wp-content\/uploads\/2025\/04\/dm1-scaled.jpeg 2560w, https:\/\/legacy.dia.edu.az\/wp-content\/uploads\/2025\/04\/dm1-200x150.jpeg 200w, https:\/\/legacy.dia.edu.az\/wp-content\/uploads\/2025\/04\/dm1-450x338.jpeg 450w, https:\/\/legacy.dia.edu.az\/wp-content\/uploads\/2025\/04\/dm1-1536x1152.jpeg 1536w, https:\/\/legacy.dia.edu.az\/wp-content\/uploads\/2025\/04\/dm1-2048x1536.jpeg 2048w, https:\/\/legacy.dia.edu.az\/wp-content\/uploads\/2025\/04\/dm1-16x12.jpeg 16w, https:\/\/legacy.dia.edu.az\/wp-content\/uploads\/2025\/04\/dm1-200x150@2x.jpeg 400w, https:\/\/legacy.dia.edu.az\/wp-content\/uploads\/2025\/04\/dm1-450x338@2x.jpeg 900w\" sizes=\"(max-width: 2560px) 100vw, 2560px\" \/><\/a><\/figure><div class=\"elementor-image-box-content\"><h3 class=\"elementor-image-box-title\"><a href=\"https:\/\/dia.edu.az\/wp-content\/uploads\/2025\/04\/dm1-scaled.jpeg\">D\u0130A T\u0259l\u0259b\u0259 Elmi C\u0259miyy\u0259ti - \u00dczeyir Hac\u0131b\u0259ylinin 140 illiyin\u0259 h\u0259sr olunmu\u015f D\u0259yirmi masa ke\u00e7irildi<\/a><\/h3><p class=\"elementor-image-box-description\">17 aprel 2025-ci il tarixind\u0259 D\u0130A-n\u0131n  T\u0259l\u0259b\u0259 Elmi C\u0259miyy\u0259tinin  v\u0259  \u201cTarix\u201d kafedras\u0131n\u0131n  t\u0259\u015fkilat\u00e7\u0131l\u0131\u011f\u0131 il\u0259 \u00dczeyir Hac\u0131b\u0259ylinin anadan olmas\u0131n\u0131n 140 illiyin\u0259 h\u0259sr olunmu\u015f \u201c\u00dczeyir Hac\u0131b\u0259yli: g\u00f6rk\u0259mli musiqi\u00e7i v\u0259 ictimai-siyasi xadim\u201d m\u00f6vzusunda  t\u0259l\u0259b\u0259 v\u0259 magistrantlar\u0131n D\u0259yirmi masas\u0131 ke\u00e7irilmi\u015fdir.<\/p><\/div><\/div>\t\t<\/div>\n\t\t\t\t<\/div>\n\t\t\t\t\t\t<\/div>\n\t\t\t\t\t<\/div>\n\t\t<\/div>\n\t\t\t\t\t\t\t\t<\/div>\n\t\t\t\t\t<\/div>\n\t\t<\/section>\n\t\t\t\t\t\t<\/div>\n\t\t\t\t\t\t<\/div>\n\t\t\t\t\t<\/div>","protected":false},"excerpt":{"rendered":"<p>Az\u0259rbaycan Respublikas\u0131n\u0131n Prezidenti yan\u0131nda D\u00f6vl\u0259t \u0130dar\u0259\u00e7ilik Akademiyas\u0131 T\u0259l\u0259b\u0259 Elmi C\u0259miyy\u0259ti v\u0259  \u201cTarix\u201d kafedras\u0131n\u0131n<br \/>\nt\u0259\u015fkilat\u00e7\u0131l\u0131\u011f\u0131 il\u0259<\/p>","protected":false},"author":2,"featured_media":25811,"comment_status":"closed","ping_status":"closed","sticky":false,"template":"","format":"standard","meta":[],"categories":[137],"tags":[],"_links":{"self":[{"href":"https:\/\/legacy.dia.edu.az\/ru\/wp-json\/wp\/v2\/posts\/25810"}],"collection":[{"href":"https:\/\/legacy.dia.edu.az\/ru\/wp-json\/wp\/v2\/posts"}],"about":[{"href":"https:\/\/legacy.dia.edu.az\/ru\/wp-json\/wp\/v2\/types\/post"}],"author":[{"embeddable":true,"href":"https:\/\/legacy.dia.edu.az\/ru\/wp-json\/wp\/v2\/users\/2"}],"replies":[{"embeddable":true,"href":"https:\/\/legacy.dia.edu.az\/ru\/wp-json\/wp\/v2\/comments?post=25810"}],"version-history":[{"count":15,"href":"https:\/\/legacy.dia.edu.az\/ru\/wp-json\/wp\/v2\/posts\/25810\/revisions"}],"predecessor-version":[{"id":25827,"href":"https:\/\/legacy.dia.edu.az\/ru\/wp-json\/wp\/v2\/posts\/25810\/revisions\/25827"}],"wp:featuredmedia":[{"embeddable":true,"href":"https:\/\/legacy.dia.edu.az\/ru\/wp-json\/wp\/v2\/media\/25811"}],"wp:attachment":[{"href":"https:\/\/legacy.dia.edu.az\/ru\/wp-json\/wp\/v2\/media?parent=25810"}],"wp:term":[{"taxonomy":"category","embeddable":true,"href":"https:\/\/legacy.dia.edu.az\/ru\/wp-json\/wp\/v2\/categories?post=25810"},{"taxonomy":"post_tag","embeddable":true,"href":"https:\/\/legacy.dia.edu.az\/ru\/wp-json\/wp\/v2\/tags?post=25810"}],"curies":[{"name":"wp","href":"https:\/\/api.w.org\/{rel}","templated":true}]}}