{"id":25732,"date":"2025-04-23T16:54:00","date_gmt":"2025-04-23T12:54:00","guid":{"rendered":"https:\/\/dia.edu.az\/?p=25732"},"modified":"2025-04-23T17:03:29","modified_gmt":"2025-04-23T13:03:29","slug":"az%c9%99rbaycan-respublikasinin-prezidenti-yaninda-dovl%c9%99t-idar%c9%99cilik-akademiyasinda-az%c9%99rbaycan-respublikasinin-%c9%99dliyy%c9%99-nazirliyinin-%c9%99m%c9%99kdaslari-ucun-t%c9%99lim-bas-2","status":"publish","type":"post","link":"https:\/\/legacy.dia.edu.az\/ru\/arxivl\u0259r\/25732","title":{"rendered":"Az\u0259rbaycan Respublikas\u0131n\u0131n Prezidenti yan\u0131nda D\u00f6vl\u0259t \u0130dar\u0259\u00e7ilik Akademiyas\u0131nda Az\u0259rbaycan Respublikas\u0131n\u0131n \u018fdliyy\u0259 Nazirliyinin \u0259m\u0259kda\u015flar\u0131 \u00fc\u00e7\u00fcn t\u0259lim ba\u015f tutdu"},"content":{"rendered":"<div data-elementor-type=\"wp-post\" data-elementor-id=\"25732\" class=\"elementor elementor-25732\" data-elementor-settings=\"[]\">\n\t\t\t\t\t\t<div class=\"elementor-inner\">\n\t\t\t\t\t\t\t<div class=\"elementor-section-wrap\">\n\t\t\t\t\t\t\t<section class=\"elementor-section elementor-top-section elementor-element elementor-element-87e5582 elementor-section-boxed elementor-section-height-default elementor-section-height-default\" data-id=\"87e5582\" data-element_type=\"section\">\n\t\t\t\t\t\t<div class=\"elementor-container elementor-column-gap-default\">\n\t\t\t\t\t\t\t<div class=\"elementor-row\">\n\t\t\t\t\t<div class=\"elementor-column elementor-col-100 elementor-top-column elementor-element elementor-element-5ddbf5c\" data-id=\"5ddbf5c\" data-element_type=\"column\">\n\t\t\t<div class=\"elementor-column-wrap elementor-element-populated\">\n\t\t\t\t\t\t\t<div class=\"elementor-widget-wrap\">\n\t\t\t\t\t\t<div class=\"elementor-element elementor-element-90a7e7e elementor-position-top elementor-vertical-align-top elementor-widget elementor-widget-image-box\" data-id=\"90a7e7e\" data-element_type=\"widget\" data-widget_type=\"image-box.default\">\n\t\t\t\t<div class=\"elementor-widget-container\">\n\t\t\t<div class=\"elementor-image-box-wrapper\"><figure class=\"elementor-image-box-img\"><a href=\"https:\/\/dia.edu.az\/wp-content\/uploads\/2025\/04\/lll2.jpeg\"><img width=\"1600\" height=\"774\" src=\"https:\/\/legacy.dia.edu.az\/wp-content\/uploads\/2025\/04\/lll2.jpeg\" class=\"attachment-full size-full\" alt=\"\" srcset=\"https:\/\/legacy.dia.edu.az\/wp-content\/uploads\/2025\/04\/lll2.jpeg 1600w, https:\/\/legacy.dia.edu.az\/wp-content\/uploads\/2025\/04\/lll2-200x97.jpeg 200w, https:\/\/legacy.dia.edu.az\/wp-content\/uploads\/2025\/04\/lll2-450x218.jpeg 450w, https:\/\/legacy.dia.edu.az\/wp-content\/uploads\/2025\/04\/lll2-1536x743.jpeg 1536w, https:\/\/legacy.dia.edu.az\/wp-content\/uploads\/2025\/04\/lll2-18x9.jpeg 18w, https:\/\/legacy.dia.edu.az\/wp-content\/uploads\/2025\/04\/lll2-200x97@2x.jpeg 400w, https:\/\/legacy.dia.edu.az\/wp-content\/uploads\/2025\/04\/lll2-450x218@2x.jpeg 900w\" sizes=\"(max-width: 1600px) 100vw, 1600px\" \/><\/a><\/figure><div class=\"elementor-image-box-content\"><h3 class=\"elementor-image-box-title\"><a href=\"https:\/\/dia.edu.az\/wp-content\/uploads\/2025\/04\/lll2.jpeg\">Az\u0259rbaycan Respublikas\u0131n\u0131n Prezidenti yan\u0131nda D\u00f6vl\u0259t \u0130dar\u0259\u00e7ilik Akademiyas\u0131nda Az\u0259rbaycan Respublikas\u0131n\u0131n \u018fdliyy\u0259 Nazirliyinin \u0259m\u0259kda\u015flar\u0131 \u00fc\u00e7\u00fcn t\u0259lim ba\u015f tutdu<\/a><\/h3><p class=\"elementor-image-box-description\">Az\u0259rbaycan Respublikas\u0131n\u0131n Prezidenti \u0130lham \u018fliyev  Az\u0259rbaycan Respublikas\u0131nda 2025-ci ilin \u201cKonstitusiya v\u0259 Suverenlik ili\u201d elan edilm\u0259si haqq\u0131nda  28 dekabr 2024-c\u00fc il tarixli S\u0259r\u0259ncam\u0131na \u0259sas\u0259n 23 aprel 2025-ci il tarixind\u0259 Az\u0259rbaycan Respublikas\u0131n\u0131n Prezidenti yan\u0131nda D\u00f6vl\u0259t \u0130dar\u0259\u00e7ilik Akademiyas\u0131nda Az\u0259rbaycan Respublikas\u0131n\u0131n \u018fdliyy\u0259 Nazirliyinin \u0259m\u0259kda\u015flar\u0131 \u00fc\u00e7\u00fcn t\u0259lim ke\u00e7irilmi\u015fdir. T\u0259limd\u0259 D\u00f6vl\u0259t \u0130dar\u0259\u00e7ilik Akademiyas\u0131n\u0131n rektoru akademik Urxan \u018fl\u0259kb\u0259rov \u201cPrezident \u0130lham \u018fliyevin innovativ d\u00f6vl\u0259t idar\u0259\u00e7ilik siyas\u0259ti: Suverenliy\u0259 aparan yol\u201d m\u00f6vzusunda m\u00fchazir\u0259 il\u0259 \u00e7\u0131x\u0131\u015f etdi.  <br>\nT\u0259lim \u00e7\u0259r\u00e7iv\u0259sind\u0259 Az\u0259rbaycan\u0131n d\u00f6vl\u0259t suverenliyinin tarixi inki\u015faf\u0131 v\u0259 bu suverenliyin m\u00f6hk\u0259ml\u0259ndirilm\u0259si istiqam\u0259tind\u0259 Prezident \u0130lham \u018fliyev t\u0259r\u0259find\u0259n h\u0259yata ke\u00e7iril\u0259n strateji t\u0259dbirl\u0259r \u0259trafl\u0131 \u015f\u0259kild\u0259 t\u0259hlil edilmi\u015fdir. Akademik Urxan \u018fl\u0259kb\u0259rov vur\u011fulam\u0131\u015fd\u0131r ki, Prezident \u0130lham \u018fliyev \u00f6lk\u0259nin m\u00fcst\u0259qilliyini qorumaq v\u0259 davaml\u0131 inki\u015faf\u0131n\u0131 t\u0259min etm\u0259k m\u0259qs\u0259dil\u0259 \u00e7oxsayl\u0131 islahatlar h\u0259yata ke\u00e7irmi\u015f, d\u00f6vl\u0259t idar\u0259\u00e7iliyind\u0259 apar\u0131lan struktur v\u0259 funksional t\u0259kmill\u0259\u015fdirm\u0259l\u0259r vasit\u0259sil\u0259 Az\u0259rbaycan\u0131n beyn\u0259lxalq n\u00fcfuzunun artmas\u0131na v\u0259 daxili sabitliyinin m\u00f6hk\u0259ml\u0259nm\u0259sin\u0259 nail olunmu\u015fdur. <br>\nRektor \u00e7\u0131x\u0131\u015f\u0131 zaman\u0131 qeyd etmi\u015fdir ki, \u00fcmummilli lider Heyd\u0259r \u018fliyev t\u0259r\u0259find\u0259n \u0259sas\u0131 qoyulmu\u015f v\u0259 Prezident \u0130lham \u018fliyev t\u0259r\u0259find\u0259n m\u00fcasir d\u00f6vr\u00fcn t\u0259l\u0259bl\u0259rin\u0259 uy\u011fun \u015f\u0259kild\u0259 inki\u015faf etdirilmi\u015f d\u00f6vl\u0259t idar\u0259\u00e7ilik modeli, bu sah\u0259d\u0259 n\u0259z\u0259ri konsepsiyalar\u0131n formala\u015fd\u0131r\u0131lmas\u0131 v\u0259 onlar\u0131n praktik t\u0259tbiqi n\u0259tic\u0259sind\u0259 m\u00fch\u00fcm nailiyy\u0259tl\u0259r\u0259 s\u0259b\u0259b olmu\u015fdur. \u0130nnovativ idar\u0259etm\u0259 texnologiyalar\u0131n\u0131n t\u0259tbiqi, d\u00f6vl\u0259tin suverenliyinin v\u0259 m\u00fcst\u0259qilliyinin daha da m\u00f6hk\u0259ml\u0259ndirilm\u0259si m\u0259qs\u0259di da\u015f\u0131y\u0131r.\nAkademik, h\u0259m\u00e7inin t\u0259lim zaman\u0131 Az\u0259rbaycan\u0131n Konstitusiyas\u0131n\u0131n \u0259sas prinsipl\u0259rin\u0259\u2014suverenlik, m\u00fcst\u0259qillik v\u0259 demokratik d\u0259y\u0259rl\u0259r\u0259\u2014x\u00fcsusi diqq\u0259t yetirmi\u015fdir. Bildirilmi\u015fdir ki, bu prinsipl\u0259r Prezident \u0130lham \u018fliyevin r\u0259hb\u0259rliyi il\u0259 h\u0259yata ke\u00e7iril\u0259n inki\u015faf strategiyas\u0131n\u0131n \u0259sas\u0131n\u0131 t\u0259\u015fkil edir v\u0259 \u00f6lk\u0259nin siyasi-h\u00fcquqi sistemind\u0259 dayan\u0131ql\u0131 \u0259sas rolunu oynay\u0131r.<br>\nT\u0259dbird\u0259 rektor Urxan \u018fl\u0259kb\u0259rov t\u0259r\u0259find\u0259n \u00f6lk\u0259d\u0259 vitse-prezidentlik institutunun yarad\u0131lmas\u0131 v\u0259 Mehriban \u018fliyevan\u0131n bu v\u0259zif\u0259y\u0259 t\u0259yin olunmas\u0131n\u0131n, Az\u0259rbaycan siyasi v\u0259 idar\u0259etm\u0259 sistemind\u0259 m\u00fch\u00fcm bir institusional yenilik kimi tarix\u0259 d\u00fc\u015fd\u00fcy\u00fc qeyd olunmu\u015fdur. Bu institutun t\u0259tbiqi, d\u00f6vl\u0259tin idar\u0259etm\u0259 effektivliyini v\u0259 \u00e7evikliyini art\u0131raraq, Prezident \u0130lham \u018fliyevin r\u0259hb\u0259rliyi alt\u0131nda milli inki\u015faf strategiyas\u0131na \u0259lav\u0259 d\u0259st\u0259k mexanizmi funksiyas\u0131n\u0131 yerin\u0259 yetirmi\u015fdir.<br>\nBundan \u0259lav\u0259, Az\u0259rbaycan Respublikas\u0131n\u0131n Prezidenti  \u0130lham \u018fliyev t\u0259r\u0259find\u0259n i\u015f\u011faldan azad olunmu\u015f \u0259razil\u0259rin iqtisadi inki\u015faf\u0131 \u00fczr\u0259 m\u00fc\u0259yy\u0259n edilmi\u015f strategiya v\u0259 h\u0259min \u0259razil\u0259rin \"Ya\u015f\u0131l Enerji Zonas\u0131\"na \u00e7evrilm\u0259si t\u0259\u015f\u0259bb\u00fcs\u00fc, \u00f6lk\u0259nin suverenliyinin v\u0259 m\u00fcst\u0259qilliyinin daha da g\u00fccl\u0259ndirilm\u0259si bax\u0131m\u0131ndan x\u00fcsusi \u0259h\u0259miyy\u0259t k\u0259sb edir. Rektor vur\u011fulam\u0131\u015fd\u0131r ki, bu strateji yana\u015fma, Az\u0259rbaycan\u0131n enerji t\u0259hl\u00fck\u0259sizliyinin art\u0131r\u0131lmas\u0131 v\u0259 b\u0259rpa olunan enerji sah\u0259sind\u0259 beyn\u0259lxalq r\u0259qab\u0259tqabiliyy\u0259tli m\u00f6vqe qazanmas\u0131 m\u0259qs\u0259di da\u015f\u0131y\u0131r.<br>\nN\u0259tic\u0259 etibaril\u0259, b\u0259rpa olunan enerji m\u0259nb\u0259l\u0259rin\u0259 \u0259saslanan v\u0259 xarici enerji as\u0131l\u0131l\u0131\u011f\u0131n\u0131 azaltma\u011fa y\u00f6n\u0259lmi\u015f bu siyas\u0259t, Az\u0259rbaycan\u0131n iqtisadi dayan\u0131ql\u0131\u011f\u0131n\u0131 v\u0259 milli suverenliyini m\u00f6hk\u0259ml\u0259ndir\u0259r\u0259k, beyn\u0259lxalq s\u0259viyy\u0259d\u0259 enerji t\u0259hl\u00fck\u0259sizliyi \u00fczr\u0259 m\u00f6vqel\u0259rinin g\u00fccl\u0259ndirilm\u0259sin\u0259 \u015f\u0259rait yarad\u0131r. Bu kontekstd\u0259 Prezident \u0130lham \u018fliyevin r\u0259hb\u0259rliyi il\u0259 h\u0259yata ke\u00e7iril\u0259n t\u0259\u015f\u0259bb\u00fcsl\u0259r, \u00f6lk\u0259nin suveren inki\u015faf\u0131 v\u0259 strateji m\u00fcst\u0259qilliyinin t\u0259min olunmas\u0131 istiqam\u0259tind\u0259 \u0259h\u0259miyy\u0259tli add\u0131mlar kimi qiym\u0259tl\u0259ndirilir.<br>\nT\u0259lim diskussiya format\u0131nda davam etdirilmi\u015f v\u0259 u\u011furla yekunla\u015fd\u0131r\u0131lm\u0131\u015fd\u0131r.\n<\/p><\/div><\/div>\t\t<\/div>\n\t\t\t\t<\/div>\n\t\t\t\t\t\t<\/div>\n\t\t\t\t\t<\/div>\n\t\t<\/div>\n\t\t\t\t\t\t\t\t<\/div>\n\t\t\t\t\t<\/div>\n\t\t<\/section>\n\t\t\t\t\t\t<\/div>\n\t\t\t\t\t\t<\/div>\n\t\t\t\t\t<\/div>","protected":false},"excerpt":{"rendered":"<p>Az\u0259rbaycan Respublikas\u0131n\u0131n Prezidenti \u0130lham \u018fliyev c\u0259nablar\u0131n\u0131n Az\u0259rbaycan Respublikas\u0131nda 2025-ci ilin \u201cKonstitusiya v\u0259 Suverenlik ili\u201d elan edilm\u0259si haqq\u0131nda  28 dekabr 2024-c\u00fc il tarixli S\u0259r\u0259ncam\u0131na \u0259sas\u0259n <\/p>","protected":false},"author":2,"featured_media":25733,"comment_status":"closed","ping_status":"closed","sticky":false,"template":"","format":"standard","meta":[],"categories":[137],"tags":[],"_links":{"self":[{"href":"https:\/\/legacy.dia.edu.az\/ru\/wp-json\/wp\/v2\/posts\/25732"}],"collection":[{"href":"https:\/\/legacy.dia.edu.az\/ru\/wp-json\/wp\/v2\/posts"}],"about":[{"href":"https:\/\/legacy.dia.edu.az\/ru\/wp-json\/wp\/v2\/types\/post"}],"author":[{"embeddable":true,"href":"https:\/\/legacy.dia.edu.az\/ru\/wp-json\/wp\/v2\/users\/2"}],"replies":[{"embeddable":true,"href":"https:\/\/legacy.dia.edu.az\/ru\/wp-json\/wp\/v2\/comments?post=25732"}],"version-history":[{"count":14,"href":"https:\/\/legacy.dia.edu.az\/ru\/wp-json\/wp\/v2\/posts\/25732\/revisions"}],"predecessor-version":[{"id":25749,"href":"https:\/\/legacy.dia.edu.az\/ru\/wp-json\/wp\/v2\/posts\/25732\/revisions\/25749"}],"wp:featuredmedia":[{"embeddable":true,"href":"https:\/\/legacy.dia.edu.az\/ru\/wp-json\/wp\/v2\/media\/25733"}],"wp:attachment":[{"href":"https:\/\/legacy.dia.edu.az\/ru\/wp-json\/wp\/v2\/media?parent=25732"}],"wp:term":[{"taxonomy":"category","embeddable":true,"href":"https:\/\/legacy.dia.edu.az\/ru\/wp-json\/wp\/v2\/categories?post=25732"},{"taxonomy":"post_tag","embeddable":true,"href":"https:\/\/legacy.dia.edu.az\/ru\/wp-json\/wp\/v2\/tags?post=25732"}],"curies":[{"name":"wp","href":"https:\/\/api.w.org\/{rel}","templated":true}]}}