{"id":25719,"date":"2025-04-22T17:36:20","date_gmt":"2025-04-22T13:36:20","guid":{"rendered":"https:\/\/dia.edu.az\/?p=25719"},"modified":"2025-04-22T17:40:56","modified_gmt":"2025-04-22T13:40:56","slug":"r%c9%99hb%c9%99r-kadrlarin-yenid%c9%99n-hazirlanmasi-fakult%c9%99sinin-magistrantlari-il%c9%99-konstitusiya-v%c9%99-suverenlik-az%c9%99rbaycanin-g%c9%99l%c9%99c%c9%99y%c9%99-baxisi","status":"publish","type":"post","link":"https:\/\/legacy.dia.edu.az\/ru\/arxivl\u0259r\/25719","title":{"rendered":"R\u0259hb\u0259r Kadrlar\u0131n Yenid\u0259n Haz\u0131rlanmas\u0131 fak\u00fclt\u0259sinin magistrantlar\u0131 il\u0259 \u201cKonstitusiya v\u0259 Suverenlik: Az\u0259rbaycan\u0131n g\u0259l\u0259c\u0259y\u0259 bax\u0131\u015f\u0131\u201d m\u00f6vzusunda g\u00f6r\u00fc\u015f ke\u00e7irilib"},"content":{"rendered":"<div data-elementor-type=\"wp-post\" data-elementor-id=\"25719\" class=\"elementor elementor-25719\" data-elementor-settings=\"[]\">\n\t\t\t\t\t\t<div class=\"elementor-inner\">\n\t\t\t\t\t\t\t<div class=\"elementor-section-wrap\">\n\t\t\t\t\t\t\t<section class=\"elementor-section elementor-top-section elementor-element elementor-element-fa6eed8 elementor-section-boxed elementor-section-height-default elementor-section-height-default\" data-id=\"fa6eed8\" data-element_type=\"section\">\n\t\t\t\t\t\t<div class=\"elementor-container elementor-column-gap-default\">\n\t\t\t\t\t\t\t<div class=\"elementor-row\">\n\t\t\t\t\t<div class=\"elementor-column elementor-col-100 elementor-top-column elementor-element elementor-element-fb542d1\" data-id=\"fb542d1\" data-element_type=\"column\">\n\t\t\t<div class=\"elementor-column-wrap elementor-element-populated\">\n\t\t\t\t\t\t\t<div class=\"elementor-widget-wrap\">\n\t\t\t\t\t\t<div class=\"elementor-element elementor-element-05d93ae elementor-position-top elementor-vertical-align-top elementor-widget elementor-widget-image-box\" data-id=\"05d93ae\" data-element_type=\"widget\" data-widget_type=\"image-box.default\">\n\t\t\t\t<div class=\"elementor-widget-container\">\n\t\t\t<div class=\"elementor-image-box-wrapper\"><figure class=\"elementor-image-box-img\"><a href=\"https:\/\/dia.edu.az\/wp-content\/uploads\/2025\/04\/rrrr5-scaled.jpg\"><img width=\"2560\" height=\"1696\" src=\"https:\/\/legacy.dia.edu.az\/wp-content\/uploads\/2025\/04\/rrrr5-scaled.jpg\" class=\"attachment-full size-full\" alt=\"\" srcset=\"https:\/\/legacy.dia.edu.az\/wp-content\/uploads\/2025\/04\/rrrr5-scaled.jpg 2560w, https:\/\/legacy.dia.edu.az\/wp-content\/uploads\/2025\/04\/rrrr5-200x132.jpg 200w, https:\/\/legacy.dia.edu.az\/wp-content\/uploads\/2025\/04\/rrrr5-450x298.jpg 450w, https:\/\/legacy.dia.edu.az\/wp-content\/uploads\/2025\/04\/rrrr5-1536x1017.jpg 1536w, https:\/\/legacy.dia.edu.az\/wp-content\/uploads\/2025\/04\/rrrr5-2048x1356.jpg 2048w, https:\/\/legacy.dia.edu.az\/wp-content\/uploads\/2025\/04\/rrrr5-18x12.jpg 18w, https:\/\/legacy.dia.edu.az\/wp-content\/uploads\/2025\/04\/rrrr5-150x100.jpg 150w, https:\/\/legacy.dia.edu.az\/wp-content\/uploads\/2025\/04\/rrrr5-200x132@2x.jpg 400w, https:\/\/legacy.dia.edu.az\/wp-content\/uploads\/2025\/04\/rrrr5-450x298@2x.jpg 900w\" sizes=\"(max-width: 2560px) 100vw, 2560px\" \/><\/a><\/figure><div class=\"elementor-image-box-content\"><h3 class=\"elementor-image-box-title\"><a href=\"https:\/\/dia.edu.az\/wp-content\/uploads\/2025\/04\/rrrr5-scaled.jpg\">R\u0259hb\u0259r Kadrlar\u0131n Yenid\u0259n Haz\u0131rlanmas\u0131 fak\u00fclt\u0259sinin magistrantlar\u0131 il\u0259 \u201cKonstitusiya v\u0259 Suverenlik: Az\u0259rbaycan\u0131n g\u0259l\u0259c\u0259y\u0259 bax\u0131\u015f\u0131\u201d m\u00f6vzusunda g\u00f6r\u00fc\u015f ke\u00e7irilib<\/a><\/h3><p class=\"elementor-image-box-description\">Az\u0259rbaycan Respublikas\u0131n\u0131n Prezidenti yan\u0131nda D\u00f6vl\u0259t \u0130dar\u0259\u00e7ilik Akademiyas\u0131n\u0131n 2025-ci ilin \u201cKonstitusiya v\u0259 Suverenlik ili\u201d il\u0259 ba\u011fl\u0131 t\u0259sdiq olunmu\u015f t\u0259dbirl\u0259r plan\u0131na \u0259sas\u0259n silsil\u0259 g\u00f6r\u00fc\u015fl\u0259r davam edir. Aprelin 21 -d\u0259 Milli M\u0259clisin deputat\u0131 Tural G\u0259nc\u0259liyev \u201cKonstitusiya v\u0259 Suverenlik: Az\u0259rbaycan\u0131n g\u0259l\u0259c\u0259y\u0259 bax\u0131\u015f\u0131\u201d m\u00f6vzusunda  m\u00fchazir\u0259 il\u0259 \u00e7\u0131x\u0131\u015f edib.<br>\n \nTural G\u0259nc\u0259liyev \u00f6z \u00e7\u0131x\u0131\u015f\u0131nda 2025-ci ilin \u201cKonstitusiya v\u0259 Suverenlik ili\u201d elan olunmas\u0131n\u0131n Az\u0259rbaycan d\u00f6vl\u0259t\u00e7iliyi tarixind\u0259 x\u00fcsusi m\u0259rh\u0259l\u0259 oldu\u011funu bildirmi\u015fdir. O, Konstitusiyan\u0131n haz\u0131rlanmas\u0131nda \u00dcmummilli Lider Heyd\u0259r \u018fliyevin \u0259v\u0259zsiz xidm\u0259tl\u0259rini v\u0259 Prezident \u0130lham \u018fliyevin r\u0259hb\u0259rliyi il\u0259 apar\u0131lan h\u00fcquqi-institusional islahatlar\u0131n strateji \u0259h\u0259miyy\u0259tini qeyd etmi\u015fdir.\nH\u0259m\u00e7inin \u00e7\u0131x\u0131\u015f zaman\u0131, 44 g\u00fcnl\u00fck m\u00fcharib\u0259 v\u0259 antiterror t\u0259dbirl\u0259rind\u0259n sonra  Az\u0259rbaycanda apar\u0131lan d\u00f6vl\u0259t siyas\u0259ti haqq\u0131nda qeydl\u0259r edilmi\u015fdir.<br>\nG\u00f6r\u00fc\u015fd\u0259 fak\u00fclt\u0259nin magistrantlar\u0131 f\u0259al i\u015ftirak etmi\u015f, t\u0259dbirin sonunda m\u00fczakir\u0259l\u0259r apar\u0131lm\u0131\u015f v\u0259 t\u0259l\u0259b\u0259l\u0259rin suallar\u0131 cavabland\u0131r\u0131lm\u0131\u015fd\u0131r.\n<\/p><\/div><\/div>\t\t<\/div>\n\t\t\t\t<\/div>\n\t\t\t\t\t\t<\/div>\n\t\t\t\t\t<\/div>\n\t\t<\/div>\n\t\t\t\t\t\t\t\t<\/div>\n\t\t\t\t\t<\/div>\n\t\t<\/section>\n\t\t\t\t\t\t<\/div>\n\t\t\t\t\t\t<\/div>\n\t\t\t\t\t<\/div>","protected":false},"excerpt":{"rendered":"<p>Az\u0259rbaycan Respublikas\u0131n\u0131n Prezidenti yan\u0131nda D\u00f6vl\u0259t \u0130dar\u0259\u00e7ilik Akademiyas\u0131n\u0131n 2025-ci ilin \u201cKonstitusiya v\u0259 Suverenlik ili\u201d il\u0259 ba\u011fl\u0131 t\u0259sdiq olunmu\u015f t\u0259dbirl\u0259r plan\u0131na \u0259sas\u0259n silsil\u0259<\/p>","protected":false},"author":2,"featured_media":25692,"comment_status":"closed","ping_status":"closed","sticky":false,"template":"","format":"standard","meta":[],"categories":[137],"tags":[],"_links":{"self":[{"href":"https:\/\/legacy.dia.edu.az\/ru\/wp-json\/wp\/v2\/posts\/25719"}],"collection":[{"href":"https:\/\/legacy.dia.edu.az\/ru\/wp-json\/wp\/v2\/posts"}],"about":[{"href":"https:\/\/legacy.dia.edu.az\/ru\/wp-json\/wp\/v2\/types\/post"}],"author":[{"embeddable":true,"href":"https:\/\/legacy.dia.edu.az\/ru\/wp-json\/wp\/v2\/users\/2"}],"replies":[{"embeddable":true,"href":"https:\/\/legacy.dia.edu.az\/ru\/wp-json\/wp\/v2\/comments?post=25719"}],"version-history":[{"count":8,"href":"https:\/\/legacy.dia.edu.az\/ru\/wp-json\/wp\/v2\/posts\/25719\/revisions"}],"predecessor-version":[{"id":25727,"href":"https:\/\/legacy.dia.edu.az\/ru\/wp-json\/wp\/v2\/posts\/25719\/revisions\/25727"}],"wp:featuredmedia":[{"embeddable":true,"href":"https:\/\/legacy.dia.edu.az\/ru\/wp-json\/wp\/v2\/media\/25692"}],"wp:attachment":[{"href":"https:\/\/legacy.dia.edu.az\/ru\/wp-json\/wp\/v2\/media?parent=25719"}],"wp:term":[{"taxonomy":"category","embeddable":true,"href":"https:\/\/legacy.dia.edu.az\/ru\/wp-json\/wp\/v2\/categories?post=25719"},{"taxonomy":"post_tag","embeddable":true,"href":"https:\/\/legacy.dia.edu.az\/ru\/wp-json\/wp\/v2\/tags?post=25719"}],"curies":[{"name":"wp","href":"https:\/\/api.w.org\/{rel}","templated":true}]}}