{"id":25661,"date":"2025-04-19T14:07:20","date_gmt":"2025-04-19T10:07:20","guid":{"rendered":"https:\/\/dia.edu.az\/?p=25661"},"modified":"2025-04-19T14:12:48","modified_gmt":"2025-04-19T10:12:48","slug":"dovl%c9%99t-idar%c9%99cilik-akademiyasinin-t%c9%99l%c9%99b%c9%99l%c9%99ri-sohr%c9%99t-muzeyind%c9%99-ekskursiyada-olublar","status":"publish","type":"post","link":"https:\/\/legacy.dia.edu.az\/ru\/arxivl\u0259r\/25661","title":{"rendered":"D\u00f6vl\u0259t \u0130dar\u0259\u00e7ilik Akademiyas\u0131n\u0131n t\u0259l\u0259b\u0259l\u0259ri \u201c\u015e\u00f6hr\u0259t\u201d muzeyind\u0259 ekskursiyada olublar"},"content":{"rendered":"<div data-elementor-type=\"wp-post\" data-elementor-id=\"25661\" class=\"elementor elementor-25661\" data-elementor-settings=\"[]\">\n\t\t\t\t\t\t<div class=\"elementor-inner\">\n\t\t\t\t\t\t\t<div class=\"elementor-section-wrap\">\n\t\t\t\t\t\t\t<section class=\"elementor-section elementor-top-section elementor-element elementor-element-9037f0b elementor-section-boxed elementor-section-height-default elementor-section-height-default\" data-id=\"9037f0b\" data-element_type=\"section\">\n\t\t\t\t\t\t<div class=\"elementor-container elementor-column-gap-default\">\n\t\t\t\t\t\t\t<div class=\"elementor-row\">\n\t\t\t\t\t<div class=\"elementor-column elementor-col-100 elementor-top-column elementor-element elementor-element-b06cdad\" data-id=\"b06cdad\" data-element_type=\"column\">\n\t\t\t<div class=\"elementor-column-wrap elementor-element-populated\">\n\t\t\t\t\t\t\t<div class=\"elementor-widget-wrap\">\n\t\t\t\t\t\t<div class=\"elementor-element elementor-element-25092bb elementor-widget elementor-widget-text-editor\" data-id=\"25092bb\" data-element_type=\"widget\" data-widget_type=\"text-editor.default\">\n\t\t\t\t<div class=\"elementor-widget-container\">\n\t\t\t\t\t\t\t\t<div class=\"elementor-text-editor elementor-clearfix\">\n\t\t\t\t\tD\u00f6vl\u0259t \u0130dar\u0259\u00e7ilik Akademiyas\u0131n\u0131n t\u0259l\u0259b\u0259l\u0259ri \u201c\u015e\u00f6hr\u0259t\u201d muzeyind\u0259 ekskursiyada olublar\t\t\t\t\t<\/div>\n\t\t\t\t\t\t<\/div>\n\t\t\t\t<\/div>\n\t\t\t\t\t\t<\/div>\n\t\t\t\t\t<\/div>\n\t\t<\/div>\n\t\t\t\t\t\t\t\t<\/div>\n\t\t\t\t\t<\/div>\n\t\t<\/section>\n\t\t\t\t<section class=\"elementor-section elementor-top-section elementor-element elementor-element-5404e90 elementor-section-boxed elementor-section-height-default elementor-section-height-default\" data-id=\"5404e90\" data-element_type=\"section\">\n\t\t\t\t\t\t<div class=\"elementor-container elementor-column-gap-default\">\n\t\t\t\t\t\t\t<div class=\"elementor-row\">\n\t\t\t\t\t<div class=\"elementor-column elementor-col-100 elementor-top-column elementor-element elementor-element-4188d6d\" data-id=\"4188d6d\" data-element_type=\"column\">\n\t\t\t<div class=\"elementor-column-wrap elementor-element-populated\">\n\t\t\t\t\t\t\t<div class=\"elementor-widget-wrap\">\n\t\t\t\t\t\t<div class=\"elementor-element elementor-element-b4fe931 elementor-widget elementor-widget-text-editor\" data-id=\"b4fe931\" data-element_type=\"widget\" data-widget_type=\"text-editor.default\">\n\t\t\t\t<div class=\"elementor-widget-container\">\n\t\t\t\t\t\t\t\t<div class=\"elementor-text-editor elementor-clearfix\">\n\t\t\t\t\t<p>D\u00f6vl\u0259t \u0130dar\u0259\u00e7ilik Akademiyas\u0131n\u0131n bir qrup t\u0259l\u0259b\u0259si D\u00f6vl\u0259t T\u0259hl\u00fck\u0259sizliyi Xidm\u0259tinin (DTX) Heyd\u0259r \u018fliyev ad\u0131na Akademiyas\u0131n\u0131n \u201c\u015e\u00f6hr\u0259t\u201d muzeyind\u0259 ekskursiyada olublar.&nbsp;<br>Qeyd ed\u0259k ki, D\u00f6vl\u0259t T\u0259hl\u00fck\u0259sizliyi Xidm\u0259tinin Heyd\u0259r \u018fliyev ad\u0131na Akademiyas\u0131n\u0131n \u201c\u015e\u00f6hr\u0259t\u201d muzeyi \u00dcmummilli Lider Heyd\u0259r \u018fliyevin \u0259ziz xatir\u0259sini \u0259b\u0259dil\u0259\u015fdirm\u0259k, h\u0259yat v\u0259 f\u0259aliyy\u0259tinin, n\u0259sill\u0259r\u0259 \u00f6rn\u0259k olan m\u0259nal\u0131 \u00f6m\u00fcr yolunun v\u0259 irsinin \u00f6yr\u0259nilm\u0259sini, g\u0259l\u0259c\u0259k n\u0259sill\u0259r\u0259 \u00e7atd\u0131r\u0131lmas\u0131n\u0131, Az\u0259rbaycan g\u0259ncliyinin Heyd\u0259r \u018fliyev amallar\u0131na s\u0259daq\u0259t ruhunda t\u0259rbiy\u0259 olunmas\u0131n\u0131 t\u0259min etm\u0259k m\u0259qs\u0259dil\u0259 yarad\u0131l\u0131b.<br>Unikal m\u0259zmuna v\u0259 n\u0259fis t\u0259rtibata malik olan \u201c\u015e\u00f6hr\u0259t\u201d muzeyinin, el\u0259c\u0259 d\u0259 \u00dcmummilli Lider Heyd\u0259r \u018fliyevin muzey qar\u015f\u0131s\u0131nda ucald\u0131lm\u0131\u015f m\u00f6ht\u0259\u015f\u0259m abid\u0259sinin t\u0259nt\u0259n\u0259li a\u00e7\u0131l\u0131\u015f m\u0259rasimi Az\u0259rbaycan Respublikas\u0131n\u0131n Prezidenti, Silahl\u0131 Q\u00fcvv\u0259l\u0259rin Ali Ba\u015f Komandan\u0131 c\u0259nab \u0130lham \u018fliyevin 2006-c\u0131 il mart ay\u0131n\u0131n 27-d\u0259 Akademiyaya s\u0259f\u0259ri zaman\u0131 ba\u015f tutub.<\/p>\t\t\t\t\t<\/div>\n\t\t\t\t\t\t<\/div>\n\t\t\t\t<\/div>\n\t\t\t\t\t\t<\/div>\n\t\t\t\t\t<\/div>\n\t\t<\/div>\n\t\t\t\t\t\t\t\t<\/div>\n\t\t\t\t\t<\/div>\n\t\t<\/section>\n\t\t\t\t\t\t<\/div>\n\t\t\t\t\t\t<\/div>\n\t\t\t\t\t<\/div>","protected":false},"excerpt":{"rendered":"<p>D\u00f6vl\u0259t \u0130dar\u0259\u00e7ilik Akademiyas\u0131n\u0131n bir qrup t\u0259l\u0259b\u0259si D\u00f6vl\u0259t T\u0259hl\u00fck\u0259sizliyi Xidm\u0259tinin (DTX) Heyd\u0259r \u018fliyev ad\u0131na Akademiyas\u0131n\u0131n \u201c\u015e\u00f6hr\u0259t\u201d muzeyind\u0259 ekskursiyada olublar<\/p>","protected":false},"author":2,"featured_media":25662,"comment_status":"closed","ping_status":"closed","sticky":false,"template":"","format":"standard","meta":[],"categories":[137],"tags":[],"_links":{"self":[{"href":"https:\/\/legacy.dia.edu.az\/ru\/wp-json\/wp\/v2\/posts\/25661"}],"collection":[{"href":"https:\/\/legacy.dia.edu.az\/ru\/wp-json\/wp\/v2\/posts"}],"about":[{"href":"https:\/\/legacy.dia.edu.az\/ru\/wp-json\/wp\/v2\/types\/post"}],"author":[{"embeddable":true,"href":"https:\/\/legacy.dia.edu.az\/ru\/wp-json\/wp\/v2\/users\/2"}],"replies":[{"embeddable":true,"href":"https:\/\/legacy.dia.edu.az\/ru\/wp-json\/wp\/v2\/comments?post=25661"}],"version-history":[{"count":14,"href":"https:\/\/legacy.dia.edu.az\/ru\/wp-json\/wp\/v2\/posts\/25661\/revisions"}],"predecessor-version":[{"id":25680,"href":"https:\/\/legacy.dia.edu.az\/ru\/wp-json\/wp\/v2\/posts\/25661\/revisions\/25680"}],"wp:featuredmedia":[{"embeddable":true,"href":"https:\/\/legacy.dia.edu.az\/ru\/wp-json\/wp\/v2\/media\/25662"}],"wp:attachment":[{"href":"https:\/\/legacy.dia.edu.az\/ru\/wp-json\/wp\/v2\/media?parent=25661"}],"wp:term":[{"taxonomy":"category","embeddable":true,"href":"https:\/\/legacy.dia.edu.az\/ru\/wp-json\/wp\/v2\/categories?post=25661"},{"taxonomy":"post_tag","embeddable":true,"href":"https:\/\/legacy.dia.edu.az\/ru\/wp-json\/wp\/v2\/tags?post=25661"}],"curies":[{"name":"wp","href":"https:\/\/api.w.org\/{rel}","templated":true}]}}