{"id":25626,"date":"2025-04-09T12:27:21","date_gmt":"2025-04-09T08:27:21","guid":{"rendered":"https:\/\/dia.edu.az\/?p=25626"},"modified":"2025-04-09T12:29:29","modified_gmt":"2025-04-09T08:29:29","slug":"az%c9%99rbaycan-respublikasinin-prezidenti-yaninda-dovl%c9%99t-idar%c9%99cilik-akademiyasinin-professoru-beyn%c9%99lxalq-t%c9%99dbird%c9%99-cixis-etmisdir","status":"publish","type":"post","link":"https:\/\/legacy.dia.edu.az\/ru\/arxivl\u0259r\/25626","title":{"rendered":"Az\u0259rbaycan Respublikas\u0131n\u0131n Prezidenti yan\u0131nda D\u00f6vl\u0259t \u0130dar\u0259\u00e7ilik Akademiyas\u0131n\u0131n professoru beyn\u0259lxalq t\u0259dbird\u0259 \u00e7\u0131x\u0131\u015f etmi\u015fdir"},"content":{"rendered":"<div data-elementor-type=\"wp-post\" data-elementor-id=\"25626\" class=\"elementor elementor-25626\" data-elementor-settings=\"[]\">\n\t\t\t\t\t\t<div class=\"elementor-inner\">\n\t\t\t\t\t\t\t<div class=\"elementor-section-wrap\">\n\t\t\t\t\t\t\t<section class=\"elementor-section elementor-top-section elementor-element elementor-element-29ba6b5 elementor-section-boxed elementor-section-height-default elementor-section-height-default\" data-id=\"29ba6b5\" data-element_type=\"section\">\n\t\t\t\t\t\t<div class=\"elementor-container elementor-column-gap-default\">\n\t\t\t\t\t\t\t<div class=\"elementor-row\">\n\t\t\t\t\t<div class=\"elementor-column elementor-col-100 elementor-top-column elementor-element elementor-element-dffffb5\" data-id=\"dffffb5\" data-element_type=\"column\">\n\t\t\t<div class=\"elementor-column-wrap elementor-element-populated\">\n\t\t\t\t\t\t\t<div class=\"elementor-widget-wrap\">\n\t\t\t\t\t\t<div class=\"elementor-element elementor-element-77f975e elementor-widget elementor-widget-text-editor\" data-id=\"77f975e\" data-element_type=\"widget\" data-widget_type=\"text-editor.default\">\n\t\t\t\t<div class=\"elementor-widget-container\">\n\t\t\t\t\t\t\t\t<div class=\"elementor-text-editor elementor-clearfix\">\n\t\t\t\t\tAz\u0259rbaycan Respublikas\u0131n\u0131n Prezidenti yan\u0131nda D\u00f6vl\u0259t \u0130dar\u0259\u00e7ilik Akademiyas\u0131n\u0131n professoru beyn\u0259lxalq t\u0259dbird\u0259 \u00e7\u0131x\u0131\u015f etmi\u015fdir\t\t\t\t\t<\/div>\n\t\t\t\t\t\t<\/div>\n\t\t\t\t<\/div>\n\t\t\t\t\t\t<\/div>\n\t\t\t\t\t<\/div>\n\t\t<\/div>\n\t\t\t\t\t\t\t\t<\/div>\n\t\t\t\t\t<\/div>\n\t\t<\/section>\n\t\t\t\t<section class=\"elementor-section elementor-top-section elementor-element elementor-element-4904fea elementor-section-boxed elementor-section-height-default elementor-section-height-default\" data-id=\"4904fea\" data-element_type=\"section\">\n\t\t\t\t\t\t<div class=\"elementor-container elementor-column-gap-default\">\n\t\t\t\t\t\t\t<div class=\"elementor-row\">\n\t\t\t\t\t<div class=\"elementor-column elementor-col-100 elementor-top-column elementor-element elementor-element-f4227e6\" data-id=\"f4227e6\" data-element_type=\"column\">\n\t\t\t<div class=\"elementor-column-wrap elementor-element-populated\">\n\t\t\t\t\t\t\t<div class=\"elementor-widget-wrap\">\n\t\t\t\t\t\t<div class=\"elementor-element elementor-element-6337d63 elementor-widget elementor-widget-text-editor\" data-id=\"6337d63\" data-element_type=\"widget\" data-widget_type=\"text-editor.default\">\n\t\t\t\t<div class=\"elementor-widget-container\">\n\t\t\t\t\t\t\t\t<div class=\"elementor-text-editor elementor-clearfix\">\n\t\t\t\t\t<p>8 aprel 2025-ci il tarixind\u0259 Moskvada Rusiya Prezidenti yan\u0131nda Xalq T\u0259s\u0259rr\u00fcfat\u0131 v\u0259 D\u00f6vl\u0259t \u0130dar\u0259\u00e7ilik Akademiyas\u0131nda  \u201cH\u00fcquq v\u0259 milli t\u0259hl\u00fck\u0259sizliyin kommunikativ aspektl\u0259ri\u201d  adl\u0131 konfrans ke\u00e7irilmi\u015fdir. \n\nKonfrans\u0131n plenar iclas\u0131nda tarix elml\u0259ri doktoru, Az\u0259rbaycan Respublikas\u0131n\u0131n Prezidenti yan\u0131nda \u2076D\u00f6vl\u0259t \u0130dar\u0259\u00e7ilik Akademiyas\u0131n\u0131n Tarix kafedras\u0131n\u0131n professoru, Rusiya T\u0259bi\u0259t Elml\u0259ri Akademiyas\u0131n\u0131n akademiki Fuad M\u0259mm\u0259dov \u201cY\u00fcks\u0259k m\u0259d\u0259niyy\u0259tli insan &#8211; b\u0259\u015f\u0259riyy\u0259tin humanitar t\u0259hl\u00fck\u0259sizliyinin strateji m\u0259qs\u0259di kimi\u201d m\u00f6vzusunda m\u0259ruz\u0259 etmi\u015fdir.\nMaraq do\u011furan \u00e7\u0131x\u0131\u015f Az\u0259rbaycan Respublikas\u0131n\u0131n Prezidenti \u0130lham \u018fliyevin r\u0259hb\u0259rliyi v\u0259 Heyd\u0259r \u018fliyev Fondunun d\u0259st\u0259yi il\u0259, M\u0259d\u0259niyy\u0259t Nazirliyi t\u0259r\u0259find\u0259n h\u0259yata ke\u00e7iril\u0259n, Az\u0259rbaycan Respublikas\u0131n\u0131n sosial-m\u0259d\u0259ni inki\u015faf\u0131 \u00fczr\u0259 yeni strategiya kontekstind\u0259 haz\u0131rlan\u0131b. \u00c7\u0131x\u0131\u015fda  m\u0259d\u0259niyy\u0259t v\u0259 sivilizasiya anlay\u0131\u015flar\u0131, ail\u0259 m\u0259d\u0259niyy\u0259ti, d\u00f6vl\u0259t idar\u0259\u00e7iliyi v\u0259 \u00f6z\u00fcn\u00fcidar\u0259etm\u0259 m\u0259d\u0259niyy\u0259ti, v\u0259t\u0259nda\u015flar\u0131n \u00f6z\u00fcn\u00fc inki\u015faf v\u0259 t\u0259kmill\u0259\u015fdirm\u0259 m\u0259d\u0259niyy\u0259ti, insan v\u0259 beyn\u0259lxalq m\u00fcnasib\u0259tl\u0259r m\u0259d\u0259niyy\u0259ti v\u0259 s. kimi m\u0259s\u0259l\u0259l\u0259r\u0259 toxunulmu\u015fdur.<\/p>\t\t\t\t\t<\/div>\n\t\t\t\t\t\t<\/div>\n\t\t\t\t<\/div>\n\t\t\t\t\t\t<\/div>\n\t\t\t\t\t<\/div>\n\t\t<\/div>\n\t\t\t\t\t\t\t\t<\/div>\n\t\t\t\t\t<\/div>\n\t\t<\/section>\n\t\t\t\t\t\t<\/div>\n\t\t\t\t\t\t<\/div>\n\t\t\t\t\t<\/div>","protected":false},"excerpt":{"rendered":"<p>8 aprel 2025-ci il tarixind\u0259 Moskvada Rusiya Prezidenti yan\u0131nda Xalq T\u0259s\u0259rr\u00fcfat\u0131 v\u0259 D\u00f6vl\u0259t \u0130dar\u0259\u00e7ilik Akademiyas\u0131nda  \u201cH\u00fcquq v\u0259 milli t\u0259hl\u00fck\u0259sizliyin kommunikativ aspektl\u0259ri\u201d  adl\u0131 konfrans ke\u00e7irilmi\u015fdir. <\/p>","protected":false},"author":2,"featured_media":22116,"comment_status":"closed","ping_status":"closed","sticky":false,"template":"","format":"standard","meta":[],"categories":[137],"tags":[],"_links":{"self":[{"href":"https:\/\/legacy.dia.edu.az\/ru\/wp-json\/wp\/v2\/posts\/25626"}],"collection":[{"href":"https:\/\/legacy.dia.edu.az\/ru\/wp-json\/wp\/v2\/posts"}],"about":[{"href":"https:\/\/legacy.dia.edu.az\/ru\/wp-json\/wp\/v2\/types\/post"}],"author":[{"embeddable":true,"href":"https:\/\/legacy.dia.edu.az\/ru\/wp-json\/wp\/v2\/users\/2"}],"replies":[{"embeddable":true,"href":"https:\/\/legacy.dia.edu.az\/ru\/wp-json\/wp\/v2\/comments?post=25626"}],"version-history":[{"count":4,"href":"https:\/\/legacy.dia.edu.az\/ru\/wp-json\/wp\/v2\/posts\/25626\/revisions"}],"predecessor-version":[{"id":25630,"href":"https:\/\/legacy.dia.edu.az\/ru\/wp-json\/wp\/v2\/posts\/25626\/revisions\/25630"}],"wp:featuredmedia":[{"embeddable":true,"href":"https:\/\/legacy.dia.edu.az\/ru\/wp-json\/wp\/v2\/media\/22116"}],"wp:attachment":[{"href":"https:\/\/legacy.dia.edu.az\/ru\/wp-json\/wp\/v2\/media?parent=25626"}],"wp:term":[{"taxonomy":"category","embeddable":true,"href":"https:\/\/legacy.dia.edu.az\/ru\/wp-json\/wp\/v2\/categories?post=25626"},{"taxonomy":"post_tag","embeddable":true,"href":"https:\/\/legacy.dia.edu.az\/ru\/wp-json\/wp\/v2\/tags?post=25626"}],"curies":[{"name":"wp","href":"https:\/\/api.w.org\/{rel}","templated":true}]}}