{"id":25607,"date":"2025-04-03T12:23:14","date_gmt":"2025-04-03T08:23:14","guid":{"rendered":"https:\/\/dia.edu.az\/?p=25607"},"modified":"2025-04-03T12:27:08","modified_gmt":"2025-04-03T08:27:08","slug":"az%c9%99rbaycan-cin-strateji-t%c9%99r%c9%99fdasligi-qlobal-c%c9%99nubda-konsolidasiya-v%c9%99-%c9%99m%c9%99kdasligin-t%c9%99sviqi","status":"publish","type":"post","link":"https:\/\/legacy.dia.edu.az\/ru\/arxivl\u0259r\/25607","title":{"rendered":"\u201cAz\u0259rbaycan \u2013 \u00c7in strateji t\u0259r\u0259fda\u015fl\u0131\u011f\u0131: Qlobal C\u0259nubda konsolidasiya v\u0259 \u0259m\u0259kda\u015fl\u0131\u011f\u0131n t\u0259\u015fviqi\u201d"},"content":{"rendered":"<div data-elementor-type=\"wp-post\" data-elementor-id=\"25607\" class=\"elementor elementor-25607\" data-elementor-settings=\"[]\">\n\t\t\t\t\t\t<div class=\"elementor-inner\">\n\t\t\t\t\t\t\t<div class=\"elementor-section-wrap\">\n\t\t\t\t\t\t\t<section class=\"elementor-section elementor-top-section elementor-element elementor-element-6aaf5b2 elementor-section-boxed elementor-section-height-default elementor-section-height-default\" data-id=\"6aaf5b2\" data-element_type=\"section\">\n\t\t\t\t\t\t<div class=\"elementor-container elementor-column-gap-default\">\n\t\t\t\t\t\t\t<div class=\"elementor-row\">\n\t\t\t\t\t<div class=\"elementor-column elementor-col-100 elementor-top-column elementor-element elementor-element-977158d\" data-id=\"977158d\" data-element_type=\"column\">\n\t\t\t<div class=\"elementor-column-wrap elementor-element-populated\">\n\t\t\t\t\t\t\t<div class=\"elementor-widget-wrap\">\n\t\t\t\t\t\t<div class=\"elementor-element elementor-element-15ea322 elementor-widget elementor-widget-text-editor\" data-id=\"15ea322\" data-element_type=\"widget\" data-widget_type=\"text-editor.default\">\n\t\t\t\t<div class=\"elementor-widget-container\">\n\t\t\t\t\t\t\t\t<div class=\"elementor-text-editor elementor-clearfix\">\n\t\t\t\t\t\u201cAz\u0259rbaycan \u2013 \u00c7in strateji t\u0259r\u0259fda\u015fl\u0131\u011f\u0131: Qlobal C\u0259nubda konsolidasiya v\u0259 \u0259m\u0259kda\u015fl\u0131\u011f\u0131n t\u0259\u015fviqi\u201d\t\t\t\t\t<\/div>\n\t\t\t\t\t\t<\/div>\n\t\t\t\t<\/div>\n\t\t\t\t\t\t<\/div>\n\t\t\t\t\t<\/div>\n\t\t<\/div>\n\t\t\t\t\t\t\t\t<\/div>\n\t\t\t\t\t<\/div>\n\t\t<\/section>\n\t\t\t\t<section class=\"elementor-section elementor-top-section elementor-element elementor-element-1d8967b elementor-section-boxed elementor-section-height-default elementor-section-height-default\" data-id=\"1d8967b\" data-element_type=\"section\">\n\t\t\t\t\t\t<div class=\"elementor-container elementor-column-gap-default\">\n\t\t\t\t\t\t\t<div class=\"elementor-row\">\n\t\t\t\t\t<div class=\"elementor-column elementor-col-100 elementor-top-column elementor-element elementor-element-d641ba0\" data-id=\"d641ba0\" data-element_type=\"column\">\n\t\t\t<div class=\"elementor-column-wrap elementor-element-populated\">\n\t\t\t\t\t\t\t<div class=\"elementor-widget-wrap\">\n\t\t\t\t\t\t<div class=\"elementor-element elementor-element-a9f7316 elementor-widget elementor-widget-text-editor\" data-id=\"a9f7316\" data-element_type=\"widget\" data-widget_type=\"text-editor.default\">\n\t\t\t\t<div class=\"elementor-widget-container\">\n\t\t\t\t\t\t\t\t<div class=\"elementor-text-editor elementor-clearfix\">\n\t\t\t\t\t<p>Aprelin 2-d\u0259  Yeni Az\u0259rbaycan Partiyas\u0131n\u0131n (YAP) t\u0259\u015fkilat\u00e7\u0131l\u0131\u011f\u0131 il\u0259  \u201cAz\u0259rbaycan \u2013 \u00c7in strateji t\u0259r\u0259fda\u015fl\u0131\u011f\u0131: Qlobal C\u0259nubda konsolidasiya v\u0259 \u0259m\u0259kda\u015fl\u0131\u011f\u0131n t\u0259\u015fviqi\u201d m\u00f6vzusunda konfrans ke\u00e7irilib.&nbsp;<br>\nT\u0259dbird\u0259n \u0259vv\u0259l YAP \u0130dar\u0259 Hey\u0259tinin \u00fczv\u00fc, Milli M\u0259clisin deputat\u0131 \u00dclviyy\u0259 H\u0259mz\u0259yevan\u0131n \u00f6t\u0259n il \u00c7in Xalq Respublikas\u0131na (\u00c7XR) s\u0259f\u0259r t\u0259\u0259ss\u00fcratlar\u0131ndan ibar\u0259t r\u0259sm \u0259s\u0259rl\u0259ri n\u00fcmayi\u015f olunub.<br>\nKonfransda \u0259vv\u0259lc\u0259 xalq\u0131m\u0131z\u0131n \u00dcmummilli Lideri Heyd\u0259r \u018fliyevin, Az\u0259rbaycan v\u0259 \u00c7in Xalq Respublikas\u0131n\u0131n m\u00fcst\u0259qilliyi v\u0259 suverenliyi u\u011frunda canlar\u0131n\u0131 qurban vermi\u015f v\u0259t\u0259n \u00f6vladlar\u0131n\u0131n \u0259ziz xatir\u0259si bir d\u0259qiq\u0259lik s\u00fckutla yad edilib. Sonra \u00c7in Xalq Respublikas\u0131n\u0131n v\u0259 Az\u0259rbaycan Respublikas\u0131n\u0131n D\u00f6vl\u0259t himnl\u0259ri s\u0259sl\u0259ndirilib.<br>\nKonfrans\u0131n moderatoru, Milli M\u0259clisin deputat\u0131 P\u0259rvin K\u0259rimzad\u0259 Az\u0259rbaycanla \u00c7in aras\u0131nda \u0259laq\u0259l\u0259rin dinamik inki\u015faf etdiyini bildirib. \u00c7in Xalq Respublikas\u0131n\u0131n qlobal g\u00fcc m\u0259rk\u0259zl\u0259rind\u0259n biri oldu\u011funu dey\u0259n P.K\u0259rimzad\u0259 Az\u0259rbaycan\u0131n C\u0259nubi Qafqaz regionunun lider d\u00f6vl\u0259ti kimi m\u00fcasir beyn\u0259lxalq m\u00fcnasib\u0259tl\u0259r sistemind\u0259 m\u00f6vqel\u0259rini m\u00f6hk\u0259ml\u0259ndirdiyini diqq\u0259t\u0259 \u00e7atd\u0131r\u0131b. O qeyd edib ki,  Yeni Az\u0259rbaycan Partiyas\u0131 il\u0259 \u00c7in Kommunist Partiyas\u0131 aras\u0131nda s\u0259m\u0259r\u0259li, qar\u015f\u0131l\u0131ql\u0131 faydal\u0131 v\u0259 \u00e7ox\u015fax\u0259li \u0259laq\u0259l\u0259r m\u00f6vcuddur. P.K\u0259rimzad\u0259nin fikrinc\u0259, bu konfrans iki \u00f6lk\u0259 aras\u0131nda m\u00f6vcud \u0259laq\u0259l\u0259r v\u0259 perspektiv \u0259m\u0259kda\u015fl\u0131\u011fa dair fikir m\u00fcbadil\u0259sinin apar\u0131lmas\u0131 bax\u0131m\u0131ndan m\u00fch\u00fcm \u0259h\u0259miyy\u0259t k\u0259sb edir.<br>\n\u00c7\u0131x\u0131\u015f ed\u0259n YAP S\u0259drinin m\u00fcavini \u2013 M\u0259rk\u0259zi Aparat\u0131n r\u0259hb\u0259ri Tahir Budaqov t\u0259dbir i\u015ftirak\u00e7\u0131lar\u0131n\u0131 salamlamaqdan m\u0259mnunlu\u011funu ifad\u0259 edib, d\u0259v\u0259ti q\u0259bul ed\u0259r\u0259k \u00f6lk\u0259miz\u0259 s\u0259f\u0259r\u0259 g\u0259lmi\u015f \u00c7in Kommunist Partiyas\u0131n\u0131n n\u00fcmay\u0259nd\u0259 hey\u0259tin\u0259 t\u0259\u015f\u0259kk\u00fcr\u00fcn\u00fc bildirib v\u0259 konfrans\u0131n i\u015fin\u0259 u\u011furlar arzulay\u0131b.<br>\nTahir Budaqov qeyd edib ki, bu g\u00fcn Az\u0259rbaycan Respublikas\u0131 il\u0259 \u00c7in Xalq Respublikas\u0131 aras\u0131ndak\u0131 m\u00fcnasib\u0259tl\u0259r dostluq, qar\u015f\u0131l\u0131ql\u0131 faydal\u0131 \u0259m\u0259kda\u015fl\u0131q v\u0259 etibarl\u0131 strateji t\u0259r\u0259fda\u015fl\u0131\u011fa \u0259saslan\u0131r: \u201cAz\u0259rbaycan Prezidenti, Yeni Az\u0259rbaycan Partiyas\u0131n\u0131n S\u0259dri \u0130lham \u018fliyev il\u0259 \u00c7in Xalq Respublikas\u0131n\u0131n S\u0259dri, \u00c7in Kommunist Partiyas\u0131n\u0131n Ba\u015f katibi Si Cinpin iki \u00f6lk\u0259 aras\u0131nda \u0259laq\u0259l\u0259rin inki\u015faf\u0131na b\u00f6y\u00fck \u00f6n\u0259m verirl\u0259r. D\u00f6vl\u0259t ba\u015f\u00e7\u0131lar\u0131n\u0131n irad\u0259l\u0259ri say\u0259sind\u0259 m\u00fcxt\u0259lif sah\u0259l\u0259ri \u0259hat\u0259 ed\u0259n \u00e7ox\u015fax\u0259li \u0259m\u0259kda\u015fl\u0131\u011f\u0131n d\u0259rinl\u0259\u015fdirilm\u0259si istiqam\u0259tind\u0259 m\u0259qs\u0259dy\u00f6nl\u00fc f\u0259aliyy\u0259t h\u0259yata ke\u00e7irilir. F\u0259al siyasi dialoq v\u0259 davaml\u0131 diplomatik t\u0259maslar fonunda son olaraq 2024-c\u00fc ilin iyulun 3-d\u0259 \u015eanxay \u018fm\u0259kda\u015fl\u0131q T\u0259\u015fkilat\u0131n\u0131n Astanada ke\u00e7iril\u0259n Zirv\u0259 toplant\u0131s\u0131 \u00e7\u0259r\u00e7iv\u0259sind\u0259 \u201cAz\u0259rbaycan Respublikas\u0131 il\u0259 \u00c7in Xalq Respublikas\u0131 aras\u0131nda strateji t\u0259r\u0259fda\u015fl\u0131\u011f\u0131n qurulmas\u0131 haqq\u0131nda Birg\u0259 B\u0259yannam\u0259\u201dnin q\u0259bulu m\u00fcst\u0259qil siyas\u0259t h\u0259yata ke\u00e7ir\u0259n iki d\u00f6vl\u0259tin ortaq irad\u0259sini ifad\u0259 etm\u0259kl\u0259 g\u0259l\u0259c\u0259y\u0259 y\u00f6n\u0259lik \u00e7ox \u00f6n\u0259mli add\u0131m kimi b\u00f6y\u00fck \u0259h\u0259miyy\u0259t\u0259 malikdir. B\u0259yannam\u0259d\u0259 qeyd edildiyi kimi, t\u0259r\u0259fl\u0259r siyasi, iqtisadi v\u0259 m\u0259d\u0259ni sah\u0259l\u0259rd\u0259 \u0259m\u0259kda\u015fl\u0131\u011f\u0131 geni\u015fl\u0259ndirm\u0259y\u0259, beyn\u0259lxalq m\u0259s\u0259l\u0259l\u0259rd\u0259 qar\u015f\u0131l\u0131ql\u0131 f\u0259aliyy\u0259ti g\u00fccl\u0259ndirm\u0259y\u0259, iki \u00f6lk\u0259nin \u00fcmumi maraqlar\u0131n\u0131 birg\u0259 qoruma\u011fa, h\u0259m\u00e7inin regional v\u0259 qlobal s\u00fclh, sabitlik v\u0259 inki\u015faf f\u0259aliyy\u0259tini ir\u0259lil\u0259tm\u0259y\u0259 dair raz\u0131l\u0131q \u0259ld\u0259 etmi\u015fl\u0259r. Bu, Az\u0259rbaycan il\u0259 \u00c7inin bir-birini prioritet v\u0259 etibarl\u0131 t\u0259r\u0259fda\u015f hesab ed\u0259r\u0259k strateji h\u0259d\u0259fl\u0259rini ard\u0131c\u0131l olaraq ger\u00e7\u0259kl\u0259\u015fdirm\u0259k \u0259zmini g\u00f6st\u0259rir\u201d.<br>\nYAP S\u0259drinin m\u00fcavini vur\u011fulay\u0131b ki, d\u00fcnyada y\u00fcks\u0259k n\u00fcfuza malik olan d\u00f6vl\u0259tl\u0259r kimi Az\u0259rbaycan il\u0259 \u00c7in beyn\u0259lxalq m\u00fcst\u0259vid\u0259 \u0259m\u0259kda\u015fl\u0131\u011f\u0131 x\u00fcsusi diqq\u0259t m\u0259rk\u0259zind\u0259 saxlamaqla bir-birinin maraqlar\u0131n\u0131n qorunmas\u0131na b\u00f6y\u00fck \u00f6n\u0259m verirl\u0259r. Onun s\u00f6zl\u0259rin\u0259 g\u00f6r\u0259, \u00f6z \u0259razi b\u00fct\u00f6vl\u00fcy\u00fc v\u0259 suverenliyini tam t\u0259min ed\u0259r\u0259k yeni geostrateji reall\u0131qlar yaradan Az\u0259rbaycan beyn\u0259lxalq h\u00fcququn norma v\u0259 prinsipl\u0259rini \u0259sas g\u00f6t\u00fcr\u0259r\u0259k m\u00fcst\u0259qil d\u00f6vl\u0259tl\u0259rin, o c\u00fcml\u0259d\u0259n dost v\u0259 t\u0259r\u0259fda\u015f \u00c7inin \u0259razi b\u00fct\u00f6vl\u00fcy\u00fcn\u0259, el\u0259c\u0259 d\u0259 Vahid \u00c7in prinsipin\u0259 birm\u0259nal\u0131 d\u0259st\u0259yini daim ifad\u0259 etm\u0259kd\u0259dir: \u201c\u00d6z n\u00f6vb\u0259sind\u0259, BMT T\u0259hl\u00fck\u0259sizlik \u015euras\u0131n\u0131n be\u015f daimi \u00fczv\u00fcnd\u0259n biri olan \u00c7in Xalq Respublikas\u0131n\u0131n Az\u0259rbaycan\u0131n haql\u0131 v\u0259 \u0259dal\u0259tli m\u00f6vqeyini m\u00fcdafi\u0259 etm\u0259si xalq\u0131m\u0131z t\u0259r\u0259find\u0259n y\u00fcks\u0259k d\u0259y\u0259rl\u0259ndirilir. \u00c7inin \u00f6lk\u0259mizin BRICS platformas\u0131nda t\u0259msil\u00e7iliyin\u0259 v\u0259 \u015eanxay \u018fm\u0259kda\u015fl\u0131q T\u0259\u015fkilat\u0131 il\u0259 \u0259laq\u0259l\u0259rinin inki\u015faf\u0131na d\u0259st\u0259k g\u00f6st\u0259rm\u0259si is\u0259 daha bir s\u0259mimi dostluq v\u0259 t\u0259r\u0259fda\u015fl\u0131q n\u00fcmun\u0259sidir\u201d.<br>\nTahir Budaqov bildirib ki, \u015e\u0259rq-Q\u0259rb v\u0259 \u015eimal-C\u0259nub beyn\u0259lxalq n\u0259qliyyat d\u0259hlizl\u0259rinin k\u0259si\u015fm\u0259sind\u0259 Avrasiyan\u0131n m\u00fch\u00fcm tranzit qov\u015fa\u011f\u0131na \u00e7evril\u0259n Az\u0259rbaycan \u00c7inin &#8220;Bir k\u0259m\u0259r, bir yol&#8221; layih\u0259sin\u0259 ilk d\u0259st\u0259k ver\u0259n \u00f6lk\u0259l\u0259rd\u0259n biri kimi bu layih\u0259 v\u0259 Orta D\u0259hliz \u00e7\u0259r\u00e7iv\u0259sind\u0259 \u0259m\u0259kda\u015fl\u0131\u011f\u0131n geni\u015fl\u0259ndirilm\u0259sind\u0259 son d\u0259r\u0259c\u0259d\u0259 maraql\u0131 oldu\u011funu \u00f6z \u0259m\u0259li f\u0259aliyy\u0259ti il\u0259 \u0259yani \u015f\u0259kild\u0259 n\u00fcmayi\u015f etdirm\u0259kd\u0259dir: \u201cHe\u00e7 \u015f\u00fcbh\u0259siz, \u00f6lk\u0259mizin prinsipial m\u00f6vqeyi fonunda qar\u015f\u0131dak\u0131 d\u00f6vrd\u0259 Z\u0259ng\u0259zur d\u0259hlizinin realla\u015fd\u0131r\u0131lmas\u0131 t\u0259r\u0259fda\u015f d\u00f6vl\u0259tl\u0259ri, o c\u00fcml\u0259d\u0259n Az\u0259rbaycan il\u0259 \u00c7ini yeni \u00e7oxt\u0259r\u0259fli \u0259m\u0259kda\u015fl\u0131q platformas\u0131nda bir araya g\u0259tir\u0259r\u0259k Avrasiyada konstruktiv i\u015fbirliyinin g\u00fccl\u0259nm\u0259sini \u015f\u0259rtl\u0259ndir\u0259c\u0259kdir\u201d.<br>\nYAP M\u0259rk\u0259zi Aparat\u0131n\u0131n r\u0259hb\u0259ri s\u00f6yl\u0259yib ki, \u00f6lk\u0259l\u0259rimiz aras\u0131nda strateji t\u0259r\u0259fda\u015fl\u0131\u011f\u0131n qurulmas\u0131 haqq\u0131nda Birg\u0259 B\u0259yannam\u0259d\u0259 \u0259ksini tapan ba\u015fl\u0131ca m\u0259s\u0259l\u0259l\u0259rd\u0259n biri d\u0259 partiyalararas\u0131 \u0259laq\u0259l\u0259rin g\u00fccl\u0259ndirilm\u0259sidir: \u201cAz\u0259rbaycan-\u00c7in m\u00fcnasib\u0259tl\u0259rinin inki\u015faf\u0131nda iki \u00f6lk\u0259nin hakim partiyalar\u0131n\u0131n \u0259m\u0259kda\u015fl\u0131q \u0259laq\u0259l\u0259rinin m\u00fcst\u0259sna rolu vard\u0131r. Son ill\u0259rd\u0259 hakim partiyalar aras\u0131nda f\u0259al siyasi dialoq \u015f\u0259raitind\u0259 intensiv t\u0259maslar diqq\u0259ti c\u0259lb edir. X\u00fcsusil\u0259 d\u0259, qar\u015f\u0131l\u0131ql\u0131 s\u0259f\u0259rl\u0259r partiyalararas\u0131 m\u00fcnasib\u0259tl\u0259rin inki\u015faf\u0131na t\u0259kan verm\u0259kd\u0259dir. N\u00fcmay\u0259nd\u0259 hey\u0259tl\u0259rinin qar\u015f\u0131l\u0131ql\u0131 s\u0259f\u0259rl\u0259ri \u00e7\u0259r\u00e7iv\u0259sind\u0259 aktual m\u0259s\u0259l\u0259l\u0259r\u0259 dair fikir v\u0259 t\u0259cr\u00fcb\u0259 m\u00fcbadil\u0259sinin apar\u0131lmas\u0131 ikit\u0259r\u0259fli \u0259laq\u0259l\u0259rin inki\u015faf\u0131nda m\u00fch\u00fcm amil kimi x\u00fcsusi \u0259h\u0259miyy\u0259t\u0259 malikdir. 2024-c\u00fc ilin noyabr ay\u0131nda YAP n\u00fcmay\u0259nd\u0259 hey\u0259tinin \u00c7in Xalq Respublikas\u0131na s\u0259f\u0259ri zaman\u0131 Yeni Az\u0259rbaycan Partiyas\u0131 il\u0259 \u00c7in Kommunist Partiyas\u0131 aras\u0131nda memorandumun imzalanmas\u0131 is\u0259 qar\u015f\u0131l\u0131ql\u0131 h\u00f6rm\u0259t v\u0259 etimada \u0259saslanan \u0259m\u0259kda\u015fl\u0131\u011f\u0131n siyasi v\u0259 h\u00fcquqi \u0259saslar\u0131n\u0131 m\u00f6hk\u0259ml\u0259ndir\u0259r\u0259k partiyalar aras\u0131nda m\u00fcnasib\u0259tl\u0259rin keyfiyy\u0259tc\u0259 yeni m\u0259rh\u0259l\u0259y\u0259 y\u00fcks\u0259lm\u0259sini t\u0259min etmi\u015fdir. Memorandumdan ir\u0259li g\u0259l\u0259r\u0259k \u0259laq\u0259l\u0259ri y\u00fcks\u0259k s\u0259viyy\u0259d\u0259 saxlamaq, m\u00fct\u0259madi olaraq n\u00fcmay\u0259nd\u0259 hey\u0259tl\u0259rinin s\u0259f\u0259rl\u0259rini t\u0259\u015fkil etm\u0259k, \u00fcmumi maraq do\u011furan m\u0259s\u0259l\u0259l\u0259r \u00fczr\u0259 t\u0259maslar\u0131 g\u00fccl\u0259ndirm\u0259k qar\u015f\u0131da duran ba\u015fl\u0131ca v\u0259zif\u0259l\u0259rd\u0259ndir\u201d.<br>\nTahir Budaqovun s\u00f6zl\u0259rin\u0259 g\u00f6r\u0259, Az\u0259rbaycan-\u00c7in strateji t\u0259r\u0259fda\u015fl\u0131\u011f\u0131 t\u0259kc\u0259 iki \u00f6lk\u0259 aras\u0131nda m\u00fcnasib\u0259tl\u0259rin inki\u015faf\u0131 v\u0259 i\u015fbirliyinin d\u0259rinl\u0259\u015fdirilm\u0259si il\u0259 \u0259lam\u0259tdar deyil, eyni zamanda, Qlobal C\u0259nubda konsolidasiya v\u0259 \u0259m\u0259kda\u015fl\u0131\u011f\u0131n t\u0259\u015fviqi bax\u0131m\u0131ndan olduqca m\u00fch\u00fcm \u0259h\u0259miyy\u0259t\u0259 malikdir: \u201c\u0130nkaredilm\u0259z h\u0259qiq\u0259tdir ki, C\u0259nubi Asiya, Afrika, Lat\u0131n Amerikas\u0131 v\u0259 Karib h\u00f6vz\u0259si boyunca d\u00fcnya \u0259halisinin yar\u0131dan \u00e7oxunu \u00f6z\u00fcnd\u0259 ehtiva ed\u0259n Qlobal C\u0259nub ciddi siyasi v\u0259 iqtisadi resurslar\u0131 c\u0259ml\u0259\u015fdirm\u0259kl\u0259 yeni g\u00fcc m\u0259rk\u0259zin\u0259 \u00e7evrilmi\u015fdir. Qlobal C\u0259nub \u00f6lk\u0259l\u0259ri dayan\u0131ql\u0131 iqtisadi inki\u015faf, r\u0259q\u0259msal transformasiya, texnoloji innovasiyalar v\u0259 sosial t\u0259r\u0259qqi \u00fc\u00e7\u00fcn yeni standartlar yaratmaq potensial\u0131na malikdir. B\u00fct\u00f6vl\u00fckd\u0259, Qlobal C\u0259nubun y\u00fcks\u0259li\u015fi b\u0259rab\u0259rlik, inkl\u00fczivlik v\u0259 s\u0259m\u0259r\u0259li \u0259m\u0259kda\u015fl\u0131q prinsipl\u0259rin\u0259 s\u00f6yk\u0259n\u0259n \u0259dal\u0259tli beyn\u0259lxalq m\u00fcnasib\u0259tl\u0259r sisteminin formala\u015fmas\u0131 bax\u0131m\u0131ndan m\u00fcst\u0259sna \u00f6n\u0259m da\u015f\u0131y\u0131r. Qlobal probleml\u0259rin artd\u0131\u011f\u0131 \u015f\u0259raitd\u0259 milli maraqlara h\u00f6rm\u0259t v\u0259 \u0259dal\u0259t prinsipl\u0259rin\u0259 \u0259saslanan yeni \u0259m\u0259kda\u015fl\u0131q modelinin formala\u015fmas\u0131 \u00fc\u00e7\u00fcn Qlobal C\u0259nub il\u0259 Qlobal \u015eimal\u0131n konstruktiv i\u015fbirliyi m\u0259s\u0259l\u0259si aktual \u00e7a\u011f\u0131r\u0131\u015f kimi qar\u015f\u0131m\u0131zda dayan\u0131r. \u0130st\u0259r Az\u0259rbaycan, ist\u0259rs\u0259 d\u0259 \u00c7in \u00e7oxq\u00fctbl\u00fc siyasi nizam\u0131n t\u0259r\u0259fdar\u0131 kimi beyn\u0259lxalq t\u0259hl\u00fck\u0259sizliy\u0259 ciddi t\u0259hdidl\u0259r yaradan hallara qar\u015f\u0131 bar\u0131\u015fmaz m\u00f6vqe s\u0259rgil\u0259y\u0259r\u0259k m\u00fcst\u0259qil, q\u0259tiyy\u0259tli v\u0259 konstruktiv siyas\u0259t h\u0259yata ke\u00e7irm\u0259kl\u0259 qlobal miqyasda dialoq v\u0259 \u0259m\u0259kda\u015fl\u0131\u011f\u0131 t\u0259\u015fviq edirl\u0259r. Yeni reall\u0131qlar fonunda h\u0259mr\u0259ylik n\u00fcmayi\u015f etdir\u0259r\u0259k d\u00fcnyada b\u0259rab\u0259rsizlik, t\u0259cridetm\u0259 v\u0259 haqs\u0131z r\u0259qab\u0259t kimi probleml\u0259rin \u0259h\u0259miyy\u0259tli d\u0259r\u0259c\u0259d\u0259 h\u0259llin\u0259 nail olmaqla b\u0259\u015f\u0259riyy\u0259tin sa\u011flam v\u0259 xo\u015fb\u0259xt g\u0259l\u0259c\u0259yi \u00fc\u00e7\u00fcn etibarl\u0131 z\u0259min formala\u015fd\u0131ra bil\u0259rik\u201d.<br>\nYAP S\u0259drinin m\u00fcavini vur\u011fulay\u0131b ki, bu zamana q\u0259d\u0259r g\u00f6r\u00fcl\u0259n i\u015fl\u0259r v\u0259 qazan\u0131lan u\u011furlarla yana\u015f\u0131, qar\u015f\u0131m\u0131zda \u00f6n\u0259mli h\u0259d\u0259fl\u0259r durur: \u201cYeni Az\u0259rbaycan Partiyas\u0131 il\u0259 \u00c7in Kommunist Partiyas\u0131 hakim siyasi partiyalar kimi d\u00f6vl\u0259t ba\u015f\u00e7\u0131lar\u0131n\u0131n dostluq m\u00fcnasib\u0259tl\u0259rini v\u0259 Az\u0259rbaycan il\u0259 \u00c7in aras\u0131nda strateji t\u0259r\u0259fda\u015fl\u0131\u011f\u0131 \u0259sas g\u00f6t\u00fcr\u0259r\u0259k birg\u0259 f\u0259aliyy\u0259ti m\u00fcv\u0259ff\u0259qiyy\u0259tl\u0259 davam etdirm\u0259k v\u0259 yeni u\u011furlara imza atmaq \u0259zmind\u0259dir. Yeri g\u0259lmi\u015fk\u0259n, f\u00fcrs\u0259td\u0259n istifad\u0259 ed\u0259r\u0259k Yeni Az\u0259rbaycan Partiyas\u0131n\u0131n n\u00fcmay\u0259nd\u0259 hey\u0259tl\u0259rinin \u00c7in Xalq Respublikas\u0131na s\u0259f\u0259rl\u0259ri zaman\u0131 g\u00f6st\u0259ril\u0259n y\u00fcks\u0259k qonaqp\u0259rv\u0259rliy\u0259 v\u0259 cari ayda da \u201c\u015eanxay \u018fm\u0259kda\u015fl\u0131q T\u0259\u015fkilat\u0131n\u0131n Siyasi Partiyalar Forumu\u201dna d\u0259v\u0259t\u0259 g\u00f6r\u0259 \u00c7in Kommunist Partiyas\u0131n\u0131n r\u0259hb\u0259rliyin\u0259 t\u0259\u015f\u0259kk\u00fcr\u00fcm\u00fc ifad\u0259 edir\u0259m. \u018fmin\u0259m ki, bug\u00fcnk\u00fc konfrans\u0131m\u0131z da h\u0259m \u00f6lk\u0259l\u0259rimiz, h\u0259m d\u0259 partiyalar\u0131m\u0131z aras\u0131nda \u0259m\u0259kda\u015fl\u0131\u011fa dair aktual m\u0259s\u0259l\u0259l\u0259rin m\u00fczakir\u0259si \u00fc\u00e7\u00fcn s\u0259m\u0259r\u0259li olacaq v\u0259 faydal\u0131 ideya platformas\u0131 kimi m\u0259hsuldar n\u0259tic\u0259l\u0259rl\u0259 yadda qalacaqd\u0131r\u201d.<br>\n\u00c7\u0131x\u0131\u015f ed\u0259n \u00c7in Kommunist Partiyas\u0131 (\u00c7KP) M\u0259rk\u0259zi Komit\u0259sinin \u00fczv\u00fc, Beyn\u0259lxalq \u0259laq\u0259l\u0259r \u015f\u00f6b\u0259sinin m\u00fcdiri L\u00fc Tzyan\u00e7ao Yeni Az\u0259rbaycan Partiyas\u0131n\u0131n d\u0259v\u0259ti il\u0259 Az\u0259rbaycana s\u0259f\u0259r etm\u0259kd\u0259n m\u0259mnunlu\u011funu ifad\u0259 edib. O, xalqlar\u0131m\u0131z\u0131n m\u0259d\u0259niyy\u0259tinin bir-birin\u0259 yax\u0131n oldu\u011funu vur\u011fulayaraq bildirib ki, \u00c7in xalq\u0131 Az\u0259rbaycan xalq\u0131n\u0131n m\u0259d\u0259ni irsi il\u0259 tan\u0131\u015fd\u0131r.<br>\nL\u00fc Tzyan\u00e7ao vur\u011fulay\u0131b ki, \u00c7in v\u0259 Az\u0259rbaycan strateji t\u0259r\u0259fda\u015flard\u0131r v\u0259  qar\u015f\u0131l\u0131ql\u0131 faydal\u0131 \u0259m\u0259kda\u015fl\u0131q edirl\u0259r: \u201cAz\u0259rbaycan v\u0259 \u00c7in xalqlar\u0131 aras\u0131nda dostlu\u011fun q\u0259dim tarixi var. Bu tarixi dostluq bizim m\u00fcasir d\u00f6vrd\u0259ki m\u00fcnasib\u0259tl\u0259rimiz\u0259 d\u0259 b\u00f6y\u00fck t\u0259sir g\u00f6st\u0259rir. \u00d6t\u0259n il iki d\u00f6vl\u0259tin liderl\u0259rinin \u00c7in \u2013 Az\u0259rbaycan m\u00fcnasib\u0259tl\u0259rinin strateji t\u0259r\u0259fda\u015fl\u0131q s\u0259viyy\u0259sin\u0259 \u00e7atd\u0131r\u0131lmas\u0131n\u0131 elan etm\u0259si d\u0259 bunun g\u00f6st\u0259ricisidir. Bu, ikit\u0259r\u0259fli m\u00fcnasib\u0259tl\u0259rimizin inki\u015faf\u0131n\u0131n m\u00fch\u00fcm m\u0259rh\u0259l\u0259sidir v\u0259 biz qar\u015f\u0131l\u0131ql\u0131 etimad \u0259sas\u0131nda bir-birimizi d\u0259st\u0259kl\u0259yirik. Haz\u0131rda \u00c7in d\u00f6vl\u0259t quruculu\u011fu istiqam\u0259tind\u0259 f\u0259aliyy\u0259tini geni\u015fl\u0259ndirm\u0259kd\u0259dir. Eyni zamanda, biz bilirik ki, Az\u0259rbaycan t\u0259r\u0259fi d\u0259 u\u011furlu inki\u015faf strategiyas\u0131 h\u0259yata ke\u00e7irir. Bu inki\u015faf yolu milli maraqlar\u0131m\u0131za \u0259saslan\u0131r v\u0259 k\u0259nar m\u00fcdaxil\u0259l\u0259r\u0259 qar\u015f\u0131 y\u00f6n\u0259lib. Biz m\u00fcasirl\u0259\u015fm\u0259y\u0259 yol a\u00e7araq qar\u015f\u0131l\u0131ql\u0131 t\u0259r\u0259qqini t\u0259min etm\u0259y\u0259 \u00e7al\u0131\u015f\u0131r\u0131q. Az\u0259rbaycan v\u0259 \u00c7in aras\u0131nda iqtisadi \u0259laq\u0259l\u0259r bir-birini tamamlay\u0131r v\u0259 davaml\u0131 nailiyy\u0259tl\u0259r\u0259 t\u00f6hf\u0259 verir\u201d.<br>\nOnun s\u00f6zl\u0259rin\u0259 g\u00f6r\u0259, \u00c7in v\u0259 Az\u0259rbaycan aras\u0131nda elm sah\u0259sind\u0259 \u0259laq\u0259l\u0259r inki\u015faf etm\u0259kd\u0259dir: \u201cHesab edir\u0259m ki, iki \u00f6lk\u0259 aras\u0131nda \u201cya\u015f\u0131l enerji\u201d v\u0259 r\u0259q\u0259msal iqtisadiyyat sah\u0259l\u0259rind\u0259 d\u0259 \u0259m\u0259kda\u015fl\u0131q daha da geni\u015fl\u0259n\u0259c\u0259k\u201d.<br>\nL\u00fc Tzyan\u00e7ao qeyd edib ki, haz\u0131rda d\u00fcnyada b\u00f6y\u00fck d\u0259yi\u015fiklikl\u0259r ba\u015f verir: \u201cBu ilin \u0259vv\u0259lind\u0259n etibar\u0259n beyn\u0259lxalq v\u0259ziyy\u0259t ciddi sars\u0131nt\u0131larla \u00fczl\u0259\u015fib. D\u00f6vl\u0259tl\u0259r qeyri-sabit v\u0259 qeyri-m\u00fc\u0259yy\u0259n amill\u0259rl\u0259 qar\u015f\u0131la\u015f\u0131r. Avrasiyada yeni \u00e7a\u011f\u0131r\u0131\u015flar meydana \u00e7\u0131x\u0131r. \u00c7in v\u0259 Az\u0259rbaycan bu geosiyasi m\u0259kanda \u00f6n\u0259mli \u00f6lk\u0259l\u0259rdir v\u0259 d\u00f6vl\u0259tl\u0259raras\u0131 \u0259m\u0259kda\u015fl\u0131q bu qeyri-sabit d\u00f6vrd\u0259 b\u00f6y\u00fck \u00fcmidl\u0259r yarad\u0131r. X\u00fcsusil\u0259, Asiya v\u0259 Avropan\u0131 \u0259hat\u0259 ed\u0259n kommunikasiya sah\u0259sind\u0259ki inki\u015faf\u0131 qeyd etm\u0259k laz\u0131md\u0131r. Bu, \u00f6lk\u0259l\u0259rimiz \u00fc\u00e7\u00fcn yeni imkanlar v\u0259 perspektivl\u0259r a\u00e7\u0131r. \u00c7in v\u0259 Az\u0259rbaycan birlikd\u0259 \u015eanxay \u018fm\u0259kda\u015fl\u0131q T\u0259\u015fkilat\u0131n\u0131n ruhunu g\u00fccl\u0259ndirir, d\u00f6vl\u0259tl\u0259r aras\u0131nda qar\u015f\u0131l\u0131ql\u0131 h\u00f6rm\u0259t v\u0259 \u00e7ox\u015fax\u0259li \u0259m\u0259kda\u015fl\u0131q prinsipl\u0259rini d\u0259st\u0259kl\u0259yir. Bu m\u0259nada, biz s\u00fclh\u00fcn v\u0259 t\u0259hl\u00fck\u0259sizliyin t\u0259\u015fviqin\u0259 t\u00f6hf\u0259 verm\u0259liyik\u201d.<br>\nL\u00fc Tzyan\u00e7ao qeyd edib ki, n\u0259qliyyat mar\u015frutlar\u0131n\u0131n t\u0259hl\u00fck\u0259sizliyinin t\u0259min edilm\u0259si istiqam\u0259tind\u0259 d\u0259 \u00c7in v\u0259 Az\u0259rbaycan  f\u0259al \u0259m\u0259kda\u015fl\u0131q edir, birg\u0259 regional v\u0259 logistik kanallar inki\u015faf etdirilir. Onun s\u00f6zl\u0259rin\u0259 g\u00f6r\u0259, Az\u0259rbaycan bu sah\u0259d\u0259 \u00e7ox aktiv rol oynay\u0131r: \u201c\u00c7in v\u0259 Az\u0259rbaycan h\u0259m s\u0259mimi dostlar, h\u0259m d\u0259 \u00f6n\u0259mli t\u0259r\u0259fda\u015flard\u0131r. H\u0259m\u00e7inin \u00f6lk\u0259l\u0259rimiz  Qlobal C\u0259nubun m\u00fch\u00fcm i\u015ftirak\u00e7\u0131lar\u0131d\u0131r. H\u0259r iki d\u00f6vl\u0259tin qar\u015f\u0131s\u0131nda yeni v\u0259zif\u0259l\u0259r dayan\u0131r\u201d.<br>\nL\u00fc Tzyan\u00e7ao XII Qlobal Bak\u0131 Forumunda m\u00fcxt\u0259lif \u00f6lk\u0259l\u0259rin n\u00fcmay\u0259nd\u0259l\u0259rinin qlobal \u00e7a\u011f\u0131r\u0131\u015flar\u0131 m\u00fczakir\u0259 etdikl\u0259rini, o c\u00fcml\u0259d\u0259n Qlobal C\u0259nubun d\u00fcnya nizam\u0131nda rolunu vur\u011fulad\u0131qlar\u0131n\u0131 xat\u0131rlad\u0131b. Onun fikrinc\u0259, Az\u0259rbaycan\u0131n Qlobal C\u0259nubla ba\u011fl\u0131 m\u00fch\u00fcm rolu n\u0259z\u0259rd\u0259 tutulan layih\u0259l\u0259rin realla\u015fd\u0131r\u0131lmas\u0131na \u0259lav\u0259 t\u0259kan ver\u0259c\u0259k.<br>\nO, Az\u0259rbaycan\u0131n ke\u00e7\u0259n il COP29-a u\u011furla ev sahibliyi etdiyini,  \u00c7inin Bak\u0131n\u0131n iqlim sah\u0259sind\u0259 t\u0259\u015f\u0259bb\u00fcsl\u0259rini d\u0259st\u0259kl\u0259diyini vur\u011fulay\u0131b. \u201c\u00c7in v\u0259 Az\u0259rbaycan Qlobal C\u0259nub d\u00f6vl\u0259tl\u0259ri il\u0259 birg\u0259 s\u0259yl\u0259rl\u0259 bir-birin\u0259 d\u0259st\u0259k olaraq g\u0259l\u0259c\u0259k inki\u015faflar\u0131n\u0131 t\u0259min etm\u0259lidirl\u0259r. Qlobal C\u0259nub d\u00f6vl\u0259tl\u0259rinin \u00fcst\u00fcnl\u00fckl\u0259ri b\u00f6y\u00fckd\u00fcr. Bu d\u00f6vl\u0259tl\u0259r t\u0259r\u0259qqiy\u0259 b\u00f6y\u00fck \u00f6n\u0259m verirl\u0259r. Eyni zamanda, onlar d\u00fcnyada terrora v\u0259 m\u00fcnaqi\u015f\u0259l\u0259r\u0259 qar\u015f\u0131 \u00e7\u0131x\u0131\u015f edirl\u0259r. Biz d\u00f6vl\u0259tl\u0259r aras\u0131nda b\u0259rab\u0259rliyin, \u0259dal\u0259tin t\u0259r\u0259fdar\u0131y\u0131q. Bu proses\u0259 \u00c7in v\u0259 Az\u0259rbaycan \u00e7ox b\u00f6y\u00fck t\u00f6hf\u0259 verirl\u0259r. \u00c7inl\u0259 Az\u0259rbaycan indiy\u0259 q\u0259d\u0259r oldu\u011fu kimi, bundan sonra da bir-birini d\u0259st\u0259kl\u0259y\u0259c\u0259k\u201d.<br>\nYeni Az\u0259rbaycan Partiyas\u0131 S\u0259drinin m\u00fcavini, Milli M\u0259clis s\u0259drinin birinci m\u00fcavini \u018fli \u018fhm\u0259dov is\u0259 \u00e7\u0131x\u0131\u015f\u0131 zaman\u0131 bildirib ki, Az\u0259rbaycan-\u00c7in \u0259m\u0259kda\u015fl\u0131\u011f\u0131 xalqlar\u0131m\u0131z\u0131n m\u0259nafel\u0259rin\u0259 uy\u011fundur. H\u0259r iki \u00f6lk\u0259nin b\u00f6y\u00fck potensiala malik oldu\u011funu dey\u0259n \u018f.\u018fhm\u0259dovun fikrinc\u0259, perspektivd\u0259 \u00f6lk\u0259l\u0259rimiz aras\u0131nda \u0259laq\u0259l\u0259r daha geni\u015f v\u0259 \u00e7ox\u015fax\u0259li olacaq. YAP S\u0259drinin m\u00fcavini qeyd edib ki, bu amil d\u00f6vl\u0259tl\u0259rimiz\u0259 qar\u015f\u0131l\u0131ql\u0131 fayda ver\u0259c\u0259k: \u201c\u00d6lk\u0259l\u0259rin \u0259m\u0259kda\u015fl\u0131\u011f\u0131 iqtisadi, siyasi maraqlar, sivilizasiya yax\u0131nl\u0131\u011f\u0131 kimi amill\u0259r \u00fcz\u0259rind\u0259 qurulur. Bizim \u0259m\u0259kda\u015fl\u0131\u011f\u0131m\u0131z bu parametrl\u0259r\u0259 cavab verir. Qlobal C\u0259nub t\u0259msil\u00e7isi olaraq xalqlar\u0131m\u0131z\u0131n m\u0259d\u0259ni yax\u0131nl\u0131\u011f\u0131 da \u00f6lk\u0259l\u0259rimiz aras\u0131nda \u0259m\u0259kda\u015fl\u0131\u011f\u0131n daha etibarl\u0131 z\u0259min \u00fcz\u0259rind\u0259 qurulmas\u0131n\u0131 t\u0259min edir\u201d.<br>\n\u018fli \u018fhm\u0259dov deyib ki, bu g\u00fcn d\u00fcnya s\u00fcr\u0259tl\u0259 d\u0259yi\u015fir v\u0259 son zamanlar m\u00fcxt\u0259lif regionlarda xaos elementl\u0259ri d\u0259 art\u0131r: \u201cBu da d\u00fcnya ictimaiyy\u0259tini narahat edir. \u0130kinci D\u00fcnya m\u00fcharib\u0259sind\u0259n sonra formala\u015fm\u0131\u015f beyn\u0259lxalq h\u00fcquq normalar\u0131n\u0131n \u00e7\u00f6km\u0259si v\u0259 onu g\u00fcc elementl\u0259ri il\u0259 \u0259v\u0259z etm\u0259k c\u0259hdl\u0259ri b\u0259\u015f\u0259riyy\u0259ti t\u0259hdidl\u0259rl\u0259 \u00fcz-\u00fcz\u0259 qoyur. Bel\u0259 olan halda, b\u0259\u015f\u0259riyy\u0259tin g\u0259l\u0259c\u0259yi namin\u0259 d\u00f6vl\u0259tl\u0259rin v\u0259 xalqlar\u0131n ciddi d\u00fc\u015f\u00fcnm\u0259sin\u0259 ehtiyac yaran\u0131r. Bu d\u00fc\u015f\u00fcnc\u0259l\u0259r fonunda yeni birlikl\u0259r, platformalar meydana \u00e7\u0131x\u0131r. Haz\u0131rda BRICS v\u0259  \u015eanxay \u018fm\u0259kda\u015fl\u0131q T\u0259\u015fkilat\u0131 kimi platformalar t\u0259kc\u0259 iqtisadi maraqlardan ibar\u0259t olmayan birlikl\u0259r\u0259 \u00e7evrilm\u0259k \u015fanslar\u0131na malikdir. B\u0259\u015f\u0259riyy\u0259tin f\u0259lak\u0259td\u0259n xilas olmas\u0131na,  beyn\u0259lxalq m\u00fcnasib\u0259tl\u0259r sisteminin bu g\u00fcn\u00fcn d\u0259y\u0259rl\u0259ri z\u0259minind\u0259 yenid\u0259n qurulmas\u0131na ehtiyac var. Az\u0259rbaycanla \u00c7in aras\u0131nda t\u0259r\u0259fda\u015fl\u0131q, dostluq b\u00fct\u00f6vl\u00fckd\u0259 d\u00fcnyan\u0131n qar\u015f\u0131s\u0131nda dayanan \u00e7a\u011f\u0131r\u0131\u015flara \u0259n d\u00fczg\u00fcn cavab\u0131n tap\u0131lmas\u0131 \u00fc\u00e7\u00fcn \u0259h\u0259miyy\u0259tli rol oynaya bil\u0259r. \u00c7\u00fcnki bu \u0259m\u0259kda\u015fl\u0131q, dialoq iqtisadi maraqlarla yana\u015f\u0131, qar\u015f\u0131l\u0131ql\u0131 h\u00f6rm\u0259t, bir-birinin daxili i\u015fl\u0259rin\u0259 qar\u0131\u015fmamaq, beyn\u0259lxalq h\u00fcquqa istinad etm\u0259k kimi prinsipl\u0259r \u00fcz\u0259rind\u0259 qurulub. \u00d6lk\u0259l\u0259rimizin \u0259m\u0259kda\u015fl\u0131\u011f\u0131 g\u0259l\u0259c\u0259kd\u0259 b\u0259\u015f\u0259riyy\u0259tin \u00fczl\u0259\u015fdiyi t\u0259hl\u00fck\u0259l\u0259rin aradan qald\u0131r\u0131lmas\u0131 \u00fc\u00e7\u00fcn daha s\u0259m\u0259r\u0259li yollar\u0131n tap\u0131lmas\u0131na t\u0259kan ver\u0259 bil\u0259r\u201d.<br>\n\u018f.\u018fhm\u0259dovun fikrinc\u0259, \u00c7in d\u00fcnyan\u0131n indiki reall\u0131qlar\u0131na v\u0259 g\u0259l\u0259c\u0259k inki\u015faf perspektivl\u0259rin\u0259 ciddi \u015f\u0259kild\u0259 t\u0259sir etm\u0259k imkanlar\u0131na malikdir. \u201cG\u00fcman edir\u0259m ki, \u00c7in g\u0259l\u0259c\u0259kd\u0259 bu imkanlar\u0131 daxilind\u0259 d\u00fcnyan\u0131n daha \u0259dal\u0259tli prinsipl\u0259r \u0259sas\u0131nda idar\u0259 olunmas\u0131n\u0131 qar\u015f\u0131s\u0131na m\u0259qs\u0259d qoyan  birlikl\u0259rin meydana \u00e7\u0131xmas\u0131 \u00fc\u00e7\u00fcn \u00f6z t\u00f6hf\u0259l\u0259rini art\u0131racaq\u201d, &#8211; dey\u0259n YAP S\u0259drinin m\u00fcavini Az\u0259rbaycan\u0131n da  regionumuzda b\u00fct\u00fcn prosesl\u0259rin s\u00fclh v\u0259 \u0259m\u0259kda\u015fl\u0131q prinsipl\u0259ri \u0259sas\u0131nda q\u0259rarla\u015fmas\u0131na \u00f6z t\u00f6hf\u0259sini verdiyini diqq\u0259t\u0259 \u00e7atd\u0131r\u0131b.<br>\nOnun s\u00f6zl\u0259rin\u0259 g\u00f6r\u0259, Az\u0259rbaycan \u0259razi b\u00fct\u00f6vl\u00fcy\u00fc v\u0259 suverenliyini t\u0259min etm\u0259kl\u0259 yana\u015f\u0131, regionda s\u00fclh g\u00fcnd\u0259liyini d\u0259 t\u0259qdim edib: \u201cPrezident \u0130lham \u018fliyevin h\u0259yata ke\u00e7irdiyi siyas\u0259tin ana x\u0259ttini s\u00fclh g\u00fcnd\u0259liyi t\u0259\u015fkil edir. Hesab edir\u0259m ki, bu fakt t\u0259kc\u0259 C\u0259nubi Qafqazda deyil, daha b\u00f6y\u00fck co\u011frafiyada s\u00fclh g\u00fcnd\u0259liyinin t\u0259\u015fviq olunmas\u0131 \u00fc\u00e7\u00fcn Az\u0259rbaycan\u0131n \u00e7ox ciddi \u015f\u0259kild\u0259 f\u0259aliyy\u0259t g\u00f6st\u0259rm\u0259sind\u0259n x\u0259b\u0259r verir\u201d.<br>\n\u018f.\u018fhm\u0259dov qeyd edib ki, xalqlar\u0131 v\u0259 d\u00f6vl\u0259tl\u0259ri bir-birin\u0259 yax\u0131nla\u015fd\u0131ran \u0259sas amill\u0259rd\u0259n biri d\u0259 kommunikasiyalard\u0131r: \u201cTarix\u0259n \u015e\u0259rql\u0259 Q\u0259rbi birl\u0259\u015fdir\u0259n B\u00f6y\u00fck \u0130p\u0259k Yolunun s\u00fclh\u00fcn b\u0259rq\u0259rar olmas\u0131nda da m\u00fch\u00fcm rolu olub. Bu g\u00fcn d\u0259 d\u00fcnyada s\u00fclh\u00fc b\u0259rq\u0259rar etm\u0259k \u00fc\u00e7\u00fcn d\u00f6vl\u0259tl\u0259r aras\u0131nda \u0259m\u0259kda\u015fl\u0131\u011f\u0131n g\u00fccl\u0259nm\u0259sind\u0259 kommunikasiyalar\u0131n oynad\u0131\u011f\u0131 vacib rolu h\u0259r k\u0259s anlay\u0131r. Bu m\u0259nada, \u00c7in lideri t\u0259r\u0259find\u0259n ir\u0259li s\u00fcr\u00fclm\u00fc\u015f \u201cBir k\u0259m\u0259r, bir yol\u201d layih\u0259si d\u00fcnya ictimaiyy\u0259tinin s\u00fclh ehtiyac\u0131n\u0131n \u00f6d\u0259nilm\u0259sin\u0259 t\u00f6hf\u0259 ver\u0259 bil\u0259r. Az\u0259rbaycan bu layih\u0259ni ilk d\u0259st\u0259kl\u0259y\u0259n \u00f6lk\u0259l\u0259rd\u0259ndir\u201d.<br>\n\u018f.\u018fhm\u0259dov deyib ki, Qlobal C\u0259nub d\u00fcnyan\u0131n g\u0259l\u0259c\u0259yinin m\u00fc\u0259yy\u0259n edilm\u0259sind\u0259 \u0259h\u0259miyy\u0259tli rol oynamaq imkanlar\u0131na malik faktor kimi \u00f6z\u00fcn\u00fc t\u0259sdiql\u0259yib. \u201cVaxtil\u0259 sivilizasiya, b\u0259\u015f\u0259riyy\u0259tin g\u00fcc m\u0259nb\u0259yi bu co\u011frafiyada yaran\u0131b. Bu g\u00fcn d\u0259 Qlobal C\u0259nub \u00f6z potensial\u0131n\u0131 b\u0259\u015f\u0259riyy\u0259tin firavan g\u0259l\u0259c\u0259yi \u00fc\u00e7\u00fcn s\u0259f\u0259rb\u0259r etm\u0259k imkanlar\u0131na sahibdir. Bunun realla\u015fmas\u0131nda \u00c7in v\u0259 onunla \u0259m\u0259kda\u015fl\u0131\u011fa b\u00f6y\u00fck \u00f6n\u0259m ver\u0259n Az\u0259rbaycan m\u00fch\u00fcm rol oynaya bil\u0259r. Bu m\u0259nada, Az\u0259rbaycan-\u00c7in strateji t\u0259r\u0259fda\u015fl\u0131\u011f\u0131 xalqlar\u0131m\u0131z\u0131n maraqlar\u0131na xidm\u0259t etm\u0259kl\u0259 yana\u015f\u0131, b\u0259\u015f\u0259riyy\u0259tin daha xo\u015fb\u0259xt g\u0259l\u0259c\u0259yinin qurulmas\u0131na t\u00f6hf\u0259 ver\u0259 bil\u0259r\u201d, &#8211; dey\u0259 YAP S\u0259drinin m\u00fcavini vur\u011fulay\u0131b.<br>\n\u00c7\u0131x\u0131\u015f ed\u0259n Az\u0259rbaycan Milli Elml\u0259r Akademiyas\u0131n\u0131n prezidenti (AMEA) \u0130sa H\u0259bibb\u0259yli bildirib ki, Az\u0259rbaycan-\u00c7in \u0259m\u0259kda\u015fl\u0131\u011f\u0131n\u0131n \u0259sas\u0131 Ulu \u00d6nd\u0259r Heyd\u0259r \u018fliyev t\u0259r\u0259find\u0259n qoyulub: \u201c\u00dcmummilli Lider \u00f6lk\u0259mizd\u0259 siyasi hakimiyy\u0259t\u0259 qay\u0131d\u0131\u015f\u0131ndan t\u0259xmin\u0259n bir il sonra &#8211; 1994-c\u00fc ild\u0259 \u00c7in Xalq Respublikas\u0131na r\u0259smi s\u0259f\u0259r etmi\u015fdir. Heyd\u0259r \u018fliyev bu s\u0259f\u0259ri il\u0259 h\u0259m d\u0259 inki\u015faf\u0131n \u00c7in modelinin \u0259h\u0259miyy\u0259tin\u0259 b\u00f6y\u00fck d\u0259y\u0259r verdiyini n\u00fcmayi\u015f etdirmi\u015fdir\u201d.<br>\n\u0130sa H\u0259bibb\u0259yli qeyd edib ki, \u00dcmummilli Liderin 1994-c\u00fc ild\u0259 \u00c7in Xalq Respublikas\u0131na s\u0259f\u0259ri zaman\u0131 Pekin \u0130ctimai Elml\u0259r Akademiyas\u0131nda b\u00f6y\u00fck tarixi \u0259h\u0259miyy\u0259t\u0259 malik \u00e7\u0131x\u0131\u015f\u0131, \u0259slind\u0259, yenic\u0259 m\u00fcst\u0259qillik qazanan Az\u0259rbaycan d\u00f6vl\u0259tinin d\u00fcnyaya tan\u0131d\u0131lmas\u0131 dem\u0259k idi: \u201cAz\u0259rbaycan Prezidenti \u0130lham \u018fliyevin \u00c7in Xalq Respublikas\u0131n\u0131n S\u0259dri il\u0259 ke\u00e7irdiyi g\u00f6r\u00fc\u015fl\u0259r v\u0259 iki \u00f6lk\u0259 aras\u0131nda strateji t\u0259r\u0259fda\u015fl\u0131\u011f\u0131n qurulmas\u0131 haqq\u0131nda Birg\u0259 B\u0259yannam\u0259nin q\u0259bulu d\u00f6vl\u0259tl\u0259raras\u0131 \u0259m\u0259kda\u015fl\u0131\u011f\u0131 yeni inki\u015faf m\u0259rh\u0259l\u0259sin\u0259 \u00e7atd\u0131rm\u0131\u015fd\u0131r. Haz\u0131rda iki \u00f6lk\u0259 aras\u0131nda m\u00fcxt\u0259lif sah\u0259l\u0259rd\u0259, o c\u00fcml\u0259d\u0259n elm v\u0259 t\u0259hsil sektorlar\u0131nda m\u00fch\u00fcm t\u0259dbirl\u0259r h\u0259yata ke\u00e7irilir. \u00d6lk\u0259mizin y\u00fcks\u0259k reytinq\u0259 malik t\u0259hsil ocaqlar\u0131nda \u00c7in dili \u00fczr\u0259 y\u00fcks\u0259k ixtisasl\u0131 m\u00fct\u0259x\u0259ssisl\u0259r haz\u0131rlan\u0131r. Az\u0259rbaycan Milli Elml\u0259r Akademiyas\u0131n\u0131n bir s\u0131ra institutlar\u0131nda Az\u0259rbaycan-\u00c7in \u0259laq\u0259l\u0259rin\u0259 h\u0259sr olunmu\u015f geni\u015fmiqyasl\u0131 t\u0259dqiqatlar apar\u0131l\u0131r. Bu istiqam\u0259td\u0259 Az\u0259rbaycan aliml\u0259ri \u00c7ind\u0259ki analoji qurumlar\u0131n\u0131n n\u00fcmay\u0259nd\u0259l\u0259ri il\u0259 birg\u0259 ortaq layih\u0259l\u0259r h\u0259yata ke\u00e7irirl\u0259r\u201d.<br>\nO vur\u011fulay\u0131b ki, bu faktorlar humanitar sah\u0259d\u0259 d\u0259 Az\u0259rbaycan-\u00c7in \u0259m\u0259kda\u015fl\u0131\u011f\u0131n\u0131n y\u00fcks\u0259l\u0259n x\u0259tl\u0259 inki\u015faf etdiyini \u0259yani \u015f\u0259kild\u0259 g\u00f6st\u0259rir: \u201c2017-ci ild\u0259n etibar\u0259n Az\u0259rbaycan Milli Elml\u0259r Akademiyas\u0131nda \u00c7in T\u0259dqiqatlar\u0131 M\u0259rk\u0259zi f\u0259aliyy\u0259t g\u00f6st\u0259rir. \u00c7in Xalq Resublikas\u0131n\u0131n Az\u0259rbaycandak\u0131 s\u0259firliyi v\u0259 Konfutsi M\u0259rk\u0259zinin d\u0259st\u0259yi il\u0259 bu M\u0259rk\u0259zd\u0259 \u00c7in dili u\u011furla t\u0259dris olunur. Art\u0131q m\u00fcxt\u0259lif elmi m\u00fc\u0259ssis\u0259l\u0259rd\u0259 \u00e7al\u0131\u015fan \u0259m\u0259kda\u015flar\u0131n bir qismi h\u0259min m\u0259rk\u0259zd\u0259 dil \u00f6yr\u0259nm\u0259l\u0259ri il\u0259 ba\u011fl\u0131 sertifikat al\u0131blar. M\u00fcxt\u0259lif beyn\u0259lxalq seminarlar\u0131n apar\u0131lmas\u0131, universitetl\u0259r aras\u0131nda ke\u00e7iril\u0259n g\u00f6r\u00fc\u015fl\u0259r Az\u0259rbaycan elminin Qlobal C\u0259nuba verdiyi t\u00f6hf\u0259l\u0259rd\u0259ndir. \u015e\u00fcbh\u0259siz ki, bu istiqam\u0259td\u0259 i\u015fl\u0259r perspektivd\u0259 d\u0259 u\u011furla davam etdiril\u0259c\u0259k\u201d.<br>\n\u0130sa H\u0259bibb\u0259yli qeyd edib ki, 2024-c\u00fc ilin iyun ay\u0131nda \u00c7ind\u0259 ke\u00e7iril\u0259n \u201cX\u0259z\u0259rd\u0259n \u00c7in s\u0259ddin\u0259d\u0259k\u201d beyn\u0259lxalq konfrans birba\u015fa Qlobal C\u0259nubun prioritetl\u0259rini \u0259ks etdir\u0259n m\u00fch\u00fcm bir platforma idi: \u201cH\u0259min konfransda \u00c7in v\u0259 Az\u0259rbaycanla yana\u015f\u0131, dig\u0259r regionlardan olan m\u00fct\u0259x\u0259ssisl\u0259rin i\u015ftirak\u0131 il\u0259 birg\u0259 b\u0259yannam\u0259nin q\u0259bul edilm\u0259si elm sah\u0259sind\u0259 yeni \u00fcf\u00fcql\u0259rin a\u00e7\u0131lmas\u0131ndan x\u0259b\u0259r verir. \u00d6t\u0259n ilin sentyabr ay\u0131nda Pekin Xarici Dill\u0259r Universitetinin t\u0259\u015fkilat\u00e7\u0131l\u0131\u011f\u0131 v\u0259 ev sahibliyi il\u0259 Birinci \u00c7in az\u0259rbaycan\u015f\u00fcnasl\u0131q beyn\u0259lxalq elmi konfrans\u0131n\u0131n ke\u00e7irilm\u0259si d\u0259 bu \u0259laq\u0259l\u0259rin m\u00f6hk\u0259ml\u0259nm\u0259sin\u0259 xidm\u0259t edir. Az\u0259rbaycan universitetl\u0259ri \u00c7ind\u0259 Az\u0259rbaycan dili \u00fczr\u0259 m\u00fct\u0259x\u0259ssisl\u0259rin yeti\u015fm\u0259si \u00fc\u00e7\u00fcn \u00e7al\u0131\u015f\u0131rlar, aliml\u0259rimiz orada m\u0259ruz\u0259l\u0259rl\u0259 \u00e7\u0131x\u0131\u015flar edirl\u0259r. B\u00fct\u00fcn bunlar g\u00f6st\u0259rir ki, geosiyas\u0259t, diplomatiya, iqtisadiyyat, m\u0259d\u0259niyy\u0259t v\u0259 dig\u0259r sah\u0259l\u0259rd\u0259 oldu\u011fu kimi, elm v\u0259 t\u0259hsil sah\u0259sind\u0259 d\u0259 Az\u0259rbaycan Qlobal C\u0259nubun inki\u015faf\u0131nda \u0259h\u0259miyy\u0259ti rol oynayan aktorlardan biridir\u201d.<br>\n\u00c7\u0131x\u0131\u015f ed\u0259n Az\u0259rbaycan Respublikas\u0131n\u0131n Prezidenti yan\u0131nda D\u00f6vl\u0259t \u0130dar\u0259\u00e7ilik Akademiyas\u0131n\u0131n rektoru Urxan \u018fl\u0259kb\u0259rov vur\u011fulay\u0131b ki, Az\u0259rbaycan v\u0259 \u00c7in aras\u0131nda \u00e7ox\u015fax\u0259li \u0259m\u0259kda\u015fl\u0131\u011f\u0131n daha da geni\u015fl\u0259ndirilm\u0259si olduqca vacibdir. O qeyd edib ki, m\u00fcasir d\u00f6vrd\u0259 ekoloji v\u0259 sosial-humanitar m\u0259s\u0259l\u0259l\u0259r qlobal xarakterli probleml\u0259r kimi diqq\u0259t m\u0259rk\u0259zind\u0259dir: \u201cD\u00fcnya birliyi inki\u015faf\u0131n davaml\u0131 v\u0259 dayan\u0131ql\u0131 olmas\u0131 yolu il\u0259 bu probleml\u0259rin h\u0259ll edilm\u0259sini \u00f6n plana \u00e7\u0131xar\u0131b. Haz\u0131rda bu prosesin realla\u015fmas\u0131 istiqam\u0259tind\u0259 m\u00fc\u0259yy\u0259n nailiyy\u0259tl\u0259r \u0259ld\u0259 olunub. Lakin qlobal miqyasda 2030-c\u00fc il\u0259 q\u0259d\u0259r n\u0259z\u0259rd\u0259 tutulmu\u015f b\u0259zi m\u0259qs\u0259dl\u0259rin h\u0259yata ke\u00e7irilm\u0259si bir q\u0259d\u0259r l\u0259ngiyir. Bu faktorlar onu g\u00f6st\u0259rir ki, inki\u015faf\u0131n idar\u0259 edilm\u0259sind\u0259 yeni yana\u015fmalar laz\u0131md\u0131r. Yeni yana\u015fmalar dedikd\u0259, d\u00fcnya \u00f6z inki\u015faf\u0131nda ekoloji sivilizasiya m\u0259rh\u0259l\u0259sin\u0259 ke\u00e7id etm\u0259lidir. Qeyd etm\u0259k laz\u0131md\u0131r ki, bu termin v\u0259 \u00fcmumiyy\u0259tl\u0259, s\u00f6z\u00fcged\u0259n konsepsiya 1990-c\u0131 ill\u0259rin \u0259vv\u0259ll\u0259rind\u0259 Az\u0259rbaycanda yaranm\u0131\u015f v\u0259 \u00dcmummilli Lider Heyd\u0259r \u018fliyev t\u0259r\u0259find\u0259n BMT-nin \u201c\u0130nsan \u0130nki\u015faf\u0131 Hesabat\u0131\u201dnda t\u0259qdim olunmu\u015fdur. \u00c7in m\u0259hz bu sah\u0259d\u0259 qlobal lider m\u00f6vqeyini qoruyub saxlay\u0131r. 2007-ci ild\u0259 \u00c7in Kommunist Partiyas\u0131n\u0131n XVII Qurultay\u0131nda ekoloji sivilizasiya konsepsiyas\u0131 \u00fcmummilli konteksd\u0259 qeyd edilib. Bu partiyan\u0131n 2012-ci ild\u0259 ke\u00e7iril\u0259n XVIII Qurultay\u0131nda is\u0259 ekoloji sivilizasiya \u00c7inin Konstitusiyas\u0131na daxil edilib. \u00c7in Xalq Respublikas\u0131n\u0131n S\u0259dri Si Cinpin \u00c7in Kommunist Partiyas\u0131n\u0131n 2017-ci ild\u0259 ke\u00e7iril\u0259n XIX Qurultay\u0131nda bu konsepsiyan\u0131n n\u0259 q\u0259d\u0259r \u0259h\u0259miyy\u0259tli oldu\u011funu v\u0259 onun hans\u0131 mexanizml\u0259rl\u0259 h\u0259yata ke\u00e7irilm\u0259si bar\u0259d\u0259 \u0259trafl\u0131 \u00e7\u0131x\u0131\u015f edib\u201d.<br>\nRektor vur\u011fulay\u0131b ki, 2024-c\u00fc ilin noyabr ay\u0131nda Az\u0259rbaycan\u0131n paytaxt\u0131 Bak\u0131 \u015f\u0259h\u0259rind\u0259 COP29 t\u0259dbiri \u00e7ox u\u011furla h\u0259yata ke\u00e7irilib: \u201cBildiyiniz kimi, b\u0259zi dair\u0259l\u0259r iddia edirdil\u0259r ki, bu m\u00f6t\u0259b\u0259r konfrans\u0131n \u00f6lk\u0259mizd\u0259 ke\u00e7irilm\u0259si m\u00fcmk\u00fcn deyil. H\u0259l\u0259 bu s\u00f6hb\u0259tl\u0259r ged\u0259n \u0259r\u0259f\u0259d\u0259 &#8211; 2023-c\u00fc ild\u0259 v\u0259 daha sonra 2024-c\u00fc ild\u0259 D\u00fcnya \u0130qtisadi Forumu yeni bir hesabat d\u0259rc etmi\u015fdir. D\u00fcnya \u00f6lk\u0259l\u0259rinin enerji ke\u00e7idin\u0259 h\u0259sr olunmu\u015f bu hesabatda Az\u0259rbaycan 120 \u00f6lk\u0259 aras\u0131nda 32-ci yeri tutmu\u015fdur. Bu u\u011furlu n\u0259tic\u0259 onu g\u00f6st\u0259rir ki, Az\u0259rbaycan s\u00f6z\u00fcged\u0259n sah\u0259ni \u0259n effektiv idar\u0259 ed\u0259n \u00f6lk\u0259l\u0259r s\u0131ras\u0131ndad\u0131r. B\u00fct\u00fcn bunlar d\u00f6vl\u0259timizin qlobal s\u0259viyy\u0259d\u0259 b\u00f6y\u00fck nailiyy\u0259tl\u0259r \u0259ld\u0259 etdiyini bir daha n\u00fcmayi\u015f etdirir. Az\u0259rbaycan Erm\u0259nistan\u0131n i\u015f\u011fal\u0131ndan azad etdiyi \u0259razil\u0259rind\u0259 &#8211; Qaraba\u011f v\u0259 \u015e\u0259rqi Z\u0259ng\u0259zurda ekoloji sivilizasiya konsepsiyas\u0131na \u0259saslanan m\u00f6ht\u0259\u015f\u0259m i\u015fl\u0259r h\u0259yata ke\u00e7irir. Yeni ya\u015fay\u0131\u015f m\u0259rk\u0259zl\u0259ri, sosial-iqtisadi infrasrukturlar h\u0259min b\u00f6lg\u0259l\u0259rd\u0259 bu t\u0259l\u0259batlara tam uy\u011fun olaraq yarad\u0131l\u0131r\u201d.<br>\nMilli M\u0259clisin deputat\u0131 Fariz \u0130smay\u0131lzad\u0259 \u00e7\u0131x\u0131\u015f\u0131nda bildirib ki, Az\u0259rbaycan-\u00c7in m\u00fcnasib\u0259tl\u0259ri u\u011furla inki\u015faf edir. O \u00c7in-Az\u0259rbaycan m\u00fcnasib\u0259tl\u0259rinin siyasi sah\u0259d\u0259 m\u00f6hk\u0259m t\u0259m\u0259l \u00fcz\u0259rind\u0259 quruldu\u011funu diqq\u0259t\u0259 \u00e7atd\u0131r\u0131b: \u201c\u0130ki \u00f6lk\u0259 aras\u0131nda m\u00fcnasib\u0259tl\u0259r regional v\u0259 beyn\u0259lxalq m\u00fcst\u0259vid\u0259, o c\u00fcml\u0259d\u0259n  \u015eanxay \u018fm\u0259kda\u015fl\u0131q T\u0259\u015fkilat\u0131,  BRICS kimi platformalar \u00e7\u0259r\u00e7iv\u0259sind\u0259 d\u0259 inki\u015faf edir: \u201cAz\u0259rbaycanla \u00c7in terrorizm v\u0259 ekstremizm\u0259 qar\u015f\u0131 m\u00fcbariz\u0259d\u0259 eyni m\u00f6vqe n\u00fcmayi\u015f etdirirl\u0259r\u201d.<br>\nOnun s\u00f6zl\u0259rin\u0259 g\u00f6r\u0259, \u00c7in v\u0259 Az\u0259rbaycan  aras\u0131nda iqtisadi m\u00fcnasib\u0259tl\u0259r\u0259 ticari \u0259laq\u0259l\u0259r, infrastruktur layih\u0259l\u0259ri, qar\u015f\u0131l\u0131ql\u0131 investisiyalar, eyni zamanda, iqtisadiyyat\u0131n qeyri-neft sah\u0259sin\u0259 s\u0259rmay\u0259l\u0259r, tranzit  d\u0259hlizl\u0259ri, energetika  sah\u0259si, \u201cya\u015f\u0131l enerji\u201d v\u0259 s. aiddir: \u201cSon ill\u0259r \u0259rzind\u0259 \u00c7in  Q\u0131r\u011f\u0131z\u0131stanla \u00d6zb\u0259kistan\u0131, X\u0259z\u0259r regionunu birl\u0259\u015fdir\u0259n yeni d\u0259miryolu layih\u0259sin\u0259 ba\u015flay\u0131b.  Bu, \u0259mt\u0259\u0259 d\u00f6vriyy\u0259sini art\u0131racaq v\u0259 &#8220;Bir k\u0259m\u0259r, bir yol&#8221; layih\u0259sini yerin\u0259 yetirm\u0259y\u0259  imkan ver\u0259c\u0259k\u201d.<br>\nMill\u0259t v\u0259kili bildirib ki, Az\u0259rbaycan \u00fc\u00e7\u00fcn i\u015f\u011faldan azad edilmi\u015f  \u0259razil\u0259r\u0259 \u00c7in investisiyalar\u0131n\u0131n c\u0259lb edilm\u0259si \u00f6n\u0259mlidir: \u201cAz\u0259rbaycan\u0131n  yeddi azad iqtisadi zonas\u0131 var ki, \u00c7in \u015firk\u0259tl\u0259ri investisiya  qoyulu\u015fu ed\u0259 bil\u0259rl\u0259r. Az\u0259rbaycanda aktiv olaraq bir ne\u00e7\u0259  \u00c7in \u015firk\u0259ti f\u0259aliyy\u0259t  g\u00f6st\u0259rir. At\u0131lan add\u0131mlar iki \u00f6lk\u0259 aras\u0131nda \u0259m\u0259kda\u015fl\u0131\u011f\u0131n d\u0259rinl\u0259\u015fm\u0259sin\u0259 imkan ver\u0259c\u0259k\u201d.<br>\nO, son ill\u0259r \u0259rzind\u0259 \u00f6lk\u0259l\u0259rimiz aras\u0131nda m\u00fcbadil\u0259 layih\u0259l\u0259rinin  artd\u0131\u011f\u0131n\u0131, birg\u0259 konfranslar\u0131n  t\u0259\u015fkil olunudu\u011funu, \u00c7inin ali t\u0259hsil ocaqlar\u0131  il\u0259 birg\u0259 ikili diplom proqramlar\u0131n\u0131n h\u0259yata ke\u00e7irildiyini vur\u011fulay\u0131b. \u201cZ\u0259nnimc\u0259, iqtisadi, siyasi sah\u0259l\u0259rd\u0259 oldu\u011fu kimi, bu sah\u0259d\u0259 d\u0259  geni\u015f perspektivl\u0259r var\u201d.<br>\n\u00c7\u0131x\u0131\u015flardan sonra t\u0259dbir i\u015ftirak\u00e7\u0131lar\u0131n\u0131n suallar\u0131 cavabland\u0131r\u0131l\u0131b.<br>\nKonfransa yekun vuran YAP S\u0259drinin m\u00fcavini \u2013 M\u0259rk\u0259zi Aparat\u0131n r\u0259hb\u0259ri Tahir Budaqov bir daha \u00c7in Kommunist Partiyas\u0131 M\u0259rk\u0259zi Komit\u0259sinin \u00fczv\u00fc, Beyn\u0259lxalq \u0259laq\u0259l\u0259r \u015f\u00f6b\u0259sinin m\u00fcdiri L\u00fc Tzyan\u00e7aoya \u00f6lk\u0259miz\u0259 s\u0259f\u0259rin\u0259 g\u00f6r\u0259 t\u0259\u015f\u0259kk\u00fcr\u00fcn\u00fc bildir\u0259r\u0259k bu s\u0259f\u0259rin ist\u0259r partiyalar\u0131m\u0131z, ist\u0259rs\u0259 d\u0259 \u00f6lk\u0259l\u0259rimiz aras\u0131nda \u0259m\u0259kda\u015fl\u0131\u011f\u0131n inki\u015faf\u0131na m\u00fch\u00fcm t\u00f6hf\u0259 ver\u0259c\u0259yin\u0259 \u0259minliyini ifad\u0259 edib.<br>\nKonfrans Yeni Az\u0259rbaycan Partiyas\u0131n\u0131n Himninin s\u0259sl\u0259ndirilm\u0259si il\u0259 ba\u015fa \u00e7at\u0131b.\n<\/p>\t\t\t\t\t<\/div>\n\t\t\t\t\t\t<\/div>\n\t\t\t\t<\/div>\n\t\t\t\t\t\t<\/div>\n\t\t\t\t\t<\/div>\n\t\t<\/div>\n\t\t\t\t\t\t\t\t<\/div>\n\t\t\t\t\t<\/div>\n\t\t<\/section>\n\t\t\t\t\t\t<\/div>\n\t\t\t\t\t\t<\/div>\n\t\t\t\t\t<\/div>","protected":false},"excerpt":{"rendered":"<p>Aprelin 2-d\u0259  Yeni Az\u0259rbaycan Partiyas\u0131n\u0131n (YAP) t\u0259\u015fkilat\u00e7\u0131l\u0131\u011f\u0131 il\u0259  \u201cAz\u0259rbaycan \u2013 \u00c7in strateji t\u0259r\u0259fda\u015fl\u0131\u011f\u0131: Qlobal C\u0259nubda konsolidasiya v\u0259 \u0259m\u0259kda\u015fl\u0131\u011f\u0131n t\u0259\u015fviqi\u201d m\u00f6vzusunda konfrans ke\u00e7irilib.<\/p>","protected":false},"author":2,"featured_media":25591,"comment_status":"closed","ping_status":"closed","sticky":false,"template":"","format":"standard","meta":[],"categories":[137],"tags":[],"_links":{"self":[{"href":"https:\/\/legacy.dia.edu.az\/ru\/wp-json\/wp\/v2\/posts\/25607"}],"collection":[{"href":"https:\/\/legacy.dia.edu.az\/ru\/wp-json\/wp\/v2\/posts"}],"about":[{"href":"https:\/\/legacy.dia.edu.az\/ru\/wp-json\/wp\/v2\/types\/post"}],"author":[{"embeddable":true,"href":"https:\/\/legacy.dia.edu.az\/ru\/wp-json\/wp\/v2\/users\/2"}],"replies":[{"embeddable":true,"href":"https:\/\/legacy.dia.edu.az\/ru\/wp-json\/wp\/v2\/comments?post=25607"}],"version-history":[{"count":8,"href":"https:\/\/legacy.dia.edu.az\/ru\/wp-json\/wp\/v2\/posts\/25607\/revisions"}],"predecessor-version":[{"id":25615,"href":"https:\/\/legacy.dia.edu.az\/ru\/wp-json\/wp\/v2\/posts\/25607\/revisions\/25615"}],"wp:featuredmedia":[{"embeddable":true,"href":"https:\/\/legacy.dia.edu.az\/ru\/wp-json\/wp\/v2\/media\/25591"}],"wp:attachment":[{"href":"https:\/\/legacy.dia.edu.az\/ru\/wp-json\/wp\/v2\/media?parent=25607"}],"wp:term":[{"taxonomy":"category","embeddable":true,"href":"https:\/\/legacy.dia.edu.az\/ru\/wp-json\/wp\/v2\/categories?post=25607"},{"taxonomy":"post_tag","embeddable":true,"href":"https:\/\/legacy.dia.edu.az\/ru\/wp-json\/wp\/v2\/tags?post=25607"}],"curies":[{"name":"wp","href":"https:\/\/api.w.org\/{rel}","templated":true}]}}