{"id":25428,"date":"2025-03-18T15:58:35","date_gmt":"2025-03-18T11:58:35","guid":{"rendered":"https:\/\/dia.edu.az\/?p=25428"},"modified":"2025-03-18T16:03:15","modified_gmt":"2025-03-18T12:03:15","slug":"az%c9%99rbaycan-respublikasinin-prezidenti-yaninda-dovl%c9%99t-idar%c9%99cilik-akademiyasinda-az%c9%99rbaycan-respublikasinin-%c9%99dliyy%c9%99-nazirliyinin-%c9%99m%c9%99kdaslari-ucun-t%c9%99lim-bas-t","status":"publish","type":"post","link":"https:\/\/legacy.dia.edu.az\/ru\/arxivl\u0259r\/25428","title":{"rendered":"Az\u0259rbaycan Respublikas\u0131n\u0131n Prezidenti yan\u0131nda D\u00f6vl\u0259t \u0130dar\u0259\u00e7ilik Akademiyas\u0131nda Az\u0259rbaycan Respublikas\u0131n\u0131n \u018fdliyy\u0259 Nazirliyinin \u0259m\u0259kda\u015flar\u0131 \u00fc\u00e7\u00fcn t\u0259lim ba\u015f tutdu"},"content":{"rendered":"<div data-elementor-type=\"wp-post\" data-elementor-id=\"25428\" class=\"elementor elementor-25428\" data-elementor-settings=\"[]\">\n\t\t\t\t\t\t<div class=\"elementor-inner\">\n\t\t\t\t\t\t\t<div class=\"elementor-section-wrap\">\n\t\t\t\t\t\t\t<section class=\"elementor-section elementor-top-section elementor-element elementor-element-f9c14ba elementor-section-boxed elementor-section-height-default elementor-section-height-default\" data-id=\"f9c14ba\" data-element_type=\"section\">\n\t\t\t\t\t\t<div class=\"elementor-container elementor-column-gap-default\">\n\t\t\t\t\t\t\t<div class=\"elementor-row\">\n\t\t\t\t\t<div class=\"elementor-column elementor-col-100 elementor-top-column elementor-element elementor-element-a679a38\" data-id=\"a679a38\" data-element_type=\"column\">\n\t\t\t<div class=\"elementor-column-wrap elementor-element-populated\">\n\t\t\t\t\t\t\t<div class=\"elementor-widget-wrap\">\n\t\t\t\t\t\t<div class=\"elementor-element elementor-element-bb2f4f0 elementor-widget elementor-widget-text-editor\" data-id=\"bb2f4f0\" data-element_type=\"widget\" data-widget_type=\"text-editor.default\">\n\t\t\t\t<div class=\"elementor-widget-container\">\n\t\t\t\t\t\t\t\t<div class=\"elementor-text-editor elementor-clearfix\">\n\t\t\t\t\tAz\u0259rbaycan Respublikas\u0131n\u0131n Prezidenti yan\u0131nda D\u00f6vl\u0259t \u0130dar\u0259\u00e7ilik Akademiyas\u0131nda Az\u0259rbaycan Respublikas\u0131n\u0131n \u018fdliyy\u0259 Nazirliyinin \u0259m\u0259kda\u015flar\u0131 \u00fc\u00e7\u00fcn t\u0259lim ba\u015f tutdu\t\t\t\t\t<\/div>\n\t\t\t\t\t\t<\/div>\n\t\t\t\t<\/div>\n\t\t\t\t\t\t<\/div>\n\t\t\t\t\t<\/div>\n\t\t<\/div>\n\t\t\t\t\t\t\t\t<\/div>\n\t\t\t\t\t<\/div>\n\t\t<\/section>\n\t\t\t\t<section class=\"elementor-section elementor-top-section elementor-element elementor-element-a47be35 elementor-section-boxed elementor-section-height-default elementor-section-height-default\" data-id=\"a47be35\" data-element_type=\"section\">\n\t\t\t\t\t\t<div class=\"elementor-container elementor-column-gap-default\">\n\t\t\t\t\t\t\t<div class=\"elementor-row\">\n\t\t\t\t\t<div class=\"elementor-column elementor-col-100 elementor-top-column elementor-element elementor-element-a6afded\" data-id=\"a6afded\" data-element_type=\"column\">\n\t\t\t<div class=\"elementor-column-wrap elementor-element-populated\">\n\t\t\t\t\t\t\t<div class=\"elementor-widget-wrap\">\n\t\t\t\t\t\t<div class=\"elementor-element elementor-element-c16f561 elementor-arrows-position-inside elementor-pagination-position-outside elementor-widget elementor-widget-image-carousel\" data-id=\"c16f561\" data-element_type=\"widget\" data-settings=\"{&quot;navigation&quot;:&quot;both&quot;,&quot;autoplay&quot;:&quot;yes&quot;,&quot;pause_on_hover&quot;:&quot;yes&quot;,&quot;pause_on_interaction&quot;:&quot;yes&quot;,&quot;autoplay_speed&quot;:5000,&quot;infinite&quot;:&quot;yes&quot;,&quot;speed&quot;:500}\" data-widget_type=\"image-carousel.default\">\n\t\t\t\t<div class=\"elementor-widget-container\">\n\t\t\t\t\t<div class=\"elementor-image-carousel-wrapper swiper-container\" dir=\"ltr\">\n\t\t\t<div class=\"elementor-image-carousel swiper-wrapper\">\n\t\t\t\t<div class=\"swiper-slide\"><a data-elementor-open-lightbox=\"yes\" data-elementor-lightbox-slideshow=\"c16f561\" data-elementor-lightbox-title=\"ok1\" href=\"https:\/\/legacy.dia.edu.az\/wp-content\/uploads\/2025\/03\/ok1.jpeg\"><figure class=\"swiper-slide-inner\"><img class=\"swiper-slide-image\" src=\"https:\/\/legacy.dia.edu.az\/wp-content\/uploads\/2025\/03\/ok1-150x150.jpeg\" alt=\"ok1\" \/><\/figure><\/a><\/div><div class=\"swiper-slide\"><a data-elementor-open-lightbox=\"yes\" data-elementor-lightbox-slideshow=\"c16f561\" data-elementor-lightbox-title=\"ok2\" href=\"https:\/\/legacy.dia.edu.az\/wp-content\/uploads\/2025\/03\/ok2.jpeg\"><figure class=\"swiper-slide-inner\"><img class=\"swiper-slide-image\" src=\"https:\/\/legacy.dia.edu.az\/wp-content\/uploads\/2025\/03\/ok2-150x150.jpeg\" alt=\"ok2\" \/><\/figure><\/a><\/div><div class=\"swiper-slide\"><a data-elementor-open-lightbox=\"yes\" data-elementor-lightbox-slideshow=\"c16f561\" data-elementor-lightbox-title=\"ok3\" href=\"https:\/\/legacy.dia.edu.az\/wp-content\/uploads\/2025\/03\/ok3.jpeg\"><figure class=\"swiper-slide-inner\"><img class=\"swiper-slide-image\" src=\"https:\/\/legacy.dia.edu.az\/wp-content\/uploads\/2025\/03\/ok3-150x150.jpeg\" alt=\"ok3\" \/><\/figure><\/a><\/div><div class=\"swiper-slide\"><a data-elementor-open-lightbox=\"yes\" data-elementor-lightbox-slideshow=\"c16f561\" data-elementor-lightbox-title=\"ok4\" href=\"https:\/\/legacy.dia.edu.az\/wp-content\/uploads\/2025\/03\/ok4.jpeg\"><figure class=\"swiper-slide-inner\"><img class=\"swiper-slide-image\" src=\"https:\/\/legacy.dia.edu.az\/wp-content\/uploads\/2025\/03\/ok4-150x150.jpeg\" alt=\"ok4\" \/><\/figure><\/a><\/div><div class=\"swiper-slide\"><a data-elementor-open-lightbox=\"yes\" data-elementor-lightbox-slideshow=\"c16f561\" data-elementor-lightbox-title=\"ok5\" href=\"https:\/\/legacy.dia.edu.az\/wp-content\/uploads\/2025\/03\/ok5.jpeg\"><figure class=\"swiper-slide-inner\"><img class=\"swiper-slide-image\" src=\"https:\/\/legacy.dia.edu.az\/wp-content\/uploads\/2025\/03\/ok5-150x150.jpeg\" alt=\"ok5\" \/><\/figure><\/a><\/div><div class=\"swiper-slide\"><a data-elementor-open-lightbox=\"yes\" data-elementor-lightbox-slideshow=\"c16f561\" data-elementor-lightbox-title=\"ok6\" href=\"https:\/\/legacy.dia.edu.az\/wp-content\/uploads\/2025\/03\/ok6.jpeg\"><figure class=\"swiper-slide-inner\"><img class=\"swiper-slide-image\" src=\"https:\/\/legacy.dia.edu.az\/wp-content\/uploads\/2025\/03\/ok6-150x150.jpeg\" alt=\"ok6\" \/><\/figure><\/a><\/div><div class=\"swiper-slide\"><a data-elementor-open-lightbox=\"yes\" data-elementor-lightbox-slideshow=\"c16f561\" data-elementor-lightbox-title=\"ok7\" href=\"https:\/\/legacy.dia.edu.az\/wp-content\/uploads\/2025\/03\/ok7.jpeg\"><figure class=\"swiper-slide-inner\"><img class=\"swiper-slide-image\" src=\"https:\/\/legacy.dia.edu.az\/wp-content\/uploads\/2025\/03\/ok7-150x150.jpeg\" alt=\"ok7\" \/><\/figure><\/a><\/div><div class=\"swiper-slide\"><a data-elementor-open-lightbox=\"yes\" data-elementor-lightbox-slideshow=\"c16f561\" data-elementor-lightbox-title=\"ok8\" href=\"https:\/\/legacy.dia.edu.az\/wp-content\/uploads\/2025\/03\/ok8.jpeg\"><figure class=\"swiper-slide-inner\"><img class=\"swiper-slide-image\" src=\"https:\/\/legacy.dia.edu.az\/wp-content\/uploads\/2025\/03\/ok8-150x150.jpeg\" alt=\"ok8\" \/><\/figure><\/a><\/div><div class=\"swiper-slide\"><a data-elementor-open-lightbox=\"yes\" data-elementor-lightbox-slideshow=\"c16f561\" data-elementor-lightbox-title=\"ok9\" href=\"https:\/\/legacy.dia.edu.az\/wp-content\/uploads\/2025\/03\/ok9.jpeg\"><figure class=\"swiper-slide-inner\"><img class=\"swiper-slide-image\" src=\"https:\/\/legacy.dia.edu.az\/wp-content\/uploads\/2025\/03\/ok9-150x150.jpeg\" alt=\"ok9\" \/><\/figure><\/a><\/div><div class=\"swiper-slide\"><a data-elementor-open-lightbox=\"yes\" data-elementor-lightbox-slideshow=\"c16f561\" data-elementor-lightbox-title=\"ok10\" href=\"https:\/\/legacy.dia.edu.az\/wp-content\/uploads\/2025\/03\/ok10.jpeg\"><figure class=\"swiper-slide-inner\"><img class=\"swiper-slide-image\" src=\"https:\/\/legacy.dia.edu.az\/wp-content\/uploads\/2025\/03\/ok10-150x150.jpeg\" alt=\"ok10\" \/><\/figure><\/a><\/div><div class=\"swiper-slide\"><a data-elementor-open-lightbox=\"yes\" data-elementor-lightbox-slideshow=\"c16f561\" data-elementor-lightbox-title=\"ok11\" href=\"https:\/\/legacy.dia.edu.az\/wp-content\/uploads\/2025\/03\/ok11.jpeg\"><figure class=\"swiper-slide-inner\"><img class=\"swiper-slide-image\" src=\"https:\/\/legacy.dia.edu.az\/wp-content\/uploads\/2025\/03\/ok11-150x150.jpeg\" alt=\"ok11\" \/><\/figure><\/a><\/div>\t\t\t<\/div>\n\t\t\t\t\t\t\t\t\t\t\t\t<div class=\"swiper-pagination\"><\/div>\n\t\t\t\t\t\t\t\t\t\t\t\t\t<div class=\"elementor-swiper-button elementor-swiper-button-prev\">\n\t\t\t\t\t\t<i class=\"eicon-chevron-left\" aria-hidden=\"true\"><\/i>\n\t\t\t\t\t\t<span class=\"elementor-screen-only\">\u041d\u0430\u0437\u0430\u0434<\/span>\n\t\t\t\t\t<\/div>\n\t\t\t\t\t<div class=\"elementor-swiper-button elementor-swiper-button-next\">\n\t\t\t\t\t\t<i class=\"eicon-chevron-right\" aria-hidden=\"true\"><\/i>\n\t\t\t\t\t\t<span class=\"elementor-screen-only\">\u0414\u0430\u043b\u0435\u0435<\/span>\n\t\t\t\t\t<\/div>\n\t\t\t\t\t\t\t\t\t<\/div>\n\t\t\t\t<\/div>\n\t\t\t\t<\/div>\n\t\t\t\t\t\t<\/div>\n\t\t\t\t\t<\/div>\n\t\t<\/div>\n\t\t\t\t\t\t\t\t<\/div>\n\t\t\t\t\t<\/div>\n\t\t<\/section>\n\t\t\t\t<section class=\"elementor-section elementor-top-section elementor-element elementor-element-85b76af elementor-section-boxed elementor-section-height-default elementor-section-height-default\" data-id=\"85b76af\" data-element_type=\"section\">\n\t\t\t\t\t\t<div class=\"elementor-container elementor-column-gap-default\">\n\t\t\t\t\t\t\t<div class=\"elementor-row\">\n\t\t\t\t\t<div class=\"elementor-column elementor-col-100 elementor-top-column elementor-element elementor-element-293d665\" data-id=\"293d665\" data-element_type=\"column\">\n\t\t\t<div class=\"elementor-column-wrap elementor-element-populated\">\n\t\t\t\t\t\t\t<div class=\"elementor-widget-wrap\">\n\t\t\t\t\t\t<div class=\"elementor-element elementor-element-c50cf8d elementor-widget elementor-widget-text-editor\" data-id=\"c50cf8d\" data-element_type=\"widget\" data-widget_type=\"text-editor.default\">\n\t\t\t\t<div class=\"elementor-widget-container\">\n\t\t\t\t\t\t\t\t<div class=\"elementor-text-editor elementor-clearfix\">\n\t\t\t\t\t<p>Az\u0259rbaycan Respublikas\u0131n\u0131n Prezidenti \u0130lham \u018fliyev c\u0259nablar\u0131n\u0131n Az\u0259rbaycan Respublikas\u0131nda 2025-ci ilin \u201cKonstitusiya v\u0259 Suverenlik ili\u201d elan edilm\u0259si haqq\u0131nda  28 dekabr 2024-c\u00fc il tarixli S\u0259r\u0259ncam\u0131na \u0259sas\u0259n 18 mart 2025-ci il tarixind\u0259 Az\u0259rbaycan Respublikas\u0131n\u0131n Prezidenti yan\u0131nda D\u00f6vl\u0259t \u0130dar\u0259\u00e7ilik Akademiyas\u0131nda Az\u0259rbaycan Respublikas\u0131n\u0131n \u018fdliyy\u0259 Nazirliyinin \u0259m\u0259kda\u015flar\u0131 \u00fc\u00e7\u00fcn t\u0259lim ke\u00e7irilmi\u015fdir. T\u0259limd\u0259 D\u00f6vl\u0259t \u0130dar\u0259\u00e7ilik Akademiyas\u0131n\u0131n rektoru akademik Urxan \u018fl\u0259kb\u0259rov \u201cPrezident \u0130lham \u018fliyevin innovativ d\u00f6vl\u0259t idar\u0259\u00e7ilik siyas\u0259ti: Suverenliy\u0259 aparan yol\u201d m\u00f6vzusunda m\u00fchazir\u0259 il\u0259 \u00e7\u0131x\u0131\u015f etdi.&nbsp;<br>\nT\u0259limd\u0259, Az\u0259rbaycan\u0131n suverenliyinin tarixi v\u0259 bu suverenliyi \u0259ld\u0259 etm\u0259k \u00fc\u00e7\u00fcn Prezident \u0130lham \u018fliyevin h\u0259yata ke\u00e7irdiyi m\u00fch\u00fcm add\u0131mlar bar\u0259d\u0259 \u0259trafl\u0131 m\u0259lumat verilib. Akademik qeyd edib ki, Prezident \u0130lham \u018fliyev \u00f6lk\u0259nin m\u00fcst\u0259qilliyini qorumaq v\u0259 inki\u015faf\u0131n\u0131 t\u0259min etm\u0259k \u00fc\u00e7\u00fcn \u00e7oxsayl\u0131 islahatlar h\u0259yata ke\u00e7irib, bu istiqam\u0259td\u0259 d\u00f6vl\u0259t idar\u0259\u00e7iliyind\u0259ki t\u0259kmill\u0259\u015fdirm\u0259l\u0259r \u00f6lk\u0259nin g\u00fccl\u0259nm\u0259sin\u0259 v\u0259 beyn\u0259lxalq s\u0259viyy\u0259d\u0259 tan\u0131nmas\u0131na \u015f\u0259rait yarad\u0131b.<br>\nRektor qeyd edib ki, bu g\u00fcn dahi r\u0259hb\u0259r Heyd\u0259r \u018fliyev t\u0259r\u0259find\u0259n \u0259sas\u0131 qoyulan v\u0259 Prezident \u0130lham \u018fliyevin u\u011furla inki\u015faf etdirdiyi d\u00f6vl\u0259t idar\u0259\u00e7ilik siyas\u0259tinin n\u0259z\u0259ri \u0259saslar\u0131n\u0131n i\u015fl\u0259nilm\u0259si, onlar\u0131n t\u0259cr\u00fcb\u0259d\u0259 t\u0259tbiqi n\u0259tic\u0259sind\u0259 bir \u00e7ox u\u011furlara imza at\u0131l\u0131b. Bu innovativ idar\u0259etm\u0259 texnologiyalar\u0131n\u0131n t\u0259tbiqi, \u00f6lk\u0259nin suverenliyini g\u00fccl\u0259ndirm\u0259k v\u0259 m\u00fcst\u0259qilliyini qorumaq m\u0259qs\u0259dini da\u015f\u0131y\u0131r.<br>\nAkademik t\u0259lim zaman\u0131 Az\u0259rbaycan\u0131n Konstitusiyas\u0131n\u0131n \u0259sas prinsipl\u0259rinin, o c\u00fcml\u0259d\u0259n suverenlik, m\u00fcst\u0259qillik v\u0259 demokratik d\u0259y\u0259rl\u0259rin qorunmas\u0131n\u0131n, \u00f6lk\u0259 \u00fc\u00e7\u00fcn m\u00fch\u00fcm bir z\u0259min yaratd\u0131\u011f\u0131n\u0131 qeyd edib. Prezident \u0130lham \u018fliyevin r\u0259hb\u0259rliyi alt\u0131nda d\u00f6vl\u0259tin inki\u015faf strategiyas\u0131n\u0131n bu d\u0259y\u0259rl\u0259r\u0259 \u0259sasland\u0131\u011f\u0131na x\u00fcsusi diqq\u0259t \u00e7\u0259kilib.<br>\nDaha sonra rektor Urxan \u018fl\u0259kb\u0259rov vitse-prezidentlik institutunun yarad\u0131lmas\u0131 v\u0259 Mehriban \u018fliyevan\u0131n bu v\u0259zif\u0259y\u0259 t\u0259yin edilm\u0259sinin Az\u0259rbaycan\u0131n siyasi v\u0259 idar\u0259etm\u0259 strukturunda m\u00fch\u00fcm bir yenilik olaraq tarix\u0259 d\u00fc\u015fd\u00fcy\u00fcn\u00fc qeyd edib. Bel\u0259 ki, vitse-prezidentlik institutu, d\u00f6vl\u0259tin idar\u0259etm\u0259 qabiliyy\u0259tini daha da g\u00fccl\u0259ndir\u0259r\u0259k, idar\u0259etm\u0259 strukturunun \u00e7evikliyini art\u0131r\u0131b v\u0259 Prezident \u0130lham \u018fliyevin r\u0259hb\u0259rliyi alt\u0131nda \u00f6lk\u0259nin inki\u015faf\u0131 \u00fc\u00e7\u00fcn \u0259lav\u0259 bir d\u0259st\u0259k mexanizmi t\u0259min edib.<br>\nAz\u0259rbaycan Respublikas\u0131n\u0131n Prezidenti c\u0259nab \u0130lham \u018fliyevin i\u015f\u011faldan azad edilmi\u015f \u0259razil\u0259rl\u0259 ba\u011fl\u0131 m\u00fc\u0259yy\u0259n etdiyi iqtisadi inki\u015faf kursu v\u0259 bu \u0259razil\u0259rin \u201cya\u015f\u0131l enerji\u201d zonas\u0131na \u00e7evrilm\u0259si, \u00f6lk\u0259nin suverenliyinin m\u00f6hk\u0259ml\u0259ndirilm\u0259si v\u0259 m\u00fcst\u0259qilliyinin t\u0259min olunmas\u0131 m\u0259qs\u0259dini g\u00fcd\u00fcr. Rektor, Prezident \u0130lham \u018fliyevin 44 g\u00fcnl\u00fck V\u0259t\u0259n m\u00fcharib\u0259sind\u0259n sonra i\u015f\u011faldan azad edil\u0259n \u0259razil\u0259rd\u0259 &#8220;Ya\u015f\u0131l Enerji Zonas\u0131n\u0131n&#8221; yarad\u0131lmas\u0131 il\u0259 ba\u011fl\u0131 ir\u0259li s\u00fcrd\u00fcy\u00fc strateji bax\u0131\u015f\u0131n, Az\u0259rbaycan\u0131n enerji t\u0259hl\u00fck\u0259sizliyini art\u0131rmaq v\u0259 b\u0259rpa olunan enerji sah\u0259sind\u0259 g\u00fccl\u00fc bir m\u00f6vqe \u0259ld\u0259 etm\u0259k m\u0259qs\u0259di da\u015f\u0131d\u0131\u011f\u0131n\u0131 vur\u011fulay\u0131b.<br>\nQeyd olunub ki, bu strateji add\u0131m Az\u0259rbaycan\u0131n yaln\u0131z iqtisadi inki\u015faf\u0131n\u0131 deyil, h\u0259m d\u0259 milli suverenliyini v\u0259 m\u00fcst\u0259qilliyini g\u00fccl\u0259ndirir. \u00c7\u00fcnki enerji sah\u0259sind\u0259 \u00f6z\u00fcn\u0259 kifay\u0259t ed\u0259n v\u0259 b\u0259rpa olunan enerji m\u0259nb\u0259l\u0259rin\u0259 y\u00f6n\u0259l\u0259n siyas\u0259t, \u00f6lk\u0259nin xarici enerji as\u0131l\u0131\u011f\u0131n\u0131 azaltma\u011fa, eyni zamanda beyn\u0259lxalq s\u0259viyy\u0259d\u0259 enerji t\u0259hl\u00fck\u0259sizliyi il\u0259 ba\u011fl\u0131 m\u00f6vqeyini m\u00f6hk\u0259ml\u0259ndirm\u0259y\u0259 imkan verir. Bel\u0259likl\u0259, Prezident \u0130lham \u018fliyevin r\u0259hb\u0259rliyi alt\u0131nda h\u0259yata ke\u00e7iril\u0259n bu t\u0259\u015f\u0259bb\u00fcsl\u0259r, Az\u0259rbaycan\u0131n suverenliyinin qorunmas\u0131 v\u0259 inki\u015faf etdirilm\u0259si istiqam\u0259tind\u0259 m\u00fch\u00fcm bir add\u0131m olaraq d\u0259y\u0259rl\u0259ndiril\u0259 bil\u0259r.<br>\nT\u0259lim diskussiya format\u0131nda davam edib v\u0259 u\u011furla ba\u015fa \u00e7at\u0131b.\n<\/p>\t\t\t\t\t<\/div>\n\t\t\t\t\t\t<\/div>\n\t\t\t\t<\/div>\n\t\t\t\t\t\t<\/div>\n\t\t\t\t\t<\/div>\n\t\t<\/div>\n\t\t\t\t\t\t\t\t<\/div>\n\t\t\t\t\t<\/div>\n\t\t<\/section>\n\t\t\t\t\t\t<\/div>\n\t\t\t\t\t\t<\/div>\n\t\t\t\t\t<\/div>","protected":false},"excerpt":{"rendered":"<p>Az\u0259rbaycan Respublikas\u0131n\u0131n Prezidenti \u0130lham \u018fliyev c\u0259nablar\u0131n\u0131n Az\u0259rbaycan Respublikas\u0131nda 2025-ci ilin \u201cKonstitusiya v\u0259 Suverenlik ili\u201d elan edilm\u0259si haqq\u0131nda  28 dekabr 2024-c\u00fc il tarixli S\u0259r\u0259ncam\u0131na \u0259sas\u0259n 18 mart 2025-ci il tarixind\u0259 <\/p>","protected":false},"author":2,"featured_media":25431,"comment_status":"closed","ping_status":"closed","sticky":false,"template":"","format":"standard","meta":[],"categories":[137],"tags":[],"_links":{"self":[{"href":"https:\/\/legacy.dia.edu.az\/ru\/wp-json\/wp\/v2\/posts\/25428"}],"collection":[{"href":"https:\/\/legacy.dia.edu.az\/ru\/wp-json\/wp\/v2\/posts"}],"about":[{"href":"https:\/\/legacy.dia.edu.az\/ru\/wp-json\/wp\/v2\/types\/post"}],"author":[{"embeddable":true,"href":"https:\/\/legacy.dia.edu.az\/ru\/wp-json\/wp\/v2\/users\/2"}],"replies":[{"embeddable":true,"href":"https:\/\/legacy.dia.edu.az\/ru\/wp-json\/wp\/v2\/comments?post=25428"}],"version-history":[{"count":11,"href":"https:\/\/legacy.dia.edu.az\/ru\/wp-json\/wp\/v2\/posts\/25428\/revisions"}],"predecessor-version":[{"id":25450,"href":"https:\/\/legacy.dia.edu.az\/ru\/wp-json\/wp\/v2\/posts\/25428\/revisions\/25450"}],"wp:featuredmedia":[{"embeddable":true,"href":"https:\/\/legacy.dia.edu.az\/ru\/wp-json\/wp\/v2\/media\/25431"}],"wp:attachment":[{"href":"https:\/\/legacy.dia.edu.az\/ru\/wp-json\/wp\/v2\/media?parent=25428"}],"wp:term":[{"taxonomy":"category","embeddable":true,"href":"https:\/\/legacy.dia.edu.az\/ru\/wp-json\/wp\/v2\/categories?post=25428"},{"taxonomy":"post_tag","embeddable":true,"href":"https:\/\/legacy.dia.edu.az\/ru\/wp-json\/wp\/v2\/tags?post=25428"}],"curies":[{"name":"wp","href":"https:\/\/api.w.org\/{rel}","templated":true}]}}