{"id":25338,"date":"2025-03-14T22:12:55","date_gmt":"2025-03-14T18:12:55","guid":{"rendered":"https:\/\/dia.edu.az\/?p=25338"},"modified":"2025-03-14T22:18:08","modified_gmt":"2025-03-14T18:18:08","slug":"konstitusiya-m%c9%99hk%c9%99m%c9%99si-il%c9%99-dovl%c9%99t-idar%c9%99cilik-akademiyasi-arasinda-%c9%99m%c9%99kdasliq-haqqinda-memorandum-imzalanib","status":"publish","type":"post","link":"https:\/\/legacy.dia.edu.az\/ru\/arxivl\u0259r\/25338","title":{"rendered":"Konstitusiya M\u0259hk\u0259m\u0259si il\u0259 D\u00f6vl\u0259t \u0130dar\u0259\u00e7ilik Akademiyas\u0131 aras\u0131nda \u0259m\u0259kda\u015fl\u0131q haqq\u0131nda Memorandum imzalan\u0131b"},"content":{"rendered":"<div data-elementor-type=\"wp-post\" data-elementor-id=\"25338\" class=\"elementor elementor-25338\" data-elementor-settings=\"[]\">\n\t\t\t\t\t\t<div class=\"elementor-inner\">\n\t\t\t\t\t\t\t<div class=\"elementor-section-wrap\">\n\t\t\t\t\t\t\t<section class=\"elementor-section elementor-top-section elementor-element elementor-element-60fceae elementor-section-boxed elementor-section-height-default elementor-section-height-default\" data-id=\"60fceae\" data-element_type=\"section\">\n\t\t\t\t\t\t<div class=\"elementor-container elementor-column-gap-default\">\n\t\t\t\t\t\t\t<div class=\"elementor-row\">\n\t\t\t\t\t<div class=\"elementor-column elementor-col-100 elementor-top-column elementor-element elementor-element-9b6bfa9\" data-id=\"9b6bfa9\" data-element_type=\"column\">\n\t\t\t<div class=\"elementor-column-wrap elementor-element-populated\">\n\t\t\t\t\t\t\t<div class=\"elementor-widget-wrap\">\n\t\t\t\t\t\t<div class=\"elementor-element elementor-element-6ed9d89 elementor-widget elementor-widget-text-editor\" data-id=\"6ed9d89\" data-element_type=\"widget\" data-widget_type=\"text-editor.default\">\n\t\t\t\t<div class=\"elementor-widget-container\">\n\t\t\t\t\t\t\t\t<div class=\"elementor-text-editor elementor-clearfix\">\n\t\t\t\t\tKonstitusiya M\u0259hk\u0259m\u0259si il\u0259 D\u00f6vl\u0259t \u0130dar\u0259\u00e7ilik Akademiyas\u0131 aras\u0131nda \u0259m\u0259kda\u015fl\u0131q haqq\u0131nda Memorandum imzalan\u0131b\t\t\t\t\t<\/div>\n\t\t\t\t\t\t<\/div>\n\t\t\t\t<\/div>\n\t\t\t\t\t\t<\/div>\n\t\t\t\t\t<\/div>\n\t\t<\/div>\n\t\t\t\t\t\t\t\t<\/div>\n\t\t\t\t\t<\/div>\n\t\t<\/section>\n\t\t\t\t<section class=\"elementor-section elementor-top-section elementor-element elementor-element-99a2ff6 elementor-section-boxed elementor-section-height-default elementor-section-height-default\" data-id=\"99a2ff6\" data-element_type=\"section\">\n\t\t\t\t\t\t<div class=\"elementor-container elementor-column-gap-default\">\n\t\t\t\t\t\t\t<div class=\"elementor-row\">\n\t\t\t\t\t<div class=\"elementor-column elementor-col-100 elementor-top-column elementor-element elementor-element-a49c137\" data-id=\"a49c137\" data-element_type=\"column\">\n\t\t\t<div class=\"elementor-column-wrap\">\n\t\t\t\t\t\t\t<div class=\"elementor-widget-wrap\">\n\t\t\t\t\t\t\t\t<\/div>\n\t\t\t\t\t<\/div>\n\t\t<\/div>\n\t\t\t\t\t\t\t\t<\/div>\n\t\t\t\t\t<\/div>\n\t\t<\/section>\n\t\t\t\t<section class=\"elementor-section elementor-top-section elementor-element elementor-element-f22b361 elementor-section-boxed elementor-section-height-default elementor-section-height-default\" data-id=\"f22b361\" data-element_type=\"section\">\n\t\t\t\t\t\t<div class=\"elementor-container elementor-column-gap-default\">\n\t\t\t\t\t\t\t<div class=\"elementor-row\">\n\t\t\t\t\t<div class=\"elementor-column elementor-col-50 elementor-top-column elementor-element elementor-element-d3c8f59\" data-id=\"d3c8f59\" data-element_type=\"column\">\n\t\t\t<div class=\"elementor-column-wrap elementor-element-populated\">\n\t\t\t\t\t\t\t<div class=\"elementor-widget-wrap\">\n\t\t\t\t\t\t<div class=\"elementor-element elementor-element-2d23b11 elementor-widget elementor-widget-image\" data-id=\"2d23b11\" data-element_type=\"widget\" data-widget_type=\"image.default\">\n\t\t\t\t<div class=\"elementor-widget-container\">\n\t\t\t\t\t\t\t\t<div class=\"elementor-image\">\n\t\t\t\t\t\t\t\t\t\t\t\t\t<a href=\"https:\/\/dia.edu.az\/wp-content\/uploads\/2025\/03\/ff2.jpg\" data-elementor-open-lightbox=\"yes\" data-elementor-lightbox-title=\"ff2\">\n\t\t\t\t\t\t\t<img width=\"450\" height=\"300\" src=\"https:\/\/legacy.dia.edu.az\/wp-content\/uploads\/2025\/03\/ff2-450x300.jpg\" class=\"attachment-large size-large\" alt=\"\" srcset=\"https:\/\/legacy.dia.edu.az\/wp-content\/uploads\/2025\/03\/ff2-450x300.jpg 450w, https:\/\/legacy.dia.edu.az\/wp-content\/uploads\/2025\/03\/ff2-200x133.jpg 200w, https:\/\/legacy.dia.edu.az\/wp-content\/uploads\/2025\/03\/ff2-18x12.jpg 18w, https:\/\/legacy.dia.edu.az\/wp-content\/uploads\/2025\/03\/ff2-150x100.jpg 150w, https:\/\/legacy.dia.edu.az\/wp-content\/uploads\/2025\/03\/ff2.jpg 945w, https:\/\/legacy.dia.edu.az\/wp-content\/uploads\/2025\/03\/ff2-450x300@2x.jpg 900w, https:\/\/legacy.dia.edu.az\/wp-content\/uploads\/2025\/03\/ff2-200x133@2x.jpg 400w\" sizes=\"(max-width: 450px) 100vw, 450px\" \/>\t\t\t\t\t\t\t\t<\/a>\n\t\t\t\t\t\t\t\t\t\t\t\t\t\t<\/div>\n\t\t\t\t\t\t<\/div>\n\t\t\t\t<\/div>\n\t\t\t\t\t\t<\/div>\n\t\t\t\t\t<\/div>\n\t\t<\/div>\n\t\t\t\t<div class=\"elementor-column elementor-col-50 elementor-top-column elementor-element elementor-element-7385e09\" data-id=\"7385e09\" data-element_type=\"column\">\n\t\t\t<div class=\"elementor-column-wrap elementor-element-populated\">\n\t\t\t\t\t\t\t<div class=\"elementor-widget-wrap\">\n\t\t\t\t\t\t<div class=\"elementor-element elementor-element-a5f59d0 elementor-widget elementor-widget-text-editor\" data-id=\"a5f59d0\" data-element_type=\"widget\" data-widget_type=\"text-editor.default\">\n\t\t\t\t<div class=\"elementor-widget-container\">\n\t\t\t\t\t\t\t\t<div class=\"elementor-text-editor elementor-clearfix\">\n\t\t\t\t\t<p>Mart\u0131n 14-d\u0259 Konstitusiya M\u0259hk\u0259m\u0259sind\u0259 Prezident yan\u0131nda D\u00f6vl\u0259t \u0130dar\u0259\u00e7ilik Akademiyas\u0131 v\u0259 Konstitusiya M\u0259hk\u0259m\u0259sinin birg\u0259 t\u0259\u015fkil etdiyi \u201cAz\u0259rbaycan Respublikas\u0131n\u0131n Prezidenti \u0130lham \u018fliyevin innovativ d\u00f6vl\u0259t idar\u0259\u00e7iliyi siyas\u0259ti: suverenliy\u0259 aparan yol\u201d m\u00f6vzusunda seminar ke\u00e7irilib.<\/p>\n<p>Konstitusiya M\u0259hk\u0259m\u0259sinin s\u0259dri F\u0259rhad Abdullayev \u00e7\u0131x\u0131\u015f ed\u0259r\u0259k bildirib ki, Konstitusiya M\u0259hk\u0259m\u0259si il\u0259 ali t\u0259hsil v\u0259 elm m\u00fc\u0259ssis\u0259l\u0259ri aras\u0131nda daim s\u0131x \u0259m\u0259kda\u015fl\u0131q \u0259laq\u0259l\u0259ri olub. Ona g\u00f6r\u0259 d\u0259 g\u0259ncl\u0259r aras\u0131nda h\u00fcquqi bilikl\u0259rin art\u0131r\u0131lmas\u0131 v\u0259 onlar\u0131n d\u00f6vl\u0259tin \u018fsas Qanununda t\u0259sbit edilmi\u015f d\u0259y\u0259r v\u0259 prinsipl\u0259r haqq\u0131nda m\u0259lumatland\u0131r\u0131lmas\u0131na b\u00f6y\u00fck diqq\u0259t yetirilir.<\/p>\n<p>D\u00f6vl\u0259t \u0130dar\u0259\u00e7ilik Akademiyas\u0131n\u0131n rektoru akademik Urxan \u018fl\u0259kb\u0259rov \u00e7\u0131x\u0131\u015f\u0131nda qeyd edib ki, Prezident \u0130lham \u018fliyevin apard\u0131\u011f\u0131 siyas\u0259t n\u0259tic\u0259sind\u0259 Az\u0259rbaycan dinamik v\u0259 s\u00fcr\u0259tl\u0259 inki\u015faf ed\u0259r\u0259k m\u00fcasir iqtisadi v\u0259 sosial c\u0259h\u0259td\u0259n d\u00fcnyan\u0131n qabaqc\u0131l \u00f6lk\u0259l\u0259ri s\u0131ras\u0131nda yer tutur. G\u0259ncl\u0259r bu siyas\u0259tin \u00f6n\u00fcnd\u0259 getm\u0259li v\u0259 \u00f6lk\u0259mizd\u0259 h\u0259yata ke\u00e7iril\u0259n quruculuq i\u015fl\u0259rind\u0259 apar\u0131c\u0131 q\u00fcvv\u0259 olmal\u0131d\u0131rlar.<\/p>\n<p>T\u0259dbird\u0259 Konstitusiya M\u0259hk\u0259m\u0259si v\u0259 D\u00f6vl\u0259t \u0130dar\u0259\u00e7ilik Akademiyas\u0131 aras\u0131nda \u0259m\u0259kda\u015fl\u0131q haqq\u0131nda Memorandum imzalan\u0131b.<\/p>\n<p>\u0130mzalanma m\u0259rasimind\u0259n sonra \u00e7\u0131x\u0131\u015f ed\u0259n F\u0259rhad Abdullayev v\u0259 Urxan \u018fl\u0259kb\u0259rov Memorandumun iki qurum aras\u0131nda h\u00fcquqi \u0259m\u0259kda\u015fl\u0131q \u0259laq\u0259l\u0259rinin geni\u015fl\u0259ndiril\u0259c\u0259yini bildiribl\u0259r.&nbsp;<\/p>\t\t\t\t\t<\/div>\n\t\t\t\t\t\t<\/div>\n\t\t\t\t<\/div>\n\t\t\t\t\t\t<\/div>\n\t\t\t\t\t<\/div>\n\t\t<\/div>\n\t\t\t\t\t\t\t\t<\/div>\n\t\t\t\t\t<\/div>\n\t\t<\/section>\n\t\t\t\t\t\t<\/div>\n\t\t\t\t\t\t<\/div>\n\t\t\t\t\t<\/div>","protected":false},"excerpt":{"rendered":"<p>Mart\u0131n 14-d\u0259 Konstitusiya M\u0259hk\u0259m\u0259sind\u0259 Prezident yan\u0131nda D\u00f6vl\u0259t \u0130dar\u0259\u00e7ilik Akademiyas\u0131 v\u0259 Konstitusiya M\u0259hk\u0259m\u0259sinin birg\u0259 t\u0259\u015fkil etdiyi \u201cAz\u0259rbaycan Respublikas\u0131n\u0131n Prezidenti \u0130lham \u018fliyevin innovativ d\u00f6vl\u0259t idar\u0259\u00e7iliyi siyas\u0259ti: suverenliy\u0259 aparan yol\u201d m\u00f6vzusunda<\/p>","protected":false},"author":2,"featured_media":25340,"comment_status":"closed","ping_status":"closed","sticky":false,"template":"","format":"standard","meta":[],"categories":[137],"tags":[],"_links":{"self":[{"href":"https:\/\/legacy.dia.edu.az\/ru\/wp-json\/wp\/v2\/posts\/25338"}],"collection":[{"href":"https:\/\/legacy.dia.edu.az\/ru\/wp-json\/wp\/v2\/posts"}],"about":[{"href":"https:\/\/legacy.dia.edu.az\/ru\/wp-json\/wp\/v2\/types\/post"}],"author":[{"embeddable":true,"href":"https:\/\/legacy.dia.edu.az\/ru\/wp-json\/wp\/v2\/users\/2"}],"replies":[{"embeddable":true,"href":"https:\/\/legacy.dia.edu.az\/ru\/wp-json\/wp\/v2\/comments?post=25338"}],"version-history":[{"count":11,"href":"https:\/\/legacy.dia.edu.az\/ru\/wp-json\/wp\/v2\/posts\/25338\/revisions"}],"predecessor-version":[{"id":25351,"href":"https:\/\/legacy.dia.edu.az\/ru\/wp-json\/wp\/v2\/posts\/25338\/revisions\/25351"}],"wp:featuredmedia":[{"embeddable":true,"href":"https:\/\/legacy.dia.edu.az\/ru\/wp-json\/wp\/v2\/media\/25340"}],"wp:attachment":[{"href":"https:\/\/legacy.dia.edu.az\/ru\/wp-json\/wp\/v2\/media?parent=25338"}],"wp:term":[{"taxonomy":"category","embeddable":true,"href":"https:\/\/legacy.dia.edu.az\/ru\/wp-json\/wp\/v2\/categories?post=25338"},{"taxonomy":"post_tag","embeddable":true,"href":"https:\/\/legacy.dia.edu.az\/ru\/wp-json\/wp\/v2\/tags?post=25338"}],"curies":[{"name":"wp","href":"https:\/\/api.w.org\/{rel}","templated":true}]}}