{"id":24456,"date":"2024-12-13T20:02:30","date_gmt":"2024-12-13T16:02:30","guid":{"rendered":"https:\/\/dia.edu.az\/?p=24456"},"modified":"2024-12-13T20:13:05","modified_gmt":"2024-12-13T16:13:05","slug":"12-dekabr-umummilli-lider-heyd%c9%99r-%c9%99liyevin-anim-gunu-il%c9%99-%c9%99laq%c9%99dar-olaraq-az%c9%99rbaycan-respublikasinin-prezidenti-yaninda-dovl%c9%99t-idar%c9%99cilik-akademiyasinda-silsil","status":"publish","type":"post","link":"https:\/\/legacy.dia.edu.az\/ru\/arxivl\u0259r\/24456","title":{"rendered":"12 Dekabr-\u00dcmummilli lider Heyd\u0259r \u018fliyevin an\u0131m g\u00fcn\u00fc il\u0259 \u0259laq\u0259dar olaraq Az\u0259rbaycan Respublikas\u0131n\u0131n Prezidenti yan\u0131nda D\u00f6vl\u0259t \u0130dar\u0259\u00e7ilik Akademiyas\u0131nda silsil\u0259 t\u0259dbirl\u0259r ke\u00e7irilmi\u015fdir"},"content":{"rendered":"<div data-elementor-type=\"wp-post\" data-elementor-id=\"24456\" class=\"elementor elementor-24456\" data-elementor-settings=\"[]\">\n\t\t\t\t\t\t<div class=\"elementor-inner\">\n\t\t\t\t\t\t\t<div class=\"elementor-section-wrap\">\n\t\t\t\t\t\t\t<section class=\"elementor-section elementor-top-section elementor-element elementor-element-0f6370e elementor-section-boxed elementor-section-height-default elementor-section-height-default\" data-id=\"0f6370e\" data-element_type=\"section\">\n\t\t\t\t\t\t<div class=\"elementor-container elementor-column-gap-default\">\n\t\t\t\t\t\t\t<div class=\"elementor-row\">\n\t\t\t\t\t<div class=\"elementor-column elementor-col-100 elementor-top-column elementor-element elementor-element-7704453\" data-id=\"7704453\" data-element_type=\"column\">\n\t\t\t<div class=\"elementor-column-wrap elementor-element-populated\">\n\t\t\t\t\t\t\t<div class=\"elementor-widget-wrap\">\n\t\t\t\t\t\t<div class=\"elementor-element elementor-element-799fe1d elementor-widget elementor-widget-text-editor\" data-id=\"799fe1d\" data-element_type=\"widget\" data-widget_type=\"text-editor.default\">\n\t\t\t\t<div class=\"elementor-widget-container\">\n\t\t\t\t\t\t\t\t<div class=\"elementor-text-editor elementor-clearfix\">\n\t\t\t\t\t12 Dekabr-\u00dcmummilli lider Heyd\u0259r \u018fliyevin an\u0131m g\u00fcn\u00fc il\u0259 \u0259laq\u0259dar olaraq Az\u0259rbaycan Respublikas\u0131n\u0131n Prezidenti yan\u0131nda D\u00f6vl\u0259t \u0130dar\u0259\u00e7ilik Akademiyas\u0131nda silsil\u0259 t\u0259dbirl\u0259r ke\u00e7irilmi\u015fdir\t\t\t\t\t<\/div>\n\t\t\t\t\t\t<\/div>\n\t\t\t\t<\/div>\n\t\t\t\t\t\t<\/div>\n\t\t\t\t\t<\/div>\n\t\t<\/div>\n\t\t\t\t\t\t\t\t<\/div>\n\t\t\t\t\t<\/div>\n\t\t<\/section>\n\t\t\t\t<section class=\"elementor-section elementor-top-section elementor-element elementor-element-bdeb294 elementor-section-boxed elementor-section-height-default elementor-section-height-default\" data-id=\"bdeb294\" data-element_type=\"section\">\n\t\t\t\t\t\t<div class=\"elementor-container elementor-column-gap-default\">\n\t\t\t\t\t\t\t<div class=\"elementor-row\">\n\t\t\t\t\t<div class=\"elementor-column elementor-col-100 elementor-top-column elementor-element elementor-element-7449dec\" data-id=\"7449dec\" data-element_type=\"column\">\n\t\t\t<div class=\"elementor-column-wrap elementor-element-populated\">\n\t\t\t\t\t\t\t<div class=\"elementor-widget-wrap\">\n\t\t\t\t\t\t<div class=\"elementor-element elementor-element-61aef57 elementor-arrows-position-inside elementor-pagination-position-outside elementor-widget elementor-widget-image-carousel\" data-id=\"61aef57\" data-element_type=\"widget\" data-settings=\"{&quot;navigation&quot;:&quot;both&quot;,&quot;autoplay&quot;:&quot;yes&quot;,&quot;pause_on_hover&quot;:&quot;yes&quot;,&quot;pause_on_interaction&quot;:&quot;yes&quot;,&quot;autoplay_speed&quot;:5000,&quot;infinite&quot;:&quot;yes&quot;,&quot;speed&quot;:500}\" data-widget_type=\"image-carousel.default\">\n\t\t\t\t<div class=\"elementor-widget-container\">\n\t\t\t\t\t<div class=\"elementor-image-carousel-wrapper swiper-container\" dir=\"ltr\">\n\t\t\t<div class=\"elementor-image-carousel swiper-wrapper\">\n\t\t\t\t<div class=\"swiper-slide\"><a data-elementor-open-lightbox=\"yes\" data-elementor-lightbox-slideshow=\"61aef57\" data-elementor-lightbox-title=\"ST5\" href=\"https:\/\/legacy.dia.edu.az\/wp-content\/uploads\/2024\/12\/ST5.jpg\"><figure class=\"swiper-slide-inner\"><img class=\"swiper-slide-image\" src=\"https:\/\/legacy.dia.edu.az\/wp-content\/uploads\/2024\/12\/ST5-150x150.jpg\" alt=\"ST5\" \/><\/figure><\/a><\/div><div class=\"swiper-slide\"><a data-elementor-open-lightbox=\"yes\" data-elementor-lightbox-slideshow=\"61aef57\" data-elementor-lightbox-title=\"ST4\" href=\"https:\/\/legacy.dia.edu.az\/wp-content\/uploads\/2024\/12\/ST4.jpg\"><figure class=\"swiper-slide-inner\"><img class=\"swiper-slide-image\" src=\"https:\/\/legacy.dia.edu.az\/wp-content\/uploads\/2024\/12\/ST4-150x150.jpg\" alt=\"ST4\" \/><\/figure><\/a><\/div><div class=\"swiper-slide\"><a data-elementor-open-lightbox=\"yes\" data-elementor-lightbox-slideshow=\"61aef57\" data-elementor-lightbox-title=\"ST3\" href=\"https:\/\/legacy.dia.edu.az\/wp-content\/uploads\/2024\/12\/ST3.jpg\"><figure class=\"swiper-slide-inner\"><img class=\"swiper-slide-image\" src=\"https:\/\/legacy.dia.edu.az\/wp-content\/uploads\/2024\/12\/ST3-150x150.jpg\" alt=\"ST3\" \/><\/figure><\/a><\/div><div class=\"swiper-slide\"><a data-elementor-open-lightbox=\"yes\" data-elementor-lightbox-slideshow=\"61aef57\" data-elementor-lightbox-title=\"ST2\" href=\"https:\/\/legacy.dia.edu.az\/wp-content\/uploads\/2024\/12\/ST2.jpg\"><figure class=\"swiper-slide-inner\"><img class=\"swiper-slide-image\" src=\"https:\/\/legacy.dia.edu.az\/wp-content\/uploads\/2024\/12\/ST2-150x150.jpg\" alt=\"ST2\" \/><\/figure><\/a><\/div><div class=\"swiper-slide\"><a data-elementor-open-lightbox=\"yes\" data-elementor-lightbox-slideshow=\"61aef57\" data-elementor-lightbox-title=\"ST1\" href=\"https:\/\/legacy.dia.edu.az\/wp-content\/uploads\/2024\/12\/ST1.jpg\"><figure class=\"swiper-slide-inner\"><img class=\"swiper-slide-image\" src=\"https:\/\/legacy.dia.edu.az\/wp-content\/uploads\/2024\/12\/ST1-150x150.jpg\" alt=\"ST1\" \/><\/figure><\/a><\/div>\t\t\t<\/div>\n\t\t\t\t\t\t\t\t\t\t\t\t<div class=\"swiper-pagination\"><\/div>\n\t\t\t\t\t\t\t\t\t\t\t\t\t<div class=\"elementor-swiper-button elementor-swiper-button-prev\">\n\t\t\t\t\t\t<i class=\"eicon-chevron-left\" aria-hidden=\"true\"><\/i>\n\t\t\t\t\t\t<span class=\"elementor-screen-only\">\u041d\u0430\u0437\u0430\u0434<\/span>\n\t\t\t\t\t<\/div>\n\t\t\t\t\t<div class=\"elementor-swiper-button elementor-swiper-button-next\">\n\t\t\t\t\t\t<i class=\"eicon-chevron-right\" aria-hidden=\"true\"><\/i>\n\t\t\t\t\t\t<span class=\"elementor-screen-only\">\u0414\u0430\u043b\u0435\u0435<\/span>\n\t\t\t\t\t<\/div>\n\t\t\t\t\t\t\t\t\t<\/div>\n\t\t\t\t<\/div>\n\t\t\t\t<\/div>\n\t\t\t\t\t\t<\/div>\n\t\t\t\t\t<\/div>\n\t\t<\/div>\n\t\t\t\t\t\t\t\t<\/div>\n\t\t\t\t\t<\/div>\n\t\t<\/section>\n\t\t\t\t<section class=\"elementor-section elementor-top-section elementor-element elementor-element-406cd39 elementor-section-boxed elementor-section-height-default elementor-section-height-default\" data-id=\"406cd39\" data-element_type=\"section\">\n\t\t\t\t\t\t<div class=\"elementor-container elementor-column-gap-default\">\n\t\t\t\t\t\t\t<div class=\"elementor-row\">\n\t\t\t\t\t<div class=\"elementor-column elementor-col-100 elementor-top-column elementor-element elementor-element-97cdf4c\" data-id=\"97cdf4c\" data-element_type=\"column\">\n\t\t\t<div class=\"elementor-column-wrap elementor-element-populated\">\n\t\t\t\t\t\t\t<div class=\"elementor-widget-wrap\">\n\t\t\t\t\t\t<div class=\"elementor-element elementor-element-709200a elementor-widget elementor-widget-text-editor\" data-id=\"709200a\" data-element_type=\"widget\" data-widget_type=\"text-editor.default\">\n\t\t\t\t<div class=\"elementor-widget-container\">\n\t\t\t\t\t\t\t\t<div class=\"elementor-text-editor elementor-clearfix\">\n\t\t\t\t\t<p>\u00dcmummilli lider Heyd\u0259r \u018fliyevin an\u0131m g\u00fcn\u00fc il\u0259 \u0259laq\u0259dar olaraq Az\u0259rbaycan Respublikas\u0131n\u0131n Prezidenti yan\u0131nda D\u00f6vl\u0259t \u0130dar\u0259\u00e7ilik Akademiyas\u0131nda silsil\u0259 t\u0259dbirl\u0259r ba\u015f tutmu\u015fdur. \u00dcmummilli Lider Heyd\u0259r \u018fliyevin siyasi irsi akademiyadak\u0131 b\u00fct\u00fcn ixtisas qruplar\u0131nda yad edilmi\u015fdir.  \n 09.12.2024-c\u00fc il tarixind\u0259 &#8220;Premier&#8221; \u015fahmat m\u0259kt\u0259bind\u0259 t\u0259l\u0259b\u0259l\u0259r aras\u0131nda \u201c12 Dekabr-\u00dcmummilli lider Heyd\u0259r \u018fliyevin an\u0131m g\u00fcn\u00fc\u2019\u2019n\u0259 h\u0259sr olunmu\u015f \u015fahmat turniri ke\u00e7irilmi\u015f v\u0259  ilk \u00fc\u00e7 yeri tutan g\u0259ncl\u0259r m\u00fckafatland\u0131r\u0131lm\u0131\u015flar. \n10.12.2024 tarixind\u0259 &#8220;Heyd\u0259r \u018fliyev: G\u0259l\u0259c\u0259y\u0259 da\u015f\u0131nan miras&#8221; m\u00f6vzusunda tarix kafedras\u0131n\u0131n dosenti \u00c7ingiz M\u0259mm\u0259dov, 11.12.2024-c\u00fc il tarixind\u0259 \u201cHeyd\u0259r \u018fliyev v\u0259 Diplomatiya: Beyn\u0259lxalq \u0259laq\u0259l\u0259rin qurulmas\u0131nda strateji yana\u015fmalar\u201d m\u00f6vzusunda mill\u0259t v\u0259kili, Beyn\u0259lxalq m\u00fcnasib\u0259tl\u0259r v\u0259 xarici siyas\u0259t kafedras\u0131n\u0131n professoru Elman N\u0259sirovun i\u015ftirak\u0131 il\u0259 t\u0259l\u0259b\u0259l\u0259rl\u0259 elmi seminarlar ke\u00e7irilmi\u015fdir.\nDekabr\u0131n 11 -d\u0259 D\u00f6vl\u0259t \u0130dar\u0259\u00e7ilik Akademiyas\u0131nda 5 universitetin i\u015ftirak\u0131 il\u0259 \u00dcmummilli Lider Heyd\u0259r \u018fliyevin an\u0131m g\u00fcn\u00fcn\u0259 h\u0259sr olunmu\u015f intellektual yar\u0131\u015f ke\u00e7irilmi\u015f, t\u0259dbirin sonunda qalib universitetl\u0259rin t\u0259l\u0259b\u0259l\u0259ri m\u00fckafatland\u0131r\u0131lm\u0131\u015flar. \nDekabr\u0131n 12-d\u0259 is\u0259 D\u00f6vl\u0259t \u0130dar\u0259\u00e7ilik Akademiyas\u0131n\u0131n kollektivi m\u00fcst\u0259qil Az\u0259rbaycan d\u00f6vl\u0259tinin memar\u0131 v\u0259 qurucusu, d\u00fcnya \u015f\u00f6hr\u0259tli siyasi xadim, xalq\u0131m\u0131z\u0131n \u00dcmummilli lideri Heyd\u0259r \u018fliyevin an\u0131m g\u00fcn\u00fc il\u0259 ba\u011fl\u0131 F\u0259xri xiyaban\u0131 ziyar\u0259t edib. Ulu \u00d6nd\u0259rin m\u0259zar\u0131 \u00f6n\u00fcn\u0259 g\u00fcl d\u0259st\u0259l\u0259ri qoyulub, xatir\u0259si h\u00f6rm\u0259t v\u0259 ehtiramla yad edilib.<\/p>\t\t\t\t\t<\/div>\n\t\t\t\t\t\t<\/div>\n\t\t\t\t<\/div>\n\t\t\t\t\t\t<\/div>\n\t\t\t\t\t<\/div>\n\t\t<\/div>\n\t\t\t\t\t\t\t\t<\/div>\n\t\t\t\t\t<\/div>\n\t\t<\/section>\n\t\t\t\t\t\t<\/div>\n\t\t\t\t\t\t<\/div>\n\t\t\t\t\t<\/div>","protected":false},"excerpt":{"rendered":"<p>\u00dcmummilli lider Heyd\u0259r \u018fliyevin an\u0131m g\u00fcn\u00fc il\u0259 \u0259laq\u0259dar olaraq Az\u0259rbaycan Respublikas\u0131n\u0131n Prezidenti yan\u0131nda D\u00f6vl\u0259t \u0130dar\u0259\u00e7ilik Akademiyas\u0131nda silsil\u0259 t\u0259dbirl\u0259r ba\u015f tutmu\u015fdur. \u00dcmummilli Lider Heyd\u0259r \u018fliyevin siyasi irsi akademiyadak\u0131 b\u00fct\u00fcn ixtisas qruplar\u0131nda yad edilmi\u015fdir. <\/p>","protected":false},"author":2,"featured_media":23808,"comment_status":"closed","ping_status":"closed","sticky":false,"template":"","format":"standard","meta":[],"categories":[137],"tags":[],"_links":{"self":[{"href":"https:\/\/legacy.dia.edu.az\/ru\/wp-json\/wp\/v2\/posts\/24456"}],"collection":[{"href":"https:\/\/legacy.dia.edu.az\/ru\/wp-json\/wp\/v2\/posts"}],"about":[{"href":"https:\/\/legacy.dia.edu.az\/ru\/wp-json\/wp\/v2\/types\/post"}],"author":[{"embeddable":true,"href":"https:\/\/legacy.dia.edu.az\/ru\/wp-json\/wp\/v2\/users\/2"}],"replies":[{"embeddable":true,"href":"https:\/\/legacy.dia.edu.az\/ru\/wp-json\/wp\/v2\/comments?post=24456"}],"version-history":[{"count":6,"href":"https:\/\/legacy.dia.edu.az\/ru\/wp-json\/wp\/v2\/posts\/24456\/revisions"}],"predecessor-version":[{"id":24468,"href":"https:\/\/legacy.dia.edu.az\/ru\/wp-json\/wp\/v2\/posts\/24456\/revisions\/24468"}],"wp:featuredmedia":[{"embeddable":true,"href":"https:\/\/legacy.dia.edu.az\/ru\/wp-json\/wp\/v2\/media\/23808"}],"wp:attachment":[{"href":"https:\/\/legacy.dia.edu.az\/ru\/wp-json\/wp\/v2\/media?parent=24456"}],"wp:term":[{"taxonomy":"category","embeddable":true,"href":"https:\/\/legacy.dia.edu.az\/ru\/wp-json\/wp\/v2\/categories?post=24456"},{"taxonomy":"post_tag","embeddable":true,"href":"https:\/\/legacy.dia.edu.az\/ru\/wp-json\/wp\/v2\/tags?post=24456"}],"curies":[{"name":"wp","href":"https:\/\/api.w.org\/{rel}","templated":true}]}}