{"id":24341,"date":"2024-11-29T11:56:02","date_gmt":"2024-11-29T07:56:02","guid":{"rendered":"https:\/\/dia.edu.az\/?p=24341"},"modified":"2024-11-29T12:01:11","modified_gmt":"2024-11-29T08:01:11","slug":"dia-da-ail%c9%99-huququnda-ovladliga-goturm%c9%99-v%c9%99-himay%c9%99dar-ail%c9%99-institutu-movzusunda-elmi-seminar-kecirilmisdir","status":"publish","type":"post","link":"https:\/\/legacy.dia.edu.az\/ru\/arxivl\u0259r\/24341","title":{"rendered":"D\u0130A-da \u201cAil\u0259 h\u00fcququnda \u00f6vladl\u0131\u011fa g\u00f6t\u00fcrm\u0259 v\u0259 himay\u0259dar ail\u0259 institutu\u201d m\u00f6vzusunda elmi seminar ke\u00e7irilmi\u015fdir"},"content":{"rendered":"<div data-elementor-type=\"wp-post\" data-elementor-id=\"24341\" class=\"elementor elementor-24341\" data-elementor-settings=\"[]\">\n\t\t\t\t\t\t<div class=\"elementor-inner\">\n\t\t\t\t\t\t\t<div class=\"elementor-section-wrap\">\n\t\t\t\t\t\t\t<section class=\"elementor-section elementor-top-section elementor-element elementor-element-ee0bc49 elementor-section-boxed elementor-section-height-default elementor-section-height-default\" data-id=\"ee0bc49\" data-element_type=\"section\">\n\t\t\t\t\t\t<div class=\"elementor-container elementor-column-gap-default\">\n\t\t\t\t\t\t\t<div class=\"elementor-row\">\n\t\t\t\t\t<div class=\"elementor-column elementor-col-100 elementor-top-column elementor-element elementor-element-eac42db\" data-id=\"eac42db\" data-element_type=\"column\">\n\t\t\t<div class=\"elementor-column-wrap elementor-element-populated\">\n\t\t\t\t\t\t\t<div class=\"elementor-widget-wrap\">\n\t\t\t\t\t\t<div class=\"elementor-element elementor-element-2f6f483 elementor-widget elementor-widget-text-editor\" data-id=\"2f6f483\" data-element_type=\"widget\" data-widget_type=\"text-editor.default\">\n\t\t\t\t<div class=\"elementor-widget-container\">\n\t\t\t\t\t\t\t\t<div class=\"elementor-text-editor elementor-clearfix\">\n\t\t\t\t\tD\u0130A-da \u201cAil\u0259 h\u00fcququnda \u00f6vladl\u0131\u011fa g\u00f6t\u00fcrm\u0259 v\u0259 himay\u0259dar ail\u0259 institutu\u201d m\u00f6vzusunda elmi seminar ke\u00e7irilmi\u015fdir\t\t\t\t\t<\/div>\n\t\t\t\t\t\t<\/div>\n\t\t\t\t<\/div>\n\t\t\t\t\t\t<\/div>\n\t\t\t\t\t<\/div>\n\t\t<\/div>\n\t\t\t\t\t\t\t\t<\/div>\n\t\t\t\t\t<\/div>\n\t\t<\/section>\n\t\t\t\t<section class=\"elementor-section elementor-top-section elementor-element elementor-element-22d6173 elementor-section-boxed elementor-section-height-default elementor-section-height-default\" data-id=\"22d6173\" data-element_type=\"section\">\n\t\t\t\t\t\t<div class=\"elementor-container elementor-column-gap-default\">\n\t\t\t\t\t\t\t<div class=\"elementor-row\">\n\t\t\t\t\t<div class=\"elementor-column elementor-col-100 elementor-top-column elementor-element elementor-element-459613f\" data-id=\"459613f\" data-element_type=\"column\">\n\t\t\t<div class=\"elementor-column-wrap\">\n\t\t\t\t\t\t\t<div class=\"elementor-widget-wrap\">\n\t\t\t\t\t\t\t\t<\/div>\n\t\t\t\t\t<\/div>\n\t\t<\/div>\n\t\t\t\t\t\t\t\t<\/div>\n\t\t\t\t\t<\/div>\n\t\t<\/section>\n\t\t\t\t<section class=\"elementor-section elementor-top-section elementor-element elementor-element-c0a53c3 elementor-section-boxed elementor-section-height-default elementor-section-height-default\" data-id=\"c0a53c3\" data-element_type=\"section\">\n\t\t\t\t\t\t<div class=\"elementor-container elementor-column-gap-default\">\n\t\t\t\t\t\t\t<div class=\"elementor-row\">\n\t\t\t\t\t<div class=\"elementor-column elementor-col-50 elementor-top-column elementor-element elementor-element-cfb5603\" data-id=\"cfb5603\" data-element_type=\"column\">\n\t\t\t<div class=\"elementor-column-wrap elementor-element-populated\">\n\t\t\t\t\t\t\t<div class=\"elementor-widget-wrap\">\n\t\t\t\t\t\t<div class=\"elementor-element elementor-element-f2eb833 elementor-widget elementor-widget-image\" data-id=\"f2eb833\" data-element_type=\"widget\" data-widget_type=\"image.default\">\n\t\t\t\t<div class=\"elementor-widget-container\">\n\t\t\t\t\t\t\t\t<div class=\"elementor-image\">\n\t\t\t\t\t\t\t\t\t\t\t\t\t<a href=\"https:\/\/dia.edu.az\/wp-content\/uploads\/2024\/11\/WhatsApp-Image-2024-11-29-at-11.37.43-1.jpeg\" data-elementor-open-lightbox=\"yes\" data-elementor-lightbox-title=\"WhatsApp Image 2024-11-29 at 11.37.43 (1)\">\n\t\t\t\t\t\t\t<img width=\"450\" height=\"298\" src=\"https:\/\/legacy.dia.edu.az\/wp-content\/uploads\/2024\/11\/WhatsApp-Image-2024-11-29-at-11.37.43-1-450x298.jpeg\" class=\"attachment-large size-large\" alt=\"\" srcset=\"https:\/\/legacy.dia.edu.az\/wp-content\/uploads\/2024\/11\/WhatsApp-Image-2024-11-29-at-11.37.43-1-450x298.jpeg 450w, https:\/\/legacy.dia.edu.az\/wp-content\/uploads\/2024\/11\/WhatsApp-Image-2024-11-29-at-11.37.43-1-200x132.jpeg 200w, https:\/\/legacy.dia.edu.az\/wp-content\/uploads\/2024\/11\/WhatsApp-Image-2024-11-29-at-11.37.43-1-18x12.jpeg 18w, https:\/\/legacy.dia.edu.az\/wp-content\/uploads\/2024\/11\/WhatsApp-Image-2024-11-29-at-11.37.43-1-150x100.jpeg 150w, https:\/\/legacy.dia.edu.az\/wp-content\/uploads\/2024\/11\/WhatsApp-Image-2024-11-29-at-11.37.43-1.jpeg 1280w, https:\/\/legacy.dia.edu.az\/wp-content\/uploads\/2024\/11\/WhatsApp-Image-2024-11-29-at-11.37.43-1-450x298@2x.jpeg 900w, https:\/\/legacy.dia.edu.az\/wp-content\/uploads\/2024\/11\/WhatsApp-Image-2024-11-29-at-11.37.43-1-200x132@2x.jpeg 400w\" sizes=\"(max-width: 450px) 100vw, 450px\" \/>\t\t\t\t\t\t\t\t<\/a>\n\t\t\t\t\t\t\t\t\t\t\t\t\t\t<\/div>\n\t\t\t\t\t\t<\/div>\n\t\t\t\t<\/div>\n\t\t\t\t\t\t<\/div>\n\t\t\t\t\t<\/div>\n\t\t<\/div>\n\t\t\t\t<div class=\"elementor-column elementor-col-50 elementor-top-column elementor-element elementor-element-a2d5c8f\" data-id=\"a2d5c8f\" data-element_type=\"column\">\n\t\t\t<div class=\"elementor-column-wrap elementor-element-populated\">\n\t\t\t\t\t\t\t<div class=\"elementor-widget-wrap\">\n\t\t\t\t\t\t<div class=\"elementor-element elementor-element-9910c25 elementor-widget elementor-widget-image\" data-id=\"9910c25\" data-element_type=\"widget\" data-widget_type=\"image.default\">\n\t\t\t\t<div class=\"elementor-widget-container\">\n\t\t\t\t\t\t\t\t<div class=\"elementor-image\">\n\t\t\t\t\t\t\t\t\t\t\t\t\t<a href=\"https:\/\/dia.edu.az\/wp-content\/uploads\/2024\/11\/WhatsApp-Image-2024-11-29-at-11.37.43.jpeg\" data-elementor-open-lightbox=\"yes\" data-elementor-lightbox-title=\"WhatsApp Image 2024-11-29 at 11.37.43\">\n\t\t\t\t\t\t\t<img width=\"450\" height=\"298\" src=\"https:\/\/legacy.dia.edu.az\/wp-content\/uploads\/2024\/11\/WhatsApp-Image-2024-11-29-at-11.37.43-450x298.jpeg\" class=\"attachment-large size-large\" alt=\"\" srcset=\"https:\/\/legacy.dia.edu.az\/wp-content\/uploads\/2024\/11\/WhatsApp-Image-2024-11-29-at-11.37.43-450x298.jpeg 450w, https:\/\/legacy.dia.edu.az\/wp-content\/uploads\/2024\/11\/WhatsApp-Image-2024-11-29-at-11.37.43-200x132.jpeg 200w, https:\/\/legacy.dia.edu.az\/wp-content\/uploads\/2024\/11\/WhatsApp-Image-2024-11-29-at-11.37.43-18x12.jpeg 18w, https:\/\/legacy.dia.edu.az\/wp-content\/uploads\/2024\/11\/WhatsApp-Image-2024-11-29-at-11.37.43-150x100.jpeg 150w, https:\/\/legacy.dia.edu.az\/wp-content\/uploads\/2024\/11\/WhatsApp-Image-2024-11-29-at-11.37.43.jpeg 1280w, https:\/\/legacy.dia.edu.az\/wp-content\/uploads\/2024\/11\/WhatsApp-Image-2024-11-29-at-11.37.43-450x298@2x.jpeg 900w, https:\/\/legacy.dia.edu.az\/wp-content\/uploads\/2024\/11\/WhatsApp-Image-2024-11-29-at-11.37.43-200x132@2x.jpeg 400w\" sizes=\"(max-width: 450px) 100vw, 450px\" \/>\t\t\t\t\t\t\t\t<\/a>\n\t\t\t\t\t\t\t\t\t\t\t\t\t\t<\/div>\n\t\t\t\t\t\t<\/div>\n\t\t\t\t<\/div>\n\t\t\t\t\t\t<\/div>\n\t\t\t\t\t<\/div>\n\t\t<\/div>\n\t\t\t\t\t\t\t\t<\/div>\n\t\t\t\t\t<\/div>\n\t\t<\/section>\n\t\t\t\t<section class=\"elementor-section elementor-top-section elementor-element elementor-element-583135f elementor-section-boxed elementor-section-height-default elementor-section-height-default\" data-id=\"583135f\" data-element_type=\"section\">\n\t\t\t\t\t\t<div class=\"elementor-container elementor-column-gap-default\">\n\t\t\t\t\t\t\t<div class=\"elementor-row\">\n\t\t\t\t\t<div class=\"elementor-column elementor-col-100 elementor-top-column elementor-element elementor-element-f8fb3a3\" data-id=\"f8fb3a3\" data-element_type=\"column\">\n\t\t\t<div class=\"elementor-column-wrap elementor-element-populated\">\n\t\t\t\t\t\t\t<div class=\"elementor-widget-wrap\">\n\t\t\t\t\t\t<div class=\"elementor-element elementor-element-cd11031 elementor-widget elementor-widget-text-editor\" data-id=\"cd11031\" data-element_type=\"widget\" data-widget_type=\"text-editor.default\">\n\t\t\t\t<div class=\"elementor-widget-container\">\n\t\t\t\t\t\t\t\t<div class=\"elementor-text-editor elementor-clearfix\">\n\t\t\t\t\t<p>Az\u0259rbaycan Respublikas\u0131n\u0131n Prezidenti yan\u0131nda D\u00f6vl\u0259t \u0130dar\u0259\u00e7ilik Akademiyas\u0131n\u0131n h\u00fcquq\u015f\u00fcnasl\u0131q ixtisas\u0131nda bakalavr t\u0259hsili alan t\u0259l\u0259bl\u0259rin\u0259 n\u0259z\u0259ri bilikl\u0259rl\u0259 yana\u015f\u0131, m\u00fcvafiq d\u00f6vl\u0259t orqanlar\u0131nda \u00e7al\u0131\u015fan t\u0259cr\u00fcbi \u0259m\u0259kda\u015flar t\u0259r\u0259find\u0259n praktiki bilikl\u0259rin verilm\u0259si t\u0259cr\u00fcb\u0259sind\u0259n d\u0259 geni\u015f istifad\u0259 olunur. \nBu \u0259n\u0259n\u0259nin davam\u0131 olaraq, 28 noyabr 2024-c\u00fc il tarixind\u0259 H\u00fcquq kafedras\u0131n\u0131n t\u0259\u015fkilat\u00e7\u0131l\u0131\u011f\u0131 il\u0259 D\u0130A-da \u018fm\u0259k v\u0259 \u018fhalinin Sosial M\u00fcdafi\u0259si Nazirliyinin \u00d6vladl\u0131\u011fa g\u00f6t\u00fcrm\u0259 v\u0259 alternativ qay\u011f\u0131 \u015f\u00f6b\u0259sinin m\u00fcdiri F\u0259rhad \u018fl\u0259kb\u0259rov t\u0259r\u0259find\u0259n \u201cAil\u0259 h\u00fcququnda \u00f6vladl\u0131\u011fa g\u00f6t\u00fcrm\u0259 v\u0259 himay\u0259dar ail\u0259 institutu\u201d m\u00f6vzusunda elmi seminar ke\u00e7irilmi\u015fdir. \n\u00d6vladl\u0131\u011fa g\u00f6t\u00fcrm\u0259 v\u0259 himay\u0259dar ail\u0259 institutu Ail\u0259 h\u00fcququnda valideyn himay\u0259sind\u0259n m\u0259hrum olan u\u015faqlar\u0131n t\u0259rbiy\u0259 formalar\u0131ndan olmaqla bu q\u0259bild\u0259n olan u\u015faqlar\u0131n d\u00f6vl\u0259t n\u0259zar\u0259ti alt\u0131nda ail\u0259 m\u00fchitind\u0259 b\u00f6y\u00fcm\u0259sini t\u0259min edir. Ad\u0131 \u00e7\u0259kil\u0259n institutlar\u0131n prioritetliliyinin y\u00fcks\u0259dilm\u0259si m\u0259qs\u0259dil\u0259 u\u015faqlar\u0131n rifah\u0131n\u0131n yax\u015f\u0131la\u015fd\u0131r\u0131lmas\u0131 v\u0259 onlar\u0131n m\u00fcdafi\u0259si il\u0259 ba\u011fl\u0131 m\u0259s\u0259l\u0259l\u0259r \u00f6lk\u0259 Prezidentinin daim diqq\u0259t m\u0259rk\u0259zind\u0259 olmu\u015f, bu sah\u0259d\u0259 \u00fcmummilli lider Heyd\u0259r \u018fliyev t\u0259r\u0259find\u0259n \u0259sas\u0131 qoyulmu\u015f \u0259n\u0259n\u0259l\u0259r Prezident \u0130lham \u018fliyev v\u0259 \u00f6lk\u0259nin birinci xan\u0131m\u0131 Mehriban \u018fliyeva t\u0259r\u0259find\u0259n u\u011furla davam etdirilm\u0259kd\u0259dir.\nElmi seminarda \u00e7\u0131x\u0131\u015f ed\u0259n F\u0259rhad \u018fl\u0259kb\u0259rov \u00f6vladl\u0131\u011fa g\u00f6t\u00fcrm\u0259 v\u0259 himay\u0259dar ail\u0259 il\u0259 ba\u011fl\u0131 qanunvericilikd\u0259 edilmi\u015f d\u0259yi\u015fiklikl\u0259r\u0259 toxunmu\u015f, \u00f6lk\u0259 Prezidentinin 15 fevral 2022-ci il tarixli F\u0259rman\u0131 il\u0259 himay\u0259dar ail\u0259 il\u0259 \u0259laq\u0259dar d\u00f6vl\u0259t siyas\u0259tinin formala\u015fd\u0131r\u0131lmas\u0131n\u0131n Nazirliy\u0259 h\u0259val\u0259 edilm\u0259sind\u0259n b\u0259hs etmi\u015f, 12 iyul 2023-c\u00fc il tarixind\u0259n himay\u0259dar ail\u0259nin yaranmas\u0131 il\u0259 ba\u011fl\u0131 Ail\u0259 M\u0259c\u0259ll\u0259sinin m\u00fcvafiq madd\u0259l\u0259rin\u0259 edilmi\u015f k\u00f6kl\u00fc d\u0259yi\u015fiklikl\u0259ri, himay\u0259dar ail\u0259nin yaranma m\u0259rh\u0259l\u0259l\u0259rini v\u0259 onlar\u0131n t\u0259cr\u00fcb\u0259d\u0259 t\u0259tbiqi m\u0259s\u0259l\u0259l\u0259rini \u0259trafl\u0131 \u015f\u0259kild\u0259 izah etmi\u015f, himay\u0259dar ail\u0259 modeli il\u0259 ba\u011fl\u0131 d\u00fcnya d\u00f6vl\u0259tl\u0259rinin t\u0259cr\u00fcb\u0259sini m\u00fcqayis\u0259 ed\u0259r\u0259k Az\u0259rbaycan\u0131n bu sah\u0259d\u0259 daha t\u0259kmil h\u00fcquqi bazaya malik olmas\u0131n\u0131 qeyd etmi\u015f, \u00f6vladl\u0131\u011fa g\u00f6t\u00fcrm\u0259 v\u0259 himay\u0259dar ail\u0259 institutlar\u0131n\u0131n formala\u015fd\u0131r\u0131lmas\u0131nda \u0259sas m\u0259qs\u0259din valideyn himay\u0259sind\u0259n m\u0259hrum olmu\u015f u\u015faqlar\u0131n ail\u0259 m\u00fchitind\u0259 b\u00f6y\u00fcm\u0259sin\u0259 v\u0259 inki\u015faf etm\u0259sin\u0259 \u015f\u0259raitin yarad\u0131lmas\u0131ndan ibar\u0259t oldu\u011funu bildirmi\u015fdir. \u00d6vladl\u0131\u011fa g\u00f6t\u00fcrm\u0259 v\u0259 himay\u0259dar ail\u0259 institutlar\u0131n\u0131n praktiki t\u0259tbiqi m\u0259s\u0259l\u0259l\u0259rinin \u00f6lk\u0259nin birinci vitse-prezidenti Mehriban xan\u0131m \u018fliyevan\u0131n \u015f\u0259xsi n\u0259zar\u0259tind\u0259 olmas\u0131n\u0131 x\u00fcsusil\u0259 vur\u011fulam\u0131\u015fd\u0131r.\nDaha sonra elmi seminar interaktiv formada davam etmi\u015f, F\u0259rhad \u018fl\u0259kb\u0259rov t\u0259l\u0259b\u0259l\u0259rin \u00f6vladl\u0131\u011fa g\u00f6t\u00fcrm\u0259 v\u0259 himay\u0259dar ail\u0259 il\u0259 \u0259laq\u0259dar onlar\u0131 maraqland\u0131ran suallar\u0131n\u0131 cavabland\u0131rm\u0131\u015f, H\u00fcquq kafedras\u0131n\u0131n m\u00fcdiri, professor \u0130saxan V\u0259liyev elmi seminar\u0131n ke\u00e7irilm\u0259si il\u0259 \u0259laq\u0259dar Nazirlik t\u0259r\u0259find\u0259n veril\u0259n d\u0259st\u0259y\u0259 g\u00f6r\u0259 \u018fm\u0259k v\u0259 \u018fhalinin Sosial M\u00fcdafi\u0259si Nazirliyinin r\u0259hb\u0259rliyin\u0259 v\u0259 maraql\u0131 \u00e7\u0131x\u0131\u015f\u0131na g\u00f6r\u0259 F\u0259rhad \u018fl\u0259kb\u0259rova t\u0259\u015f\u0259kk\u00fcr\u00fcn\u00fc bildirmi\u015fdir.\n<\/p>\t\t\t\t\t<\/div>\n\t\t\t\t\t\t<\/div>\n\t\t\t\t<\/div>\n\t\t\t\t\t\t<\/div>\n\t\t\t\t\t<\/div>\n\t\t<\/div>\n\t\t\t\t\t\t\t\t<\/div>\n\t\t\t\t\t<\/div>\n\t\t<\/section>\n\t\t\t\t\t\t<\/div>\n\t\t\t\t\t\t<\/div>\n\t\t\t\t\t<\/div>","protected":false},"excerpt":{"rendered":"<p>Az\u0259rbaycan Respublikas\u0131n\u0131n Prezidenti yan\u0131nda D\u00f6vl\u0259t \u0130dar\u0259\u00e7ilik Akademiyas\u0131n\u0131n h\u00fcquq\u015f\u00fcnasl\u0131q ixtisas\u0131nda bakalavr t\u0259hsili alan t\u0259l\u0259bl\u0259rin\u0259 n\u0259z\u0259ri bilikl\u0259rl\u0259 yana\u015f\u0131, m\u00fcvafiq d\u00f6vl\u0259t orqanlar\u0131nda \u00e7al\u0131\u015fan t\u0259cr\u00fcbi \u0259m\u0259kda\u015flar t\u0259r\u0259find\u0259n praktiki bilikl\u0259rin verilm\u0259si t\u0259cr\u00fcb\u0259sind\u0259n d\u0259 geni\u015f istifad\u0259 olunur. <\/p>","protected":false},"author":2,"featured_media":24334,"comment_status":"closed","ping_status":"closed","sticky":false,"template":"","format":"standard","meta":[],"categories":[137],"tags":[],"_links":{"self":[{"href":"https:\/\/legacy.dia.edu.az\/ru\/wp-json\/wp\/v2\/posts\/24341"}],"collection":[{"href":"https:\/\/legacy.dia.edu.az\/ru\/wp-json\/wp\/v2\/posts"}],"about":[{"href":"https:\/\/legacy.dia.edu.az\/ru\/wp-json\/wp\/v2\/types\/post"}],"author":[{"embeddable":true,"href":"https:\/\/legacy.dia.edu.az\/ru\/wp-json\/wp\/v2\/users\/2"}],"replies":[{"embeddable":true,"href":"https:\/\/legacy.dia.edu.az\/ru\/wp-json\/wp\/v2\/comments?post=24341"}],"version-history":[{"count":9,"href":"https:\/\/legacy.dia.edu.az\/ru\/wp-json\/wp\/v2\/posts\/24341\/revisions"}],"predecessor-version":[{"id":24350,"href":"https:\/\/legacy.dia.edu.az\/ru\/wp-json\/wp\/v2\/posts\/24341\/revisions\/24350"}],"wp:featuredmedia":[{"embeddable":true,"href":"https:\/\/legacy.dia.edu.az\/ru\/wp-json\/wp\/v2\/media\/24334"}],"wp:attachment":[{"href":"https:\/\/legacy.dia.edu.az\/ru\/wp-json\/wp\/v2\/media?parent=24341"}],"wp:term":[{"taxonomy":"category","embeddable":true,"href":"https:\/\/legacy.dia.edu.az\/ru\/wp-json\/wp\/v2\/categories?post=24341"},{"taxonomy":"post_tag","embeddable":true,"href":"https:\/\/legacy.dia.edu.az\/ru\/wp-json\/wp\/v2\/tags?post=24341"}],"curies":[{"name":"wp","href":"https:\/\/api.w.org\/{rel}","templated":true}]}}