{"id":24049,"date":"2024-11-14T12:30:35","date_gmt":"2024-11-14T08:30:35","guid":{"rendered":"https:\/\/dia.edu.az\/?p=24049"},"modified":"2024-11-14T17:21:28","modified_gmt":"2024-11-14T13:21:28","slug":"dovl%c9%99t-idar%c9%99cilik-akademiyasi-professorunun-m%c9%99qal%c9%99si-scopus-t%c9%99r%c9%99find%c9%99n-indeksl%c9%99n%c9%99nnufuzlu-jurnalda-cap-olunub","status":"publish","type":"post","link":"https:\/\/legacy.dia.edu.az\/ru\/arxivl\u0259r\/24049","title":{"rendered":"D\u00f6vl\u0259t \u0130dar\u0259\u00e7ilik Akademiyas\u0131n\u0131n professorunun m\u0259qal\u0259si Scopus t\u0259r\u0259find\u0259n indeksl\u0259n\u0259n  n\u00fcfuzlu jurnalda \u00e7ap olunub"},"content":{"rendered":"<div data-elementor-type=\"wp-post\" data-elementor-id=\"24049\" class=\"elementor elementor-24049\" data-elementor-settings=\"[]\">\n\t\t\t\t\t\t<div class=\"elementor-inner\">\n\t\t\t\t\t\t\t<div class=\"elementor-section-wrap\">\n\t\t\t\t\t\t\t<section class=\"elementor-section elementor-top-section elementor-element elementor-element-4ac9e04 elementor-section-boxed elementor-section-height-default elementor-section-height-default\" data-id=\"4ac9e04\" data-element_type=\"section\">\n\t\t\t\t\t\t<div class=\"elementor-container elementor-column-gap-default\">\n\t\t\t\t\t\t\t<div class=\"elementor-row\">\n\t\t\t\t\t<div class=\"elementor-column elementor-col-100 elementor-top-column elementor-element elementor-element-03021a5\" data-id=\"03021a5\" data-element_type=\"column\">\n\t\t\t<div class=\"elementor-column-wrap elementor-element-populated\">\n\t\t\t\t\t\t\t<div class=\"elementor-widget-wrap\">\n\t\t\t\t\t\t<div class=\"elementor-element elementor-element-5425e86 elementor-widget elementor-widget-text-editor\" data-id=\"5425e86\" data-element_type=\"widget\" data-widget_type=\"text-editor.default\">\n\t\t\t\t<div class=\"elementor-widget-container\">\n\t\t\t\t\t\t\t\t<div class=\"elementor-text-editor elementor-clearfix\">\n\t\t\t\t\t<p>D\u00f6vl\u0259t \u0130dar\u0259\u00e7ilik Akademiyas\u0131n\u0131n professorunun m\u0259qal\u0259si Scopus t\u0259r\u0259find\u0259n indeksl\u0259n\u0259n\u00a0 n\u00fcfuzlu jurnalda \u00e7ap olunub<\/p>\t\t\t\t\t<\/div>\n\t\t\t\t\t\t<\/div>\n\t\t\t\t<\/div>\n\t\t\t\t\t\t<\/div>\n\t\t\t\t\t<\/div>\n\t\t<\/div>\n\t\t\t\t\t\t\t\t<\/div>\n\t\t\t\t\t<\/div>\n\t\t<\/section>\n\t\t\t\t<section class=\"elementor-section elementor-top-section elementor-element elementor-element-c935090 elementor-section-boxed elementor-section-height-default elementor-section-height-default\" data-id=\"c935090\" data-element_type=\"section\">\n\t\t\t\t\t\t<div class=\"elementor-container elementor-column-gap-default\">\n\t\t\t\t\t\t\t<div class=\"elementor-row\">\n\t\t\t\t\t<div class=\"elementor-column elementor-col-50 elementor-top-column elementor-element elementor-element-4c04544\" data-id=\"4c04544\" data-element_type=\"column\">\n\t\t\t<div class=\"elementor-column-wrap elementor-element-populated\">\n\t\t\t\t\t\t\t<div class=\"elementor-widget-wrap\">\n\t\t\t\t\t\t<div class=\"elementor-element elementor-element-05e9fc7 elementor-widget elementor-widget-image\" data-id=\"05e9fc7\" data-element_type=\"widget\" data-widget_type=\"image.default\">\n\t\t\t\t<div class=\"elementor-widget-container\">\n\t\t\t\t\t\t\t\t<div class=\"elementor-image\">\n\t\t\t\t\t\t\t\t\t\t\t\t\t<a href=\"https:\/\/dia.edu.az\/wp-content\/uploads\/2024\/11\/Economic-Annals-1.png\" data-elementor-open-lightbox=\"yes\" data-elementor-lightbox-title=\"Economic Annals (1)\">\n\t\t\t\t\t\t\t<img width=\"302\" height=\"450\" src=\"https:\/\/legacy.dia.edu.az\/wp-content\/uploads\/2024\/11\/Economic-Annals-1-302x450.png\" class=\"attachment-large size-large\" alt=\"\" srcset=\"https:\/\/legacy.dia.edu.az\/wp-content\/uploads\/2024\/11\/Economic-Annals-1-302x450.png 302w, https:\/\/legacy.dia.edu.az\/wp-content\/uploads\/2024\/11\/Economic-Annals-1-134x200.png 134w, https:\/\/legacy.dia.edu.az\/wp-content\/uploads\/2024\/11\/Economic-Annals-1-8x12.png 8w, https:\/\/legacy.dia.edu.az\/wp-content\/uploads\/2024\/11\/Economic-Annals-1.png 469w, https:\/\/legacy.dia.edu.az\/wp-content\/uploads\/2024\/11\/Economic-Annals-1-134x200@2x.png 268w\" sizes=\"(max-width: 302px) 100vw, 302px\" \/>\t\t\t\t\t\t\t\t<\/a>\n\t\t\t\t\t\t\t\t\t\t\t\t\t\t<\/div>\n\t\t\t\t\t\t<\/div>\n\t\t\t\t<\/div>\n\t\t\t\t\t\t<\/div>\n\t\t\t\t\t<\/div>\n\t\t<\/div>\n\t\t\t\t<div class=\"elementor-column elementor-col-50 elementor-top-column elementor-element elementor-element-2118e59\" data-id=\"2118e59\" data-element_type=\"column\">\n\t\t\t<div class=\"elementor-column-wrap elementor-element-populated\">\n\t\t\t\t\t\t\t<div class=\"elementor-widget-wrap\">\n\t\t\t\t\t\t<div class=\"elementor-element elementor-element-bab48f5 elementor-widget elementor-widget-text-editor\" data-id=\"bab48f5\" data-element_type=\"widget\" data-widget_type=\"text-editor.default\">\n\t\t\t\t<div class=\"elementor-widget-container\">\n\t\t\t\t\t\t\t\t<div class=\"elementor-text-editor elementor-clearfix\">\n\t\t\t\t\t<p><\/p>\n<p style=\"text-align: justify;\">\u0130qtisadi \u0130slahatlar\u0131n T\u0259hlili v\u0259 Kommunikasiya M\u0259rk\u0259zinin icra\u00e7\u0131 direktoru, Az\u0259rbaycan Respublikas\u0131n\u0131n Prezidenti yan\u0131nda D\u00f6vl\u0259t idar\u0259\u00e7ilik Akademiyas\u0131n\u0131n professoru V\u00fcsal Qas\u0131ml\u0131n\u0131n h\u0259mm\u00fc\u0259llifi oldu\u011fu <strong>\u201cEconomy-wide and environmental benefits of green&nbsp;<\/strong><strong>energy development in oil-rich countries: Evidence from Azerbaijan\u201d<\/strong> (\u201cNeftl\u0259 z\u0259ngin \u00f6lk\u0259l\u0259rd\u0259 ya\u015f\u0131l enerjinin inki\u015faf\u0131n\u0131n iqtisadi v\u0259 ekoloji faydalar\u0131: Az\u0259rbaycandan s\u00fcbutlar\u201d) m\u00f6vzusunda m\u0259qal\u0259 Serbiyan\u0131n Belqrad Universitetind\u0259 n\u0259\u015fr olunan v\u0259 SCOPUS t\u0259r\u0259find\u0259n indeksl\u0259n\u0259n <strong>\u201cEconomic Annals<\/strong>\u201d (\u0130qtisadi Salnam\u0259l\u0259r) adl\u0131 jurnalda \u00e7ap olunub.&nbsp;<\/p><p style=\"text-align: justify;\">M\u0259qal\u0259d\u0259 g\u00f6st\u0259rilir ki, Az\u0259rbaycan \u00f6z potensial\u0131ndan tam istifad\u0259 ed\u0259r\u0259k ya\u015f\u0131l enerji istehsal\u0131 v\u0259 ixrac\u0131 istiqam\u0259tind\u0259 m\u00fch\u00fcm add\u0131mlar at\u0131r. Az\u0259rbaycan\u0131n \u0259sas rol oynad\u0131\u011f\u0131 \u201cX\u0259z\u0259r-Qara d\u0259niz-Avropa\u201d ya\u015f\u0131l enerji d\u0259hlizi ilk m\u0259rh\u0259l\u0259d\u0259 Az\u0259rbaycan\u0131 Avropa il\u0259 birl\u0259\u015fdirm\u0259yi h\u0259d\u0259fl\u0259yir. \u0130kinci m\u0259rh\u0259l\u0259d\u0259 bu d\u0259hliz M\u0259rk\u0259zi Asiyan\u0131 Avropa il\u0259 birl\u0259\u015fdir\u0259c\u0259kdir. Az\u0259rbaycan\u0131n bu sah\u0259d\u0259ki u\u011furlar\u0131 is\u0259 karbon emissiyalar\u0131n\u0131n azald\u0131lmas\u0131na \u00f6z t\u00f6hf\u0259sini verm\u0259kl\u0259 h\u0259m d\u0259 qlobal faydaya s\u0259b\u0259b olacaqd\u0131r. M\u0259qal\u0259d\u0259 Az\u0259rbaycanda ya\u015f\u0131l enerjiy\u0259 ke\u00e7idin sosial-iqtisadi v\u0259 ekoloji faydalar\u0131 qiym\u0259tl\u0259ndirilmi\u015fdir. \u018fld\u0259 edil\u0259n n\u0259tic\u0259l\u0259r\u0259 g\u00f6r\u0259 ya\u015f\u0131l enerjiy\u0259 ke\u00e7id istiqam\u0259tind\u0259 ba\u015flanan layih\u0259l\u0259r yax\u0131n g\u0259l\u0259c\u0259kd\u0259 \u00f6z\u00fcn\u00fc do\u011fruldacaqd\u0131r.<br>1955-ci ild\u0259n etibar\u0259n r\u00fcbl\u00fck olaraq n\u0259\u015fr olunan \u201cEconomic Annals\u201d jurnal\u0131n\u0131n il \u0259rzind\u0259 n\u0259\u015fr olanan 4 say\u0131n\u0131n h\u0259r birind\u0259 5 m\u0259qal\u0259 olmaqla \u00fcmumilik\u0259 20 \u0259n yax\u015f\u0131 m\u0259qal\u0259 \u00e7ap olunur.<br>Professor V\u00fcsal Qas\u0131ml\u0131n\u0131n bu jurnala yazd\u0131\u011f\u0131 m\u0259qal\u0259nin h\u0259mm\u00fc\u0259llifl\u0259ri is\u0259 i.e.d Ramil&nbsp; H\u00fcseyn v\u0259 i.e.f.d R\u0259\u015fad H\u00fcseynovdur.<\/p>\n<p><strong>M\u0259qal\u0259ni oxumaq \u00fc\u00e7\u00fcn a\u015fa\u011f\u0131dak\u0131 linkl\u0259r\u0259 ke\u00e7id ed\u0259 bil\u0259rsiz:<\/strong><\/p>\n<p><a href=\"https:\/\/www.ekof.bg.ac.rs\/wp-content\/uploads\/2015\/12\/241-02.pdf\">https:\/\/www.ekof.bg.ac.rs\/wp-content\/uploads\/2015\/12\/241-02.pdf<\/a><\/p>\n<p><a href=\"https:\/\/ereforms.gov.az\/az\/publication\/30\">https:\/\/ereforms.gov.az\/az\/publication\/30<\/a><\/p>\n<p>&nbsp;<\/p>\n<p><\/p>\t\t\t\t\t<\/div>\n\t\t\t\t\t\t<\/div>\n\t\t\t\t<\/div>\n\t\t\t\t\t\t<\/div>\n\t\t\t\t\t<\/div>\n\t\t<\/div>\n\t\t\t\t\t\t\t\t<\/div>\n\t\t\t\t\t<\/div>\n\t\t<\/section>\n\t\t\t\t\t\t<\/div>\n\t\t\t\t\t\t<\/div>\n\t\t\t\t\t<\/div>","protected":false},"excerpt":{"rendered":"<p>\u0130qtisadi \u0130slahatlar\u0131n T\u0259hlili v\u0259 Kommunikasiya M\u0259rk\u0259zinin icra\u00e7\u0131 direktoru, Az\u0259rbaycan<br \/>\nRespublikas\u0131n\u0131n Prezidenti yan\u0131nda D\u00f6vl\u0259t idar\u0259\u00e7ilik Akademiyas\u0131n\u0131n professoru V\u00fcsal Qas\u0131ml\u0131n\u0131n h\u0259mm\u00fc\u0259llifi oldu\u011fu<\/p>","protected":false},"author":2,"featured_media":19451,"comment_status":"closed","ping_status":"closed","sticky":false,"template":"","format":"standard","meta":[],"categories":[137],"tags":[],"_links":{"self":[{"href":"https:\/\/legacy.dia.edu.az\/ru\/wp-json\/wp\/v2\/posts\/24049"}],"collection":[{"href":"https:\/\/legacy.dia.edu.az\/ru\/wp-json\/wp\/v2\/posts"}],"about":[{"href":"https:\/\/legacy.dia.edu.az\/ru\/wp-json\/wp\/v2\/types\/post"}],"author":[{"embeddable":true,"href":"https:\/\/legacy.dia.edu.az\/ru\/wp-json\/wp\/v2\/users\/2"}],"replies":[{"embeddable":true,"href":"https:\/\/legacy.dia.edu.az\/ru\/wp-json\/wp\/v2\/comments?post=24049"}],"version-history":[{"count":16,"href":"https:\/\/legacy.dia.edu.az\/ru\/wp-json\/wp\/v2\/posts\/24049\/revisions"}],"predecessor-version":[{"id":24066,"href":"https:\/\/legacy.dia.edu.az\/ru\/wp-json\/wp\/v2\/posts\/24049\/revisions\/24066"}],"wp:featuredmedia":[{"embeddable":true,"href":"https:\/\/legacy.dia.edu.az\/ru\/wp-json\/wp\/v2\/media\/19451"}],"wp:attachment":[{"href":"https:\/\/legacy.dia.edu.az\/ru\/wp-json\/wp\/v2\/media?parent=24049"}],"wp:term":[{"taxonomy":"category","embeddable":true,"href":"https:\/\/legacy.dia.edu.az\/ru\/wp-json\/wp\/v2\/categories?post=24049"},{"taxonomy":"post_tag","embeddable":true,"href":"https:\/\/legacy.dia.edu.az\/ru\/wp-json\/wp\/v2\/tags?post=24049"}],"curies":[{"name":"wp","href":"https:\/\/api.w.org\/{rel}","templated":true}]}}