{"id":24039,"date":"2024-11-08T10:23:00","date_gmt":"2024-11-08T06:23:00","guid":{"rendered":"https:\/\/dia.edu.az\/?p=24039"},"modified":"2024-11-08T23:26:44","modified_gmt":"2024-11-08T19:26:44","slug":"dovl%c9%99t-idar%c9%99cilik-akademiyasinda-asan-xidm%c9%99t-m%c9%99rk%c9%99zl%c9%99rinin-%c9%99m%c9%99kdaslari-ucun-t%c9%99lim-kecirilib-2","status":"publish","type":"post","link":"https:\/\/legacy.dia.edu.az\/ru\/arxivl\u0259r\/24039","title":{"rendered":"D\u00f6vl\u0259t \u0130dar\u0259\u00e7ilik Akademiyas\u0131nda \u201cASAN xidm\u0259t\u201d m\u0259rk\u0259zl\u0259rinin \u0259m\u0259kda\u015flar\u0131 \u00fc\u00e7\u00fcn t\u0259lim ke\u00e7irilib"},"content":{"rendered":"<div data-elementor-type=\"wp-post\" data-elementor-id=\"24039\" class=\"elementor elementor-24039\" data-elementor-settings=\"[]\">\n\t\t\t\t\t\t<div class=\"elementor-inner\">\n\t\t\t\t\t\t\t<div class=\"elementor-section-wrap\">\n\t\t\t\t\t\t\t<section class=\"elementor-section elementor-top-section elementor-element elementor-element-04afd39 elementor-section-boxed elementor-section-height-default elementor-section-height-default\" data-id=\"04afd39\" data-element_type=\"section\">\n\t\t\t\t\t\t<div class=\"elementor-container elementor-column-gap-default\">\n\t\t\t\t\t\t\t<div class=\"elementor-row\">\n\t\t\t\t\t<div class=\"elementor-column elementor-col-100 elementor-top-column elementor-element elementor-element-aa9f054\" data-id=\"aa9f054\" data-element_type=\"column\">\n\t\t\t<div class=\"elementor-column-wrap elementor-element-populated\">\n\t\t\t\t\t\t\t<div class=\"elementor-widget-wrap\">\n\t\t\t\t\t\t<div class=\"elementor-element elementor-element-34b9203 elementor-widget elementor-widget-text-editor\" data-id=\"34b9203\" data-element_type=\"widget\" data-widget_type=\"text-editor.default\">\n\t\t\t\t<div class=\"elementor-widget-container\">\n\t\t\t\t\t\t\t\t<div class=\"elementor-text-editor elementor-clearfix\">\n\t\t\t\t\tD\u00f6vl\u0259t \u0130dar\u0259\u00e7ilik Akademiyas\u0131nda \u201cASAN xidm\u0259t\u201d m\u0259rk\u0259zl\u0259rinin \u0259m\u0259kda\u015flar\u0131 \u00fc\u00e7\u00fcn t\u0259lim ke\u00e7irilib\t\t\t\t\t<\/div>\n\t\t\t\t\t\t<\/div>\n\t\t\t\t<\/div>\n\t\t\t\t\t\t<\/div>\n\t\t\t\t\t<\/div>\n\t\t<\/div>\n\t\t\t\t\t\t\t\t<\/div>\n\t\t\t\t\t<\/div>\n\t\t<\/section>\n\t\t\t\t<section class=\"elementor-section elementor-top-section elementor-element elementor-element-7425b1a elementor-section-boxed elementor-section-height-default elementor-section-height-default\" data-id=\"7425b1a\" data-element_type=\"section\">\n\t\t\t\t\t\t<div class=\"elementor-container elementor-column-gap-default\">\n\t\t\t\t\t\t\t<div class=\"elementor-row\">\n\t\t\t\t\t<div class=\"elementor-column elementor-col-50 elementor-top-column elementor-element elementor-element-0d8eb98\" data-id=\"0d8eb98\" data-element_type=\"column\">\n\t\t\t<div class=\"elementor-column-wrap elementor-element-populated\">\n\t\t\t\t\t\t\t<div class=\"elementor-widget-wrap\">\n\t\t\t\t\t\t<div class=\"elementor-element elementor-element-0d6a2dd elementor-widget elementor-widget-image\" data-id=\"0d6a2dd\" data-element_type=\"widget\" data-widget_type=\"image.default\">\n\t\t\t\t<div class=\"elementor-widget-container\">\n\t\t\t\t\t\t\t\t<div class=\"elementor-image\">\n\t\t\t\t\t\t\t\t\t\t\t\t\t<a href=\"https:\/\/dia.edu.az\/wp-content\/uploads\/2024\/11\/ASAN@@.jpg\" data-elementor-open-lightbox=\"yes\" data-elementor-lightbox-title=\"ASAN@@\">\n\t\t\t\t\t\t\t<img width=\"450\" height=\"262\" src=\"https:\/\/legacy.dia.edu.az\/wp-content\/uploads\/2024\/11\/ASAN@@-450x262.jpg\" class=\"attachment-large size-large\" alt=\"\" srcset=\"https:\/\/legacy.dia.edu.az\/wp-content\/uploads\/2024\/11\/ASAN@@-450x262.jpg 450w, https:\/\/legacy.dia.edu.az\/wp-content\/uploads\/2024\/11\/ASAN@@-200x116.jpg 200w, https:\/\/legacy.dia.edu.az\/wp-content\/uploads\/2024\/11\/ASAN@@-18x10.jpg 18w, https:\/\/legacy.dia.edu.az\/wp-content\/uploads\/2024\/11\/ASAN@@.jpg 1083w, https:\/\/legacy.dia.edu.az\/wp-content\/uploads\/2024\/11\/ASAN@@-450x262@2x.jpg 900w, https:\/\/legacy.dia.edu.az\/wp-content\/uploads\/2024\/11\/ASAN@@-200x116@2x.jpg 400w\" sizes=\"(max-width: 450px) 100vw, 450px\" \/>\t\t\t\t\t\t\t\t<\/a>\n\t\t\t\t\t\t\t\t\t\t\t\t\t\t<\/div>\n\t\t\t\t\t\t<\/div>\n\t\t\t\t<\/div>\n\t\t\t\t\t\t<\/div>\n\t\t\t\t\t<\/div>\n\t\t<\/div>\n\t\t\t\t<div class=\"elementor-column elementor-col-50 elementor-top-column elementor-element elementor-element-2656432\" data-id=\"2656432\" data-element_type=\"column\">\n\t\t\t<div class=\"elementor-column-wrap elementor-element-populated\">\n\t\t\t\t\t\t\t<div class=\"elementor-widget-wrap\">\n\t\t\t\t\t\t<div class=\"elementor-element elementor-element-c21c7db elementor-widget elementor-widget-image\" data-id=\"c21c7db\" data-element_type=\"widget\" data-widget_type=\"image.default\">\n\t\t\t\t<div class=\"elementor-widget-container\">\n\t\t\t\t\t\t\t\t<div class=\"elementor-image\">\n\t\t\t\t\t\t\t\t\t\t\t\t<img width=\"450\" height=\"262\" src=\"https:\/\/legacy.dia.edu.az\/wp-content\/uploads\/2024\/11\/ASAN22-450x262.jpg\" class=\"attachment-large size-large\" alt=\"\" srcset=\"https:\/\/legacy.dia.edu.az\/wp-content\/uploads\/2024\/11\/ASAN22-450x262.jpg 450w, https:\/\/legacy.dia.edu.az\/wp-content\/uploads\/2024\/11\/ASAN22-200x116.jpg 200w, https:\/\/legacy.dia.edu.az\/wp-content\/uploads\/2024\/11\/ASAN22-18x10.jpg 18w, https:\/\/legacy.dia.edu.az\/wp-content\/uploads\/2024\/11\/ASAN22.jpg 1083w, https:\/\/legacy.dia.edu.az\/wp-content\/uploads\/2024\/11\/ASAN22-450x262@2x.jpg 900w, https:\/\/legacy.dia.edu.az\/wp-content\/uploads\/2024\/11\/ASAN22-200x116@2x.jpg 400w\" sizes=\"(max-width: 450px) 100vw, 450px\" \/>\t\t\t\t\t\t\t\t\t\t\t\t\t\t<\/div>\n\t\t\t\t\t\t<\/div>\n\t\t\t\t<\/div>\n\t\t\t\t\t\t<\/div>\n\t\t\t\t\t<\/div>\n\t\t<\/div>\n\t\t\t\t\t\t\t\t<\/div>\n\t\t\t\t\t<\/div>\n\t\t<\/section>\n\t\t\t\t<section class=\"elementor-section elementor-top-section elementor-element elementor-element-a622f91 elementor-section-boxed elementor-section-height-default elementor-section-height-default\" data-id=\"a622f91\" data-element_type=\"section\">\n\t\t\t\t\t\t<div class=\"elementor-container elementor-column-gap-default\">\n\t\t\t\t\t\t\t<div class=\"elementor-row\">\n\t\t\t\t\t<div class=\"elementor-column elementor-col-100 elementor-top-column elementor-element elementor-element-a4a71f1\" data-id=\"a4a71f1\" data-element_type=\"column\">\n\t\t\t<div class=\"elementor-column-wrap elementor-element-populated\">\n\t\t\t\t\t\t\t<div class=\"elementor-widget-wrap\">\n\t\t\t\t\t\t<div class=\"elementor-element elementor-element-46a6d63 elementor-widget elementor-widget-text-editor\" data-id=\"46a6d63\" data-element_type=\"widget\" data-widget_type=\"text-editor.default\">\n\t\t\t\t<div class=\"elementor-widget-container\">\n\t\t\t\t\t\t\t\t<div class=\"elementor-text-editor elementor-clearfix\">\n\t\t\t\t\t<p>Az\u0259rbaycan Respublikas\u0131n\u0131n Prezidenti yan\u0131nda D\u00f6vl\u0259t \u0130dar\u0259\u00e7ilik Akademiyas\u0131nda (D\u0130A) \u201cASAN xidm\u0259t\u201d m\u0259rk\u0259zl\u0259rinin \u0259m\u0259kda\u015flar\u0131 \u00fc\u00e7\u00fcn \u201cPrezident \u0130lham \u018fliyevin innovativ idar\u0259\u00e7ilik texnologiyalar\u0131: Z\u0259f\u0259r\u0259 aparan yol\u201d m\u00f6vzusunda t\u0259lim ke\u00e7irilib.\nT\u0259lim Prezident \u0130lham \u018fliyevin \u201cAz\u0259rbaycan Respublikas\u0131nda d\u00f6vl\u0259t qullu\u011funun inki\u015faf\u0131na dair 2019-2025-ci ill\u0259r \u00fc\u00e7\u00fcn Strategiya\u201dn\u0131n 2023-2025-ci ill\u0259rd\u0259 icras\u0131 \u00fczr\u0259 F\u0259aliyy\u0259t Plan\u0131n\u0131 r\u0259hb\u0259r tutaraq v\u0259 h\u0259m\u00e7inin 2020-ci il 13 fevral tarixli S\u0259r\u0259ncam\u0131 il\u0259 t\u0259sdiq edilmi\u015f \u201cM\u0259\u015f\u011fulluq Strategiyas\u0131n\u0131n h\u0259yata ke\u00e7irilm\u0259sin\u0259 dair 2020-2025-ci ill\u0259r \u00fc\u00e7\u00fcn T\u0259dbirl\u0259r Plan\u0131\u201dna uy\u011fun olaraq ke\u00e7irilib.\n\nT\u0259limd\u0259 D\u0130A-n\u0131n rektoru akademik Urxan \u018fl\u0259kb\u0259rovun \u201cPrezident \u0130lham \u018fliyevin innovativ idar\u0259\u00e7ilik texnologiyalar\u0131: Z\u0259f\u0259r\u0259 aparan yol\u201d m\u00f6vzusunda m\u00fchazir\u0259si dinl\u0259nilib. Rektor \u00e7\u0131x\u0131\u015f\u0131nda d\u00f6vl\u0259timizin ba\u015f\u00e7\u0131s\u0131n\u0131n S\u0259r\u0259ncam\u0131 il\u0259 2024-c\u00fc ilin \u00f6lk\u0259mizd\u0259 \u201cYa\u015f\u0131l d\u00fcnya namin\u0259 h\u0259mr\u0259ylik ili\u201d elan edilm\u0259si v\u0259 BMT-nin \u0130qlim D\u0259yi\u015fm\u0259l\u0259ri \u00fczr\u0259 \u00c7\u0259r\u00e7iv\u0259 Konvensiyas\u0131n\u0131n T\u0259r\u0259fl\u0259r Konfrans\u0131n\u0131n 29-cu sessiyas\u0131 olan COP 29-un Az\u0259rbaycanda ke\u00e7iril\u0259c\u0259yi il\u0259 ba\u011fl\u0131 geni\u015f m\u0259lumat verib. Akademik bildirib ki, h\u0259r il f\u0259rqli bir \u00f6lk\u0259nin ev sahibliyi etdiyi COP qlobal \u00e7a\u011f\u0131r\u0131\u015flara dair f\u0259aliyy\u0259ti s\u00fcr\u0259tl\u0259ndirm\u0259k v\u0259 m\u0259qs\u0259dl\u0259r\u0259 nail olmaq \u00fc\u00e7\u00fcn ke\u00e7iril\u0259n \u0259h\u0259miyy\u0259tli g\u00f6r\u00fc\u015fd\u00fcr. Ya\u015f\u0131l iqtisadiyyata ke\u00e7id v\u0259 ya\u015f\u0131l enerji t\u0259chizat\u00e7\u0131s\u0131na \u00e7evrilm\u0259k Az\u0259rbaycan\u0131n iqtisadi sah\u0259d\u0259 h\u0259yata ke\u00e7irdiyi u\u011furlu siyas\u0259tin \u0259saslar\u0131ndand\u0131r.\n\nRektor m\u00fchazir\u0259sind\u0259 dahi \u015f\u0259xsiyy\u0259t Heyd\u0259r \u018fliyevin tarixi xidm\u0259tl\u0259rind\u0259n d\u0259 dan\u0131\u015f\u0131b, 1993-c\u00fc ild\u0259 Ulu \u00d6nd\u0259rin hakimiyy\u0259t\u0259 qay\u0131d\u0131\u015f\u0131ndan sonra Az\u0259rbaycan d\u00f6vl\u0259t\u00e7iliyinin b\u00f6y\u00fck t\u0259hl\u00fck\u0259l\u0259rd\u0259n xilas oldu\u011funu, \u00f6lk\u0259nin ictimai-siyasi, sosial-iqtisadi v\u0259 elmi-m\u0259d\u0259ni h\u0259yat\u0131nda \u0259sasl\u0131 d\u00f6n\u00fc\u015f\u00fcn yarand\u0131\u011f\u0131n\u0131 qeyd edib. Rektor \u00f6lk\u0259mizd\u0259 qazan\u0131lan u\u011furlar\u0131n dahi r\u0259hb\u0259r Heyd\u0259r \u018fliyev siyas\u0259tinin b\u0259hr\u0259si oldu\u011funu deyib. Urxan \u018fl\u0259kb\u0259rov \u00dcmummilli Lider Heyd\u0259r \u018fliyev t\u0259r\u0259find\u0259n m\u00fc\u0259yy\u0259nl\u0259\u015fdirilmi\u015f v\u0259 Prezident \u0130lham \u018fliyevin u\u011furla davam etdirdiyi inki\u015faf strategiyas\u0131 say\u0259sind\u0259 Az\u0259rbaycan\u0131n qazand\u0131\u011f\u0131 nailiyy\u0259tl\u0259r\u0259 diqq\u0259t \u00e7\u0259kib. O, Prezident \u0130lham \u018fliyev t\u0259r\u0259find\u0259n haz\u0131rlanaraq t\u0259tbiq edilmi\u015f yeni d\u00f6vl\u0259t idar\u0259\u00e7iliyi texnologiyalar\u0131n\u0131n Az\u0259rbaycan\u0131n davaml\u0131 inkl\u00fcziv inki\u015faf\u0131 namin\u0259 resurslardan s\u0259m\u0259r\u0259li istifad\u0259 sah\u0259sind\u0259 regional v\u0259 qlobal lider\u0259 \u00e7evirdiyini x\u00fcsusi vur\u011fulay\u0131b. Urxan \u018fl\u0259kb\u0259rov bildirib ki, inkl\u00fcziv inki\u015faf sah\u0259sind\u0259 \u00f6lk\u0259mizin y\u00fcks\u0259k g\u00f6st\u0259ricil\u0259r \u0259ld\u0259 etm\u0259si v\u0259 sosial siyas\u0259tin realla\u015fd\u0131r\u0131lmas\u0131 bax\u0131m\u0131ndan d\u00fcnya liderin\u0259 \u00e7evrilm\u0259sind\u0259 Az\u0259rbaycan Respublikas\u0131n\u0131n Birinci vitse-prezidenti Mehriban \u018fliyevan\u0131n m\u00fcst\u0259sna xidm\u0259tl\u0259ri var.\n\nRektor m\u00fcst\u0259qil v\u0259 suveren Az\u0259rbaycan d\u00f6vl\u0259tinin keyfiyy\u0259tc\u0259 yeni olan v\u0259 2021\u20122030-cu ill\u0259ri \u0259hat\u0259 ed\u0259n strateji m\u0259rh\u0259l\u0259y\u0259 daxil oldu\u011funu qeyd ed\u0259r\u0259k, inkl\u00fcziv c\u0259miyy\u0259tin qurulmas\u0131 prosesinin \u00f6lk\u0259nin 2030-cu il \u00fc\u00e7\u00fcn planla\u015fd\u0131r\u0131lm\u0131\u015f \u0259sas prioritetl\u0259ri s\u0131ras\u0131nda oldu\u011funu s\u00f6yl\u0259yib.\n\nT\u0259lim fikir m\u00fcbadil\u0259si il\u0259 davam edib.<\/p>\t\t\t\t\t<\/div>\n\t\t\t\t\t\t<\/div>\n\t\t\t\t<\/div>\n\t\t\t\t\t\t<\/div>\n\t\t\t\t\t<\/div>\n\t\t<\/div>\n\t\t\t\t\t\t\t\t<\/div>\n\t\t\t\t\t<\/div>\n\t\t<\/section>\n\t\t\t\t\t\t<\/div>\n\t\t\t\t\t\t<\/div>\n\t\t\t\t\t<\/div>","protected":false},"excerpt":{"rendered":"<p>Az\u0259rbaycan Respublikas\u0131n\u0131n Prezidenti yan\u0131nda D\u00f6vl\u0259t \u0130dar\u0259\u00e7ilik Akademiyas\u0131nda (D\u0130A) \u201cASAN xidm\u0259t\u201d m\u0259rk\u0259zl\u0259rinin \u0259m\u0259kda\u015flar\u0131 \u00fc\u00e7\u00fcn \u201cPrezident \u0130lham \u018fliyevin innovativ idar\u0259\u00e7ilik texnologiyalar\u0131: Z\u0259f\u0259r\u0259 aparan yol\u201d m\u00f6vzusunda t\u0259lim ke\u00e7irilib.<\/p>","protected":false},"author":2,"featured_media":24040,"comment_status":"closed","ping_status":"closed","sticky":false,"template":"","format":"standard","meta":[],"categories":[137],"tags":[],"_links":{"self":[{"href":"https:\/\/legacy.dia.edu.az\/ru\/wp-json\/wp\/v2\/posts\/24039"}],"collection":[{"href":"https:\/\/legacy.dia.edu.az\/ru\/wp-json\/wp\/v2\/posts"}],"about":[{"href":"https:\/\/legacy.dia.edu.az\/ru\/wp-json\/wp\/v2\/types\/post"}],"author":[{"embeddable":true,"href":"https:\/\/legacy.dia.edu.az\/ru\/wp-json\/wp\/v2\/users\/2"}],"replies":[{"embeddable":true,"href":"https:\/\/legacy.dia.edu.az\/ru\/wp-json\/wp\/v2\/comments?post=24039"}],"version-history":[{"count":7,"href":"https:\/\/legacy.dia.edu.az\/ru\/wp-json\/wp\/v2\/posts\/24039\/revisions"}],"predecessor-version":[{"id":24048,"href":"https:\/\/legacy.dia.edu.az\/ru\/wp-json\/wp\/v2\/posts\/24039\/revisions\/24048"}],"wp:featuredmedia":[{"embeddable":true,"href":"https:\/\/legacy.dia.edu.az\/ru\/wp-json\/wp\/v2\/media\/24040"}],"wp:attachment":[{"href":"https:\/\/legacy.dia.edu.az\/ru\/wp-json\/wp\/v2\/media?parent=24039"}],"wp:term":[{"taxonomy":"category","embeddable":true,"href":"https:\/\/legacy.dia.edu.az\/ru\/wp-json\/wp\/v2\/categories?post=24039"},{"taxonomy":"post_tag","embeddable":true,"href":"https:\/\/legacy.dia.edu.az\/ru\/wp-json\/wp\/v2\/tags?post=24039"}],"curies":[{"name":"wp","href":"https:\/\/api.w.org\/{rel}","templated":true}]}}