{"id":23830,"date":"2024-10-30T11:23:35","date_gmt":"2024-10-30T07:23:35","guid":{"rendered":"https:\/\/dia.edu.az\/?p=23830"},"modified":"2024-10-30T11:28:15","modified_gmt":"2024-10-30T07:28:15","slug":"akademik-urxan-%c9%99l%c9%99kb%c9%99rov-dunya-biz%c9%99-deyirdi-ki-s%c9%99n-balaca-bir-usaq-ol-m%c9%99n-d%c9%99-s%c9%99nin-basini-sigallayim","status":"publish","type":"post","link":"https:\/\/legacy.dia.edu.az\/ru\/arxivl\u0259r\/23830","title":{"rendered":"Akademik Urxan \u018fl\u0259kb\u0259rov:\u00a0&#8220;D\u00fcnya biz\u0259 deyirdi ki, s\u0259n balaca bir u\u015faq ol, m\u0259n d\u0259 s\u0259nin ba\u015f\u0131n\u0131 s\u0131\u011fallay\u0131m&#8221;"},"content":{"rendered":"<div data-elementor-type=\"wp-post\" data-elementor-id=\"23830\" class=\"elementor elementor-23830\" data-elementor-settings=\"[]\">\n\t\t\t\t\t\t<div class=\"elementor-inner\">\n\t\t\t\t\t\t\t<div class=\"elementor-section-wrap\">\n\t\t\t\t\t\t\t<section class=\"elementor-section elementor-top-section elementor-element elementor-element-a27ce65 elementor-section-boxed elementor-section-height-default elementor-section-height-default\" data-id=\"a27ce65\" data-element_type=\"section\">\n\t\t\t\t\t\t<div class=\"elementor-container elementor-column-gap-default\">\n\t\t\t\t\t\t\t<div class=\"elementor-row\">\n\t\t\t\t\t<div class=\"elementor-column elementor-col-100 elementor-top-column elementor-element elementor-element-81a8524\" data-id=\"81a8524\" data-element_type=\"column\">\n\t\t\t<div class=\"elementor-column-wrap elementor-element-populated\">\n\t\t\t\t\t\t\t<div class=\"elementor-widget-wrap\">\n\t\t\t\t\t\t<div class=\"elementor-element elementor-element-7cb0fdf elementor-widget elementor-widget-text-editor\" data-id=\"7cb0fdf\" data-element_type=\"widget\" data-widget_type=\"text-editor.default\">\n\t\t\t\t<div class=\"elementor-widget-container\">\n\t\t\t\t\t\t\t\t<div class=\"elementor-text-editor elementor-clearfix\">\n\t\t\t\t\t<p><p>Az\u0259rbaycan Respublikas\u0131n\u0131n Prezidenti yan\u0131nda D&ouml;vl\u0259t \u0130dar\u0259&ccedil;ilik Akademiyas\u0131n\u0131n rektoru, akademik Urxan \u018fl\u0259kb\u0259rovun &ldquo;525-\u0441i q\u0259zet&rdquo; -d\u0259 m\u0259qal\u0259si d\u0259rc edilmi\u015fdir.<\/p>\n<p>&nbsp;<\/p>\n<p><a href=\"https:\/\/525.az\/news\/275856-akademik-urxan-elekberov-dunya-bize-deyirdi-ki-sen-balaca-bir-usaq-ol-men-de-senin-basini-sigallayim\"><span style=\"color: #ff0000;\"><strong>Ke&ccedil;id &uuml;&ccedil;&uuml;n link : 525 Q\u018fZET<\/strong><\/span><\/a><\/p><\/p><\/p>\t\t\t\t\t<\/div>\n\t\t\t\t\t\t<\/div>\n\t\t\t\t<\/div>\n\t\t\t\t\t\t<\/div>\n\t\t\t\t\t<\/div>\n\t\t<\/div>\n\t\t\t\t\t\t\t\t<\/div>\n\t\t\t\t\t<\/div>\n\t\t<\/section>\n\t\t\t\t\t\t<\/div>\n\t\t\t\t\t\t<\/div>\n\t\t\t\t\t<\/div>","protected":false},"excerpt":{"rendered":"<p>Az\u0259rbaycan Respublikas\u0131n\u0131n Prezidenti yan\u0131nda D\u00f6vl\u0259t \u0130dar\u0259\u00e7ilik Akademiyas\u0131n\u0131n rektoru, akademik<br \/>\nUrxan \u018fl\u0259kb\u0259rovun<\/p>","protected":false},"author":2,"featured_media":23831,"comment_status":"closed","ping_status":"closed","sticky":false,"template":"","format":"standard","meta":[],"categories":[137],"tags":[],"_links":{"self":[{"href":"https:\/\/legacy.dia.edu.az\/ru\/wp-json\/wp\/v2\/posts\/23830"}],"collection":[{"href":"https:\/\/legacy.dia.edu.az\/ru\/wp-json\/wp\/v2\/posts"}],"about":[{"href":"https:\/\/legacy.dia.edu.az\/ru\/wp-json\/wp\/v2\/types\/post"}],"author":[{"embeddable":true,"href":"https:\/\/legacy.dia.edu.az\/ru\/wp-json\/wp\/v2\/users\/2"}],"replies":[{"embeddable":true,"href":"https:\/\/legacy.dia.edu.az\/ru\/wp-json\/wp\/v2\/comments?post=23830"}],"version-history":[{"count":8,"href":"https:\/\/legacy.dia.edu.az\/ru\/wp-json\/wp\/v2\/posts\/23830\/revisions"}],"predecessor-version":[{"id":23839,"href":"https:\/\/legacy.dia.edu.az\/ru\/wp-json\/wp\/v2\/posts\/23830\/revisions\/23839"}],"wp:featuredmedia":[{"embeddable":true,"href":"https:\/\/legacy.dia.edu.az\/ru\/wp-json\/wp\/v2\/media\/23831"}],"wp:attachment":[{"href":"https:\/\/legacy.dia.edu.az\/ru\/wp-json\/wp\/v2\/media?parent=23830"}],"wp:term":[{"taxonomy":"category","embeddable":true,"href":"https:\/\/legacy.dia.edu.az\/ru\/wp-json\/wp\/v2\/categories?post=23830"},{"taxonomy":"post_tag","embeddable":true,"href":"https:\/\/legacy.dia.edu.az\/ru\/wp-json\/wp\/v2\/tags?post=23830"}],"curies":[{"name":"wp","href":"https:\/\/api.w.org\/{rel}","templated":true}]}}