{"id":23635,"date":"2024-10-21T11:39:52","date_gmt":"2024-10-21T07:39:52","guid":{"rendered":"https:\/\/dia.edu.az\/?p=23635"},"modified":"2024-10-21T11:54:44","modified_gmt":"2024-10-21T07:54:44","slug":"dovl%c9%99t-idar%c9%99cilik-akademiyasinin-rektorunun-prezident-ilham-%c9%99liyevin-innovativdovl%c9%99t-idar%c9%99ciliyi-cop29-a-aparan-yollar-adli-m%c9%99ruz%c9%99si-dinl%c9%99nil","status":"publish","type":"post","link":"https:\/\/legacy.dia.edu.az\/ru\/arxivl\u0259r\/23635","title":{"rendered":"D\u00f6vl\u0259t \u0130dar\u0259\u00e7ilik Akademiyas\u0131n\u0131n rektorunun \u201cPrezident \u0130lham \u018fliyevin innovativ d\u00f6vl\u0259t idar\u0259\u00e7iliyi: COP29-a aparan yollar\u201d adl\u0131 m\u0259ruz\u0259si dinl\u0259nilib"},"content":{"rendered":"<div data-elementor-type=\"wp-post\" data-elementor-id=\"23635\" class=\"elementor elementor-23635\" data-elementor-settings=\"[]\">\n\t\t\t\t\t\t<div class=\"elementor-inner\">\n\t\t\t\t\t\t\t<div class=\"elementor-section-wrap\">\n\t\t\t\t\t\t\t<section class=\"elementor-section elementor-top-section elementor-element elementor-element-44b76b6 elementor-section-boxed elementor-section-height-default elementor-section-height-default\" data-id=\"44b76b6\" data-element_type=\"section\">\n\t\t\t\t\t\t<div class=\"elementor-container elementor-column-gap-default\">\n\t\t\t\t\t\t\t<div class=\"elementor-row\">\n\t\t\t\t\t<div class=\"elementor-column elementor-col-100 elementor-top-column elementor-element elementor-element-4fe788f\" data-id=\"4fe788f\" data-element_type=\"column\">\n\t\t\t<div class=\"elementor-column-wrap elementor-element-populated\">\n\t\t\t\t\t\t\t<div class=\"elementor-widget-wrap\">\n\t\t\t\t\t\t<div class=\"elementor-element elementor-element-7ffcef6 elementor-widget elementor-widget-text-editor\" data-id=\"7ffcef6\" data-element_type=\"widget\" data-widget_type=\"text-editor.default\">\n\t\t\t\t<div class=\"elementor-widget-container\">\n\t\t\t\t\t\t\t\t<div class=\"elementor-text-editor elementor-clearfix\">\n\t\t\t\t\tD\u00f6vl\u0259t \u0130dar\u0259\u00e7ilik Akademiyas\u0131n\u0131n rektorunun \u201cPrezident \u0130lham \u018fliyevin innovativ\nd\u00f6vl\u0259t idar\u0259\u00e7iliyi: COP29-a aparan yollar\u201d adl\u0131 m\u0259ruz\u0259si dinl\u0259nilib\t\t\t\t\t<\/div>\n\t\t\t\t\t\t<\/div>\n\t\t\t\t<\/div>\n\t\t\t\t\t\t<\/div>\n\t\t\t\t\t<\/div>\n\t\t<\/div>\n\t\t\t\t\t\t\t\t<\/div>\n\t\t\t\t\t<\/div>\n\t\t<\/section>\n\t\t\t\t<section class=\"elementor-section elementor-top-section elementor-element elementor-element-d6c661d elementor-section-boxed elementor-section-height-default elementor-section-height-default\" data-id=\"d6c661d\" data-element_type=\"section\">\n\t\t\t\t\t\t<div class=\"elementor-container elementor-column-gap-default\">\n\t\t\t\t\t\t\t<div class=\"elementor-row\">\n\t\t\t\t\t<div class=\"elementor-column elementor-col-100 elementor-top-column elementor-element elementor-element-2070a21\" data-id=\"2070a21\" data-element_type=\"column\">\n\t\t\t<div class=\"elementor-column-wrap\">\n\t\t\t\t\t\t\t<div class=\"elementor-widget-wrap\">\n\t\t\t\t\t\t\t\t<\/div>\n\t\t\t\t\t<\/div>\n\t\t<\/div>\n\t\t\t\t\t\t\t\t<\/div>\n\t\t\t\t\t<\/div>\n\t\t<\/section>\n\t\t\t\t<section class=\"elementor-section elementor-top-section elementor-element elementor-element-f86a644 elementor-section-boxed elementor-section-height-default elementor-section-height-default\" data-id=\"f86a644\" data-element_type=\"section\">\n\t\t\t\t\t\t<div class=\"elementor-container elementor-column-gap-default\">\n\t\t\t\t\t\t\t<div class=\"elementor-row\">\n\t\t\t\t\t<div class=\"elementor-column elementor-col-50 elementor-top-column elementor-element elementor-element-f968102\" data-id=\"f968102\" data-element_type=\"column\">\n\t\t\t<div class=\"elementor-column-wrap elementor-element-populated\">\n\t\t\t\t\t\t\t<div class=\"elementor-widget-wrap\">\n\t\t\t\t\t\t<div class=\"elementor-element elementor-element-9f5b325 elementor-widget elementor-widget-image\" data-id=\"9f5b325\" data-element_type=\"widget\" data-widget_type=\"image.default\">\n\t\t\t\t<div class=\"elementor-widget-container\">\n\t\t\t\t\t\t\t\t<div class=\"elementor-image\">\n\t\t\t\t\t\t\t\t\t\t\t\t\t<a href=\"https:\/\/dia.edu.az\/wp-content\/uploads\/2024\/10\/Y1.jpg\" data-elementor-open-lightbox=\"yes\" data-elementor-lightbox-title=\"Y1\">\n\t\t\t\t\t\t\t<img width=\"450\" height=\"368\" src=\"https:\/\/legacy.dia.edu.az\/wp-content\/uploads\/2024\/10\/Y1-450x368.jpg\" class=\"attachment-large size-large\" alt=\"\" srcset=\"https:\/\/legacy.dia.edu.az\/wp-content\/uploads\/2024\/10\/Y1-450x368.jpg 450w, https:\/\/legacy.dia.edu.az\/wp-content\/uploads\/2024\/10\/Y1-200x163.jpg 200w, https:\/\/legacy.dia.edu.az\/wp-content\/uploads\/2024\/10\/Y1-15x12.jpg 15w, https:\/\/legacy.dia.edu.az\/wp-content\/uploads\/2024\/10\/Y1.jpg 771w, https:\/\/legacy.dia.edu.az\/wp-content\/uploads\/2024\/10\/Y1-200x163@2x.jpg 400w\" sizes=\"(max-width: 450px) 100vw, 450px\" \/>\t\t\t\t\t\t\t\t<\/a>\n\t\t\t\t\t\t\t\t\t\t\t\t\t\t<\/div>\n\t\t\t\t\t\t<\/div>\n\t\t\t\t<\/div>\n\t\t\t\t\t\t<\/div>\n\t\t\t\t\t<\/div>\n\t\t<\/div>\n\t\t\t\t<div class=\"elementor-column elementor-col-50 elementor-top-column elementor-element elementor-element-317ed7b\" data-id=\"317ed7b\" data-element_type=\"column\">\n\t\t\t<div class=\"elementor-column-wrap elementor-element-populated\">\n\t\t\t\t\t\t\t<div class=\"elementor-widget-wrap\">\n\t\t\t\t\t\t<div class=\"elementor-element elementor-element-e2a150e elementor-widget elementor-widget-image\" data-id=\"e2a150e\" data-element_type=\"widget\" data-widget_type=\"image.default\">\n\t\t\t\t<div class=\"elementor-widget-container\">\n\t\t\t\t\t\t\t\t<div class=\"elementor-image\">\n\t\t\t\t\t\t\t\t\t\t\t\t\t<a href=\"https:\/\/dia.edu.az\/wp-content\/uploads\/2024\/10\/Y2.jpg\" data-elementor-open-lightbox=\"yes\" data-elementor-lightbox-title=\"Y2\">\n\t\t\t\t\t\t\t<img width=\"450\" height=\"300\" src=\"https:\/\/legacy.dia.edu.az\/wp-content\/uploads\/2024\/10\/Y2-450x300.jpg\" class=\"attachment-large size-large\" alt=\"\" srcset=\"https:\/\/legacy.dia.edu.az\/wp-content\/uploads\/2024\/10\/Y2-450x300.jpg 450w, https:\/\/legacy.dia.edu.az\/wp-content\/uploads\/2024\/10\/Y2-200x133.jpg 200w, https:\/\/legacy.dia.edu.az\/wp-content\/uploads\/2024\/10\/Y2-18x12.jpg 18w, https:\/\/legacy.dia.edu.az\/wp-content\/uploads\/2024\/10\/Y2-150x100.jpg 150w, https:\/\/legacy.dia.edu.az\/wp-content\/uploads\/2024\/10\/Y2.jpg 945w, https:\/\/legacy.dia.edu.az\/wp-content\/uploads\/2024\/10\/Y2-450x300@2x.jpg 900w, https:\/\/legacy.dia.edu.az\/wp-content\/uploads\/2024\/10\/Y2-200x133@2x.jpg 400w\" sizes=\"(max-width: 450px) 100vw, 450px\" \/>\t\t\t\t\t\t\t\t<\/a>\n\t\t\t\t\t\t\t\t\t\t\t\t\t\t<\/div>\n\t\t\t\t\t\t<\/div>\n\t\t\t\t<\/div>\n\t\t\t\t\t\t<\/div>\n\t\t\t\t\t<\/div>\n\t\t<\/div>\n\t\t\t\t\t\t\t\t<\/div>\n\t\t\t\t\t<\/div>\n\t\t<\/section>\n\t\t\t\t<section class=\"elementor-section elementor-top-section elementor-element elementor-element-5e86084 elementor-section-boxed elementor-section-height-default elementor-section-height-default\" data-id=\"5e86084\" data-element_type=\"section\">\n\t\t\t\t\t\t<div class=\"elementor-container elementor-column-gap-default\">\n\t\t\t\t\t\t\t<div class=\"elementor-row\">\n\t\t\t\t\t<div class=\"elementor-column elementor-col-100 elementor-top-column elementor-element elementor-element-38da41e\" data-id=\"38da41e\" data-element_type=\"column\">\n\t\t\t<div class=\"elementor-column-wrap elementor-element-populated\">\n\t\t\t\t\t\t\t<div class=\"elementor-widget-wrap\">\n\t\t\t\t\t\t<div class=\"elementor-element elementor-element-a424cc1 elementor-widget elementor-widget-text-editor\" data-id=\"a424cc1\" data-element_type=\"widget\" data-widget_type=\"text-editor.default\">\n\t\t\t\t<div class=\"elementor-widget-container\">\n\t\t\t\t\t\t\t\t<div class=\"elementor-text-editor elementor-clearfix\">\n\t\t\t\t\t<p>Oktyabr\u0131n 9-da Yeni Az\u0259rbaycan Partiyas\u0131 (YAP) Veteranlar \u015euras\u0131 v\u0259 YAP Yasamal rayon\nt\u0259\u015fkilat\u0131n\u0131n birg\u0259 t\u0259\u015fkilat\u00e7\u0131l\u0131\u011f\u0131 il\u0259 \u201cPrezident \u0130lham \u018fliyevin innovativ d\u00f6vl\u0259t idar\u0259\u00e7iliyi:\nCOP29-a aparan yollar\u201d m\u00f6vzusunda t\u0259dbir ke\u00e7irilib.\nBildirilib ki, \u0259vv\u0259lc\u0259 Ulu \u00d6nd\u0259r Heyd\u0259r \u018fliyevin YAP Yasamal rayon t\u0259\u015fkilat\u0131n\u0131n\nq\u0259rargah\u0131nda yerl\u0259\u015f\u0259n b\u00fcst\u00fc \u00f6n\u00fcn\u0259 g\u00fcl d\u0259st\u0259l\u0259ri d\u00fcz\u00fcl\u00fcb. T\u0259dbird\u0259 \u00dcmummilli Lider\nHeyd\u0259r \u018fliyevin v\u0259 Az\u0259rbaycan\u0131n \u0259razi b\u00fct\u00f6vl\u00fcy\u00fc, suverenliyi u\u011frunda canlar\u0131n\u0131 qurban\nvermi\u015f q\u0259hr\u0259man V\u0259t\u0259n \u00f6vladlar\u0131n\u0131n \u0259ziz xatir\u0259si ehtiramla yad edilib. Sonra D\u00f6vl\u0259t Himni\ns\u0259sl\u0259ndirilib.\nYAP Yasamal rayon t\u0259\u015fkilat\u0131n\u0131n s\u0259dri B\u0259xtiyar N\u0259biyev t\u0259dbird\u0259 \u00e7\u0131x\u0131\u015f ed\u0259r\u0259k bildirib ki,\nAz\u0259rbaycan d\u00fcnyada beyn\u0259lxalq t\u0259dbirl\u0259rin u\u011furla h\u0259yata ke\u00e7irildiyi bir m\u0259kana \u00e7evrilib.\nCOP sessiyalar\u0131 iqlim d\u0259yi\u015fikliyi il\u0259 m\u00fcbariz\u0259d\u0259 \u00e7ox vacib v\u0259 d\u00fcnyan\u0131n \u0259n \u0259h\u0259miyy\u0259tli\nt\u0259dbirl\u0259rind\u0259n biridir. Az\u0259rbaycan\u0131n bu konfransa \u015e\u0259rqi Avropa qrupu \u00f6lk\u0259l\u0259ri aras\u0131ndan\nyekdil q\u0259rarla ev sahibi se\u00e7ilm\u0259si \u00f6lk\u0259miz\u0259 y\u00fcks\u0259k etimad\u0131n g\u00f6st\u0259ricisidir. Haz\u0131rl\u0131q i\u015fl\u0259rinin\nmiqyas\u0131 g\u00f6st\u0259rir ki, Az\u0259rbaycan COP29-un t\u0259\u015fkilini d\u0259 \u0259n y\u00fcks\u0259k s\u0259viyy\u0259d\u0259 h\u0259yata\nke\u00e7ir\u0259c\u0259k.\nT\u0259dbird\u0259 \u00e7\u0131x\u0131\u015f ed\u0259n YAP Veteranlar \u015euras\u0131n\u0131n s\u0259dri, partiyan\u0131n \u0130dar\u0259 Hey\u0259tinin \u00fczv\u00fc Arif\nR\u0259himzad\u0259 vur\u011fulay\u0131b ki, COP29-un \u00f6lk\u0259mizd\u0259 ke\u00e7irilm\u0259si, ilk n\u00f6vb\u0259d\u0259, Prezident \u0130lham\n\u018fliyevin d\u00fcnyada y\u00fcks\u0259k n\u00fcfuzunun v\u0259 h\u0259yata ke\u00e7irdiyi u\u011furlu siyas\u0259tin parlaq\nn\u00fcmun\u0259sidir. D\u00f6vl\u0259timizin ba\u015f\u00e7\u0131s\u0131 qazan\u0131lan bu u\u011furla Az\u0259rbaycan\u0131n q\u00fcdr\u0259tini bir daha\nd\u00fcnyaya g\u00f6st\u0259rdi v\u0259 beyn\u0259lxalq al\u0259md\u0259 b\u00f6y\u00fck etimad qazand\u0131\u011f\u0131n\u0131 n\u00fcmayi\u015f etdirdi.\n\u00d6lk\u0259miz qlobal probleml\u0259rd\u0259n biri olan iqlim d\u0259yi\u015fm\u0259l\u0259rin\u0259 qar\u015f\u0131 s\u0259yl\u0259ri s\u0259f\u0259rb\u0259r etm\u0259k v\u0259\nbu m\u00fcbariz\u0259y\u0259 t\u00f6hf\u0259 verm\u0259kl\u0259 d\u00fcnyan\u0131n diqq\u0259t m\u0259rk\u0259zind\u0259 olacaq.\nYAP Veteranlar \u015euras\u0131n\u0131n \u00fczv\u00fc, Az\u0259rbaycan Respublikas\u0131n\u0131n Prezidenti yan\u0131nda D\u00f6vl\u0259t\n\u0130dar\u0259\u00e7ilik Akademiyas\u0131n\u0131n rektoru akademik Urxan \u018fl\u0259kb\u0259rov m\u00f6vzu il\u0259 \u0259laq\u0259dar m\u0259ruz\u0259\nil\u0259 \u00e7\u0131x\u0131\u015f edib. O bildirib ki, iqlim d\u0259yi\u015fikliyi art\u0131q b\u00fct\u00fcn d\u00f6vl\u0259tl\u0259r qar\u015f\u0131s\u0131nda qlobal \u00e7a\u011f\u0131r\u0131\u015f\nolaraq dayan\u0131r. \u0130qlim d\u0259yi\u015fikliyi m\u0259s\u0259l\u0259sind\u0259 beyn\u0259lxalq ictimaiyy\u0259t, d\u00fcnya \u00f6lk\u0259l\u0259rinin\n\u00fcz\u0259rin\u0259 b\u00f6y\u00fck i\u015f v\u0259 m\u0259suliyy\u0259t d\u00fc\u015f\u00fcr. \u015e\u00fcbh\u0259 yoxdur ki, etibarl\u0131 t\u0259r\u0259fda\u015f olan Az\u0259rbaycan\nh\u0259mi\u015f\u0259 oldu\u011fu kimi, bu d\u0259f\u0259 d\u0259 \u00f6z \u00fcz\u0259rin\u0259 d\u00fc\u015f\u0259n missiyan\u0131 y\u00fcks\u0259k s\u0259viyy\u0259d\u0259 yerin\u0259\nyetir\u0259c\u0259k, iqlim d\u0259yi\u015fikliyi il\u0259 m\u00fcbariz\u0259d\u0259 yeni Az\u0259rbaycan modelini yaradacaq.\n\nM\u0259ruz\u0259\u00e7i Az\u0259rbaycan\u0131n innovativ idar\u0259\u00e7ilik bax\u0131m\u0131ndan d\u00fcnya \u00f6lk\u0259l\u0259ri aras\u0131nda \u00f6n\ns\u0131ralarda oldu\u011funu deyib v\u0259 bu y\u00f6nd\u0259 faktlar\u0131n m\u00fcvafiq beyn\u0259lxalq t\u0259\u015fkilatlar\u0131n\nhesabatlar\u0131nda \u0259ksini tapd\u0131\u011f\u0131n\u0131 diqq\u0259t\u0259 \u00e7atd\u0131r\u0131b. \u201c\u00d6lk\u0259mizin ev sahibliyi ed\u0259c\u0259yi COP29\niqlim d\u0259yi\u015fikliyi il\u0259 ba\u011fl\u0131 yeni yana\u015fmalar\u0131n yaranmas\u0131na v\u0259 m\u00fcxt\u0259lif maraql\u0131 t\u0259r\u0259fl\u0259r\naras\u0131nda \u0259m\u0259kda\u015fl\u0131\u011fa imkan ver\u0259c\u0259k. Az\u0259rbaycan kimi dig\u0259r b\u00fct\u00fcn \u00f6lk\u0259l\u0259r d\u0259 bu\nproblemin h\u0259llin\u0259 t\u00f6hf\u0259 verm\u0259lidirl\u0259r\u201d, &#8211; dey\u0259 U.\u018fl\u0259kb\u0259rov vur\u011fulay\u0131b.\nAMEA-n\u0131n m\u00fcxbir \u00fczv\u00fc, biologiya elml\u0259ri doktoru, professor Novruz Quliyev diqq\u0259t\u0259\n\u00e7atd\u0131r\u0131b ki, Az\u0259rbaycan\u0131n 2030-cu il\u0259 q\u0259d\u0259r sosial-iqtisadi inki\u015fafa dair be\u015f milli\nprioritetind\u0259n biri \u201cT\u0259miz \u0259traf m\u00fchit v\u0259 ya\u015f\u0131l art\u0131m \u00f6lk\u0259si\u201d kimi m\u00fc\u0259yy\u0259n edilib. H\u0259min\nprioritet\u0259 uy\u011fun olaraq, \u0259traf m\u00fchitin sa\u011flamla\u015fd\u0131r\u0131lmas\u0131, ya\u015f\u0131ll\u0131qlar\u0131n b\u0259rpas\u0131 v\u0259 art\u0131r\u0131lmas\u0131,\nsu ehtiyatlar\u0131ndan v\u0259 dayan\u0131ql\u0131 enerji m\u0259nb\u0259l\u0259rind\u0259n s\u0259m\u0259r\u0259li istifad\u0259nin t\u0259min edilm\u0259si\nistiqam\u0259tind\u0259 m\u00fch\u00fcm i\u015fl\u0259r apar\u0131l\u0131r. N.Quliyev COP29 \u0259r\u0259f\u0259sind\u0259 b\u0259zi \u00f6lk\u0259l\u0259rin\nAz\u0259rbaycana qar\u015f\u0131 q\u0259r\u0259zli kampaniyalar apard\u0131\u011f\u0131n\u0131 v\u0259 bu kampaniyalar\u0131n q\u0259buledilm\u0259z\noldu\u011funu s\u00f6yl\u0259yib.\nT\u0259dbird\u0259 \u00e7\u0131x\u0131\u015f ed\u0259n K\u0259nd T\u0259s\u0259rr\u00fcfat\u0131 Nazirliyi yan\u0131nda Aqrar Kredit v\u0259 \u0130nki\u015faf Agentliyinin\nN\u0259zar\u0259t v\u0259 qiym\u0259tl\u0259ndirm\u0259 \u015f\u00f6b\u0259sinin m\u00fcdiri T\u0259hmin \u015e\u0259kib\u0259yov deyib ki, iqlim\nd\u0259yi\u015fiklikl\u0259rinin ba\u015f verm\u0259sinin m\u00fcxt\u0259lif s\u0259b\u0259bl\u0259ri var. Onun s\u00f6zl\u0259rin\u0259 g\u00f6r\u0259, istixana\nqazlar\u0131n\u0131n normadan art\u0131q havaya burax\u0131lmas\u0131 iqlim\u0259 m\u0259nfi t\u0259sir ed\u0259n \u0259sas amill\u0259rd\u0259ndir.\nEyni zamanda, iqlim d\u0259yi\u015fiklikl\u0259ri k\u0259nd t\u0259s\u0259rr\u00fcfat\u0131nda m\u0259hsuldarl\u0131\u011fa da ciddi t\u0259sir edir. Son\ny\u00fcz ill\u0259 m\u00fcqayis\u0259d\u0259 me\u015f\u0259 yan\u011f\u0131nlar\u0131n\u0131n bir ne\u00e7\u0259 d\u0259f\u0259 artmas\u0131 da bu probleml\u0259r s\u0131ras\u0131na\ndaxildir.\nSonra t\u0259dbir interaktiv formada davam edib, i\u015ftirak\u00e7\u0131lar\u0131n suallar\u0131 cavabland\u0131r\u0131l\u0131b.\nT\u0259dbir Yeni Az\u0259rbaycan Partiyas\u0131n\u0131n Himninin s\u0259sl\u0259ndirilm\u0259si il\u0259 ba\u015fa \u00e7at\u0131b.<\/p>\t\t\t\t\t<\/div>\n\t\t\t\t\t\t<\/div>\n\t\t\t\t<\/div>\n\t\t\t\t\t\t<\/div>\n\t\t\t\t\t<\/div>\n\t\t<\/div>\n\t\t\t\t\t\t\t\t<\/div>\n\t\t\t\t\t<\/div>\n\t\t<\/section>\n\t\t\t\t\t\t<\/div>\n\t\t\t\t\t\t<\/div>\n\t\t\t\t\t<\/div>","protected":false},"excerpt":{"rendered":"<p>Oktyabr\u0131n 9-da Yeni Az\u0259rbaycan Partiyas\u0131 (YAP) Veteranlar \u015euras\u0131 v\u0259 YAP Yasamal rayon<br \/>\nt\u0259\u015fkilat\u0131n\u0131n birg\u0259 t\u0259\u015fkilat\u00e7\u0131l\u0131\u011f\u0131 il\u0259 \u201cPrezident \u0130lham \u018fliyevin innovativ d\u00f6vl\u0259t idar\u0259\u00e7iliyi:<br \/>\nCOP29-a aparan yollar\u201d m\u00f6vzusunda t\u0259dbir ke\u00e7irilib.<\/p>","protected":false},"author":2,"featured_media":23636,"comment_status":"closed","ping_status":"closed","sticky":false,"template":"","format":"standard","meta":[],"categories":[137],"tags":[],"_links":{"self":[{"href":"https:\/\/legacy.dia.edu.az\/ru\/wp-json\/wp\/v2\/posts\/23635"}],"collection":[{"href":"https:\/\/legacy.dia.edu.az\/ru\/wp-json\/wp\/v2\/posts"}],"about":[{"href":"https:\/\/legacy.dia.edu.az\/ru\/wp-json\/wp\/v2\/types\/post"}],"author":[{"embeddable":true,"href":"https:\/\/legacy.dia.edu.az\/ru\/wp-json\/wp\/v2\/users\/2"}],"replies":[{"embeddable":true,"href":"https:\/\/legacy.dia.edu.az\/ru\/wp-json\/wp\/v2\/comments?post=23635"}],"version-history":[{"count":9,"href":"https:\/\/legacy.dia.edu.az\/ru\/wp-json\/wp\/v2\/posts\/23635\/revisions"}],"predecessor-version":[{"id":23657,"href":"https:\/\/legacy.dia.edu.az\/ru\/wp-json\/wp\/v2\/posts\/23635\/revisions\/23657"}],"wp:featuredmedia":[{"embeddable":true,"href":"https:\/\/legacy.dia.edu.az\/ru\/wp-json\/wp\/v2\/media\/23636"}],"wp:attachment":[{"href":"https:\/\/legacy.dia.edu.az\/ru\/wp-json\/wp\/v2\/media?parent=23635"}],"wp:term":[{"taxonomy":"category","embeddable":true,"href":"https:\/\/legacy.dia.edu.az\/ru\/wp-json\/wp\/v2\/categories?post=23635"},{"taxonomy":"post_tag","embeddable":true,"href":"https:\/\/legacy.dia.edu.az\/ru\/wp-json\/wp\/v2\/tags?post=23635"}],"curies":[{"name":"wp","href":"https:\/\/api.w.org\/{rel}","templated":true}]}}