{"id":23533,"date":"2024-10-16T10:31:08","date_gmt":"2024-10-16T06:31:08","guid":{"rendered":"https:\/\/dia.edu.az\/?p=23533"},"modified":"2024-10-16T10:33:36","modified_gmt":"2024-10-16T06:33:36","slug":"b%c9%99l%c9%99diyy%c9%99l%c9%99rin-idar%c9%99ciliyind%c9%99-g%c9%99ncl%c9%99rin-rolu-movzusunda-d%c9%99yirmi-masa-t%c9%99skil-edilib","status":"publish","type":"post","link":"https:\/\/legacy.dia.edu.az\/ru\/arxivl\u0259r\/23533","title":{"rendered":"\u201cB\u0259l\u0259diyy\u0259l\u0259rin idar\u0259\u00e7iliyind\u0259 g\u0259ncl\u0259rin rolu\u201d m\u00f6vzusunda d\u0259yirmi masa t\u0259\u015fkil edilib"},"content":{"rendered":"<div data-elementor-type=\"wp-post\" data-elementor-id=\"23533\" class=\"elementor elementor-23533\" data-elementor-settings=\"[]\">\n\t\t\t\t\t\t<div class=\"elementor-inner\">\n\t\t\t\t\t\t\t<div class=\"elementor-section-wrap\">\n\t\t\t\t\t\t\t<section class=\"elementor-section elementor-top-section elementor-element elementor-element-48d3806 elementor-section-boxed elementor-section-height-default elementor-section-height-default\" data-id=\"48d3806\" data-element_type=\"section\">\n\t\t\t\t\t\t<div class=\"elementor-container elementor-column-gap-default\">\n\t\t\t\t\t\t\t<div class=\"elementor-row\">\n\t\t\t\t\t<div class=\"elementor-column elementor-col-100 elementor-top-column elementor-element elementor-element-762e082\" data-id=\"762e082\" data-element_type=\"column\">\n\t\t\t<div class=\"elementor-column-wrap elementor-element-populated\">\n\t\t\t\t\t\t\t<div class=\"elementor-widget-wrap\">\n\t\t\t\t\t\t<div class=\"elementor-element elementor-element-cc8c3e3 elementor-widget elementor-widget-text-editor\" data-id=\"cc8c3e3\" data-element_type=\"widget\" data-widget_type=\"text-editor.default\">\n\t\t\t\t<div class=\"elementor-widget-container\">\n\t\t\t\t\t\t\t\t<div class=\"elementor-text-editor elementor-clearfix\">\n\t\t\t\t\t\u201cB\u0259l\u0259diyy\u0259l\u0259rin idar\u0259\u00e7iliyind\u0259 g\u0259ncl\u0259rin rolu\u201d m\u00f6vzusunda d\u0259yirmi masa t\u0259\u015fkil edilib\t\t\t\t\t<\/div>\n\t\t\t\t\t\t<\/div>\n\t\t\t\t<\/div>\n\t\t\t\t\t\t<\/div>\n\t\t\t\t\t<\/div>\n\t\t<\/div>\n\t\t\t\t\t\t\t\t<\/div>\n\t\t\t\t\t<\/div>\n\t\t<\/section>\n\t\t\t\t<section class=\"elementor-section elementor-top-section elementor-element elementor-element-7d72c64 elementor-section-boxed elementor-section-height-default elementor-section-height-default\" data-id=\"7d72c64\" data-element_type=\"section\">\n\t\t\t\t\t\t<div class=\"elementor-container elementor-column-gap-default\">\n\t\t\t\t\t\t\t<div class=\"elementor-row\">\n\t\t\t\t\t<div class=\"elementor-column elementor-col-100 elementor-top-column elementor-element elementor-element-1b97ee1\" data-id=\"1b97ee1\" data-element_type=\"column\">\n\t\t\t<div class=\"elementor-column-wrap elementor-element-populated\">\n\t\t\t\t\t\t\t<div class=\"elementor-widget-wrap\">\n\t\t\t\t\t\t<div class=\"elementor-element elementor-element-566aa84 elementor-widget elementor-widget-text-editor\" data-id=\"566aa84\" data-element_type=\"widget\" data-widget_type=\"text-editor.default\">\n\t\t\t\t<div class=\"elementor-widget-container\">\n\t\t\t\t\t\t\t\t<div class=\"elementor-text-editor elementor-clearfix\">\n\t\t\t\t\t<p>Az\u0259rbaycan Respublikas\u0131n\u0131n Prezidenti yan\u0131nda D\u00f6vl\u0259t \u0130dar\u0259\u00e7ilik Akademiyas\u0131 (D\u0130A) v\u0259 \u018fdliyy\u0259 Nazirliyinin B\u0259l\u0259diyy\u0259l\u0259rl\u0259 \u0130\u015f Ba\u015f \u0130dar\u0259sinin birg\u0259 t\u0259\u015fkilat\u00e7\u0131l\u0131\u011f\u0131 il\u0259 \u201cB\u0259l\u0259diyy\u0259l\u0259rin idar\u0259\u00e7iliyind\u0259 g\u0259ncl\u0259rin rolu\u201d m\u00f6vzusunda d\u0259yirmi masa t\u0259\u015fkil edilib.<\/p>\n<p>D\u0259yirmi masada B\u0259l\u0259diyy\u0259l\u0259rl\u0259 \u0130\u015f Ba\u015f \u0130dar\u0259sinin r\u0259is m\u00fcavini Mehdi Abdullayev \u00e7\u0131x\u0131\u015f ed\u0259r\u0259k bildirib ki, Ulu \u00d6nd\u0259r Heyd\u0259r \u018fliyevin ba\u015flatd\u0131\u011f\u0131 geni\u015fmiqyasl\u0131 h\u00fcquqi islahatlar Prezident \u0130lham \u018fliyev t\u0259r\u0259find\u0259n u\u011furla v\u0259 sistemli \u015f\u0259kild\u0259 davam etdiril\u0259r\u0259k sosial-iqtisadi amill\u0259r, elmi-texniki nailiyy\u0259tl\u0259r v\u0259 yeni \u00e7a\u011f\u0131r\u0131\u015flar n\u0259z\u0259r\u0259 al\u0131nmaqla h\u0259yata ke\u00e7irilir. O, D\u0130A il\u0259 birlikd\u0259 h\u0259yata ke\u00e7iril\u0259c\u0259k f\u0259aliyy\u0259t istiqam\u0259tl\u0259ri haqq\u0131nda i\u015ftirak\u00e7\u0131lar\u0131 m\u0259lumatland\u0131r\u0131b.\n\nDaha sonra D\u0130A-n\u0131n Siyasi idar\u0259etm\u0259 fak\u00fclt\u0259sinin dekan\u0131 dosent M\u00fcrt\u0259za H\u0259s\u0259nov, \u0130nzibati idar\u0259etm\u0259 fak\u00fclt\u0259sinin dekan\u0131 dosent Elnur \u018fliyev, B\u0259l\u0259diyy\u0259l\u0259rl\u0259 \u0130\u015f Ba\u015f \u0130dar\u0259sinin m\u0259sul \u0259m\u0259kda\u015f\u0131 Q\u0131l\u0131c H\u00fcseynov, Qara\u00e7uxur b\u0259l\u0259diyy\u0259sinin \u00fczv\u00fc R\u0259mzi \u0130manov, D\u0130A-n\u0131n \u0259m\u0259kda\u015f\u0131 \u018fdal\u0259t Mahmudov \u00e7\u0131x\u0131\u015f ed\u0259r\u0259k g\u0259l\u0259c\u0259k \u0259m\u0259kda\u015fl\u0131q v\u0259 f\u0259aliyy\u0259t istiqam\u0259ti \u00fczr\u0259 fikirl\u0259rini bildiribl\u0259r.\n\nT\u0259dbird\u0259 t\u0259l\u0259b\u0259l\u0259rin suallar\u0131 cavabland\u0131r\u0131l\u0131b.<\/p>\t\t\t\t\t<\/div>\n\t\t\t\t\t\t<\/div>\n\t\t\t\t<\/div>\n\t\t\t\t\t\t<\/div>\n\t\t\t\t\t<\/div>\n\t\t<\/div>\n\t\t\t\t\t\t\t\t<\/div>\n\t\t\t\t\t<\/div>\n\t\t<\/section>\n\t\t\t\t\t\t<\/div>\n\t\t\t\t\t\t<\/div>\n\t\t\t\t\t<\/div>","protected":false},"excerpt":{"rendered":"<p>Az\u0259rbaycan Respublikas\u0131n\u0131n Prezidenti yan\u0131nda D\u00f6vl\u0259t \u0130dar\u0259\u00e7ilik Akademiyas\u0131 (D\u0130A) v\u0259 \u018fdliyy\u0259 Nazirliyinin B\u0259l\u0259diyy\u0259l\u0259rl\u0259 \u0130\u015f Ba\u015f \u0130dar\u0259sinin birg\u0259 t\u0259\u015fkilat\u00e7\u0131l\u0131\u011f\u0131 il\u0259 \u201cB\u0259l\u0259diyy\u0259l\u0259rin idar\u0259\u00e7iliyind\u0259 g\u0259ncl\u0259rin rolu\u201d m\u00f6vzusunda d\u0259yirmi masa t\u0259\u015fkil edilib.<\/p>","protected":false},"author":2,"featured_media":23534,"comment_status":"closed","ping_status":"closed","sticky":false,"template":"","format":"standard","meta":[],"categories":[137],"tags":[],"_links":{"self":[{"href":"https:\/\/legacy.dia.edu.az\/ru\/wp-json\/wp\/v2\/posts\/23533"}],"collection":[{"href":"https:\/\/legacy.dia.edu.az\/ru\/wp-json\/wp\/v2\/posts"}],"about":[{"href":"https:\/\/legacy.dia.edu.az\/ru\/wp-json\/wp\/v2\/types\/post"}],"author":[{"embeddable":true,"href":"https:\/\/legacy.dia.edu.az\/ru\/wp-json\/wp\/v2\/users\/2"}],"replies":[{"embeddable":true,"href":"https:\/\/legacy.dia.edu.az\/ru\/wp-json\/wp\/v2\/comments?post=23533"}],"version-history":[{"count":5,"href":"https:\/\/legacy.dia.edu.az\/ru\/wp-json\/wp\/v2\/posts\/23533\/revisions"}],"predecessor-version":[{"id":23539,"href":"https:\/\/legacy.dia.edu.az\/ru\/wp-json\/wp\/v2\/posts\/23533\/revisions\/23539"}],"wp:featuredmedia":[{"embeddable":true,"href":"https:\/\/legacy.dia.edu.az\/ru\/wp-json\/wp\/v2\/media\/23534"}],"wp:attachment":[{"href":"https:\/\/legacy.dia.edu.az\/ru\/wp-json\/wp\/v2\/media?parent=23533"}],"wp:term":[{"taxonomy":"category","embeddable":true,"href":"https:\/\/legacy.dia.edu.az\/ru\/wp-json\/wp\/v2\/categories?post=23533"},{"taxonomy":"post_tag","embeddable":true,"href":"https:\/\/legacy.dia.edu.az\/ru\/wp-json\/wp\/v2\/tags?post=23533"}],"curies":[{"name":"wp","href":"https:\/\/api.w.org\/{rel}","templated":true}]}}