{"id":23473,"date":"2024-10-07T20:06:05","date_gmt":"2024-10-07T16:06:05","guid":{"rendered":"https:\/\/dia.edu.az\/?p=23473"},"modified":"2024-10-07T20:16:12","modified_gmt":"2024-10-07T16:16:12","slug":"dovl%c9%99t-idar%c9%99cilik-akademiyasinda-b%c9%99l%c9%99diyy%c9%99l%c9%99rin-f%c9%99aliyy%c9%99tind%c9%99-qadinlarin-rolu-movzusunda-d%c9%99yirmi-masa-t%c9%99skil-edilib","status":"publish","type":"post","link":"https:\/\/legacy.dia.edu.az\/ru\/arxivl\u0259r\/23473","title":{"rendered":"D\u00f6vl\u0259t \u0130dar\u0259\u00e7ilik Akademiyas\u0131nda \u201cB\u0259l\u0259diyy\u0259l\u0259rin f\u0259aliyy\u0259tind\u0259 qad\u0131nlar\u0131n rolu\u201d m\u00f6vzusunda d\u0259yirmi masa t\u0259\u015fkil edilib"},"content":{"rendered":"<div data-elementor-type=\"wp-post\" data-elementor-id=\"23473\" class=\"elementor elementor-23473\" data-elementor-settings=\"[]\">\n\t\t\t\t\t\t<div class=\"elementor-inner\">\n\t\t\t\t\t\t\t<div class=\"elementor-section-wrap\">\n\t\t\t\t\t\t\t<section class=\"elementor-section elementor-top-section elementor-element elementor-element-42e0409 elementor-section-boxed elementor-section-height-default elementor-section-height-default\" data-id=\"42e0409\" data-element_type=\"section\">\n\t\t\t\t\t\t<div class=\"elementor-container elementor-column-gap-default\">\n\t\t\t\t\t\t\t<div class=\"elementor-row\">\n\t\t\t\t\t<div class=\"elementor-column elementor-col-100 elementor-top-column elementor-element elementor-element-ad81ff1\" data-id=\"ad81ff1\" data-element_type=\"column\">\n\t\t\t<div class=\"elementor-column-wrap elementor-element-populated\">\n\t\t\t\t\t\t\t<div class=\"elementor-widget-wrap\">\n\t\t\t\t\t\t<div class=\"elementor-element elementor-element-03700f5 elementor-widget elementor-widget-text-editor\" data-id=\"03700f5\" data-element_type=\"widget\" data-widget_type=\"text-editor.default\">\n\t\t\t\t<div class=\"elementor-widget-container\">\n\t\t\t\t\t\t\t\t<div class=\"elementor-text-editor elementor-clearfix\">\n\t\t\t\t\tD\u00f6vl\u0259t \u0130dar\u0259\u00e7ilik Akademiyas\u0131nda \u201cB\u0259l\u0259diyy\u0259l\u0259rin f\u0259aliyy\u0259tind\u0259 qad\u0131nlar\u0131n rolu\u201d m\u00f6vzusunda d\u0259yirmi masa t\u0259\u015fkil edilib\t\t\t\t\t<\/div>\n\t\t\t\t\t\t<\/div>\n\t\t\t\t<\/div>\n\t\t\t\t\t\t<\/div>\n\t\t\t\t\t<\/div>\n\t\t<\/div>\n\t\t\t\t\t\t\t\t<\/div>\n\t\t\t\t\t<\/div>\n\t\t<\/section>\n\t\t\t\t<section class=\"elementor-section elementor-top-section elementor-element elementor-element-1eef60a elementor-section-boxed elementor-section-height-default elementor-section-height-default\" data-id=\"1eef60a\" data-element_type=\"section\">\n\t\t\t\t\t\t<div class=\"elementor-container elementor-column-gap-default\">\n\t\t\t\t\t\t\t<div class=\"elementor-row\">\n\t\t\t\t\t<div class=\"elementor-column elementor-col-50 elementor-top-column elementor-element elementor-element-b6d40cc\" data-id=\"b6d40cc\" data-element_type=\"column\">\n\t\t\t<div class=\"elementor-column-wrap elementor-element-populated\">\n\t\t\t\t\t\t\t<div class=\"elementor-widget-wrap\">\n\t\t\t\t\t\t<div class=\"elementor-element elementor-element-2c49204 elementor-widget elementor-widget-image\" data-id=\"2c49204\" data-element_type=\"widget\" data-widget_type=\"image.default\">\n\t\t\t\t<div class=\"elementor-widget-container\">\n\t\t\t\t\t\t\t\t<div class=\"elementor-image\">\n\t\t\t\t\t\t\t\t\t\t\t\t\t<a href=\"https:\/\/dia.edu.az\/wp-content\/uploads\/2024\/10\/34562uuuuuu.jpeg\" data-elementor-open-lightbox=\"yes\" data-elementor-lightbox-title=\"34562uuuuuu\">\n\t\t\t\t\t\t\t<img width=\"450\" height=\"300\" src=\"https:\/\/legacy.dia.edu.az\/wp-content\/uploads\/2024\/10\/34562uuuuuu-450x300.jpeg\" class=\"attachment-large size-large\" alt=\"\" srcset=\"https:\/\/legacy.dia.edu.az\/wp-content\/uploads\/2024\/10\/34562uuuuuu-450x300.jpeg 450w, https:\/\/legacy.dia.edu.az\/wp-content\/uploads\/2024\/10\/34562uuuuuu-200x133.jpeg 200w, https:\/\/legacy.dia.edu.az\/wp-content\/uploads\/2024\/10\/34562uuuuuu-18x12.jpeg 18w, https:\/\/legacy.dia.edu.az\/wp-content\/uploads\/2024\/10\/34562uuuuuu-150x100.jpeg 150w, https:\/\/legacy.dia.edu.az\/wp-content\/uploads\/2024\/10\/34562uuuuuu.jpeg 945w, https:\/\/legacy.dia.edu.az\/wp-content\/uploads\/2024\/10\/34562uuuuuu-450x300@2x.jpeg 900w, https:\/\/legacy.dia.edu.az\/wp-content\/uploads\/2024\/10\/34562uuuuuu-200x133@2x.jpeg 400w\" sizes=\"(max-width: 450px) 100vw, 450px\" \/>\t\t\t\t\t\t\t\t<\/a>\n\t\t\t\t\t\t\t\t\t\t\t\t\t\t<\/div>\n\t\t\t\t\t\t<\/div>\n\t\t\t\t<\/div>\n\t\t\t\t\t\t<\/div>\n\t\t\t\t\t<\/div>\n\t\t<\/div>\n\t\t\t\t<div class=\"elementor-column elementor-col-50 elementor-top-column elementor-element elementor-element-beb65d8\" data-id=\"beb65d8\" data-element_type=\"column\">\n\t\t\t<div class=\"elementor-column-wrap elementor-element-populated\">\n\t\t\t\t\t\t\t<div class=\"elementor-widget-wrap\">\n\t\t\t\t\t\t<div class=\"elementor-element elementor-element-2bc2fa4 elementor-widget elementor-widget-image\" data-id=\"2bc2fa4\" data-element_type=\"widget\" data-widget_type=\"image.default\">\n\t\t\t\t<div class=\"elementor-widget-container\">\n\t\t\t\t\t\t\t\t<div class=\"elementor-image\">\n\t\t\t\t\t\t\t\t\t\t\t\t\t<a href=\"https:\/\/dia.edu.az\/wp-content\/uploads\/2024\/10\/y8y8y8y8.jpg\" data-elementor-open-lightbox=\"yes\" data-elementor-lightbox-title=\"y8y8y8y8\">\n\t\t\t\t\t\t\t<img width=\"450\" height=\"300\" src=\"https:\/\/legacy.dia.edu.az\/wp-content\/uploads\/2024\/10\/y8y8y8y8-450x300.jpg\" class=\"attachment-large size-large\" alt=\"\" srcset=\"https:\/\/legacy.dia.edu.az\/wp-content\/uploads\/2024\/10\/y8y8y8y8-450x300.jpg 450w, https:\/\/legacy.dia.edu.az\/wp-content\/uploads\/2024\/10\/y8y8y8y8-200x133.jpg 200w, https:\/\/legacy.dia.edu.az\/wp-content\/uploads\/2024\/10\/y8y8y8y8-18x12.jpg 18w, https:\/\/legacy.dia.edu.az\/wp-content\/uploads\/2024\/10\/y8y8y8y8-150x100.jpg 150w, https:\/\/legacy.dia.edu.az\/wp-content\/uploads\/2024\/10\/y8y8y8y8.jpg 945w, https:\/\/legacy.dia.edu.az\/wp-content\/uploads\/2024\/10\/y8y8y8y8-450x300@2x.jpg 900w, https:\/\/legacy.dia.edu.az\/wp-content\/uploads\/2024\/10\/y8y8y8y8-200x133@2x.jpg 400w\" sizes=\"(max-width: 450px) 100vw, 450px\" \/>\t\t\t\t\t\t\t\t<\/a>\n\t\t\t\t\t\t\t\t\t\t\t\t\t\t<\/div>\n\t\t\t\t\t\t<\/div>\n\t\t\t\t<\/div>\n\t\t\t\t\t\t<\/div>\n\t\t\t\t\t<\/div>\n\t\t<\/div>\n\t\t\t\t\t\t\t\t<\/div>\n\t\t\t\t\t<\/div>\n\t\t<\/section>\n\t\t\t\t<section class=\"elementor-section elementor-top-section elementor-element elementor-element-65bd1b3 elementor-section-boxed elementor-section-height-default elementor-section-height-default\" data-id=\"65bd1b3\" data-element_type=\"section\">\n\t\t\t\t\t\t<div class=\"elementor-container elementor-column-gap-default\">\n\t\t\t\t\t\t\t<div class=\"elementor-row\">\n\t\t\t\t\t<div class=\"elementor-column elementor-col-100 elementor-top-column elementor-element elementor-element-c1f70e3\" data-id=\"c1f70e3\" data-element_type=\"column\">\n\t\t\t<div class=\"elementor-column-wrap elementor-element-populated\">\n\t\t\t\t\t\t\t<div class=\"elementor-widget-wrap\">\n\t\t\t\t\t\t<div class=\"elementor-element elementor-element-c4338b7 elementor-widget elementor-widget-text-editor\" data-id=\"c4338b7\" data-element_type=\"widget\" data-widget_type=\"text-editor.default\">\n\t\t\t\t<div class=\"elementor-widget-container\">\n\t\t\t\t\t\t\t\t<div class=\"elementor-text-editor elementor-clearfix\">\n\t\t\t\t\t<p>Az\u0259rbaycan Respublikas\u0131n\u0131n Prezidenti yan\u0131nda D\u00f6vl\u0259t \u0130dar\u0259\u00e7ilik Akademiyas\u0131 (D\u0130A) v\u0259 \u018fdliyy\u0259 Nazirliyinin B\u0259l\u0259diyy\u0259l\u0259rl\u0259 \u0130\u015f Ba\u015f \u0130dar\u0259sinin birg\u0259 t\u0259\u015fkilat\u00e7\u0131l\u0131\u011f\u0131 il\u0259 \u201cB\u0259l\u0259diyy\u0259l\u0259rin f\u0259aliyy\u0259tind\u0259 qad\u0131nlar\u0131n rolu\u201d m\u00f6vzusunda d\u0259yirmi masa t\u0259\u015fkil edilib.<\/p>\t\t\t\t\t<\/div>\n\t\t\t\t\t\t<\/div>\n\t\t\t\t<\/div>\n\t\t\t\t\t\t<\/div>\n\t\t\t\t\t<\/div>\n\t\t<\/div>\n\t\t\t\t\t\t\t\t<\/div>\n\t\t\t\t\t<\/div>\n\t\t<\/section>\n\t\t\t\t<section class=\"elementor-section elementor-top-section elementor-element elementor-element-bc920a6 elementor-section-boxed elementor-section-height-default elementor-section-height-default\" data-id=\"bc920a6\" data-element_type=\"section\">\n\t\t\t\t\t\t<div class=\"elementor-container elementor-column-gap-default\">\n\t\t\t\t\t\t\t<div class=\"elementor-row\">\n\t\t\t\t\t<div class=\"elementor-column elementor-col-100 elementor-top-column elementor-element elementor-element-fbfce56\" data-id=\"fbfce56\" data-element_type=\"column\">\n\t\t\t<div class=\"elementor-column-wrap elementor-element-populated\">\n\t\t\t\t\t\t\t<div class=\"elementor-widget-wrap\">\n\t\t\t\t\t\t<div class=\"elementor-element elementor-element-b67add7 elementor-widget elementor-widget-text-editor\" data-id=\"b67add7\" data-element_type=\"widget\" data-widget_type=\"text-editor.default\">\n\t\t\t\t<div class=\"elementor-widget-container\">\n\t\t\t\t\t\t\t\t<div class=\"elementor-text-editor elementor-clearfix\">\n\t\t\t\t\t<p>T\u0259dbiri D\u00f6vl\u0259t \u0130dar\u0259\u00e7ilik Akademiyas\u0131n\u0131n \u00fcmumi i\u015fl\u0259r \u00fczr\u0259 prorektoru Mira\u011fa Seyidli a\u00e7araq qeyd edib ki, demokratik idar\u0259etm\u0259nin x\u00fcsusiyy\u0259tl\u0259rind\u0259n olan yerli idar\u0259etm\u0259nin Az\u0259rbaycanda t\u0259\u015f\u0259kk\u00fcl tapmas\u0131 Ulu \u00d6nd\u0259r Heyd\u0259r \u018fliyevin irad\u0259si v\u0259 \u0259m\u0259yi n\u0259tic\u0259sind\u0259 m\u00fcmk\u00fcn olub. Prezident \u0130lham \u018fliyevin apard\u0131\u011f\u0131 daxili v\u0259 xarici siyas\u0259t Az\u0259rbaycan\u0131 d\u00fcnyan\u0131n q\u00fcdr\u0259tli \u00f6lk\u0259l\u0259rind\u0259n birin\u0259 \u00e7evirib.\n\nT\u0259dbird\u0259 \u018fdliyy\u0259 Nazirliyinin B\u0259l\u0259diyy\u0259l\u0259rl\u0259 \u0130\u015f Ba\u015f \u0130dar\u0259sinin r\u0259is m\u00fcavini Mehti Abdullayev bildirib ki, Ulu \u00d6nd\u0259r Heyd\u0259r \u018fliyevin ba\u015flatd\u0131\u011f\u0131 geni\u015fmiqyasl\u0131 h\u00fcquqi islahatlar Prezident \u0130lham \u018fliyev t\u0259r\u0259find\u0259n u\u011furla v\u0259 sistemli \u015f\u0259kild\u0259 davam etdiril\u0259r\u0259k qlobal d\u00fcnyada sosial-iqtisadi amill\u0259r, elmi-texniki nailiyy\u0259tl\u0259r v\u0259 yeni \u00e7a\u011f\u0131r\u0131\u015flar n\u0259z\u0259r\u0259 al\u0131nmaqla h\u0259yata ke\u00e7irilir. O, D\u0130A il\u0259 birlikd\u0259 h\u0259yata ke\u00e7iril\u0259c\u0259k f\u0259aliyy\u0259t istiqam\u0259tl\u0259ri haqq\u0131nda i\u015ftirak\u00e7\u0131lar\u0131 m\u0259lumatland\u0131r\u0131b.\n\nDaha sonra D\u0130A-n\u0131n \u0130nzibati idar\u0259etm\u0259 fak\u00fclt\u0259sinin dekan\u0131 dosent Elnur \u018fliyev, Siyasi idar\u0259etm\u0259 fak\u00fclt\u0259sinin dekan\u0131 Murt\u0259za H\u0259s\u0259nov, \u018fdliyy\u0259 Nazirliyinin B\u0259l\u0259diyy\u0259l\u0259rl\u0259 i\u015f Ba\u015f \u0130dar\u0259sinin m\u0259sul \u0259m\u0259kda\u015f\u0131 F\u0259rid\u0259 Hac\u0131yeva, Ail\u0259, Qad\u0131n v\u0259 U\u015faq Probleml\u0259ri \u00fczr\u0259 D\u00f6vl\u0259t Komit\u0259sinin m\u0259sul \u0259m\u0259kda\u015f\u0131 S\u0259daq\u0259t R\u0259himova, habel\u0259 b\u0259l\u0259diyy\u0259 t\u0259msil\u00e7il\u0259ri \u00e7\u0131x\u0131\u015f ed\u0259r\u0259k g\u0259l\u0259c\u0259k \u0259m\u0259kda\u015fl\u0131q v\u0259 f\u0259aliyy\u0259t istiqam\u0259ti \u00fczr\u0259 fikirl\u0259rini bildiribl\u0259r.\n\nDaha sonra t\u0259l\u0259b\u0259l\u0259rin suallar\u0131 cavabland\u0131r\u0131l\u0131b.<\/p>\t\t\t\t\t<\/div>\n\t\t\t\t\t\t<\/div>\n\t\t\t\t<\/div>\n\t\t\t\t\t\t<\/div>\n\t\t\t\t\t<\/div>\n\t\t<\/div>\n\t\t\t\t\t\t\t\t<\/div>\n\t\t\t\t\t<\/div>\n\t\t<\/section>\n\t\t\t\t\t\t<\/div>\n\t\t\t\t\t\t<\/div>\n\t\t\t\t\t<\/div>","protected":false},"excerpt":{"rendered":"<p>Az\u0259rbaycan Respublikas\u0131n\u0131n Prezidenti yan\u0131nda D\u00f6vl\u0259t \u0130dar\u0259\u00e7ilik Akademiyas\u0131 (D\u0130A) v\u0259 \u018fdliyy\u0259 Nazirliyinin B\u0259l\u0259diyy\u0259l\u0259rl\u0259 \u0130\u015f Ba\u015f \u0130dar\u0259sinin birg\u0259 t\u0259\u015fkilat\u00e7\u0131l\u0131\u011f\u0131 il\u0259 \u201cB\u0259l\u0259diyy\u0259l\u0259rin f\u0259aliyy\u0259tind\u0259 qad\u0131nlar\u0131n rolu\u201d m\u00f6vzusunda d\u0259yirmi masa t\u0259\u015fkil edilib.<\/p>","protected":false},"author":2,"featured_media":23471,"comment_status":"closed","ping_status":"closed","sticky":false,"template":"","format":"standard","meta":[],"categories":[137],"tags":[],"_links":{"self":[{"href":"https:\/\/legacy.dia.edu.az\/ru\/wp-json\/wp\/v2\/posts\/23473"}],"collection":[{"href":"https:\/\/legacy.dia.edu.az\/ru\/wp-json\/wp\/v2\/posts"}],"about":[{"href":"https:\/\/legacy.dia.edu.az\/ru\/wp-json\/wp\/v2\/types\/post"}],"author":[{"embeddable":true,"href":"https:\/\/legacy.dia.edu.az\/ru\/wp-json\/wp\/v2\/users\/2"}],"replies":[{"embeddable":true,"href":"https:\/\/legacy.dia.edu.az\/ru\/wp-json\/wp\/v2\/comments?post=23473"}],"version-history":[{"count":14,"href":"https:\/\/legacy.dia.edu.az\/ru\/wp-json\/wp\/v2\/posts\/23473\/revisions"}],"predecessor-version":[{"id":23489,"href":"https:\/\/legacy.dia.edu.az\/ru\/wp-json\/wp\/v2\/posts\/23473\/revisions\/23489"}],"wp:featuredmedia":[{"embeddable":true,"href":"https:\/\/legacy.dia.edu.az\/ru\/wp-json\/wp\/v2\/media\/23471"}],"wp:attachment":[{"href":"https:\/\/legacy.dia.edu.az\/ru\/wp-json\/wp\/v2\/media?parent=23473"}],"wp:term":[{"taxonomy":"category","embeddable":true,"href":"https:\/\/legacy.dia.edu.az\/ru\/wp-json\/wp\/v2\/categories?post=23473"},{"taxonomy":"post_tag","embeddable":true,"href":"https:\/\/legacy.dia.edu.az\/ru\/wp-json\/wp\/v2\/tags?post=23473"}],"curies":[{"name":"wp","href":"https:\/\/api.w.org\/{rel}","templated":true}]}}