{"id":23352,"date":"2024-09-24T11:11:51","date_gmt":"2024-09-24T07:11:51","guid":{"rendered":"https:\/\/dia.edu.az\/?p=23352"},"modified":"2024-10-01T13:27:08","modified_gmt":"2024-10-01T09:27:08","slug":"dia-avropa-kommisiyasi-t%c9%99r%c9%99find%c9%99n-maliyy%c9%99l%c9%99sdiril%c9%99n-beyn%c9%99lxalq-qrant-proqraminda-istirak-etm%c9%99k-huququ-qazanib","status":"publish","type":"post","link":"https:\/\/legacy.dia.edu.az\/ru\/arxivl\u0259r\/23352","title":{"rendered":"D\u0130A Avropa Kommisiyas\u0131 t\u0259r\u0259find\u0259n maliyy\u0259l\u0259\u015fdiril\u0259n beyn\u0259lxalq qrant proqram\u0131nda i\u015ftirak etm\u0259k h\u00fcququ qazan\u0131b"},"content":{"rendered":"<div data-elementor-type=\"wp-post\" data-elementor-id=\"23352\" class=\"elementor elementor-23352\" data-elementor-settings=\"[]\">\n\t\t\t\t\t\t<div class=\"elementor-inner\">\n\t\t\t\t\t\t\t<div class=\"elementor-section-wrap\">\n\t\t\t\t\t\t\t<section class=\"elementor-section elementor-top-section elementor-element elementor-element-269df95 elementor-section-boxed elementor-section-height-default elementor-section-height-default\" data-id=\"269df95\" data-element_type=\"section\">\n\t\t\t\t\t\t<div class=\"elementor-container elementor-column-gap-default\">\n\t\t\t\t\t\t\t<div class=\"elementor-row\">\n\t\t\t\t\t<div class=\"elementor-column elementor-col-100 elementor-top-column elementor-element elementor-element-afb4f89\" data-id=\"afb4f89\" data-element_type=\"column\">\n\t\t\t<div class=\"elementor-column-wrap elementor-element-populated\">\n\t\t\t\t\t\t\t<div class=\"elementor-widget-wrap\">\n\t\t\t\t\t\t<div class=\"elementor-element elementor-element-9c9d4be elementor-widget elementor-widget-text-editor\" data-id=\"9c9d4be\" data-element_type=\"widget\" data-widget_type=\"text-editor.default\">\n\t\t\t\t<div class=\"elementor-widget-container\">\n\t\t\t\t\t\t\t\t<div class=\"elementor-text-editor elementor-clearfix\">\n\t\t\t\t\tD\u0130A Avropa Kommisiyas\u0131 t\u0259r\u0259find\u0259n maliyy\u0259l\u0259\u015fdiril\u0259n beyn\u0259lxalq qrant\nproqram\u0131nda i\u015ftirak etm\u0259k h\u00fcququ qazan\u0131b\t\t\t\t\t<\/div>\n\t\t\t\t\t\t<\/div>\n\t\t\t\t<\/div>\n\t\t\t\t\t\t<\/div>\n\t\t\t\t\t<\/div>\n\t\t<\/div>\n\t\t\t\t\t\t\t\t<\/div>\n\t\t\t\t\t<\/div>\n\t\t<\/section>\n\t\t\t\t<section class=\"elementor-section elementor-top-section elementor-element elementor-element-5d0b767 elementor-section-boxed elementor-section-height-default elementor-section-height-default\" data-id=\"5d0b767\" data-element_type=\"section\">\n\t\t\t\t\t\t<div class=\"elementor-container elementor-column-gap-default\">\n\t\t\t\t\t\t\t<div class=\"elementor-row\">\n\t\t\t\t\t<div class=\"elementor-column elementor-col-100 elementor-top-column elementor-element elementor-element-3e86621\" data-id=\"3e86621\" data-element_type=\"column\">\n\t\t\t<div class=\"elementor-column-wrap elementor-element-populated\">\n\t\t\t\t\t\t\t<div class=\"elementor-widget-wrap\">\n\t\t\t\t\t\t<div class=\"elementor-element elementor-element-903149d elementor-widget elementor-widget-image\" data-id=\"903149d\" data-element_type=\"widget\" data-widget_type=\"image.default\">\n\t\t\t\t<div class=\"elementor-widget-container\">\n\t\t\t\t\t\t\t\t<div class=\"elementor-image\">\n\t\t\t\t\t\t\t\t\t\t\t\t<img width=\"235\" height=\"214\" src=\"https:\/\/legacy.dia.edu.az\/wp-content\/uploads\/2024\/09\/Erasmus-111.jpeg\" class=\"attachment-large size-large\" alt=\"\" srcset=\"https:\/\/legacy.dia.edu.az\/wp-content\/uploads\/2024\/09\/Erasmus-111.jpeg 235w, https:\/\/legacy.dia.edu.az\/wp-content\/uploads\/2024\/09\/Erasmus-111-200x182.jpeg 200w, https:\/\/legacy.dia.edu.az\/wp-content\/uploads\/2024\/09\/Erasmus-111-13x12.jpeg 13w\" sizes=\"(max-width: 235px) 100vw, 235px\" \/>\t\t\t\t\t\t\t\t\t\t\t\t\t\t<\/div>\n\t\t\t\t\t\t<\/div>\n\t\t\t\t<\/div>\n\t\t\t\t\t\t<\/div>\n\t\t\t\t\t<\/div>\n\t\t<\/div>\n\t\t\t\t\t\t\t\t<\/div>\n\t\t\t\t\t<\/div>\n\t\t<\/section>\n\t\t\t\t<section class=\"elementor-section elementor-top-section elementor-element elementor-element-1772b48 elementor-section-boxed elementor-section-height-default elementor-section-height-default\" data-id=\"1772b48\" data-element_type=\"section\">\n\t\t\t\t\t\t<div class=\"elementor-container elementor-column-gap-default\">\n\t\t\t\t\t\t\t<div class=\"elementor-row\">\n\t\t\t\t\t<div class=\"elementor-column elementor-col-100 elementor-top-column elementor-element elementor-element-54f113d\" data-id=\"54f113d\" data-element_type=\"column\">\n\t\t\t<div class=\"elementor-column-wrap elementor-element-populated\">\n\t\t\t\t\t\t\t<div class=\"elementor-widget-wrap\">\n\t\t\t\t\t\t<div class=\"elementor-element elementor-element-a42106b elementor-widget elementor-widget-text-editor\" data-id=\"a42106b\" data-element_type=\"widget\" data-widget_type=\"text-editor.default\">\n\t\t\t\t<div class=\"elementor-widget-container\">\n\t\t\t\t\t\t\t\t<div class=\"elementor-text-editor elementor-clearfix\">\n\t\t\t\t\t<p style=\"text-align: justify;\">Az\u0259rbaycan Respublikas\u0131n\u0131n Prezidenti yan\u0131nda D\u00f6vl\u0259t \u0130dar\u0259\u00e7ilik Akademiyas\u0131n\u0131n&nbsp;t\u0259r\u0259fda\u015fl\u0131\u011f\u0131 il\u0259 2024-c\u00fc ilin fevral ay\u0131nda Avropa Komissiyas\u0131n\u0131n Erasmus+ qrant&nbsp;proqram\u0131na t\u0259qdim olunan&nbsp;EDGE&nbsp;(Az\u0259rbaycan Universitetl\u0259rinin Beyn\u0259lxalq R\u0259qab\u0259t qabiliyy\u0259tini Daxili Beyn\u0259lmil\u0259ll\u0259\u015fm\u0259 Strategiyas\u0131 vasit\u0259sil\u0259 effektiv&nbsp;Art\u0131r\u0131rlmas\u0131)&nbsp;adl\u0131 layih\u0259 komissiya t\u0259r\u0259find\u0259n qiym\u0259tl\u0259ndirm\u0259d\u0259n u\u011furla ke\u00e7\u0259r\u0259k qrant&nbsp;d\u0259st\u0259yi \u0259ld\u0259 etmi\u015fdir. Layih\u0259, Az\u0259rbaycan universitetl\u0259rinin beyn\u0259lxalq r\u0259qab\u0259tliliyini art\u0131rmaq m\u0259qs\u0259dil\u0259 beyn\u0259lmil\u0259ll\u0259\u015fm\u0259 strategiyalar\u0131n\u0131n v\u0259 fak\u00fclt\u0259 inki\u015faf\u0131n\u0131n t\u0259min&nbsp;&nbsp;edilm\u0259si, Ali t\u0259hsil m\u00fc\u0259siss\u0259l\u0259rinin beyn\u0259lxalq n\u00fcfuzunun art\u0131r\u0131lmas\u0131, akademik v\u0259 inzibati hey\u0259tin beyn\u0259lmil\u0259ll\u0259\u015fm\u0259 sah\u0259sind\u0259 bacar\u0131qlar\u0131n\u0131n inki\u015faf etdirilm\u0259si il\u0259 ba\u011fl\u0131 \u00e7\u0259tinlikl\u0259ri aradan qald\u0131rma\u011f\u0131 h\u0259d\u0259fl\u0259yir.<br>Bak\u0131 Biznes Universitetinin koordinatoru oldu\u011fu layih\u0259d\u0259 konsorsium a\u015fa\u011f\u0131dak\u0131 yerli v\u0259 beyn\u0259lxalq t\u0259r\u0259fda\u015flardan ibar\u0259tdir:<\/p>\n<p style=\"text-align: justify;\"><br><\/p>\n<p style=\"text-align: justify;\">1. Az\u0259rbaycan Respublikas\u0131n\u0131n Prezidenti yan\u0131nda D\u00f6vl\u0259t \u0130dar\u0259\u00e7ilik Akademiyas\u0131;<br>2. T\u0259hsild\u0259 Keyfiyy\u0259t T\u0259minat\u0131 Agentliyi;<br>3. Bak\u0131 Slavyan Universiteti;<br>4. Az\u0259rbaycan \u0130dman Akademiyas\u0131;<br>5. \u00dczeyir Hac\u0131b\u0259yov ad\u0131na Bak\u0131 Musiqi Akademiyas\u0131;<br>6. Az\u0259rbaycan \u018fm\u0259k v\u0259 Sosial M\u00fcnasib\u0259tl\u0259r Akademiyas\u0131;<br>7. Kral Texnologiya Universiteti &#8211; \u0130sve\u00e7;<br>8. Jaen Universiteti \u2013 \u0130spaniya;<br>9. Avropa \u0130dar\u0259etm\u0259 \u0130nki\u015faf Fondu (EFMD) &#8211; Bel\u00e7ika;<br>10. Beyn\u0259lxalq Helenik Universiteti &#8211; Yunan\u0131stan.<\/p>\t\t\t\t\t<\/div>\n\t\t\t\t\t\t<\/div>\n\t\t\t\t<\/div>\n\t\t\t\t\t\t<\/div>\n\t\t\t\t\t<\/div>\n\t\t<\/div>\n\t\t\t\t\t\t\t\t<\/div>\n\t\t\t\t\t<\/div>\n\t\t<\/section>\n\t\t\t\t\t\t<\/div>\n\t\t\t\t\t\t<\/div>\n\t\t\t\t\t<\/div>","protected":false},"excerpt":{"rendered":"<p>Az\u0259rbaycan Respublikas\u0131n\u0131n Prezidenti yan\u0131nda D\u00f6vl\u0259t \u0130dar\u0259\u00e7ilik Akademiyas\u0131n\u0131n t\u0259r\u0259fda\u015fl\u0131\u011f\u0131 il\u0259 2024-c\u00fc ilin fevral ay\u0131nda Avropa Komissiyas\u0131n\u0131n Erasmus+ qrant proqram\u0131na t\u0259qdim<\/p>","protected":false},"author":2,"featured_media":19451,"comment_status":"closed","ping_status":"closed","sticky":false,"template":"","format":"standard","meta":[],"categories":[137],"tags":[],"_links":{"self":[{"href":"https:\/\/legacy.dia.edu.az\/ru\/wp-json\/wp\/v2\/posts\/23352"}],"collection":[{"href":"https:\/\/legacy.dia.edu.az\/ru\/wp-json\/wp\/v2\/posts"}],"about":[{"href":"https:\/\/legacy.dia.edu.az\/ru\/wp-json\/wp\/v2\/types\/post"}],"author":[{"embeddable":true,"href":"https:\/\/legacy.dia.edu.az\/ru\/wp-json\/wp\/v2\/users\/2"}],"replies":[{"embeddable":true,"href":"https:\/\/legacy.dia.edu.az\/ru\/wp-json\/wp\/v2\/comments?post=23352"}],"version-history":[{"count":22,"href":"https:\/\/legacy.dia.edu.az\/ru\/wp-json\/wp\/v2\/posts\/23352\/revisions"}],"predecessor-version":[{"id":23448,"href":"https:\/\/legacy.dia.edu.az\/ru\/wp-json\/wp\/v2\/posts\/23352\/revisions\/23448"}],"wp:featuredmedia":[{"embeddable":true,"href":"https:\/\/legacy.dia.edu.az\/ru\/wp-json\/wp\/v2\/media\/19451"}],"wp:attachment":[{"href":"https:\/\/legacy.dia.edu.az\/ru\/wp-json\/wp\/v2\/media?parent=23352"}],"wp:term":[{"taxonomy":"category","embeddable":true,"href":"https:\/\/legacy.dia.edu.az\/ru\/wp-json\/wp\/v2\/categories?post=23352"},{"taxonomy":"post_tag","embeddable":true,"href":"https:\/\/legacy.dia.edu.az\/ru\/wp-json\/wp\/v2\/tags?post=23352"}],"curies":[{"name":"wp","href":"https:\/\/api.w.org\/{rel}","templated":true}]}}