{"id":23318,"date":"2024-09-18T14:05:45","date_gmt":"2024-09-18T10:05:45","guid":{"rendered":"https:\/\/dia.edu.az\/?p=23318"},"modified":"2024-09-18T14:10:22","modified_gmt":"2024-09-18T10:10:22","slug":"dovl%c9%99t-idar%c9%99cilik-akademiyasinin-%c9%99m%c9%99kdasi-ugur-qazanib","status":"publish","type":"post","link":"https:\/\/legacy.dia.edu.az\/ru\/arxivl\u0259r\/23318","title":{"rendered":"D\u00f6vl\u0259t \u0130dar\u0259\u00e7ilik Akademiyas\u0131n\u0131n \u0259m\u0259kda\u015f\u0131 u\u011fur qazan\u0131b"},"content":{"rendered":"<div data-elementor-type=\"wp-post\" data-elementor-id=\"23318\" class=\"elementor elementor-23318\" data-elementor-settings=\"[]\">\n\t\t\t\t\t\t<div class=\"elementor-inner\">\n\t\t\t\t\t\t\t<div class=\"elementor-section-wrap\">\n\t\t\t\t\t\t\t<section class=\"elementor-section elementor-top-section elementor-element elementor-element-a5fdeed elementor-section-boxed elementor-section-height-default elementor-section-height-default\" data-id=\"a5fdeed\" data-element_type=\"section\">\n\t\t\t\t\t\t<div class=\"elementor-container elementor-column-gap-default\">\n\t\t\t\t\t\t\t<div class=\"elementor-row\">\n\t\t\t\t\t<div class=\"elementor-column elementor-col-100 elementor-top-column elementor-element elementor-element-1a77298\" data-id=\"1a77298\" data-element_type=\"column\">\n\t\t\t<div class=\"elementor-column-wrap elementor-element-populated\">\n\t\t\t\t\t\t\t<div class=\"elementor-widget-wrap\">\n\t\t\t\t\t\t<div class=\"elementor-element elementor-element-e4fe8d0 elementor-position-top elementor-vertical-align-top elementor-widget elementor-widget-image-box\" data-id=\"e4fe8d0\" data-element_type=\"widget\" data-widget_type=\"image-box.default\">\n\t\t\t\t<div class=\"elementor-widget-container\">\n\t\t\t<div class=\"elementor-image-box-wrapper\"><figure class=\"elementor-image-box-img\"><a href=\"https:\/\/dia.edu.az\/wp-content\/uploads\/2024\/09\/huquq.jpeg\"><img width=\"1200\" height=\"1600\" src=\"https:\/\/legacy.dia.edu.az\/wp-content\/uploads\/2024\/09\/huquq.jpeg\" class=\"attachment-full size-full\" alt=\"\" srcset=\"https:\/\/legacy.dia.edu.az\/wp-content\/uploads\/2024\/09\/huquq.jpeg 1200w, https:\/\/legacy.dia.edu.az\/wp-content\/uploads\/2024\/09\/huquq-150x200.jpeg 150w, https:\/\/legacy.dia.edu.az\/wp-content\/uploads\/2024\/09\/huquq-338x450.jpeg 338w, https:\/\/legacy.dia.edu.az\/wp-content\/uploads\/2024\/09\/huquq-1152x1536.jpeg 1152w, https:\/\/legacy.dia.edu.az\/wp-content\/uploads\/2024\/09\/huquq-9x12.jpeg 9w, https:\/\/legacy.dia.edu.az\/wp-content\/uploads\/2024\/09\/huquq-150x200@2x.jpeg 300w, https:\/\/legacy.dia.edu.az\/wp-content\/uploads\/2024\/09\/huquq-338x450@2x.jpeg 676w\" sizes=\"(max-width: 1200px) 100vw, 1200px\" \/><\/a><\/figure><div class=\"elementor-image-box-content\"><h3 class=\"elementor-image-box-title\"><a href=\"https:\/\/dia.edu.az\/wp-content\/uploads\/2024\/09\/huquq.jpeg\">D\u00f6vl\u0259t \u0130dar\u0259\u00e7ilik Akademiyas\u0131n\u0131n \u0259m\u0259kda\u015f\u0131 u\u011fur qazan\u0131b<\/a><\/h3><p class=\"elementor-image-box-description\">Az\u0259rbaycan Respublikas\u0131n\u0131n Prezidenti yan\u0131nda D\u00f6vl\u0259t \u0130dar\u0259\u00e7ilik Akademiyas\u0131n\u0131n H\u00fcquq kafedras\u0131n\u0131n \u0259m\u0259kda\u015f\u0131 \u018fs\u0259dova Ellada bu il Bak\u0131 d\u00f6vl\u0259t Universitetinin \u201cM\u00fclki h\u00fcquq: sahibkarl\u0131q h\u00fcququ; ail\u0259 h\u00fcququ; beyn\u0259lxalq x\u00fcsusi h\u00fcquq\u201d ixtisasla\u015fmas\u0131 \u00fczr\u0259 \u0259n y\u00fcks\u0259k balla doktorantura pill\u0259sin\u0259 daxil olmu\u015fdur. O, 2018-2022-ci ill\u0259rd\u0259 D\u0130A-n\u0131n Siyasi \u0130dar\u0259etm\u0259 fak\u00fclt\u0259sinin H\u00fcquq\u015f\u00fcnasl\u0131q ixtisas\u0131n\u0131 f\u0259rql\u0259nm\u0259 diplomu il\u0259 bitirmi\u015fdir. H\u0259min il BDU-nun \u201cM\u00fclki v\u0259 t\u0259s\u0259rr\u00fcfat h\u00fcququ\u201d ixtisasla\u015fmas\u0131 \u00fczr\u0259 magistratura pill\u0259sin\u0259 daxil olmu\u015f, 2024-c\u00fc ild\u0259 h\u0259min ixtisasla\u015fman\u0131 f\u0259rql\u0259nm\u0259 diplomu il\u0259 bitirmi\u015fdir.<\/p><\/div><\/div>\t\t<\/div>\n\t\t\t\t<\/div>\n\t\t\t\t\t\t<\/div>\n\t\t\t\t\t<\/div>\n\t\t<\/div>\n\t\t\t\t\t\t\t\t<\/div>\n\t\t\t\t\t<\/div>\n\t\t<\/section>\n\t\t\t\t\t\t<\/div>\n\t\t\t\t\t\t<\/div>\n\t\t\t\t\t<\/div>","protected":false},"excerpt":{"rendered":"<p>Az\u0259rbaycan Respublikas\u0131n\u0131n Prezidenti yan\u0131nda D\u00f6vl\u0259t \u0130dar\u0259\u00e7ilik Akademiyas\u0131n\u0131n H\u00fcquq kafedras\u0131n\u0131n \u0259m\u0259kda\u015f\u0131 \u018fs\u0259dova Ellada bu il Bak\u0131 d\u00f6vl\u0259t Universitetinin <\/p>","protected":false},"author":2,"featured_media":23319,"comment_status":"closed","ping_status":"closed","sticky":false,"template":"","format":"standard","meta":[],"categories":[137],"tags":[],"_links":{"self":[{"href":"https:\/\/legacy.dia.edu.az\/ru\/wp-json\/wp\/v2\/posts\/23318"}],"collection":[{"href":"https:\/\/legacy.dia.edu.az\/ru\/wp-json\/wp\/v2\/posts"}],"about":[{"href":"https:\/\/legacy.dia.edu.az\/ru\/wp-json\/wp\/v2\/types\/post"}],"author":[{"embeddable":true,"href":"https:\/\/legacy.dia.edu.az\/ru\/wp-json\/wp\/v2\/users\/2"}],"replies":[{"embeddable":true,"href":"https:\/\/legacy.dia.edu.az\/ru\/wp-json\/wp\/v2\/comments?post=23318"}],"version-history":[{"count":8,"href":"https:\/\/legacy.dia.edu.az\/ru\/wp-json\/wp\/v2\/posts\/23318\/revisions"}],"predecessor-version":[{"id":23327,"href":"https:\/\/legacy.dia.edu.az\/ru\/wp-json\/wp\/v2\/posts\/23318\/revisions\/23327"}],"wp:featuredmedia":[{"embeddable":true,"href":"https:\/\/legacy.dia.edu.az\/ru\/wp-json\/wp\/v2\/media\/23319"}],"wp:attachment":[{"href":"https:\/\/legacy.dia.edu.az\/ru\/wp-json\/wp\/v2\/media?parent=23318"}],"wp:term":[{"taxonomy":"category","embeddable":true,"href":"https:\/\/legacy.dia.edu.az\/ru\/wp-json\/wp\/v2\/categories?post=23318"},{"taxonomy":"post_tag","embeddable":true,"href":"https:\/\/legacy.dia.edu.az\/ru\/wp-json\/wp\/v2\/tags?post=23318"}],"curies":[{"name":"wp","href":"https:\/\/api.w.org\/{rel}","templated":true}]}}