{"id":23215,"date":"2024-08-07T13:20:46","date_gmt":"2024-08-07T09:20:46","guid":{"rendered":"https:\/\/dia.edu.az\/?p=23215"},"modified":"2024-08-07T13:29:09","modified_gmt":"2024-08-07T09:29:09","slug":"dovl%c9%99t-idar%c9%99cilik-akademiyasinin-m%c9%99zunu-boyuk-britaniyanin-edinburq-universitetin%c9%99-q%c9%99bul-olub","status":"publish","type":"post","link":"https:\/\/legacy.dia.edu.az\/ru\/arxivl\u0259r\/23215","title":{"rendered":"D\u00f6vl\u0259t \u0130dar\u0259\u00e7ilik Akademiyas\u0131n\u0131n m\u0259zunu B\u00f6y\u00fck Britaniyan\u0131n Edinburq Universitetin\u0259 q\u0259bul olub"},"content":{"rendered":"<div data-elementor-type=\"wp-post\" data-elementor-id=\"23215\" class=\"elementor elementor-23215\" data-elementor-settings=\"[]\">\n\t\t\t\t\t\t<div class=\"elementor-inner\">\n\t\t\t\t\t\t\t<div class=\"elementor-section-wrap\">\n\t\t\t\t\t\t\t<section class=\"elementor-section elementor-top-section elementor-element elementor-element-77900c2 elementor-section-boxed elementor-section-height-default elementor-section-height-default\" data-id=\"77900c2\" data-element_type=\"section\">\n\t\t\t\t\t\t<div class=\"elementor-container elementor-column-gap-default\">\n\t\t\t\t\t\t\t<div class=\"elementor-row\">\n\t\t\t\t\t<div class=\"elementor-column elementor-col-100 elementor-top-column elementor-element elementor-element-f2e6b8d\" data-id=\"f2e6b8d\" data-element_type=\"column\">\n\t\t\t<div class=\"elementor-column-wrap elementor-element-populated\">\n\t\t\t\t\t\t\t<div class=\"elementor-widget-wrap\">\n\t\t\t\t\t\t<div class=\"elementor-element elementor-element-bf08a94 elementor-position-top elementor-vertical-align-top elementor-widget elementor-widget-image-box\" data-id=\"bf08a94\" data-element_type=\"widget\" data-widget_type=\"image-box.default\">\n\t\t\t\t<div class=\"elementor-widget-container\">\n\t\t\t<div class=\"elementor-image-box-wrapper\"><figure class=\"elementor-image-box-img\"><a href=\"https:\/\/dia.edu.az\/wp-content\/uploads\/2024\/08\/VM.jpg\"><img width=\"923\" height=\"630\" src=\"https:\/\/legacy.dia.edu.az\/wp-content\/uploads\/2024\/08\/VM.jpg\" class=\"attachment-full size-full\" alt=\"\" srcset=\"https:\/\/legacy.dia.edu.az\/wp-content\/uploads\/2024\/08\/VM.jpg 923w, https:\/\/legacy.dia.edu.az\/wp-content\/uploads\/2024\/08\/VM-200x137.jpg 200w, https:\/\/legacy.dia.edu.az\/wp-content\/uploads\/2024\/08\/VM-450x307.jpg 450w, https:\/\/legacy.dia.edu.az\/wp-content\/uploads\/2024\/08\/VM-18x12.jpg 18w, https:\/\/legacy.dia.edu.az\/wp-content\/uploads\/2024\/08\/VM-200x137@2x.jpg 400w, https:\/\/legacy.dia.edu.az\/wp-content\/uploads\/2024\/08\/VM-450x307@2x.jpg 900w\" sizes=\"(max-width: 923px) 100vw, 923px\" \/><\/a><\/figure><div class=\"elementor-image-box-content\"><h3 class=\"elementor-image-box-title\"><a href=\"https:\/\/dia.edu.az\/wp-content\/uploads\/2024\/08\/VM.jpg\">D\u00f6vl\u0259t \u0130dar\u0259\u00e7ilik Akademiyas\u0131n\u0131n m\u0259zunu B\u00f6y\u00fck Britaniyan\u0131n Edinburq Universitetin\u0259 q\u0259bul olub<\/a><\/h3><p class=\"elementor-image-box-description\">Az\u0259rbaycan Respublikas\u0131n\u0131n Prezidenti yan\u0131nda D\u00f6vl\u0259t \u0130dar\u0259\u00e7ilik Akademiyas\u0131n\u0131n (D\u0130A) m\u0259zunu Mai\u015fat V\u0259lim\u0259tova \u201cG\u0259ncl\u0259rin xarici \u00f6lk\u0259l\u0259rin n\u00fcfuzlu ali t\u0259hsil m\u00fc\u0259ssis\u0259l\u0259rind\u0259 t\u0259hsil almalar\u0131na dair 2022-2026-c\u0131 ill\u0259r \u00fc\u00e7\u00fcn D\u00f6vl\u0259t Proqram\u0131\u201d \u00e7\u0259r\u00e7iv\u0259sind\u0259 tam t\u0259qa\u00fcdl\u0259 B\u00f6y\u00fck Britaniyan\u0131n Edinburq Universitetind\u0259 ictimai siyas\u0259t (Public Policy) ixtisas\u0131 \u00fczr\u0259 magistratura s\u0259viyy\u0259sin\u0259 q\u0259bul olub.\nM. V\u0259lim\u0259tova 2019-2023-c\u00fc ill\u0259rd\u0259 D\u0130A-da d\u00f6vl\u0259t v\u0259 ictimai m\u00fcnasib\u0259tl\u0259r ixtisas\u0131 \u00fczr\u0259 bakalavr t\u0259hsili al\u0131b. Akademiyaya 640 balla q\u0259bul olub. O, orta m\u0259kt\u0259bi \u201c\u018fd\u0259biyyat bilicil\u0259ri\u201d Respublika m\u00fcsabiq\u0259sind\u0259 1-ci yeri qazanaraq q\u0131z\u0131l medalla bitirib.<\/p><\/div><\/div>\t\t<\/div>\n\t\t\t\t<\/div>\n\t\t\t\t\t\t<\/div>\n\t\t\t\t\t<\/div>\n\t\t<\/div>\n\t\t\t\t\t\t\t\t<\/div>\n\t\t\t\t\t<\/div>\n\t\t<\/section>\n\t\t\t\t\t\t<\/div>\n\t\t\t\t\t\t<\/div>\n\t\t\t\t\t<\/div>","protected":false},"excerpt":{"rendered":"<p>Az\u0259rbaycan Respublikas\u0131n\u0131n Prezidenti yan\u0131nda D\u00f6vl\u0259t \u0130dar\u0259\u00e7ilik Akademiyas\u0131n\u0131n (D\u0130A) m\u0259zunu Mai\u015fat V\u0259lim\u0259tova \u201cG\u0259ncl\u0259rin xarici \u00f6lk\u0259l\u0259rin n\u00fcfuzlu ali t\u0259hsil m\u00fc\u0259ssis\u0259l\u0259rind\u0259 t\u0259hsil almalar\u0131na dair<\/p>","protected":false},"author":2,"featured_media":23216,"comment_status":"closed","ping_status":"closed","sticky":false,"template":"","format":"standard","meta":[],"categories":[137],"tags":[],"_links":{"self":[{"href":"https:\/\/legacy.dia.edu.az\/ru\/wp-json\/wp\/v2\/posts\/23215"}],"collection":[{"href":"https:\/\/legacy.dia.edu.az\/ru\/wp-json\/wp\/v2\/posts"}],"about":[{"href":"https:\/\/legacy.dia.edu.az\/ru\/wp-json\/wp\/v2\/types\/post"}],"author":[{"embeddable":true,"href":"https:\/\/legacy.dia.edu.az\/ru\/wp-json\/wp\/v2\/users\/2"}],"replies":[{"embeddable":true,"href":"https:\/\/legacy.dia.edu.az\/ru\/wp-json\/wp\/v2\/comments?post=23215"}],"version-history":[{"count":11,"href":"https:\/\/legacy.dia.edu.az\/ru\/wp-json\/wp\/v2\/posts\/23215\/revisions"}],"predecessor-version":[{"id":23227,"href":"https:\/\/legacy.dia.edu.az\/ru\/wp-json\/wp\/v2\/posts\/23215\/revisions\/23227"}],"wp:featuredmedia":[{"embeddable":true,"href":"https:\/\/legacy.dia.edu.az\/ru\/wp-json\/wp\/v2\/media\/23216"}],"wp:attachment":[{"href":"https:\/\/legacy.dia.edu.az\/ru\/wp-json\/wp\/v2\/media?parent=23215"}],"wp:term":[{"taxonomy":"category","embeddable":true,"href":"https:\/\/legacy.dia.edu.az\/ru\/wp-json\/wp\/v2\/categories?post=23215"},{"taxonomy":"post_tag","embeddable":true,"href":"https:\/\/legacy.dia.edu.az\/ru\/wp-json\/wp\/v2\/tags?post=23215"}],"curies":[{"name":"wp","href":"https:\/\/api.w.org\/{rel}","templated":true}]}}