{"id":22972,"date":"2024-06-12T11:38:00","date_gmt":"2024-06-12T07:38:00","guid":{"rendered":"https:\/\/dia.edu.az\/?p=22972"},"modified":"2024-06-15T18:03:14","modified_gmt":"2024-06-15T14:03:14","slug":"milli-qurtulus-gunun%c9%99-h%c9%99sr-olunmus-elmi-praktik-konfrans-kecirilib","status":"publish","type":"post","link":"https:\/\/legacy.dia.edu.az\/ru\/arxivl\u0259r\/22972","title":{"rendered":"Milli Qurtulu\u015f G\u00fcn\u00fcn\u0259 h\u0259sr olunmu\u015f elmi-praktik konfrans ke\u00e7irilib"},"content":{"rendered":"<div data-elementor-type=\"wp-post\" data-elementor-id=\"22972\" class=\"elementor elementor-22972\" data-elementor-settings=\"[]\">\n\t\t\t\t\t\t<div class=\"elementor-inner\">\n\t\t\t\t\t\t\t<div class=\"elementor-section-wrap\">\n\t\t\t\t\t\t\t<section class=\"elementor-section elementor-top-section elementor-element elementor-element-75d27f7 elementor-section-boxed elementor-section-height-default elementor-section-height-default\" data-id=\"75d27f7\" data-element_type=\"section\">\n\t\t\t\t\t\t<div class=\"elementor-container elementor-column-gap-default\">\n\t\t\t\t\t\t\t<div class=\"elementor-row\">\n\t\t\t\t\t<div class=\"elementor-column elementor-col-100 elementor-top-column elementor-element elementor-element-02e586e\" data-id=\"02e586e\" data-element_type=\"column\">\n\t\t\t<div class=\"elementor-column-wrap elementor-element-populated\">\n\t\t\t\t\t\t\t<div class=\"elementor-widget-wrap\">\n\t\t\t\t\t\t<div class=\"elementor-element elementor-element-b6b1c0c elementor-widget elementor-widget-text-editor\" data-id=\"b6b1c0c\" data-element_type=\"widget\" data-widget_type=\"text-editor.default\">\n\t\t\t\t<div class=\"elementor-widget-container\">\n\t\t\t\t\t\t\t\t<div class=\"elementor-text-editor elementor-clearfix\">\n\t\t\t\t\tMilli Qurtulu\u015f G\u00fcn\u00fcn\u0259 h\u0259sr olunmu\u015f elmi-praktik konfrans ke\u00e7irilib\t\t\t\t\t<\/div>\n\t\t\t\t\t\t<\/div>\n\t\t\t\t<\/div>\n\t\t\t\t\t\t<\/div>\n\t\t\t\t\t<\/div>\n\t\t<\/div>\n\t\t\t\t\t\t\t\t<\/div>\n\t\t\t\t\t<\/div>\n\t\t<\/section>\n\t\t\t\t<section class=\"elementor-section elementor-top-section elementor-element elementor-element-332f406 elementor-section-boxed elementor-section-height-default elementor-section-height-default\" data-id=\"332f406\" data-element_type=\"section\">\n\t\t\t\t\t\t<div class=\"elementor-container elementor-column-gap-default\">\n\t\t\t\t\t\t\t<div class=\"elementor-row\">\n\t\t\t\t\t<div class=\"elementor-column elementor-col-100 elementor-top-column elementor-element elementor-element-eb711e2\" data-id=\"eb711e2\" data-element_type=\"column\">\n\t\t\t<div class=\"elementor-column-wrap elementor-element-populated\">\n\t\t\t\t\t\t\t<div class=\"elementor-widget-wrap\">\n\t\t\t\t\t\t<div class=\"elementor-element elementor-element-7b85a72 elementor-arrows-position-inside elementor-pagination-position-outside elementor-widget elementor-widget-image-carousel\" data-id=\"7b85a72\" data-element_type=\"widget\" data-settings=\"{&quot;navigation&quot;:&quot;both&quot;,&quot;autoplay&quot;:&quot;yes&quot;,&quot;pause_on_hover&quot;:&quot;yes&quot;,&quot;pause_on_interaction&quot;:&quot;yes&quot;,&quot;autoplay_speed&quot;:5000,&quot;infinite&quot;:&quot;yes&quot;,&quot;speed&quot;:500}\" data-widget_type=\"image-carousel.default\">\n\t\t\t\t<div class=\"elementor-widget-container\">\n\t\t\t\t\t<div class=\"elementor-image-carousel-wrapper swiper-container\" dir=\"ltr\">\n\t\t\t<div class=\"elementor-image-carousel swiper-wrapper\">\n\t\t\t\t<div class=\"swiper-slide\"><a data-elementor-open-lightbox=\"yes\" data-elementor-lightbox-slideshow=\"7b85a72\" data-elementor-lightbox-title=\"lk\" href=\"https:\/\/legacy.dia.edu.az\/wp-content\/uploads\/2024\/06\/lk.jpg\"><figure class=\"swiper-slide-inner\"><img class=\"swiper-slide-image\" src=\"https:\/\/legacy.dia.edu.az\/wp-content\/uploads\/2024\/06\/lk-150x150.jpg\" alt=\"lk\" \/><\/figure><\/a><\/div><div class=\"swiper-slide\"><a data-elementor-open-lightbox=\"yes\" data-elementor-lightbox-slideshow=\"7b85a72\" data-elementor-lightbox-title=\"kjh\" href=\"https:\/\/legacy.dia.edu.az\/wp-content\/uploads\/2024\/06\/kjh.jpg\"><figure class=\"swiper-slide-inner\"><img class=\"swiper-slide-image\" src=\"https:\/\/legacy.dia.edu.az\/wp-content\/uploads\/2024\/06\/kjh-150x150.jpg\" alt=\"kjh\" \/><\/figure><\/a><\/div><div class=\"swiper-slide\"><a data-elementor-open-lightbox=\"yes\" data-elementor-lightbox-slideshow=\"7b85a72\" data-elementor-lightbox-title=\"ghy\" href=\"https:\/\/legacy.dia.edu.az\/wp-content\/uploads\/2024\/06\/ghy.jpg\"><figure class=\"swiper-slide-inner\"><img class=\"swiper-slide-image\" src=\"https:\/\/legacy.dia.edu.az\/wp-content\/uploads\/2024\/06\/ghy-150x150.jpg\" alt=\"ghy\" \/><\/figure><\/a><\/div>\t\t\t<\/div>\n\t\t\t\t\t\t\t\t\t\t\t\t<div class=\"swiper-pagination\"><\/div>\n\t\t\t\t\t\t\t\t\t\t\t\t\t<div class=\"elementor-swiper-button elementor-swiper-button-prev\">\n\t\t\t\t\t\t<i class=\"eicon-chevron-left\" aria-hidden=\"true\"><\/i>\n\t\t\t\t\t\t<span class=\"elementor-screen-only\">\u041d\u0430\u0437\u0430\u0434<\/span>\n\t\t\t\t\t<\/div>\n\t\t\t\t\t<div class=\"elementor-swiper-button elementor-swiper-button-next\">\n\t\t\t\t\t\t<i class=\"eicon-chevron-right\" aria-hidden=\"true\"><\/i>\n\t\t\t\t\t\t<span class=\"elementor-screen-only\">\u0414\u0430\u043b\u0435\u0435<\/span>\n\t\t\t\t\t<\/div>\n\t\t\t\t\t\t\t\t\t<\/div>\n\t\t\t\t<\/div>\n\t\t\t\t<\/div>\n\t\t\t\t\t\t<\/div>\n\t\t\t\t\t<\/div>\n\t\t<\/div>\n\t\t\t\t\t\t\t\t<\/div>\n\t\t\t\t\t<\/div>\n\t\t<\/section>\n\t\t\t\t<section class=\"elementor-section elementor-top-section elementor-element elementor-element-c848fdd elementor-section-boxed elementor-section-height-default elementor-section-height-default\" data-id=\"c848fdd\" data-element_type=\"section\">\n\t\t\t\t\t\t<div class=\"elementor-container elementor-column-gap-default\">\n\t\t\t\t\t\t\t<div class=\"elementor-row\">\n\t\t\t\t\t<div class=\"elementor-column elementor-col-100 elementor-top-column elementor-element elementor-element-cb49e63\" data-id=\"cb49e63\" data-element_type=\"column\">\n\t\t\t<div class=\"elementor-column-wrap elementor-element-populated\">\n\t\t\t\t\t\t\t<div class=\"elementor-widget-wrap\">\n\t\t\t\t\t\t<div class=\"elementor-element elementor-element-a0ec87a elementor-widget elementor-widget-text-editor\" data-id=\"a0ec87a\" data-element_type=\"widget\" data-widget_type=\"text-editor.default\">\n\t\t\t\t<div class=\"elementor-widget-container\">\n\t\t\t\t\t\t\t\t<div class=\"elementor-text-editor elementor-clearfix\">\n\t\t\t\t\t<p>Az\u0259rbaycan Respublikas\u0131n\u0131n Prezidenti yan\u0131nda D\u00f6vl\u0259t \u0130dar\u0259\u00e7ilik Akademiyas\u0131nda (D\u0130A) Milli Qurtulu\u015f G\u00fcn\u00fcn\u0259 h\u0259sr olunmu\u015f elmi-praktik konfrans ke\u00e7irilib.\n\n\n\u018fvv\u0259lc\u0259 t\u0259dbir i\u015ftirak\u00e7\u0131lar\u0131 \u00dcmummilli Lider Heyd\u0259r \u018fliyevin v\u0259 \u015f\u0259hidl\u0259rin xatir\u0259sini ehtiramla an\u0131blar.\n\nT\u0259dbird\u0259 D\u0130A-n\u0131n rektoru akademik Urxan \u018fl\u0259kb\u0259rov b\u00f6y\u00fck tarixi \u0259h\u0259miyy\u0259t da\u015f\u0131yan 15 \u0130yun- Milli Qurtulu\u015f G\u00fcn\u00fc haqq\u0131nda m\u0259lumat verib. Rektor 1993-c\u00fc ild\u0259 xalq\u0131n t\u0259kidli t\u0259l\u0259bi il\u0259 Ulu \u00d6nd\u0259r Heyd\u0259r \u018fliyevin hakimiyy\u0259t\u0259 qay\u0131d\u0131\u015f\u0131ndan sonra b\u00fct\u00fcn t\u0259hl\u00fck\u0259l\u0259rin sovu\u015fdu\u011funu, respublikam\u0131z\u0131n b\u00f6y\u00fck inki\u015faf yoluna \u00e7\u0131xd\u0131\u011f\u0131n\u0131 diqq\u0259t\u0259 \u00e7atd\u0131r\u0131b.\n\nAkademik U.\u018fl\u0259kb\u0259rov dahi r\u0259hb\u0259r Heyd\u0259r \u018fliyevin z\u0259ngin d\u00f6vl\u0259t\u00e7ilik irsinin \u0259h\u0259miyy\u0259tind\u0259n dan\u0131\u015f\u0131b, \u00f6lk\u0259mizd\u0259 qazan\u0131lan b\u00fct\u00fcn nailiyy\u0259tl\u0259rin onun siyas\u0259tinin b\u0259hr\u0259si oldu\u011funu vur\u011fulay\u0131b, Ulu \u00d6nd\u0259rin ideyalar\u0131n\u0131n Prezident \u0130lham \u018fliyev t\u0259r\u0259find\u0259n \u0259zml\u0259 h\u0259yata ke\u00e7irildiyini bildirib.\n\nRektor qeyd edib ki, Ulu \u00d6nd\u0259r Heyd\u0259r \u018fliyev t\u0259r\u0259find\u0259n \u0259sas\u0131 qoyulmu\u015f v\u0259 Prezident \u0130lham \u018fliyevin u\u011furla inki\u015faf etdirdiyi innovativ idar\u0259etm\u0259 texnologiyalar\u0131n\u0131n t\u0259cr\u00fcb\u0259d\u0259 t\u0259tbiqi n\u0259tic\u0259sind\u0259 bir s\u0131ra iqtisadi v\u0259 sosial g\u00f6st\u0259ricil\u0259rin\u0259 g\u00f6r\u0259 m\u00fcasir Az\u0259rbaycan d\u00fcnya liderl\u0259ri say\u0131lan \u00f6lk\u0259l\u0259rl\u0259 bir sirada dayan\u0131b. U.\u018fl\u0259kb\u0259rov \u00f6lk\u0259mizin inki\u015faf\u0131nda Az\u0259rbaycan Respublikas\u0131n\u0131n Birinci vitse-prezidenti Mehriban \u018fliyevan\u0131n x\u00fcsusi rolunu qeyd edib.\n\nElmi-praktik konfransda Yeni Az\u0259rbaycan Partiyas\u0131 S\u0259bail rayon t\u0259\u015fkilat\u0131n\u0131n s\u0259dri Muxtar Na\u011f\u0131yev, D\u0130A-n\u0131n Siyasi Ara\u015fd\u0131rmalar \u0130nstitutunun direktoru, Milli M\u0259clisin deputat\u0131 professor Elman N\u0259sirov, Qaraba\u011f Ara\u015fd\u0131rmalar M\u0259rk\u0259zinin r\u0259hb\u0259ri professor El\u00e7in \u018fhm\u0259dov v\u0259 ba\u015fqalar\u0131 dahi r\u0259hb\u0259r Heyd\u0259r \u018fliyevin misilsiz tarixi xidm\u0259tl\u0259rind\u0259n, b\u00f6y\u00fck xilaskarl\u0131q rolundan b\u0259hs edibl\u0259r. M\u0259ruz\u0259\u00e7il\u0259r Milli Qurtulu\u015f G\u00fcn\u00fcn\u00fcn tariximizin \u015f\u0259r\u0259fli s\u0259hif\u0259si oldu\u011funu vur\u011fulay\u0131blar.\n\nDaha sonra YAP s\u0131ralar\u0131na yeni daxil olanlara \u00fczvl\u00fck v\u0259siq\u0259l\u0259ri t\u0259qdim edilib.<\/p>\t\t\t\t\t<\/div>\n\t\t\t\t\t\t<\/div>\n\t\t\t\t<\/div>\n\t\t\t\t\t\t<\/div>\n\t\t\t\t\t<\/div>\n\t\t<\/div>\n\t\t\t\t\t\t\t\t<\/div>\n\t\t\t\t\t<\/div>\n\t\t<\/section>\n\t\t\t\t\t\t<\/div>\n\t\t\t\t\t\t<\/div>\n\t\t\t\t\t<\/div>","protected":false},"excerpt":{"rendered":"<p>\u018fvv\u0259lc\u0259 t\u0259dbir i\u015ftirak\u00e7\u0131lar\u0131 \u00dcmummilli Lider Heyd\u0259r \u018fliyevin v\u0259 \u015f\u0259hidl\u0259rin xatir\u0259sini ehtiramla an\u0131blar.<\/p>\n<p>T\u0259dbird\u0259 D\u0130A-n\u0131n rektoru akademik Urxan \u018fl\u0259kb\u0259rov b\u00f6y\u00fck tarixi \u0259h\u0259miyy\u0259t da\u015f\u0131yan 15 \u0130yun- Milli Qurtulu\u015f G\u00fcn\u00fc haqq\u0131nda m\u0259lumat verib.<\/p>","protected":false},"author":2,"featured_media":22973,"comment_status":"closed","ping_status":"closed","sticky":false,"template":"","format":"standard","meta":[],"categories":[137],"tags":[],"_links":{"self":[{"href":"https:\/\/legacy.dia.edu.az\/ru\/wp-json\/wp\/v2\/posts\/22972"}],"collection":[{"href":"https:\/\/legacy.dia.edu.az\/ru\/wp-json\/wp\/v2\/posts"}],"about":[{"href":"https:\/\/legacy.dia.edu.az\/ru\/wp-json\/wp\/v2\/types\/post"}],"author":[{"embeddable":true,"href":"https:\/\/legacy.dia.edu.az\/ru\/wp-json\/wp\/v2\/users\/2"}],"replies":[{"embeddable":true,"href":"https:\/\/legacy.dia.edu.az\/ru\/wp-json\/wp\/v2\/comments?post=22972"}],"version-history":[{"count":9,"href":"https:\/\/legacy.dia.edu.az\/ru\/wp-json\/wp\/v2\/posts\/22972\/revisions"}],"predecessor-version":[{"id":23052,"href":"https:\/\/legacy.dia.edu.az\/ru\/wp-json\/wp\/v2\/posts\/22972\/revisions\/23052"}],"wp:featuredmedia":[{"embeddable":true,"href":"https:\/\/legacy.dia.edu.az\/ru\/wp-json\/wp\/v2\/media\/22973"}],"wp:attachment":[{"href":"https:\/\/legacy.dia.edu.az\/ru\/wp-json\/wp\/v2\/media?parent=22972"}],"wp:term":[{"taxonomy":"category","embeddable":true,"href":"https:\/\/legacy.dia.edu.az\/ru\/wp-json\/wp\/v2\/categories?post=22972"},{"taxonomy":"post_tag","embeddable":true,"href":"https:\/\/legacy.dia.edu.az\/ru\/wp-json\/wp\/v2\/tags?post=22972"}],"curies":[{"name":"wp","href":"https:\/\/api.w.org\/{rel}","templated":true}]}}