{"id":22741,"date":"2024-05-20T09:12:48","date_gmt":"2024-05-20T05:12:48","guid":{"rendered":"https:\/\/dia.edu.az\/?p=22741"},"modified":"2024-05-20T11:09:54","modified_gmt":"2024-05-20T07:09:54","slug":"akademik-urxan-%c9%99l%c9%99kb%c9%99rov-cop29-un-az%c9%99rbaycanda-kecirilm%c9%99si-olk%c9%99mizin-siyasi-v%c9%99-iqtisadi-nufuzunun-gost%c9%99ricisidir","status":"publish","type":"post","link":"https:\/\/legacy.dia.edu.az\/ru\/arxivl\u0259r\/22741","title":{"rendered":"Akademik Urxan \u018fl\u0259kb\u0259rov: COP29-un Az\u0259rbaycanda ke\u00e7irilm\u0259si \u00f6lk\u0259mizin siyasi v\u0259 iqtisadi n\u00fcfuzunun g\u00f6st\u0259ricisidir"},"content":{"rendered":"<div data-elementor-type=\"wp-post\" data-elementor-id=\"22741\" class=\"elementor elementor-22741\" data-elementor-settings=\"[]\">\n\t\t\t\t\t\t<div class=\"elementor-inner\">\n\t\t\t\t\t\t\t<div class=\"elementor-section-wrap\">\n\t\t\t\t\t\t\t<section class=\"elementor-section elementor-top-section elementor-element elementor-element-3d506d8 elementor-section-boxed elementor-section-height-default elementor-section-height-default\" data-id=\"3d506d8\" data-element_type=\"section\">\n\t\t\t\t\t\t<div class=\"elementor-container elementor-column-gap-default\">\n\t\t\t\t\t\t\t<div class=\"elementor-row\">\n\t\t\t\t\t<div class=\"elementor-column elementor-col-100 elementor-top-column elementor-element elementor-element-dd69157\" data-id=\"dd69157\" data-element_type=\"column\">\n\t\t\t<div class=\"elementor-column-wrap elementor-element-populated\">\n\t\t\t\t\t\t\t<div class=\"elementor-widget-wrap\">\n\t\t\t\t\t\t<div class=\"elementor-element elementor-element-eb31500 elementor-widget elementor-widget-text-editor\" data-id=\"eb31500\" data-element_type=\"widget\" data-widget_type=\"text-editor.default\">\n\t\t\t\t<div class=\"elementor-widget-container\">\n\t\t\t\t\t\t\t\t<div class=\"elementor-text-editor elementor-clearfix\">\n\t\t\t\t\tAkademik Urxan \u018fl\u0259kb\u0259rov: COP29-un Az\u0259rbaycanda ke\u00e7irilm\u0259si \u00f6lk\u0259mizin siyasi v\u0259 iqtisadi n\u00fcfuzunun g\u00f6st\u0259ricisidir\t\t\t\t\t<\/div>\n\t\t\t\t\t\t<\/div>\n\t\t\t\t<\/div>\n\t\t\t\t\t\t<\/div>\n\t\t\t\t\t<\/div>\n\t\t<\/div>\n\t\t\t\t\t\t\t\t<\/div>\n\t\t\t\t\t<\/div>\n\t\t<\/section>\n\t\t\t\t<section class=\"elementor-section elementor-top-section elementor-element elementor-element-71a327e elementor-section-boxed elementor-section-height-default elementor-section-height-default\" data-id=\"71a327e\" data-element_type=\"section\">\n\t\t\t\t\t\t<div class=\"elementor-container elementor-column-gap-default\">\n\t\t\t\t\t\t\t<div class=\"elementor-row\">\n\t\t\t\t\t<div class=\"elementor-column elementor-col-100 elementor-top-column elementor-element elementor-element-2aa6c58\" data-id=\"2aa6c58\" data-element_type=\"column\">\n\t\t\t<div class=\"elementor-column-wrap elementor-element-populated\">\n\t\t\t\t\t\t\t<div class=\"elementor-widget-wrap\">\n\t\t\t\t\t\t<div class=\"elementor-element elementor-element-fdf8af3 elementor-arrows-position-inside elementor-pagination-position-outside elementor-widget elementor-widget-image-carousel\" data-id=\"fdf8af3\" data-element_type=\"widget\" data-settings=\"{&quot;navigation&quot;:&quot;both&quot;,&quot;autoplay&quot;:&quot;yes&quot;,&quot;pause_on_hover&quot;:&quot;yes&quot;,&quot;pause_on_interaction&quot;:&quot;yes&quot;,&quot;autoplay_speed&quot;:5000,&quot;infinite&quot;:&quot;yes&quot;,&quot;speed&quot;:500}\" data-widget_type=\"image-carousel.default\">\n\t\t\t\t<div class=\"elementor-widget-container\">\n\t\t\t\t\t<div class=\"elementor-image-carousel-wrapper swiper-container\" dir=\"ltr\">\n\t\t\t<div class=\"elementor-image-carousel swiper-wrapper\">\n\t\t\t\t<div class=\"swiper-slide\"><a data-elementor-open-lightbox=\"yes\" data-elementor-lightbox-slideshow=\"fdf8af3\" data-elementor-lightbox-title=\"l;k\" href=\"https:\/\/legacy.dia.edu.az\/wp-content\/uploads\/2024\/05\/lk.jpeg\"><figure class=\"swiper-slide-inner\"><img class=\"swiper-slide-image\" src=\"https:\/\/legacy.dia.edu.az\/wp-content\/uploads\/2024\/05\/lk-150x150.jpeg\" alt=\"l;k\" \/><\/figure><\/a><\/div><div class=\"swiper-slide\"><a data-elementor-open-lightbox=\"yes\" data-elementor-lightbox-slideshow=\"fdf8af3\" data-elementor-lightbox-title=\"jkl\" href=\"https:\/\/legacy.dia.edu.az\/wp-content\/uploads\/2024\/05\/jkl.jpeg\"><figure class=\"swiper-slide-inner\"><img class=\"swiper-slide-image\" src=\"https:\/\/legacy.dia.edu.az\/wp-content\/uploads\/2024\/05\/jkl-150x150.jpeg\" alt=\"jkl\" \/><\/figure><\/a><\/div><div class=\"swiper-slide\"><a data-elementor-open-lightbox=\"yes\" data-elementor-lightbox-slideshow=\"fdf8af3\" data-elementor-lightbox-title=\"hjh\" href=\"https:\/\/legacy.dia.edu.az\/wp-content\/uploads\/2024\/05\/hjh.jpeg\"><figure class=\"swiper-slide-inner\"><img class=\"swiper-slide-image\" src=\"https:\/\/legacy.dia.edu.az\/wp-content\/uploads\/2024\/05\/hjh-150x150.jpeg\" alt=\"hjh\" \/><\/figure><\/a><\/div><div class=\"swiper-slide\"><a data-elementor-open-lightbox=\"yes\" data-elementor-lightbox-slideshow=\"fdf8af3\" data-elementor-lightbox-title=\"gfg\" href=\"https:\/\/legacy.dia.edu.az\/wp-content\/uploads\/2024\/05\/gfg.jpeg\"><figure class=\"swiper-slide-inner\"><img class=\"swiper-slide-image\" src=\"https:\/\/legacy.dia.edu.az\/wp-content\/uploads\/2024\/05\/gfg-150x150.jpeg\" alt=\"gfg\" \/><\/figure><\/a><\/div>\t\t\t<\/div>\n\t\t\t\t\t\t\t\t\t\t\t\t<div class=\"swiper-pagination\"><\/div>\n\t\t\t\t\t\t\t\t\t\t\t\t\t<div class=\"elementor-swiper-button elementor-swiper-button-prev\">\n\t\t\t\t\t\t<i class=\"eicon-chevron-left\" aria-hidden=\"true\"><\/i>\n\t\t\t\t\t\t<span class=\"elementor-screen-only\">\u041d\u0430\u0437\u0430\u0434<\/span>\n\t\t\t\t\t<\/div>\n\t\t\t\t\t<div class=\"elementor-swiper-button elementor-swiper-button-next\">\n\t\t\t\t\t\t<i class=\"eicon-chevron-right\" aria-hidden=\"true\"><\/i>\n\t\t\t\t\t\t<span class=\"elementor-screen-only\">\u0414\u0430\u043b\u0435\u0435<\/span>\n\t\t\t\t\t<\/div>\n\t\t\t\t\t\t\t\t\t<\/div>\n\t\t\t\t<\/div>\n\t\t\t\t<\/div>\n\t\t\t\t\t\t<\/div>\n\t\t\t\t\t<\/div>\n\t\t<\/div>\n\t\t\t\t\t\t\t\t<\/div>\n\t\t\t\t\t<\/div>\n\t\t<\/section>\n\t\t\t\t<section class=\"elementor-section elementor-top-section elementor-element elementor-element-2552932 elementor-section-boxed elementor-section-height-default elementor-section-height-default\" data-id=\"2552932\" data-element_type=\"section\">\n\t\t\t\t\t\t<div class=\"elementor-container elementor-column-gap-default\">\n\t\t\t\t\t\t\t<div class=\"elementor-row\">\n\t\t\t\t\t<div class=\"elementor-column elementor-col-100 elementor-top-column elementor-element elementor-element-9b8b1f9\" data-id=\"9b8b1f9\" data-element_type=\"column\">\n\t\t\t<div class=\"elementor-column-wrap elementor-element-populated\">\n\t\t\t\t\t\t\t<div class=\"elementor-widget-wrap\">\n\t\t\t\t\t\t<div class=\"elementor-element elementor-element-10092c6 elementor-widget elementor-widget-text-editor\" data-id=\"10092c6\" data-element_type=\"widget\" data-widget_type=\"text-editor.default\">\n\t\t\t\t<div class=\"elementor-widget-container\">\n\t\t\t\t\t\t\t\t<div class=\"elementor-text-editor elementor-clearfix\">\n\t\t\t\t\t<p>May\u0131n 17-d\u0259 \u018fdliyy\u0259 Nazirliyi v\u0259 Az\u0259rbaycan Respublikas\u0131n\u0131n Prezidenti yan\u0131nda D\u00f6vl\u0259t \u0130dar\u0259\u00e7ilik Akademiyas\u0131n\u0131n t\u0259\u015fkilat\u00e7\u0131l\u0131\u011f\u0131 il\u0259 \u201cYa\u015f\u0131l d\u00fcnya namin\u0259 h\u0259mr\u0259ylik ili\u201dn\u0259 h\u0259sr olunmu\u015f seminar ke\u00e7irilib. \n\nT\u0259dbird\u0259 \u00e7\u0131x\u0131\u015f ed\u0259n \u0259dliyy\u0259 nazirinin m\u00fcavini Eldar Nuriyev b\u00fct\u00fcn sah\u0259l\u0259rd\u0259 dinamik inki\u015faf ed\u0259n Az\u0259rbaycanda son ill\u0259r h\u0259yata ke\u00e7iril\u0259n \u00e7ox\u015fax\u0259li, m\u00fcasir \u00e7a\u011f\u0131r\u0131\u015flara cavab ver\u0259n islahatlar\u0131n u\u011furlu n\u0259tic\u0259l\u0259r verdiyini, \u00f6lk\u0259mizin beyn\u0259lxalq n\u00fcfuz v\u0259 m\u00f6vqel\u0259rinin m\u00f6hk\u0259ml\u0259ndiyini bildirib. \u00d6t\u0259n 20 ild\u0259 demokratik d\u0259y\u0259rl\u0259rin c\u0259miyy\u0259td\u0259 daha da m\u00f6hk\u0259ml\u0259ndiyini, h\u0259yata ke\u00e7iril\u0259n sosial-iqtisadi inki\u015faf strategiyas\u0131n\u0131n u\u011furlu n\u0259tic\u0259l\u0259r verdiyini, v\u0259t\u0259nda\u015f c\u0259miyy\u0259ti t\u0259sisatlar\u0131n\u0131n m\u00f6hk\u0259ml\u0259ndiyini, beyn\u0259lxalq t\u0259\u015fkilatlarla \u0259m\u0259kda\u015fl\u0131\u011f\u0131n yeni m\u00fcst\u0259vid\u0259 davam etdirildiyini diqq\u0259t\u0259 \u00e7atd\u0131ran Eldar Nuriyev \u0259dliyy\u0259 v\u0259 m\u0259hk\u0259m\u0259 sisteminin m\u00fcasirl\u0259\u015fdirilm\u0259si t\u0259dbirl\u0259rinin d\u0259 x\u00fcsusi diqq\u0259t m\u0259rk\u0259zind\u0259 oldu\u011funu vur\u011fulay\u0131b.\n\n\u018fdliyy\u0259 nazirinin m\u00fcavini x\u00fcsusi vur\u011fulay\u0131b ki, \u00f6lk\u0259miz regionun iri neft v\u0259 qaz hasilat\u00e7\u0131lar\u0131ndan biri kimi m\u00fcasir d\u00fcnyan\u0131n yeni \u00e7a\u011f\u0131r\u0131\u015flar\u0131na \u0259sas tutaraq, malik oldu\u011fu alternativ enerji m\u0259nb\u0259l\u0259rind\u0259n s\u0259m\u0259r\u0259li istifad\u0259 istiqam\u0259tind\u0259 m\u00fch\u00fcm t\u0259dbirl\u0259r h\u0259yata ke\u00e7irir. Bu sah\u0259d\u0259 realla\u015fd\u0131r\u0131lan t\u0259dbirl\u0259rin beyn\u0259lxalq s\u0259viyy\u0259d\u0259 y\u00fcks\u0259k qiym\u0259tl\u0259ndirilm\u0259sinin n\u0259tic\u0259si olaraq, BMT-nin \u0130qlim D\u0259yi\u015fikliyi \u00fczr\u0259 \u00c7\u0259r\u00e7iv\u0259 Konvensiyas\u0131n\u0131n T\u0259r\u0259fl\u0259r Konfrans\u0131n\u0131n 29-cu sessiyas\u0131n\u0131n noyabrda Az\u0259rbaycanda ke\u00e7irilm\u0259sin\u0259 q\u0259rar verilib. Eldar Nuriyev, h\u0259m\u00e7inin bildirib ki, nazirlik funksiyalar\u0131na uy\u011fun olaraq t\u0259dbir\u0259 haz\u0131rl\u0131qla ba\u011fl\u0131 \u00fcz\u0259rin\u0259 d\u00fc\u015f\u0259n v\u0259zif\u0259l\u0259ri realla\u015fd\u0131r\u0131r, v\u0259t\u0259nda\u015flar\u0131n ekologiya h\u00fcququ sah\u0259sind\u0259 maarifl\u0259ndirilm\u0259si istiqam\u0259tind\u0259 m\u00fcvafiq t\u0259dbirl\u0259r h\u0259yata ke\u00e7irir.\n\nAz\u0259rbaycan Respublikas\u0131n\u0131n Prezidenti yan\u0131nda D\u00f6vl\u0259t \u0130dar\u0259\u00e7ilik Akademiyas\u0131n\u0131n rektoru akademik Urxan \u018fl\u0259kb\u0259rov \u201cPrezident \u0130lham \u018fliyevin innovativ d\u00f6vl\u0259t idar\u0259\u00e7ilik texnologiyalar\u0131: COP29-a aparan yol\u201d m\u00f6vzusunda m\u00fchazir\u0259sind\u0259 deyib ki, Prezident \u0130lham \u018fliyevin \u00f6lk\u0259mizin dinamik inki\u015faf\u0131na, \u0259razi b\u00fct\u00f6vl\u00fcy\u00fcn\u00fcn v\u0259 suverenliyinin tam b\u0259rpas\u0131na imkan yaradan iqtisadi islahatlar strategiyas\u0131 \u00f6lk\u0259nin t\u0259bii s\u0259rv\u0259tl\u0259rind\u0259n, intellektual resurslar\u0131ndan s\u0259m\u0259r\u0259li istifad\u0259y\u0259 \u0259saslan\u0131r. Akademik, h\u0259m\u00e7inin vur\u011fulay\u0131b ki, elmi \u0259saslara s\u00f6yk\u0259n\u0259n bu islahatlar iqtisadi potensial\u0131na g\u00f6r\u0259 d\u00fcnyada 62-ci yerd\u0259 q\u0259rarla\u015fan Az\u0259rbaycan\u0131n 25 \u0259n inki\u015faf etmi\u015f, biznes \u00fc\u00e7\u00fcn \u0259lveri\u015fli m\u00fchitinin m\u00f6vcud oldu\u011fu qabaqc\u0131l \u00f6lk\u0259 s\u0131ras\u0131nda yer tutmas\u0131n\u0131 t\u0259min edib. Onun s\u00f6zl\u0259rin\u0259 g\u00f6r\u0259, \u00f6lk\u0259mizd\u0259ki xalq-iqtidar birliyind\u0259n qaynaqlanan ictimai-siyasi sabitlik amili, \u0259lveri\u015fli biznes m\u00fchiti Avropan\u0131n enerji t\u0259hl\u00fck\u0259sizliyind\u0259 m\u00fch\u00fcm rol oynayan Az\u0259rbaycan\u0131n \u201cya\u015f\u0131l enerji\u201d sah\u0259sind\u0259 d\u0259 investisiya c\u0259lbediciliyini y\u00fcks\u0259ldib.\n\nAkademik Urxan \u018fl\u0259kb\u0259rov \u00e7\u0131x\u0131\u015f\u0131nda vur\u011fulay\u0131b ki, Az\u0259rbaycan qlobal miqyasda aktual olan \u201cya\u015f\u0131l enerji\u201d, karbonsuzla\u015fd\u0131rma, hidrogen istehsal\u0131 kimi layih\u0259l\u0259rin realla\u015fd\u0131r\u0131lmas\u0131n\u0131n \u0259sas t\u0259\u015f\u0259bb\u00fcskarlar\u0131ndan birin\u0259 \u00e7evrilib. Rektor xat\u0131rlad\u0131b ki, Prezident \u0130lham \u018fliyevin h\u0259l\u0259 2004-c\u00fc il 21 oktyabr tarixli S\u0259r\u0259ncam\u0131 il\u0259 t\u0259sdiq edilmi\u015f \u201cAz\u0259rbaycan Respublikas\u0131nda alternativ v\u0259 b\u0259rpa olunan enerji m\u0259nb\u0259l\u0259rind\u0259n istifad\u0259 olunmas\u0131 \u00fczr\u0259 D\u00f6vl\u0259t Proqram\u0131\u201d bu sah\u0259d\u0259 yol x\u0259rit\u0259si m\u00fc\u0259yy\u0259nl\u0259\u015fdir\u0259r\u0259k, b\u0259rpa olunan enerji m\u0259nb\u0259l\u0259rind\u0259n istifad\u0259 m\u0259qs\u0259dil\u0259 \u0259sasl\u0131 t\u0259dbirl\u0259rin h\u0259yata ke\u00e7irilm\u0259sin\u0259 imkanlar a\u00e7\u0131b. \u201cBeyn\u0259lxalq Enerji Agentliyi t\u0259r\u0259find\u0259n plana \u0259sas\u0259n, 2050-ci il\u0259d\u0259k d\u00fcnya \u00f6lk\u0259l\u0259ri t\u0259r\u0259find\u0259n atmosfer\u0259 at\u0131lan karbon emissiyalar\u0131n\u0131n tam \u015f\u0259kild\u0259 qada\u011fan edilm\u0259si n\u0259z\u0259rd\u0259 tutulur. Paris \u0130qlim Sazi\u015fini ratifikasiya ed\u0259n Az\u0259rbaycan baza ili olan 1990-c\u0131 ill\u0259 m\u00fcqayis\u0259d\u0259 2030-cu il\u0259d\u0259k istilik effekti yaradan qazlar\u0131n emissiyalar\u0131n\u0131n s\u0259viyy\u0259sind\u0259 35 faiz azalma il\u0259 ba\u011fl\u0131 k\u00f6n\u00fcll\u00fc \u00f6hd\u0259lik g\u00f6t\u00fcr\u00fcb v\u0259 art\u0131q bu \u00f6hd\u0259liyi 40 faiz\u0259 \u00e7atd\u0131r\u0131b\u201d &#8211; dey\u0259n akademikin s\u00f6zl\u0259rin\u0259 g\u00f6r\u0259, Az\u0259rbaycan\u0131n 2030-cu il\u0259d\u0259k sosial-iqtisadi inki\u015fafa dair milli prioritetl\u0259rind\u0259n birinin \u201cT\u0259miz \u0259traf m\u00fchit v\u0259 ya\u015f\u0131l art\u0131m \u00f6lk\u0259si\u201d kimi m\u00fc\u0259yy\u0259nl\u0259\u015fdirilm\u0259si, azad edilmi\u015f \u0259razil\u0259rin v\u0259 Nax\u00e7\u0131van Muxtar Respublikas\u0131n\u0131n \u201cya\u015f\u0131l enerji\u201d zonas\u0131, 2024-c\u00fc ilin \u201cYa\u015f\u0131l d\u00fcnya namin\u0259 h\u0259mr\u0259ylik ili\u201d elan edilm\u0259si bu sah\u0259d\u0259 apar\u0131lan m\u0259qs\u0259dy\u00f6nl\u00fc d\u00f6vl\u0259t siyas\u0259tinin t\u0259zah\u00fcr\u00fcd\u00fcr.\n\n\u00c7\u0131x\u0131\u015f\u0131n\u0131 davam etdir\u0259n rektor diqq\u0259t\u0259 \u00e7atd\u0131r\u0131b ki, i\u015ftirak\u00e7\u0131lar\u0131n say\u0131na, m\u00fczakir\u0259y\u0259 \u00e7\u0131xar\u0131lan m\u0259s\u0259l\u0259l\u0259rin aktuall\u0131\u011f\u0131na g\u00f6r\u0259 d\u00fcnyan\u0131n \u0259n m\u00f6t\u0259b\u0259r t\u0259dbirl\u0259rd\u0259n hesab edil\u0259n COP29-un Az\u0259rbaycanda ke\u00e7irilm\u0259si bar\u0259d\u0259 q\u0259rar\u0131n q\u0259bulu \u00f6lk\u0259mizin siyasi v\u0259 iqtisadi n\u00fcfuzunun, alternativ enerji istehsal\u0131 sah\u0259sind\u0259 z\u0259ngin potensiala malik olmas\u0131n\u0131n g\u00f6st\u0259ricisidir. Qeyd edilib ki, Prezident \u0130lham \u018fliyevin 2021-ci il 3 may tarixli \u201cAz\u0259rbaycan Respublikas\u0131n\u0131n i\u015f\u011faldan azad edilmi\u015f \u0259razil\u0259rind\u0259 \u201cya\u015f\u0131l enerji\u201d zonas\u0131n\u0131n yarad\u0131lmas\u0131 il\u0259 ba\u011fl\u0131 t\u0259dbirl\u0259r haqq\u0131nda\u201d S\u0259r\u0259ncam\u0131 i\u015f\u011faldan azad edilmi\u015f \u0259razil\u0259rin b\u0259rpas\u0131 v\u0259 yenid\u0259n qurulmas\u0131 il\u0259 ba\u011fl\u0131 yeni m\u00fcasir konseptual yana\u015fmalar\u0131 \u00f6z\u00fcnd\u0259 \u0259ks etdirir: \u201cHesablamalara g\u00f6r\u0259, Az\u0259rbaycan\u0131n quruda 27 qiqavatdan \u00e7ox k\u00fcl\u0259k v\u0259 g\u00fcn\u0259\u015f enerjisi, X\u0259z\u0259r d\u0259nizind\u0259 157 qiqavat k\u00fcl\u0259k enerjisi potensial\u0131 m\u00f6vcuddur Qaraba\u011f v\u0259 \u015e\u0259rqi Z\u0259ng\u0259zurda k\u00fcl\u0259k, g\u00fcn\u0259\u015f v\u0259 hidroenerji potensial\u0131 10 qiqavatdan \u00e7oxdur. H\u0259min potensial \u00f6lk\u0259d\u0259 ekoloji m\u00fchitin yax\u015f\u0131la\u015fd\u0131r\u0131lmas\u0131 v\u0259 turizm c\u0259lbediciliyinin art\u0131r\u0131lmas\u0131 il\u0259 yana\u015f\u0131, elektrik ixrac\u0131 potensial\u0131n\u0131n y\u00fcks\u0259ldilm\u0259si bax\u0131m\u0131ndan da m\u00fch\u00fcm dividendl\u0259r v\u0259d edir. Az\u0259rbaycan\u0131n ya\u015f\u0131l enerji sah\u0259sind\u0259 realla\u015fd\u0131rd\u0131\u011f\u0131 layih\u0259l\u0259rin \u0259sas m\u0259qs\u0259dl\u0259rind\u0259n biri d\u0259 \u00f6lk\u0259d\u0259 elektrik enerjisi istehsal\u0131na s\u0259rf olunan b\u00f6y\u00fck h\u0259cmd\u0259 t\u0259bii qaza q\u0259na\u0259t olunmas\u0131 v\u0259 Avropaya ixrac\u0131n h\u0259cminin art\u0131r\u0131lmas\u0131d\u0131r\u201d \u2013 dey\u0259n Urxan \u018fl\u0259kb\u0259rov onu da \u0259lav\u0259 edib ki, Prezident \u0130lham \u018fliyevin 2022-ci ilin dekabr\u0131nda Rum\u0131niyaya i\u015fg\u00fczar s\u0259f\u0259ri \u00e7\u0259r\u00e7iv\u0259sind\u0259 imzalanm\u0131\u015f \u201cAz\u0259rbaycan Respublikas\u0131, G\u00fcrc\u00fcstan, Rum\u0131niya v\u0259 Macar\u0131stan H\u00f6kum\u0259tl\u0259ri aras\u0131nda \u201cya\u015f\u0131l enerji\u201dnin inki\u015faf\u0131 v\u0259 \u00f6t\u00fcr\u00fclm\u0259si sah\u0259sind\u0259 strateji t\u0259r\u0259fda\u015fl\u0131q haqq\u0131nda Sazi\u015f\u201d Az\u0259rbaycan\u0131n alternativ m\u0259nb\u0259l\u0259r hesab\u0131na istehsal ed\u0259c\u0259yi \u201cya\u015f\u0131l enerji\u201dnin G\u00fcrc\u00fcstan \u0259razisind\u0259n \u2013 Qara d\u0259nizin dibi il\u0259 \u00e7\u0259kil\u0259c\u0259k sualt\u0131 kabel vasit\u0259sil\u0259 Avropa \u00f6lk\u0259l\u0259rin\u0259 ixrac\u0131n\u0131 n\u0259z\u0259rd\u0259 tutur.<\/p>\t\t\t\t\t<\/div>\n\t\t\t\t\t\t<\/div>\n\t\t\t\t<\/div>\n\t\t\t\t\t\t<\/div>\n\t\t\t\t\t<\/div>\n\t\t<\/div>\n\t\t\t\t\t\t\t\t<\/div>\n\t\t\t\t\t<\/div>\n\t\t<\/section>\n\t\t\t\t\t\t<\/div>\n\t\t\t\t\t\t<\/div>\n\t\t\t\t\t<\/div>","protected":false},"excerpt":{"rendered":"<p>May\u0131n 17-d\u0259 \u018fdliyy\u0259 Nazirliyi v\u0259 Az\u0259rbaycan Respublikas\u0131n\u0131n Prezidenti yan\u0131nda D\u00f6vl\u0259t \u0130dar\u0259\u00e7ilik Akademiyas\u0131n\u0131n t\u0259\u015fkilat\u00e7\u0131l\u0131\u011f\u0131 il\u0259 \u201cYa\u015f\u0131l d\u00fcnya namin\u0259 h\u0259mr\u0259ylik ili\u201dn\u0259 h\u0259sr olunmu\u015f seminar ke\u00e7irilib<\/p>","protected":false},"author":2,"featured_media":22745,"comment_status":"closed","ping_status":"closed","sticky":false,"template":"","format":"standard","meta":[],"categories":[137],"tags":[],"_links":{"self":[{"href":"https:\/\/legacy.dia.edu.az\/ru\/wp-json\/wp\/v2\/posts\/22741"}],"collection":[{"href":"https:\/\/legacy.dia.edu.az\/ru\/wp-json\/wp\/v2\/posts"}],"about":[{"href":"https:\/\/legacy.dia.edu.az\/ru\/wp-json\/wp\/v2\/types\/post"}],"author":[{"embeddable":true,"href":"https:\/\/legacy.dia.edu.az\/ru\/wp-json\/wp\/v2\/users\/2"}],"replies":[{"embeddable":true,"href":"https:\/\/legacy.dia.edu.az\/ru\/wp-json\/wp\/v2\/comments?post=22741"}],"version-history":[{"count":13,"href":"https:\/\/legacy.dia.edu.az\/ru\/wp-json\/wp\/v2\/posts\/22741\/revisions"}],"predecessor-version":[{"id":22758,"href":"https:\/\/legacy.dia.edu.az\/ru\/wp-json\/wp\/v2\/posts\/22741\/revisions\/22758"}],"wp:featuredmedia":[{"embeddable":true,"href":"https:\/\/legacy.dia.edu.az\/ru\/wp-json\/wp\/v2\/media\/22745"}],"wp:attachment":[{"href":"https:\/\/legacy.dia.edu.az\/ru\/wp-json\/wp\/v2\/media?parent=22741"}],"wp:term":[{"taxonomy":"category","embeddable":true,"href":"https:\/\/legacy.dia.edu.az\/ru\/wp-json\/wp\/v2\/categories?post=22741"},{"taxonomy":"post_tag","embeddable":true,"href":"https:\/\/legacy.dia.edu.az\/ru\/wp-json\/wp\/v2\/tags?post=22741"}],"curies":[{"name":"wp","href":"https:\/\/api.w.org\/{rel}","templated":true}]}}