{"id":22728,"date":"2024-05-17T14:24:23","date_gmt":"2024-05-17T10:24:23","guid":{"rendered":"https:\/\/dia.edu.az\/?p=22728"},"modified":"2024-05-17T14:33:50","modified_gmt":"2024-05-17T10:33:50","slug":"dia-da-az%c9%99rbaycanda-yasil-iqtisadiyyat-v%c9%99-cop29-movzusunda-muhazir%c9%99-dinl%c9%99nilib","status":"publish","type":"post","link":"https:\/\/legacy.dia.edu.az\/ru\/arxivl\u0259r\/22728","title":{"rendered":"D\u0130A-da \u201cAz\u0259rbaycanda ya\u015f\u0131l iqtisadiyyat v\u0259 COP29\u201d m\u00f6vzusunda m\u00fchazir\u0259 dinl\u0259nilib"},"content":{"rendered":"<div data-elementor-type=\"wp-post\" data-elementor-id=\"22728\" class=\"elementor elementor-22728\" data-elementor-settings=\"[]\">\n\t\t\t\t\t\t<div class=\"elementor-inner\">\n\t\t\t\t\t\t\t<div class=\"elementor-section-wrap\">\n\t\t\t\t\t\t\t<section class=\"elementor-section elementor-top-section elementor-element elementor-element-67fd6d3 elementor-section-boxed elementor-section-height-default elementor-section-height-default\" data-id=\"67fd6d3\" data-element_type=\"section\">\n\t\t\t\t\t\t<div class=\"elementor-container elementor-column-gap-default\">\n\t\t\t\t\t\t\t<div class=\"elementor-row\">\n\t\t\t\t\t<div class=\"elementor-column elementor-col-100 elementor-top-column elementor-element elementor-element-12e7431\" data-id=\"12e7431\" data-element_type=\"column\">\n\t\t\t<div class=\"elementor-column-wrap elementor-element-populated\">\n\t\t\t\t\t\t\t<div class=\"elementor-widget-wrap\">\n\t\t\t\t\t\t<div class=\"elementor-element elementor-element-294f6d8 elementor-position-top elementor-vertical-align-top elementor-widget elementor-widget-image-box\" data-id=\"294f6d8\" data-element_type=\"widget\" data-widget_type=\"image-box.default\">\n\t\t\t\t<div class=\"elementor-widget-container\">\n\t\t\t<div class=\"elementor-image-box-wrapper\"><figure class=\"elementor-image-box-img\"><a href=\"https:\/\/dia.edu.az\/wp-content\/uploads\/2024\/05\/ererer.jpg\"><img width=\"951\" height=\"630\" src=\"https:\/\/legacy.dia.edu.az\/wp-content\/uploads\/2024\/05\/ererer.jpg\" class=\"attachment-full size-full\" alt=\"\" srcset=\"https:\/\/legacy.dia.edu.az\/wp-content\/uploads\/2024\/05\/ererer.jpg 951w, https:\/\/legacy.dia.edu.az\/wp-content\/uploads\/2024\/05\/ererer-200x132.jpg 200w, https:\/\/legacy.dia.edu.az\/wp-content\/uploads\/2024\/05\/ererer-450x298.jpg 450w, https:\/\/legacy.dia.edu.az\/wp-content\/uploads\/2024\/05\/ererer-18x12.jpg 18w, https:\/\/legacy.dia.edu.az\/wp-content\/uploads\/2024\/05\/ererer-150x100.jpg 150w, https:\/\/legacy.dia.edu.az\/wp-content\/uploads\/2024\/05\/ererer-200x132@2x.jpg 400w, https:\/\/legacy.dia.edu.az\/wp-content\/uploads\/2024\/05\/ererer-450x298@2x.jpg 900w\" sizes=\"(max-width: 951px) 100vw, 951px\" \/><\/a><\/figure><div class=\"elementor-image-box-content\"><h3 class=\"elementor-image-box-title\"><a href=\"https:\/\/dia.edu.az\/wp-content\/uploads\/2024\/05\/ererer.jpg\">D\u0130A-da \u201cAz\u0259rbaycanda ya\u015f\u0131l iqtisadiyyat v\u0259 COP29\u201d m\u00f6vzusunda m\u00fchazir\u0259 dinl\u0259nilib<\/a><\/h3><p class=\"elementor-image-box-description\">Az\u0259rbaycan Respublikas\u0131n\u0131n Prezidenti yan\u0131nda D\u00f6vl\u0259t \u0130dar\u0259\u00e7ilik Akademiyas\u0131n\u0131n (D\u0130A) R\u0259hb\u0259r kadrlar\u0131n yenid\u0259n haz\u0131rlanmas\u0131 fak\u00fclt\u0259sinin magistrantlar\u0131 \u00fc\u00e7\u00fcn Beyn\u0259lxalq M\u00fcnasib\u0259tl\u0259rin T\u0259hlili M\u0259rk\u0259zinin ba\u015f m\u0259sl\u0259h\u0259t\u00e7isi \u015eahmar Hac\u0131yevin \u201cAz\u0259rbaycanda ya\u015f\u0131l iqtisadiyyat v\u0259 COP29\u201d m\u00f6vzusunda m\u00fchazir\u0259si dinl\u0259nilib. M\u00fchazir\u0259 Birl\u0259\u015fmi\u015f Mill\u0259tl\u0259r T\u0259\u015fkilat\u0131n\u0131n \u0130qlim D\u0259yi\u015fm\u0259l\u0259ri \u00fczr\u0259 \u00c7\u0259r\u00e7iv\u0259 Konvensiyas\u0131n\u0131n T\u0259r\u0259fl\u0259r Konfrans\u0131n\u0131n 29-cu sessiyas\u0131n\u0131n (COP29), Kioto Protokolunun T\u0259r\u0259fl\u0259r G\u00f6r\u00fc\u015f\u00fcn\u00fcn 6-c\u0131 sessiyas\u0131n\u0131n t\u0259\u015fkil edilm\u0259si il\u0259 ba\u011fl\u0131 D\u0130A-n\u0131n T\u0259dbirl\u0259r plan\u0131na uy\u011fun olaraq t\u0259\u015fkil edilib. \u015e.Hac\u0131yev \u00e7\u0131x\u0131\u015f\u0131nda Az\u0259rbaycan\u0131n enerji siyas\u0259ti, h\u0259yata ke\u00e7irilmi\u015f enerji layih\u0259l\u0259ri v\u0259 COP29 m\u0259s\u0259l\u0259l\u0259rin\u0259 toxunub. O, enerji ke\u00e7idi prosesini x\u00fcsusil\u0259 vur\u011fulay\u0131b v\u0259 bununla ba\u011fl\u0131 bildirib ki, Az\u0259rbaycan\u0131n ya\u015f\u0131l inki\u015faf strategiyas\u0131 v\u0259 ya\u015f\u0131l enerji layih\u0259l\u0259ri C\u0259nubi Qafqazdan Avropaya ya\u015f\u0131l enerjinin ixrac\u0131n\u0131 v\u0259 \u00f6lk\u0259nin \u201cya\u015f\u0131l enerji m\u0259rk\u0259zin\u0259\u201d \u00e7evrilm\u0259sini h\u0259d\u0259fl\u0259yir. T\u0259r\u0259fl\u0259r Konfrans\u0131n\u0131n (COP29) \u00f6lk\u0259mizd\u0259 ke\u00e7irilm\u0259si il\u0259 \u0259laq\u0259dar qeyd edilib ki, bu beyn\u0259lxalq t\u0259dbir respublikam\u0131zda ke\u00e7iril\u0259n \u0259n m\u00f6t\u0259b\u0259r beyn\u0259lxalq t\u0259dbirl\u0259rd\u0259n biri olacaq. Bununla da COP29 beyn\u0259lxalq \u0259m\u0259kda\u015fl\u0131\u011f\u0131 d\u0259st\u0259kl\u0259m\u0259k istiqam\u0259tind\u0259 m\u00fch\u00fcm platforma rolunu oynayacaq v\u0259 \u00f6lk\u0259miz\u0259 enerji ke\u00e7idind\u0259 v\u0259 ya\u015f\u0131l iqtisadiyyat\u0131n inki\u015faf\u0131nda m\u00fcsb\u0259t t\u0259sir ed\u0259c\u0259kdir.\n\nM\u00fchazir\u0259ni I kurs magistrantlar\u0131 dinl\u0259yibl\u0259r.\n\nSonda magistrantlar\u0131n m\u0259s\u0259l\u0259 il\u0259 ba\u011fl\u0131 suallar\u0131 cavabland\u0131r\u0131l\u0131b.<\/p><\/div><\/div>\t\t<\/div>\n\t\t\t\t<\/div>\n\t\t\t\t\t\t<\/div>\n\t\t\t\t\t<\/div>\n\t\t<\/div>\n\t\t\t\t\t\t\t\t<\/div>\n\t\t\t\t\t<\/div>\n\t\t<\/section>\n\t\t\t\t\t\t<\/div>\n\t\t\t\t\t\t<\/div>\n\t\t\t\t\t<\/div>","protected":false},"excerpt":{"rendered":"<p>Az\u0259rbaycan Respublikas\u0131n\u0131n Prezidenti yan\u0131nda D\u00f6vl\u0259t \u0130dar\u0259\u00e7ilik Akademiyas\u0131n\u0131n (D\u0130A) R\u0259hb\u0259r kadrlar\u0131n yenid\u0259n haz\u0131rlanmas\u0131 fak\u00fclt\u0259sinin magistrantlar\u0131 \u00fc\u00e7\u00fcn Beyn\u0259lxalq M\u00fcnasib\u0259tl\u0259rin T\u0259hlili M\u0259rk\u0259zinin ba\u015f m\u0259sl\u0259h\u0259t\u00e7isi \u015eahmar Hac\u0131yevin \u201cAz\u0259rbaycanda ya\u015f\u0131l iqtisadiyyat v\u0259 COP29\u201d m\u00f6vzusunda m\u00fchazir\u0259si dinl\u0259nilib.<\/p>","protected":false},"author":2,"featured_media":22729,"comment_status":"closed","ping_status":"closed","sticky":false,"template":"","format":"standard","meta":[],"categories":[137],"tags":[],"_links":{"self":[{"href":"https:\/\/legacy.dia.edu.az\/ru\/wp-json\/wp\/v2\/posts\/22728"}],"collection":[{"href":"https:\/\/legacy.dia.edu.az\/ru\/wp-json\/wp\/v2\/posts"}],"about":[{"href":"https:\/\/legacy.dia.edu.az\/ru\/wp-json\/wp\/v2\/types\/post"}],"author":[{"embeddable":true,"href":"https:\/\/legacy.dia.edu.az\/ru\/wp-json\/wp\/v2\/users\/2"}],"replies":[{"embeddable":true,"href":"https:\/\/legacy.dia.edu.az\/ru\/wp-json\/wp\/v2\/comments?post=22728"}],"version-history":[{"count":9,"href":"https:\/\/legacy.dia.edu.az\/ru\/wp-json\/wp\/v2\/posts\/22728\/revisions"}],"predecessor-version":[{"id":22740,"href":"https:\/\/legacy.dia.edu.az\/ru\/wp-json\/wp\/v2\/posts\/22728\/revisions\/22740"}],"wp:featuredmedia":[{"embeddable":true,"href":"https:\/\/legacy.dia.edu.az\/ru\/wp-json\/wp\/v2\/media\/22729"}],"wp:attachment":[{"href":"https:\/\/legacy.dia.edu.az\/ru\/wp-json\/wp\/v2\/media?parent=22728"}],"wp:term":[{"taxonomy":"category","embeddable":true,"href":"https:\/\/legacy.dia.edu.az\/ru\/wp-json\/wp\/v2\/categories?post=22728"},{"taxonomy":"post_tag","embeddable":true,"href":"https:\/\/legacy.dia.edu.az\/ru\/wp-json\/wp\/v2\/tags?post=22728"}],"curies":[{"name":"wp","href":"https:\/\/api.w.org\/{rel}","templated":true}]}}