{"id":22630,"date":"2024-05-06T22:30:04","date_gmt":"2024-05-06T18:30:04","guid":{"rendered":"https:\/\/dia.edu.az\/?p=22630"},"modified":"2024-05-06T22:37:12","modified_gmt":"2024-05-06T18:37:12","slug":"heyd%c9%99r-%c9%99liyev-az%c9%99rbaycan-respublikasinin-innovativ-inkisafinin-banisidir-dia-da-elmi-seminar","status":"publish","type":"post","link":"https:\/\/legacy.dia.edu.az\/ru\/arxivl\u0259r\/22630","title":{"rendered":"\u201cHeyd\u0259r \u018fliyev Az\u0259rbaycan Respublikas\u0131n\u0131n innovativ\u00a0inki\u015faf\u0131n\u0131n banisidir\u201d \u2013 D\u0130A-da elmi seminar"},"content":{"rendered":"<div data-elementor-type=\"wp-post\" data-elementor-id=\"22630\" class=\"elementor elementor-22630\" data-elementor-settings=\"[]\">\n\t\t\t\t\t\t<div class=\"elementor-inner\">\n\t\t\t\t\t\t\t<div class=\"elementor-section-wrap\">\n\t\t\t\t\t\t\t<section class=\"elementor-section elementor-top-section elementor-element elementor-element-4ecd3aa elementor-section-boxed elementor-section-height-default elementor-section-height-default\" data-id=\"4ecd3aa\" data-element_type=\"section\">\n\t\t\t\t\t\t<div class=\"elementor-container elementor-column-gap-default\">\n\t\t\t\t\t\t\t<div class=\"elementor-row\">\n\t\t\t\t\t<div class=\"elementor-column elementor-col-100 elementor-top-column elementor-element elementor-element-0d25bea\" data-id=\"0d25bea\" data-element_type=\"column\">\n\t\t\t<div class=\"elementor-column-wrap elementor-element-populated\">\n\t\t\t\t\t\t\t<div class=\"elementor-widget-wrap\">\n\t\t\t\t\t\t<div class=\"elementor-element elementor-element-43abfeb elementor-widget elementor-widget-text-editor\" data-id=\"43abfeb\" data-element_type=\"widget\" data-widget_type=\"text-editor.default\">\n\t\t\t\t<div class=\"elementor-widget-container\">\n\t\t\t\t\t\t\t\t<div class=\"elementor-text-editor elementor-clearfix\">\n\t\t\t\t\t\u201cHeyd\u0259r \u018fliyev Az\u0259rbaycan Respublikas\u0131n\u0131n innovativ inki\u015faf\u0131n\u0131n banisidir\u201d \u2013 D\u0130A-da elmi seminar\t\t\t\t\t<\/div>\n\t\t\t\t\t\t<\/div>\n\t\t\t\t<\/div>\n\t\t\t\t\t\t<\/div>\n\t\t\t\t\t<\/div>\n\t\t<\/div>\n\t\t\t\t\t\t\t\t<\/div>\n\t\t\t\t\t<\/div>\n\t\t<\/section>\n\t\t\t\t<section class=\"elementor-section elementor-top-section elementor-element elementor-element-5357469 elementor-section-boxed elementor-section-height-default elementor-section-height-default\" data-id=\"5357469\" data-element_type=\"section\">\n\t\t\t\t\t\t<div class=\"elementor-container elementor-column-gap-default\">\n\t\t\t\t\t\t\t<div class=\"elementor-row\">\n\t\t\t\t\t<div class=\"elementor-column elementor-col-100 elementor-top-column elementor-element elementor-element-3097bd0\" data-id=\"3097bd0\" data-element_type=\"column\">\n\t\t\t<div class=\"elementor-column-wrap elementor-element-populated\">\n\t\t\t\t\t\t\t<div class=\"elementor-widget-wrap\">\n\t\t\t\t\t\t<div class=\"elementor-element elementor-element-fa6a251 elementor-arrows-position-inside elementor-pagination-position-outside elementor-widget elementor-widget-image-carousel\" data-id=\"fa6a251\" data-element_type=\"widget\" data-settings=\"{&quot;navigation&quot;:&quot;both&quot;,&quot;autoplay&quot;:&quot;yes&quot;,&quot;pause_on_hover&quot;:&quot;yes&quot;,&quot;pause_on_interaction&quot;:&quot;yes&quot;,&quot;autoplay_speed&quot;:5000,&quot;infinite&quot;:&quot;yes&quot;,&quot;speed&quot;:500}\" data-widget_type=\"image-carousel.default\">\n\t\t\t\t<div class=\"elementor-widget-container\">\n\t\t\t\t\t<div class=\"elementor-image-carousel-wrapper swiper-container\" dir=\"ltr\">\n\t\t\t<div class=\"elementor-image-carousel swiper-wrapper\">\n\t\t\t\t<div class=\"swiper-slide\"><a data-elementor-open-lightbox=\"yes\" data-elementor-lightbox-slideshow=\"fa6a251\" data-elementor-lightbox-title=\"sg\" href=\"https:\/\/legacy.dia.edu.az\/wp-content\/uploads\/2024\/05\/sg.jpg\"><figure class=\"swiper-slide-inner\"><img class=\"swiper-slide-image\" src=\"https:\/\/legacy.dia.edu.az\/wp-content\/uploads\/2024\/05\/sg-150x150.jpg\" alt=\"sg\" \/><\/figure><\/a><\/div><div class=\"swiper-slide\"><a data-elementor-open-lightbox=\"yes\" data-elementor-lightbox-slideshow=\"fa6a251\" data-elementor-lightbox-title=\"sf\" href=\"https:\/\/legacy.dia.edu.az\/wp-content\/uploads\/2024\/05\/sf.jpg\"><figure class=\"swiper-slide-inner\"><img class=\"swiper-slide-image\" src=\"https:\/\/legacy.dia.edu.az\/wp-content\/uploads\/2024\/05\/sf-150x150.jpg\" alt=\"sf\" \/><\/figure><\/a><\/div><div class=\"swiper-slide\"><a data-elementor-open-lightbox=\"yes\" data-elementor-lightbox-slideshow=\"fa6a251\" data-elementor-lightbox-title=\"sh\" href=\"https:\/\/legacy.dia.edu.az\/wp-content\/uploads\/2024\/05\/sh.jpg\"><figure class=\"swiper-slide-inner\"><img class=\"swiper-slide-image\" src=\"https:\/\/legacy.dia.edu.az\/wp-content\/uploads\/2024\/05\/sh-150x150.jpg\" alt=\"sh\" \/><\/figure><\/a><\/div><div class=\"swiper-slide\"><a data-elementor-open-lightbox=\"yes\" data-elementor-lightbox-slideshow=\"fa6a251\" data-elementor-lightbox-title=\"sd\" href=\"https:\/\/legacy.dia.edu.az\/wp-content\/uploads\/2024\/05\/sd.jpg\"><figure class=\"swiper-slide-inner\"><img class=\"swiper-slide-image\" src=\"https:\/\/legacy.dia.edu.az\/wp-content\/uploads\/2024\/05\/sd-150x150.jpg\" alt=\"sd\" \/><\/figure><\/a><\/div>\t\t\t<\/div>\n\t\t\t\t\t\t\t\t\t\t\t\t<div class=\"swiper-pagination\"><\/div>\n\t\t\t\t\t\t\t\t\t\t\t\t\t<div class=\"elementor-swiper-button elementor-swiper-button-prev\">\n\t\t\t\t\t\t<i class=\"eicon-chevron-left\" aria-hidden=\"true\"><\/i>\n\t\t\t\t\t\t<span class=\"elementor-screen-only\">\u041d\u0430\u0437\u0430\u0434<\/span>\n\t\t\t\t\t<\/div>\n\t\t\t\t\t<div class=\"elementor-swiper-button elementor-swiper-button-next\">\n\t\t\t\t\t\t<i class=\"eicon-chevron-right\" aria-hidden=\"true\"><\/i>\n\t\t\t\t\t\t<span class=\"elementor-screen-only\">\u0414\u0430\u043b\u0435\u0435<\/span>\n\t\t\t\t\t<\/div>\n\t\t\t\t\t\t\t\t\t<\/div>\n\t\t\t\t<\/div>\n\t\t\t\t<\/div>\n\t\t\t\t\t\t<\/div>\n\t\t\t\t\t<\/div>\n\t\t<\/div>\n\t\t\t\t\t\t\t\t<\/div>\n\t\t\t\t\t<\/div>\n\t\t<\/section>\n\t\t\t\t<section class=\"elementor-section elementor-top-section elementor-element elementor-element-1ea8d39 elementor-section-boxed elementor-section-height-default elementor-section-height-default\" data-id=\"1ea8d39\" data-element_type=\"section\">\n\t\t\t\t\t\t<div class=\"elementor-container elementor-column-gap-default\">\n\t\t\t\t\t\t\t<div class=\"elementor-row\">\n\t\t\t\t\t<div class=\"elementor-column elementor-col-100 elementor-top-column elementor-element elementor-element-b79d48d\" data-id=\"b79d48d\" data-element_type=\"column\">\n\t\t\t<div class=\"elementor-column-wrap elementor-element-populated\">\n\t\t\t\t\t\t\t<div class=\"elementor-widget-wrap\">\n\t\t\t\t\t\t<div class=\"elementor-element elementor-element-bdb4191 elementor-widget elementor-widget-text-editor\" data-id=\"bdb4191\" data-element_type=\"widget\" data-widget_type=\"text-editor.default\">\n\t\t\t\t<div class=\"elementor-widget-container\">\n\t\t\t\t\t\t\t\t<div class=\"elementor-text-editor elementor-clearfix\">\n\t\t\t\t\t<p>Az\u0259rbaycan Respublikas\u0131n\u0131n Prezidenti yan\u0131nda D\u00f6vl\u0259t \u0130dar\u0259\u00e7ilik Akademiyas\u0131nda (D\u0130A) \u201cHeyd\u0259r \u018fliyev Az\u0259rbaycan Respublikas\u0131n\u0131n innovativ inki\u015faf\u0131n\u0131n banisidir\u201d m\u00f6vzusunda elmi seminar ke\u00e7irilib.\n\nHeyd\u0259r \u018fliyev M\u0259rk\u0259zi il\u0259 birg\u0259 ke\u00e7iril\u0259n seminar \u00dcmummilli Lider Heyd\u0259r \u018fliyevin anadan olmas\u0131n\u0131n 101-ci ild\u00f6n\u00fcm\u00fcn\u0259 h\u0259sr olunub.\n\nSeminarda \u00e7\u0131x\u0131\u015f ed\u0259n D\u0130A-n\u0131n rektoru akademik Urxan \u018fl\u0259kb\u0259rov \u00dcmummilli Lider Heyd\u0259r \u018fliyevin m\u00fcst\u0259sna tarixi xidm\u0259tl\u0259rind\u0259n dan\u0131\u015f\u0131b. Rektor qeyd edib ki, Az\u0259rbaycanda\n\ninnovativ inki\u015faf\u0131n \u0259sas\u0131 Ulu \u00d6nd\u0259r Heyd\u0259r \u018fliyev t\u0259r\u0259find\u0259n qoyulub. Urxan \u018fl\u0259kb\u0259rov \u00f6lk\u0259mizd\u0259 qazan\u0131lan nailiyy\u0259tl\u0259rin dahi r\u0259hb\u0259r Heyd\u0259r \u018fliyev siyas\u0259tinin b\u0259hr\u0259si oldu\u011funu deyib, Ulu \u00d6nd\u0259rin siyasi kursunun Prezident \u0130lham \u018fliyev t\u0259r\u0259find\u0259n q\u0259tiyy\u0259tl\u0259 h\u0259yata ke\u00e7irildiyini vur\u011fulay\u0131b.\n\nD\u00f6vl\u0259t \u0130dar\u0259\u00e7ilik Akademiyas\u0131 Siyasi Ara\u015fd\u0131rmalar \u0130nstitutunun direktoru, Milli M\u0259clisin deputat\u0131, professor Elman N\u0259sirov \u201cHeyd\u0259r \u018fliyev v\u0259 beyn\u0259lxalq enerji t\u0259hl\u00fck\u0259sizliyi problemi\u201d m\u00f6vzusunda m\u0259ruz\u0259 edib. O, \u00dcmummilli Lider Heyd\u0259r \u018fliyevin u\u011furlu daxili v\u0259 xarici siyas\u0259tind\u0259n, d\u00fcnya \u00f6lk\u0259l\u0259ri v\u0259 n\u00fcfuzlu beyn\u0259lxalq t\u0259\u015fkilatlarla m\u00fcst\u0259qil Az\u0259rbaycan\u0131n diplomatik \u0259laq\u0259l\u0259rinin qurulmas\u0131nda xidm\u0259tl\u0259rind\u0259n dan\u0131\u015f\u0131b. Bildirilib ki, h\u0259min \u0259laq\u0259l\u0259rin qurulmas\u0131 m\u00fcst\u0259qil Az\u0259rbaycan d\u00f6vl\u0259tinin m\u00f6hk\u0259ml\u0259nm\u0259sin\u0259 v\u0259 inki\u015faf\u0131na \u0259v\u0259zsiz t\u00f6hf\u0259l\u0259r verib. Ulu \u00d6nd\u0259r Heyd\u0259r \u018fliyevin neft strategiyas\u0131n\u0131n u\u011furlu n\u0259tic\u0259l\u0259rini xat\u0131rladan E.N\u0259sirov 1994-c\u00fc il sentyabr\u0131n 20-d\u0259 imzalanm\u0131\u015f \u201c\u018fsrin m\u00fcqavil\u0259si\u201dnin \u0259h\u0259miyy\u0259tini x\u00fcsusi vur\u011fulay\u0131b. O, \u00dcmummilli Lider Heyd\u0259r \u018fliyevin enerji siyas\u0259tinin Prezident \u0130lham \u018fliyev t\u0259r\u0259find\u0259n u\u011furla davam etdirildiyini deyib. Professor \u00f6lk\u0259mizin inki\u015faf\u0131 istiqam\u0259tind\u0259, h\u0259m\u00e7inin Heyd\u0259r \u018fliyev Fondunun rolunu vur\u011fulay\u0131b.\n\nD\u0130A-n\u0131n kafedra m\u00fcdiri, Milli M\u0259clisin deputat\u0131, professor Hikm\u0259t Babao\u011flu \u201cHeyd\u0259r \u018fliyev &#8211; m\u00fcst\u0259qil Az\u0259rbaycan\u0131n qurucu lideri\u201d m\u00f6vzusunda m\u0259ruz\u0259 il\u0259 \u00e7\u0131x\u0131\u015f edib. Professor m\u00fcasir m\u00fcst\u0259qil Az\u0259rbaycan d\u00f6vl\u0259tinin qurulmas\u0131nda, inki\u015faf\u0131nda v\u0259 d\u00fcnyada n\u00fcfuzunun y\u00fcks\u0259lm\u0259sind\u0259 \u00dcmummilli Lider Heyd\u0259r \u018fliyevin \u0259v\u0259zsiz xidm\u0259tl\u0259rind\u0259n b\u0259hs edib. 1988-1992-ci ill\u0259rd\u0259 \u00f6lk\u0259mizin da\u011f\u0131lmaq, par\u00e7alanmaq t\u0259hl\u00fck\u0259si il\u0259 \u00fczl\u0259\u015fdiyini qeyd ed\u0259n H.Babao\u011flu xalq\u0131n t\u0259l\u0259bi il\u0259 Ulu \u00d6nd\u0259r Heyd\u0259r \u018fliyevin hakimiyy\u0259t\u0259 qay\u0131d\u0131\u015f\u0131ndan sonra Az\u0259rbaycan\u0131n b\u00f6y\u00fck inki\u015faf yoluna \u00e7\u0131xd\u0131\u011f\u0131n\u0131 vur\u011fulay\u0131b. Dahi r\u0259hb\u0259r Heyd\u0259r \u018fliyevin \u201cAz\u0259rbaycan\u0131n d\u00f6vl\u0259t m\u00fcst\u0259qilliyi \u0259b\u0259didir, daimidir, d\u00f6nm\u0259zdir\u201d k\u0259lam\u0131n\u0131 xat\u0131rladan H.Babao\u011flu \u00dcmummilli Lider Heyd\u0259r \u018fliyevin b\u00f6y\u00fck xilaskarl\u0131q rolundan, z\u0259ngin d\u00f6vl\u0259t\u00e7ilik t\u0259cr\u00fcb\u0259sinin, siyasi irsinin \u0259h\u0259miyy\u0259tind\u0259n dan\u0131\u015f\u0131b. Vur\u011fulan\u0131b ki, Heyd\u0259r \u018fliyevin b\u00f6y\u00fckl\u00fcy\u00fcn\u00fc biz bu g\u00fcn g\u00fccl\u00fc ordu quruculu\u011funda, torpaqlar\u0131m\u0131z\u0131n azad olunmas\u0131nda g\u00f6r\u00fcr\u00fck, Az\u0259rbaycan\u0131n s\u00fcr\u0259tli inki\u015faf\u0131nda g\u00f6r\u00fcr\u00fck. Heyd\u0259r \u018fliyevin b\u00f6y\u00fckl\u00fcy\u00fcn\u00fc biz bu g\u00fcn B\u00f6y\u00fck Qay\u0131d\u0131\u015fda g\u00f6r\u00fcr\u00fck.\n\nSonra Heyd\u0259r \u018fliyev M\u0259rk\u0259zinin Heyd\u0259r \u018fliyev irsinin t\u0259dqiqi v\u0259 t\u0259bli\u011fi departamentinin Elmi ara\u015fd\u0131rmalar v\u0259 t\u0259bli\u011fat \u015f\u00f6b\u0259sinin m\u00fcdiri Nigar R\u0259himli \u00e7\u0131x\u0131\u015f edib. \u00c7\u0131x\u0131\u015fda Heyd\u0259r \u018fliyev M\u0259rk\u0259zinin f\u0259aliyy\u0259ti, Ulu \u00d6nd\u0259r Heyd\u0259r \u018fliyevin z\u0259ngin irsinin, Az\u0259rbaycan dilinin, tariximizin, m\u0259d\u0259niyy\u0259timizin h\u0259m \u00f6lk\u0259d\u0259, h\u0259m d\u0259 xaricd\u0259 t\u0259bli\u011f edilm\u0259sind\u0259 rolu bar\u0259d\u0259 m\u0259lumat verilib. Qeyd olunub ki, M\u0259rk\u0259z \u00f6t\u0259n 12 il \u0259rzind\u0259 Ulu \u00d6nd\u0259rin irsinin t\u0259dqiqi v\u0259 t\u0259bli\u011fi istiqam\u0259tind\u0259 m\u00fcxt\u0259lif layih\u0259l\u0259r h\u0259yata ke\u00e7irib.<\/p>\t\t\t\t\t<\/div>\n\t\t\t\t\t\t<\/div>\n\t\t\t\t<\/div>\n\t\t\t\t\t\t<\/div>\n\t\t\t\t\t<\/div>\n\t\t<\/div>\n\t\t\t\t\t\t\t\t<\/div>\n\t\t\t\t\t<\/div>\n\t\t<\/section>\n\t\t\t\t\t\t<\/div>\n\t\t\t\t\t\t<\/div>\n\t\t\t\t\t<\/div>","protected":false},"excerpt":{"rendered":"<p>Az\u0259rbaycan Respublikas\u0131n\u0131n Prezidenti yan\u0131nda D\u00f6vl\u0259t \u0130dar\u0259\u00e7ilik Akademiyas\u0131nda (D\u0130A) \u201cHeyd\u0259r \u018fliyev Az\u0259rbaycan Respublikas\u0131n\u0131n innovativ inki\u015faf\u0131n\u0131n banisidir\u201d m\u00f6vzusunda elmi seminar ke\u00e7irilib.<\/p>","protected":false},"author":2,"featured_media":22634,"comment_status":"closed","ping_status":"closed","sticky":false,"template":"","format":"standard","meta":[],"categories":[137],"tags":[],"_links":{"self":[{"href":"https:\/\/legacy.dia.edu.az\/ru\/wp-json\/wp\/v2\/posts\/22630"}],"collection":[{"href":"https:\/\/legacy.dia.edu.az\/ru\/wp-json\/wp\/v2\/posts"}],"about":[{"href":"https:\/\/legacy.dia.edu.az\/ru\/wp-json\/wp\/v2\/types\/post"}],"author":[{"embeddable":true,"href":"https:\/\/legacy.dia.edu.az\/ru\/wp-json\/wp\/v2\/users\/2"}],"replies":[{"embeddable":true,"href":"https:\/\/legacy.dia.edu.az\/ru\/wp-json\/wp\/v2\/comments?post=22630"}],"version-history":[{"count":5,"href":"https:\/\/legacy.dia.edu.az\/ru\/wp-json\/wp\/v2\/posts\/22630\/revisions"}],"predecessor-version":[{"id":22639,"href":"https:\/\/legacy.dia.edu.az\/ru\/wp-json\/wp\/v2\/posts\/22630\/revisions\/22639"}],"wp:featuredmedia":[{"embeddable":true,"href":"https:\/\/legacy.dia.edu.az\/ru\/wp-json\/wp\/v2\/media\/22634"}],"wp:attachment":[{"href":"https:\/\/legacy.dia.edu.az\/ru\/wp-json\/wp\/v2\/media?parent=22630"}],"wp:term":[{"taxonomy":"category","embeddable":true,"href":"https:\/\/legacy.dia.edu.az\/ru\/wp-json\/wp\/v2\/categories?post=22630"},{"taxonomy":"post_tag","embeddable":true,"href":"https:\/\/legacy.dia.edu.az\/ru\/wp-json\/wp\/v2\/tags?post=22630"}],"curies":[{"name":"wp","href":"https:\/\/api.w.org\/{rel}","templated":true}]}}