{"id":22578,"date":"2024-05-01T10:37:06","date_gmt":"2024-05-01T06:37:06","guid":{"rendered":"https:\/\/dia.edu.az\/?p=22578"},"modified":"2024-05-01T10:43:12","modified_gmt":"2024-05-01T06:43:12","slug":"az%c9%99rbaycanda-muasir-idar%c9%99etm%c9%99-formalari-yeni-realliqlar-v%c9%99-perspektivl%c9%99r-dia-da-elmi-konfrans","status":"publish","type":"post","link":"https:\/\/legacy.dia.edu.az\/ru\/arxivl\u0259r\/22578","title":{"rendered":"\u201cAz\u0259rbaycanda m\u00fcasir idar\u0259etm\u0259 formalar\u0131: yeni reall\u0131qlar v\u0259 perspektivl\u0259r\u201d \u2013 D\u0130A-da elmi konfrans"},"content":{"rendered":"<div data-elementor-type=\"wp-post\" data-elementor-id=\"22578\" class=\"elementor elementor-22578\" data-elementor-settings=\"[]\">\n\t\t\t\t\t\t<div class=\"elementor-inner\">\n\t\t\t\t\t\t\t<div class=\"elementor-section-wrap\">\n\t\t\t\t\t\t\t<section class=\"elementor-section elementor-top-section elementor-element elementor-element-c08e430 elementor-section-boxed elementor-section-height-default elementor-section-height-default\" data-id=\"c08e430\" data-element_type=\"section\">\n\t\t\t\t\t\t<div class=\"elementor-container elementor-column-gap-default\">\n\t\t\t\t\t\t\t<div class=\"elementor-row\">\n\t\t\t\t\t<div class=\"elementor-column elementor-col-100 elementor-top-column elementor-element elementor-element-4c3e2d9\" data-id=\"4c3e2d9\" data-element_type=\"column\">\n\t\t\t<div class=\"elementor-column-wrap elementor-element-populated\">\n\t\t\t\t\t\t\t<div class=\"elementor-widget-wrap\">\n\t\t\t\t\t\t<div class=\"elementor-element elementor-element-b9d2c52 elementor-widget elementor-widget-text-editor\" data-id=\"b9d2c52\" data-element_type=\"widget\" data-widget_type=\"text-editor.default\">\n\t\t\t\t<div class=\"elementor-widget-container\">\n\t\t\t\t\t\t\t\t<div class=\"elementor-text-editor elementor-clearfix\">\n\t\t\t\t\t\u201cAz\u0259rbaycanda m\u00fcasir idar\u0259etm\u0259 formalar\u0131: yeni reall\u0131qlar v\u0259 perspektivl\u0259r\u201d \u2013 D\u0130A-da elmi konfrans\t\t\t\t\t<\/div>\n\t\t\t\t\t\t<\/div>\n\t\t\t\t<\/div>\n\t\t\t\t\t\t<\/div>\n\t\t\t\t\t<\/div>\n\t\t<\/div>\n\t\t\t\t\t\t\t\t<\/div>\n\t\t\t\t\t<\/div>\n\t\t<\/section>\n\t\t\t\t<section class=\"elementor-section elementor-top-section elementor-element elementor-element-3919d46 elementor-section-boxed elementor-section-height-default elementor-section-height-default\" data-id=\"3919d46\" data-element_type=\"section\">\n\t\t\t\t\t\t<div class=\"elementor-container elementor-column-gap-default\">\n\t\t\t\t\t\t\t<div class=\"elementor-row\">\n\t\t\t\t\t<div class=\"elementor-column elementor-col-100 elementor-top-column elementor-element elementor-element-38eb3d9\" data-id=\"38eb3d9\" data-element_type=\"column\">\n\t\t\t<div class=\"elementor-column-wrap elementor-element-populated\">\n\t\t\t\t\t\t\t<div class=\"elementor-widget-wrap\">\n\t\t\t\t\t\t<div class=\"elementor-element elementor-element-651d1b2 elementor-widget elementor-widget-text-editor\" data-id=\"651d1b2\" data-element_type=\"widget\" data-widget_type=\"text-editor.default\">\n\t\t\t\t<div class=\"elementor-widget-container\">\n\t\t\t\t\t\t\t\t<div class=\"elementor-text-editor elementor-clearfix\">\n\t\t\t\t\t<p>Az\u0259rbaycan Respublikas\u0131n\u0131n Prezidenti yan\u0131nda D\u00f6vl\u0259t \u0130dar\u0259\u00e7ilik Akademiyas\u0131nda (D\u0130A) \u201cAz\u0259rbaycanda m\u00fcasir idar\u0259etm\u0259 formalar\u0131: yeni reall\u0131qlar v\u0259 perspektivl\u0259r\u201d m\u00f6vzusunda respublika elmi konfrans\u0131 ke\u00e7irilib. T\u0259dbir D\u0130A-n\u0131n D\u00f6vl\u0259t qullu\u011fu v\u0259 kadr siyas\u0259ti kafedras\u0131 t\u0259r\u0259find\u0259n t\u0259\u015fkil olunub.<\/p>\n<p>Konfransda D\u0130A-n\u0131n D\u00f6vl\u0259t qullu\u011fu v\u0259 kadr siyas\u0259ti kafedras\u0131n\u0131n m\u00fcdiri, Milli M\u0259clisin deputat\u0131 professor Hikm\u0259t M\u0259mm\u0259dov, D\u0130A-n\u0131n Siyasi Ara\u015fd\u0131rmalar \u0130nstitutunun direktoru, Milli M\u0259clisin deputat\u0131 professor Elman N\u0259sirov, D\u00f6vl\u0259t idar\u0259etm\u0259si v\u0259 menecment kafedras\u0131n\u0131n m\u00fcdiri professor Xatir\u0259 H\u00fcseynova, Az\u0259rbaycan Respublikas\u0131 g\u0259ncl\u0259r v\u0259 idman nazirinin m\u00fcavini F\u0259rhad Hac\u0131yev, Milli Aviasiya Akademiyas\u0131n\u0131n ba\u015f h\u00fcquq\u015f\u00fcnas\u0131, \u0130qtisadiyyat v\u0259 h\u00fcquq fak\u00fclt\u0259sinin dekan\u0131 professor Ayxan R\u00fcst\u0259mzad\u0259, D\u00f6vl\u0259t qullu\u011fu v\u0259 kadr siyas\u0259ti kafedras\u0131n\u0131n m\u00fc\u0259llimi dosent Elmira \u0130smay\u0131lova, doktorant K\u00f6n\u00fcl Qas\u0131mova, magistr Nuray M\u0259mm\u0259dzad\u0259 v\u0259 dig\u0259r alim v\u0259 m\u00fct\u0259x\u0259ssisl\u0259rin m\u0259ruz\u0259l\u0259ri dinl\u0259nilib. <\/p>\n<p>M\u0259ruz\u0259\u00e7il\u0259r Ulu \u00d6nd\u0259r Heyd\u0259r \u018fliyevin tarixi xidm\u0259tl\u0259rind\u0259n v\u0259 onun siyasi kursunun layiqli davam\u00e7\u0131s\u0131 Az\u0259rbaycan Prezidenti \u0130lham \u018fliyevin apard\u0131\u011f\u0131 siyas\u0259tin u\u011furlu n\u0259tic\u0259l\u0259rind\u0259n dan\u0131\u015f\u0131b, \u00f6lk\u0259mizin s\u00fcr\u0259tl\u0259 inki\u015faf etdiyini vur\u011fulay\u0131blar. Eyni zamanda, m\u00fcasir \u015f\u0259raitd\u0259 idar\u0259etm\u0259nin \u00f6n\u0259mli m\u0259s\u0259l\u0259 oldu\u011fu bildirilib, Az\u0259rbaycanda ke\u00e7iril\u0259c\u0259k COP29-un \u0259h\u0259miyy\u0259ti x\u00fcsusi qeyd edilib. <\/p>\n\t\t\t\t\t<\/div>\n\t\t\t\t\t\t<\/div>\n\t\t\t\t<\/div>\n\t\t\t\t\t\t<\/div>\n\t\t\t\t\t<\/div>\n\t\t<\/div>\n\t\t\t\t\t\t\t\t<\/div>\n\t\t\t\t\t<\/div>\n\t\t<\/section>\n\t\t\t\t\t\t<\/div>\n\t\t\t\t\t\t<\/div>\n\t\t\t\t\t<\/div>","protected":false},"excerpt":{"rendered":"<p>Az\u0259rbaycan Respublikas\u0131n\u0131n Prezidenti yan\u0131nda D\u00f6vl\u0259t \u0130dar\u0259\u00e7ilik Akademiyas\u0131nda (D\u0130A) \u201cAz\u0259rbaycanda m\u00fcasir idar\u0259etm\u0259 formalar\u0131: yeni reall\u0131qlar v\u0259 perspektivl\u0259r\u201d m\u00f6vzusunda respublika elmi konfrans\u0131 ke\u00e7irilib. T\u0259dbir D\u0130A-n\u0131n D\u00f6vl\u0259t qullu\u011fu v\u0259 kadr siyas\u0259ti kafedras\u0131 t\u0259r\u0259find\u0259n t\u0259\u015fkil olunub.<\/p>","protected":false},"author":2,"featured_media":22579,"comment_status":"closed","ping_status":"closed","sticky":false,"template":"","format":"standard","meta":[],"categories":[137],"tags":[],"_links":{"self":[{"href":"https:\/\/legacy.dia.edu.az\/ru\/wp-json\/wp\/v2\/posts\/22578"}],"collection":[{"href":"https:\/\/legacy.dia.edu.az\/ru\/wp-json\/wp\/v2\/posts"}],"about":[{"href":"https:\/\/legacy.dia.edu.az\/ru\/wp-json\/wp\/v2\/types\/post"}],"author":[{"embeddable":true,"href":"https:\/\/legacy.dia.edu.az\/ru\/wp-json\/wp\/v2\/users\/2"}],"replies":[{"embeddable":true,"href":"https:\/\/legacy.dia.edu.az\/ru\/wp-json\/wp\/v2\/comments?post=22578"}],"version-history":[{"count":5,"href":"https:\/\/legacy.dia.edu.az\/ru\/wp-json\/wp\/v2\/posts\/22578\/revisions"}],"predecessor-version":[{"id":22584,"href":"https:\/\/legacy.dia.edu.az\/ru\/wp-json\/wp\/v2\/posts\/22578\/revisions\/22584"}],"wp:featuredmedia":[{"embeddable":true,"href":"https:\/\/legacy.dia.edu.az\/ru\/wp-json\/wp\/v2\/media\/22579"}],"wp:attachment":[{"href":"https:\/\/legacy.dia.edu.az\/ru\/wp-json\/wp\/v2\/media?parent=22578"}],"wp:term":[{"taxonomy":"category","embeddable":true,"href":"https:\/\/legacy.dia.edu.az\/ru\/wp-json\/wp\/v2\/categories?post=22578"},{"taxonomy":"post_tag","embeddable":true,"href":"https:\/\/legacy.dia.edu.az\/ru\/wp-json\/wp\/v2\/tags?post=22578"}],"curies":[{"name":"wp","href":"https:\/\/api.w.org\/{rel}","templated":true}]}}