{"id":22533,"date":"2024-04-23T20:18:43","date_gmt":"2024-04-23T16:18:43","guid":{"rendered":"https:\/\/dia.edu.az\/?p=22533"},"modified":"2024-04-23T20:30:14","modified_gmt":"2024-04-23T16:30:14","slug":"dovl%c9%99t-idar%c9%99cilik-akademiyasinin-professoruna-f%c9%99xri-mukafat-verilib","status":"publish","type":"post","link":"https:\/\/legacy.dia.edu.az\/ru\/arxivl\u0259r\/22533","title":{"rendered":"D\u00f6vl\u0259t \u0130dar\u0259\u00e7ilik Akademiyas\u0131n\u0131n professoruna f\u0259xri m\u00fckafat verilib"},"content":{"rendered":"<div data-elementor-type=\"wp-post\" data-elementor-id=\"22533\" class=\"elementor elementor-22533\" data-elementor-settings=\"[]\">\n\t\t\t\t\t\t<div class=\"elementor-inner\">\n\t\t\t\t\t\t\t<div class=\"elementor-section-wrap\">\n\t\t\t\t\t\t\t<section class=\"elementor-section elementor-top-section elementor-element elementor-element-354b0ef elementor-section-boxed elementor-section-height-default elementor-section-height-default\" data-id=\"354b0ef\" data-element_type=\"section\">\n\t\t\t\t\t\t<div class=\"elementor-container elementor-column-gap-default\">\n\t\t\t\t\t\t\t<div class=\"elementor-row\">\n\t\t\t\t\t<div class=\"elementor-column elementor-col-100 elementor-top-column elementor-element elementor-element-66a29e2\" data-id=\"66a29e2\" data-element_type=\"column\">\n\t\t\t<div class=\"elementor-column-wrap elementor-element-populated\">\n\t\t\t\t\t\t\t<div class=\"elementor-widget-wrap\">\n\t\t\t\t\t\t<div class=\"elementor-element elementor-element-62b4976 elementor-position-top elementor-vertical-align-top elementor-widget elementor-widget-image-box\" data-id=\"62b4976\" data-element_type=\"widget\" data-widget_type=\"image-box.default\">\n\t\t\t\t<div class=\"elementor-widget-container\">\n\t\t\t<div class=\"elementor-image-box-wrapper\"><figure class=\"elementor-image-box-img\"><a href=\"https:\/\/dia.edu.az\/wp-content\/uploads\/2024\/04\/opopop.jpeg\"><img width=\"1307\" height=\"1600\" src=\"https:\/\/legacy.dia.edu.az\/wp-content\/uploads\/2024\/04\/opopop.jpeg\" class=\"attachment-full size-full\" alt=\"\" srcset=\"https:\/\/legacy.dia.edu.az\/wp-content\/uploads\/2024\/04\/opopop.jpeg 1307w, https:\/\/legacy.dia.edu.az\/wp-content\/uploads\/2024\/04\/opopop-163x200.jpeg 163w, https:\/\/legacy.dia.edu.az\/wp-content\/uploads\/2024\/04\/opopop-368x450.jpeg 368w, https:\/\/legacy.dia.edu.az\/wp-content\/uploads\/2024\/04\/opopop-1255x1536.jpeg 1255w, https:\/\/legacy.dia.edu.az\/wp-content\/uploads\/2024\/04\/opopop-10x12.jpeg 10w, https:\/\/legacy.dia.edu.az\/wp-content\/uploads\/2024\/04\/opopop-163x200@2x.jpeg 326w, https:\/\/legacy.dia.edu.az\/wp-content\/uploads\/2024\/04\/opopop-368x450@2x.jpeg 736w\" sizes=\"(max-width: 1307px) 100vw, 1307px\" \/><\/a><\/figure><div class=\"elementor-image-box-content\"><h3 class=\"elementor-image-box-title\"><a href=\"https:\/\/dia.edu.az\/wp-content\/uploads\/2024\/04\/opopop.jpeg\">D\u00f6vl\u0259t \u0130dar\u0259\u00e7ilik Akademiyas\u0131n\u0131n professoruna f\u0259xri m\u00fckafat verilib<\/a><\/h3><p class=\"elementor-image-box-description\">Mart\u0131n 18-d\u0259 Bak\u0131da, tarix elml\u0259ri doktoru, Az\u0259rbaycan Respublikas\u0131n\u0131n Prezidenti yan\u0131nda D\u00f6vl\u0259t \u0130dar\u0259\u00e7ilik Akademiyas\u0131n\u0131n tarix kafedras\u0131n\u0131n professoru, \u201cSimurq\u201d Az\u0259rbaycan M\u0259d\u0259niyy\u0259t Assosiasiyas\u0131n\u0131n prezidenti, D\u00fcnya S\u00f6z Akademiyas\u0131n\u0131n f\u0259xri \u00fczv\u00fc Fuad M\u0259mm\u0259dov, beyn\u0259lxalq \u201cQlobus\u201d m\u00fckafat\u0131 il\u0259 t\u0259ltif olunub.\nD\u00fcnya S\u00f6z Akademiyas\u0131n\u0131n prezidenti, akademik Xayrattin \u0130vgin t\u0259r\u0259find\u0259n t\u0259qdim olunmu\u015f bu m\u00fckafat,  Az\u0259rbaycan kulturologiyas\u0131n\u0131n d\u00fcnya kulturologiya elmin\u0259, t\u0259hsilin\u0259 v\u0259 maarifin\u0259, m\u00fct\u0259r\u0259qqi ideyalar\u0131n, innovativ t\u0259f\u0259kk\u00fcr\u00fcn v\u0259 b\u0259\u015f\u0259r m\u0259d\u0259niyy\u0259tl\u0259ri aras\u0131nda dialoqun inki\u015faf\u0131na verdiyi t\u00f6hf\u0259n\u0131n n\u00f6vb\u0259ti y\u00fcks\u0259k qiym\u0259tl\u0259ndirilm\u0259si oldu.\n35 il\u0259 yax\u0131n yarad\u0131c\u0131l\u0131q f\u0259aliyy\u0259ti d\u00f6vr\u00fcnd\u0259 \u201cSimurq\u201d AMA-n\u0131n Az\u0259rbaycan xalq\u0131n\u0131n v\u0259 b\u00fct\u00fcn b\u0259\u015f\u0259riyy\u0259tin ruhi (intellektual v\u0259 m\u0259n\u0259vi) m\u0259d\u0259niyy\u0259tinin inki\u015faf\u0131na xidm\u0259tind\u0259, d\u00fcnya kulturologiyas\u0131n\u0131n, o c\u00fcml\u0259d\u0259n m\u0259d\u0259niyy\u0259tl\u0259rin v\u0259 sivilizasiyalar\u0131n dialoqunun inki\u015faf\u0131na verdiyi t\u00f6hf\u0259l\u0259r, alt\u0131 beyn\u0259lxalq akademiya t\u0259r\u0259find\u0259n qiym\u0259tl\u0259ndirilib. \u201cSimurq\u201d  Pitirim Sorokin Beyn\u0259lxalq \u0130nstitutu, YUNESKO-nun S\u00fclh M\u0259d\u0259niyy\u0259ti \u0130nstitutu, Misir T\u0259hsil Nazirliyinin q\u0131z\u0131l medallar\u0131, \u201cD\u00f6vr\u00fcn yarad\u0131c\u0131s\u0131\u201d beyn\u0259lxalq orden, \u201cBrahma Kumaris\u201d \u00dcmumd\u00fcnya Universitetinin \u0259n y\u00fcks\u0259k m\u00fckafat\u0131 \u201cAli cisimsiz ruh\u201d v\u0259 dig\u0259r beyn\u0259lxalq m\u00fckafatlara layiq g\u00f6r\u00fcl\u00fcb.\n<\/p><\/div><\/div>\t\t<\/div>\n\t\t\t\t<\/div>\n\t\t\t\t\t\t<\/div>\n\t\t\t\t\t<\/div>\n\t\t<\/div>\n\t\t\t\t\t\t\t\t<\/div>\n\t\t\t\t\t<\/div>\n\t\t<\/section>\n\t\t\t\t\t\t<\/div>\n\t\t\t\t\t\t<\/div>\n\t\t\t\t\t<\/div>","protected":false},"excerpt":{"rendered":"<p>Mart\u0131n 18-d\u0259 Bak\u0131da, tarix elml\u0259ri doktoru, Az\u0259rbaycan Respublikas\u0131n\u0131n Prezidenti yan\u0131nda D\u00f6vl\u0259t \u0130dar\u0259\u00e7ilik Akademiyas\u0131n\u0131n tarix kafedras\u0131n\u0131n professoru, \u201cSimurq\u201d Az\u0259rbaycan M\u0259d\u0259niyy\u0259t Assosiasiyas\u0131n\u0131n prezidenti, D\u00fcnya S\u00f6z Akademiyas\u0131n\u0131n f\u0259xri \u00fczv\u00fc Fuad M\u0259mm\u0259dov, beyn\u0259lxalq \u201cQlobus\u201d m\u00fckafat\u0131 il\u0259 t\u0259ltif olunub.<\/p>","protected":false},"author":2,"featured_media":22534,"comment_status":"open","ping_status":"open","sticky":false,"template":"","format":"standard","meta":[],"categories":[137],"tags":[],"_links":{"self":[{"href":"https:\/\/legacy.dia.edu.az\/ru\/wp-json\/wp\/v2\/posts\/22533"}],"collection":[{"href":"https:\/\/legacy.dia.edu.az\/ru\/wp-json\/wp\/v2\/posts"}],"about":[{"href":"https:\/\/legacy.dia.edu.az\/ru\/wp-json\/wp\/v2\/types\/post"}],"author":[{"embeddable":true,"href":"https:\/\/legacy.dia.edu.az\/ru\/wp-json\/wp\/v2\/users\/2"}],"replies":[{"embeddable":true,"href":"https:\/\/legacy.dia.edu.az\/ru\/wp-json\/wp\/v2\/comments?post=22533"}],"version-history":[{"count":9,"href":"https:\/\/legacy.dia.edu.az\/ru\/wp-json\/wp\/v2\/posts\/22533\/revisions"}],"predecessor-version":[{"id":22544,"href":"https:\/\/legacy.dia.edu.az\/ru\/wp-json\/wp\/v2\/posts\/22533\/revisions\/22544"}],"wp:featuredmedia":[{"embeddable":true,"href":"https:\/\/legacy.dia.edu.az\/ru\/wp-json\/wp\/v2\/media\/22534"}],"wp:attachment":[{"href":"https:\/\/legacy.dia.edu.az\/ru\/wp-json\/wp\/v2\/media?parent=22533"}],"wp:term":[{"taxonomy":"category","embeddable":true,"href":"https:\/\/legacy.dia.edu.az\/ru\/wp-json\/wp\/v2\/categories?post=22533"},{"taxonomy":"post_tag","embeddable":true,"href":"https:\/\/legacy.dia.edu.az\/ru\/wp-json\/wp\/v2\/tags?post=22533"}],"curies":[{"name":"wp","href":"https:\/\/api.w.org\/{rel}","templated":true}]}}