{"id":22434,"date":"2024-04-09T11:08:58","date_gmt":"2024-04-09T07:08:58","guid":{"rendered":"https:\/\/dia.edu.az\/?p=22434"},"modified":"2024-04-09T11:14:36","modified_gmt":"2024-04-09T07:14:36","slug":"dovl%c9%99t-idar%c9%99cilik-akademiyasinin-t%c9%99l%c9%99b%c9%99l%c9%99rinin-sohr%c9%99t-muzeyin%c9%99-ekskursiyasi-t%c9%99skil-edilib","status":"publish","type":"post","link":"https:\/\/legacy.dia.edu.az\/ru\/arxivl\u0259r\/22434","title":{"rendered":"D\u00f6vl\u0259t \u0130dar\u0259\u00e7ilik Akademiyas\u0131n\u0131n t\u0259l\u0259b\u0259l\u0259rinin \u201c\u015e\u00f6hr\u0259t\u201d muzeyin\u0259 ekskursiyas\u0131 t\u0259\u015fkil edilib"},"content":{"rendered":"<div data-elementor-type=\"wp-post\" data-elementor-id=\"22434\" class=\"elementor elementor-22434\" data-elementor-settings=\"[]\">\n\t\t\t\t\t\t<div class=\"elementor-inner\">\n\t\t\t\t\t\t\t<div class=\"elementor-section-wrap\">\n\t\t\t\t\t\t\t<section class=\"elementor-section elementor-top-section elementor-element elementor-element-cf9d16b elementor-section-boxed elementor-section-height-default elementor-section-height-default\" data-id=\"cf9d16b\" data-element_type=\"section\">\n\t\t\t\t\t\t<div class=\"elementor-container elementor-column-gap-default\">\n\t\t\t\t\t\t\t<div class=\"elementor-row\">\n\t\t\t\t\t<div class=\"elementor-column elementor-col-100 elementor-top-column elementor-element elementor-element-94d143e\" data-id=\"94d143e\" data-element_type=\"column\">\n\t\t\t<div class=\"elementor-column-wrap elementor-element-populated\">\n\t\t\t\t\t\t\t<div class=\"elementor-widget-wrap\">\n\t\t\t\t\t\t<div class=\"elementor-element elementor-element-b134271 elementor-position-top elementor-vertical-align-top elementor-widget elementor-widget-image-box\" data-id=\"b134271\" data-element_type=\"widget\" data-widget_type=\"image-box.default\">\n\t\t\t\t<div class=\"elementor-widget-container\">\n\t\t\t<div class=\"elementor-image-box-wrapper\"><figure class=\"elementor-image-box-img\"><img width=\"890\" height=\"575\" src=\"https:\/\/legacy.dia.edu.az\/wp-content\/uploads\/2024\/04\/04-09-at-10.38.18.jpeg\" class=\"attachment-full size-full\" alt=\"\" srcset=\"https:\/\/legacy.dia.edu.az\/wp-content\/uploads\/2024\/04\/04-09-at-10.38.18.jpeg 890w, https:\/\/legacy.dia.edu.az\/wp-content\/uploads\/2024\/04\/04-09-at-10.38.18-200x129.jpeg 200w, https:\/\/legacy.dia.edu.az\/wp-content\/uploads\/2024\/04\/04-09-at-10.38.18-450x291.jpeg 450w, https:\/\/legacy.dia.edu.az\/wp-content\/uploads\/2024\/04\/04-09-at-10.38.18-18x12.jpeg 18w, https:\/\/legacy.dia.edu.az\/wp-content\/uploads\/2024\/04\/04-09-at-10.38.18-200x129@2x.jpeg 400w\" sizes=\"(max-width: 890px) 100vw, 890px\" \/><\/figure><div class=\"elementor-image-box-content\"><h3 class=\"elementor-image-box-title\">D\u00f6vl\u0259t \u0130dar\u0259\u00e7ilik Akademiyas\u0131n\u0131n t\u0259l\u0259b\u0259l\u0259rinin \u201c\u015e\u00f6hr\u0259t\u201d muzeyin\u0259  ekskursiyas\u0131 t\u0259\u015fkil edilib<\/h3><p class=\"elementor-image-box-description\">Az\u0259rbaycan Respublikas\u0131n\u0131n Prezidenti yan\u0131nda D\u00f6vl\u0259t \u0130dar\u0259\u00e7ilik\nAkademiyas\u0131n\u0131n t\u0259l\u0259b\u0259l\u0259rinin Az\u0259rbaycan Respublikas\u0131n\u0131n D\u00f6vl\u0259t\nT\u0259hl\u00fck\u0259sizliyi Xidm\u0259tinin Heyd\u0259r \u018fliyev ad\u0131na Akademiyas\u0131n\u0131n \u201c\u015e\u00f6hr\u0259t\u201d\nmuzeyin\u0259 ekskursiyas\u0131 t\u0259\u015fkil edilib.\nEkskursiya zaman\u0131 bildirilib ki, Az\u0259rbaycan Respublikas\u0131 D\u00f6vl\u0259t T\u0259hl\u00fck\u0259sizliyi\nXidm\u0259tinin Heyd\u0259r \u018fliyev ad\u0131na Akademiyas\u0131n\u0131n \u201c\u015e\u00f6hr\u0259t\u201d muzeyi \u00dcmummilli\nLider Heyd\u0259r \u018fliyevin xatir\u0259sini \u0259b\u0259dil\u0259\u015fdirm\u0259k, h\u0259yat v\u0259 f\u0259aliyy\u0259tinin,\nn\u0259sill\u0259r\u0259 \u00f6rn\u0259k olan m\u0259nal\u0131 \u00f6m\u00fcr yolunun v\u0259 irsinin \u00f6yr\u0259nilm\u0259sini, g\u0259l\u0259c\u0259k n\u0259sill\u0259r\u0259 \u00e7atd\u0131r\u0131lmas\u0131n\u0131 t\u0259min etm\u0259k m\u0259qs\u0259dil\u0259 yarad\u0131lm\u0131\u015fd\u0131r.\u00a0\nEkspozisiya il\u0259 tan\u0131\u015fl\u0131q zaman\u0131 g\u0259ncl\u0259rin suallar\u0131 cavabland\u0131r\u0131ld\u0131. \u00dcmummilli lider Heyd\u0259r \u018fliyevin muzey qar\u015f\u0131s\u0131nda ucald\u0131lm\u0131\u015f abid\u0259si ziyar\u0259t edilib.<\/p><\/div><\/div>\t\t<\/div>\n\t\t\t\t<\/div>\n\t\t\t\t\t\t<\/div>\n\t\t\t\t\t<\/div>\n\t\t<\/div>\n\t\t\t\t\t\t\t\t<\/div>\n\t\t\t\t\t<\/div>\n\t\t<\/section>\n\t\t\t\t\t\t<\/div>\n\t\t\t\t\t\t<\/div>\n\t\t\t\t\t<\/div>","protected":false},"excerpt":{"rendered":"<p>Az\u0259rbaycan Respublikas\u0131n\u0131n Prezidenti yan\u0131nda D\u00f6vl\u0259t \u0130dar\u0259\u00e7ilik<br \/>\nAkademiyas\u0131n\u0131n t\u0259l\u0259b\u0259l\u0259rinin Az\u0259rbaycan Respublikas\u0131n\u0131n D\u00f6vl\u0259t<br \/>\nT\u0259hl\u00fck\u0259sizliyi Xidm\u0259tinin Heyd\u0259r \u018fliyev ad\u0131na Akademiyas\u0131n\u0131n \u201c\u015e\u00f6hr\u0259t\u201d muzeyin\u0259 ekskursiyas\u0131 t\u0259\u015fkil edilib.<\/p>","protected":false},"author":2,"featured_media":22435,"comment_status":"closed","ping_status":"closed","sticky":false,"template":"","format":"standard","meta":[],"categories":[137],"tags":[],"_links":{"self":[{"href":"https:\/\/legacy.dia.edu.az\/ru\/wp-json\/wp\/v2\/posts\/22434"}],"collection":[{"href":"https:\/\/legacy.dia.edu.az\/ru\/wp-json\/wp\/v2\/posts"}],"about":[{"href":"https:\/\/legacy.dia.edu.az\/ru\/wp-json\/wp\/v2\/types\/post"}],"author":[{"embeddable":true,"href":"https:\/\/legacy.dia.edu.az\/ru\/wp-json\/wp\/v2\/users\/2"}],"replies":[{"embeddable":true,"href":"https:\/\/legacy.dia.edu.az\/ru\/wp-json\/wp\/v2\/comments?post=22434"}],"version-history":[{"count":8,"href":"https:\/\/legacy.dia.edu.az\/ru\/wp-json\/wp\/v2\/posts\/22434\/revisions"}],"predecessor-version":[{"id":22443,"href":"https:\/\/legacy.dia.edu.az\/ru\/wp-json\/wp\/v2\/posts\/22434\/revisions\/22443"}],"wp:featuredmedia":[{"embeddable":true,"href":"https:\/\/legacy.dia.edu.az\/ru\/wp-json\/wp\/v2\/media\/22435"}],"wp:attachment":[{"href":"https:\/\/legacy.dia.edu.az\/ru\/wp-json\/wp\/v2\/media?parent=22434"}],"wp:term":[{"taxonomy":"category","embeddable":true,"href":"https:\/\/legacy.dia.edu.az\/ru\/wp-json\/wp\/v2\/categories?post=22434"},{"taxonomy":"post_tag","embeddable":true,"href":"https:\/\/legacy.dia.edu.az\/ru\/wp-json\/wp\/v2\/tags?post=22434"}],"curies":[{"name":"wp","href":"https:\/\/api.w.org\/{rel}","templated":true}]}}