{"id":22417,"date":"2024-04-02T22:52:22","date_gmt":"2024-04-02T18:52:22","guid":{"rendered":"https:\/\/dia.edu.az\/?p=22417"},"modified":"2024-04-03T10:17:00","modified_gmt":"2024-04-03T06:17:00","slug":"az%c9%99rbaycan-respublikasinin-prezidenti-yaninda-dovl%c9%99t-idar%c9%99cilik-akademiyasinin-t%c9%99l%c9%99b%c9%99si-beyn%c9%99lxalq-elmi-konfransda-cixis-etmisdir","status":"publish","type":"post","link":"https:\/\/legacy.dia.edu.az\/ru\/arxivl\u0259r\/22417","title":{"rendered":"Az\u0259rbaycan Respublikas\u0131n\u0131n Prezidenti yan\u0131nda D\u00f6vl\u0259t \u0130dar\u0259\u00e7ilik Akademiyas\u0131n\u0131n t\u0259l\u0259b\u0259si beyn\u0259lxalq elmi konfransda \u00e7\u0131x\u0131\u015f etmi\u015fdir"},"content":{"rendered":"<div data-elementor-type=\"wp-post\" data-elementor-id=\"22417\" class=\"elementor elementor-22417\" data-elementor-settings=\"[]\">\n\t\t\t\t\t\t<div class=\"elementor-inner\">\n\t\t\t\t\t\t\t<div class=\"elementor-section-wrap\">\n\t\t\t\t\t\t\t<section class=\"elementor-section elementor-top-section elementor-element elementor-element-0c3586b elementor-section-boxed elementor-section-height-default elementor-section-height-default\" data-id=\"0c3586b\" data-element_type=\"section\">\n\t\t\t\t\t\t<div class=\"elementor-container elementor-column-gap-default\">\n\t\t\t\t\t\t\t<div class=\"elementor-row\">\n\t\t\t\t\t<div class=\"elementor-column elementor-col-100 elementor-top-column elementor-element elementor-element-9aa3490\" data-id=\"9aa3490\" data-element_type=\"column\">\n\t\t\t<div class=\"elementor-column-wrap elementor-element-populated\">\n\t\t\t\t\t\t\t<div class=\"elementor-widget-wrap\">\n\t\t\t\t\t\t<div class=\"elementor-element elementor-element-ef4786f elementor-position-top elementor-vertical-align-top elementor-widget elementor-widget-image-box\" data-id=\"ef4786f\" data-element_type=\"widget\" data-widget_type=\"image-box.default\">\n\t\t\t\t<div class=\"elementor-widget-container\">\n\t\t\t<div class=\"elementor-image-box-wrapper\"><figure class=\"elementor-image-box-img\"><a href=\"https:\/\/dia.edu.az\/wp-content\/uploads\/2024\/04\/6.49.35.jpeg\"><img width=\"960\" height=\"1280\" src=\"https:\/\/legacy.dia.edu.az\/wp-content\/uploads\/2024\/04\/6.49.35.jpeg\" class=\"attachment-full size-full\" alt=\"\" srcset=\"https:\/\/legacy.dia.edu.az\/wp-content\/uploads\/2024\/04\/6.49.35.jpeg 960w, https:\/\/legacy.dia.edu.az\/wp-content\/uploads\/2024\/04\/6.49.35-150x200.jpeg 150w, https:\/\/legacy.dia.edu.az\/wp-content\/uploads\/2024\/04\/6.49.35-338x450.jpeg 338w, https:\/\/legacy.dia.edu.az\/wp-content\/uploads\/2024\/04\/6.49.35-9x12.jpeg 9w, https:\/\/legacy.dia.edu.az\/wp-content\/uploads\/2024\/04\/6.49.35-150x200@2x.jpeg 300w, https:\/\/legacy.dia.edu.az\/wp-content\/uploads\/2024\/04\/6.49.35-338x450@2x.jpeg 676w\" sizes=\"(max-width: 960px) 100vw, 960px\" \/><\/a><\/figure><div class=\"elementor-image-box-content\"><h3 class=\"elementor-image-box-title\"><a href=\"https:\/\/dia.edu.az\/wp-content\/uploads\/2024\/04\/6.49.35.jpeg\">Az\u0259rbaycan Respublikas\u0131n\u0131n Prezidenti yan\u0131nda D\u00f6vl\u0259t \u0130dar\u0259\u00e7ilik Akademiyas\u0131n\u0131n t\u0259l\u0259b\u0259si beyn\u0259lxalq elmi konfransda \u00e7\u0131x\u0131\u015f etmi\u015fdir<\/a><\/h3><p class=\"elementor-image-box-description\">Siyasi idar\u0259etm\u0259 fak\u00fclt\u0259sinin Politologiya ixtisas\u0131n\u0131n \u00fc\u00e7\u00fcnc\u00fc kurs t\u0259l\u0259b\u0259si Alm\u0259mm\u0259dov Murad Nof\u0259l o\u011flu XV \u201cUMTEB\u201d beyn\u0259lxalq elmi konfrans\u0131nda \"Why states succeed or fail: understanding the factors behind governance outcomes\" adl\u0131 m\u0259qal\u0259 il\u0259 \u00e7\u0131x\u0131\u015f ed\u0259r\u0259k \u00f6z\u00fcn\u00fcn m\u00fc\u0259llifi oldu\u011fu \u201cSiyasi siteml\u0259rin metobolizmas\u0131\u201d adl\u0131 n\u0259z\u0259riyy\u0259ni t\u0259qdim etmi\u015fdir.  \n24-26 mart tarixl\u0259rind\u0259 \u0130ndoneziyan\u0131n paytaxt\u0131 Cakarta \u015f\u0259h\u0259rind\u0259 ke\u00e7iril\u0259n konfransda 22 \u00f6lk\u0259d\u0259n m\u0259ruz\u0259\u00e7il\u0259r i\u015ftirak etmi\u015fdir. \nQeyd ed\u0259k ki Alm\u0259mm\u0259dov Murad \u201cHeyd\u0259r \u018fliyev ad\u0131na t\u0259qa\u00fcd\u201d\u00fcn qalibi olmu\u015fdur.<\/p><\/div><\/div>\t\t<\/div>\n\t\t\t\t<\/div>\n\t\t\t\t\t\t<\/div>\n\t\t\t\t\t<\/div>\n\t\t<\/div>\n\t\t\t\t\t\t\t\t<\/div>\n\t\t\t\t\t<\/div>\n\t\t<\/section>\n\t\t\t\t\t\t<\/div>\n\t\t\t\t\t\t<\/div>\n\t\t\t\t\t<\/div>","protected":false},"excerpt":{"rendered":"<p>Siyasi idar\u0259etm\u0259 fak\u00fclt\u0259sinin Politologiya ixtisas\u0131n\u0131n \u00fc\u00e7\u00fcnc\u00fc kurs t\u0259l\u0259b\u0259si Alm\u0259mm\u0259dov Murad Nof\u0259l o\u011flu XV \u201cUMTEB\u201d beyn\u0259lxalq elmi konfrans\u0131nda<\/p>","protected":false},"author":2,"featured_media":22418,"comment_status":"closed","ping_status":"closed","sticky":false,"template":"","format":"standard","meta":[],"categories":[137],"tags":[],"_links":{"self":[{"href":"https:\/\/legacy.dia.edu.az\/ru\/wp-json\/wp\/v2\/posts\/22417"}],"collection":[{"href":"https:\/\/legacy.dia.edu.az\/ru\/wp-json\/wp\/v2\/posts"}],"about":[{"href":"https:\/\/legacy.dia.edu.az\/ru\/wp-json\/wp\/v2\/types\/post"}],"author":[{"embeddable":true,"href":"https:\/\/legacy.dia.edu.az\/ru\/wp-json\/wp\/v2\/users\/2"}],"replies":[{"embeddable":true,"href":"https:\/\/legacy.dia.edu.az\/ru\/wp-json\/wp\/v2\/comments?post=22417"}],"version-history":[{"count":9,"href":"https:\/\/legacy.dia.edu.az\/ru\/wp-json\/wp\/v2\/posts\/22417\/revisions"}],"predecessor-version":[{"id":22429,"href":"https:\/\/legacy.dia.edu.az\/ru\/wp-json\/wp\/v2\/posts\/22417\/revisions\/22429"}],"wp:featuredmedia":[{"embeddable":true,"href":"https:\/\/legacy.dia.edu.az\/ru\/wp-json\/wp\/v2\/media\/22418"}],"wp:attachment":[{"href":"https:\/\/legacy.dia.edu.az\/ru\/wp-json\/wp\/v2\/media?parent=22417"}],"wp:term":[{"taxonomy":"category","embeddable":true,"href":"https:\/\/legacy.dia.edu.az\/ru\/wp-json\/wp\/v2\/categories?post=22417"},{"taxonomy":"post_tag","embeddable":true,"href":"https:\/\/legacy.dia.edu.az\/ru\/wp-json\/wp\/v2\/tags?post=22417"}],"curies":[{"name":"wp","href":"https:\/\/api.w.org\/{rel}","templated":true}]}}