{"id":22386,"date":"2024-04-01T15:03:42","date_gmt":"2024-04-01T11:03:42","guid":{"rendered":"https:\/\/dia.edu.az\/?p=22386"},"modified":"2024-04-01T15:12:42","modified_gmt":"2024-04-01T11:12:42","slug":"dovl%c9%99t-idar%c9%99cilik-akademiyasinin-mu%c9%99llimi-heyd%c9%99r-%c9%99liyevin-100-illiyi-medali-il%c9%99-t%c9%99ltif-edilib","status":"publish","type":"post","link":"https:\/\/legacy.dia.edu.az\/ru\/arxivl\u0259r\/22386","title":{"rendered":"D\u00f6vl\u0259t \u0130dar\u0259\u00e7ilik Akademiyas\u0131n\u0131n m\u00fc\u0259llimi \u201cHeyd\u0259r \u018fliyevin 100 illiyi&#8221; medal\u0131 il\u0259 t\u0259ltif edilib"},"content":{"rendered":"<div data-elementor-type=\"wp-post\" data-elementor-id=\"22386\" class=\"elementor elementor-22386\" data-elementor-settings=\"[]\">\n\t\t\t\t\t\t<div class=\"elementor-inner\">\n\t\t\t\t\t\t\t<div class=\"elementor-section-wrap\">\n\t\t\t\t\t\t\t<section class=\"elementor-section elementor-top-section elementor-element elementor-element-7c21163 elementor-section-boxed elementor-section-height-default elementor-section-height-default\" data-id=\"7c21163\" data-element_type=\"section\">\n\t\t\t\t\t\t<div class=\"elementor-container elementor-column-gap-default\">\n\t\t\t\t\t\t\t<div class=\"elementor-row\">\n\t\t\t\t\t<div class=\"elementor-column elementor-col-100 elementor-top-column elementor-element elementor-element-acae2c8\" data-id=\"acae2c8\" data-element_type=\"column\">\n\t\t\t<div class=\"elementor-column-wrap elementor-element-populated\">\n\t\t\t\t\t\t\t<div class=\"elementor-widget-wrap\">\n\t\t\t\t\t\t<div class=\"elementor-element elementor-element-2792203 elementor-position-top elementor-vertical-align-top elementor-widget elementor-widget-image-box\" data-id=\"2792203\" data-element_type=\"widget\" data-widget_type=\"image-box.default\">\n\t\t\t\t<div class=\"elementor-widget-container\">\n\t\t\t<div class=\"elementor-image-box-wrapper\"><figure class=\"elementor-image-box-img\"><a href=\"https:\/\/dia.edu.az\/wp-content\/uploads\/2024\/04\/IMG_0519-scaled.jpeg\"><img width=\"1920\" height=\"2560\" src=\"https:\/\/legacy.dia.edu.az\/wp-content\/uploads\/2024\/04\/IMG_0519-scaled.jpeg\" class=\"attachment-full size-full\" alt=\"\" srcset=\"https:\/\/legacy.dia.edu.az\/wp-content\/uploads\/2024\/04\/IMG_0519-scaled.jpeg 1920w, https:\/\/legacy.dia.edu.az\/wp-content\/uploads\/2024\/04\/IMG_0519-150x200.jpeg 150w, https:\/\/legacy.dia.edu.az\/wp-content\/uploads\/2024\/04\/IMG_0519-338x450.jpeg 338w, https:\/\/legacy.dia.edu.az\/wp-content\/uploads\/2024\/04\/IMG_0519-1152x1536.jpeg 1152w, https:\/\/legacy.dia.edu.az\/wp-content\/uploads\/2024\/04\/IMG_0519-1536x2048.jpeg 1536w, https:\/\/legacy.dia.edu.az\/wp-content\/uploads\/2024\/04\/IMG_0519-9x12.jpeg 9w, https:\/\/legacy.dia.edu.az\/wp-content\/uploads\/2024\/04\/IMG_0519-150x200@2x.jpeg 300w, https:\/\/legacy.dia.edu.az\/wp-content\/uploads\/2024\/04\/IMG_0519-338x450@2x.jpeg 676w\" sizes=\"(max-width: 1920px) 100vw, 1920px\" \/><\/a><\/figure><div class=\"elementor-image-box-content\"><h3 class=\"elementor-image-box-title\"><a href=\"https:\/\/dia.edu.az\/wp-content\/uploads\/2024\/04\/IMG_0519-scaled.jpeg\">D\u00f6vl\u0259t \u0130dar\u0259\u00e7ilik Akademiyas\u0131n\u0131n m\u00fc\u0259llimi \u201cHeyd\u0259r \u018fliyevin 100 illiyi\"  yubiley medal\u0131 il\u0259 t\u0259ltif edilib<\/a><\/h3><p class=\"elementor-image-box-description\">Az\u0259rbaycan Respublikas\u0131n\u0131n Prezidenti c\u0259nab \u0130lham \u018fliyevin 29 sentyabr\n2022-ci il tarixli S\u0259r\u0259ncam\u0131 il\u0259 Az\u0259rbaycan Respublikas\u0131nda 2023-c\u00fc il \u201cHeyd\u0259r \u018fliyev ili\u201d elan edilmi\u015fdir. H\u0259min S\u0259r\u0259ncam\u0131n icras\u0131 il\u0259 \u0259laq\u0259dar t\u0259sdiql\u0259nmi\u015f \u201cT\u0259dbirl\u0259r Plan\u0131\u201dna uy\u011fun olaraq\u00a0\u00a0 \u201cHeyd\u0259r \u018fliyevin 100 illiyi (1923-2023)\u201d ali\u00a0 yubiley medal\u0131 \u00a0t\u0259sis edilib.\nAz\u0259rbaycan Respublikas\u0131 Prezidentinin 02 fevral 2024-c\u00fc il tarixli, 4289\nn\u00f6mr\u0259li S\u0259r\u0259ncam\u0131 il\u0259 \u00a0D\u00f6vl\u0259t \u0130dar\u0259\u00e7ilik Akademiyas\u0131n\u0131n sosial i\u015f, t\u0259lim-t\u0259rbiy\u0259 v\u0259 t\u0259\u015fkilat\u0131 i\u015fl\u0259r \u00fczr\u0259 m\u00fc\u015faviri, \u201cPolitologiya\u201d kafedras\u0131n\u0131n m\u00fc\u0259llimi Zaur M\u0259mm\u0259dov yubiley medal\u0131 il\u0259 t\u0259ltif edilib. &quot;Heyd\u0259r \u018fliyevin 100 illiyi (1923\u20132023)&quot; yubiley\nmedal\u0131 il\u0259 Az\u0259rbaycan Respublikas\u0131n\u0131n v\u0259t\u0259nda\u015flar\u0131, \u0259cn\u0259bil\u0259r v\u0259 v\u0259t\u0259nda\u015fl\u0131\u011f\u0131\nolmayan \u015f\u0259xsl\u0259r, Az\u0259rbaycan Respublikas\u0131n\u0131n v\u0259 xarici \u00f6lk\u0259l\u0259rin d\u00f6vl\u0259t v\u0259 dig\u0259r qurumlar\u0131n\u0131n, beyn\u0259lxalq t\u0259\u015fkilatlar\u0131n n\u00fcmay\u0259nd\u0259l\u0259ri t\u0259ltif edilirl\u0259r. H\u0259mkar\u0131m\u0131z\u0131 t\u0259brik edir ona g\u0259l\u0259c\u0259k i\u015fl\u0259rind\u0259 u\u011furlar arzulay\u0131r\u0131q.<\/p><\/div><\/div>\t\t<\/div>\n\t\t\t\t<\/div>\n\t\t\t\t\t\t<\/div>\n\t\t\t\t\t<\/div>\n\t\t<\/div>\n\t\t\t\t\t\t\t\t<\/div>\n\t\t\t\t\t<\/div>\n\t\t<\/section>\n\t\t\t\t\t\t<\/div>\n\t\t\t\t\t\t<\/div>\n\t\t\t\t\t<\/div>","protected":false},"excerpt":{"rendered":"<p>Az\u0259rbaycan Respublikas\u0131n\u0131n Prezidenti c\u0259nab \u0130lham \u018fliyevin 29 sentyabr 2022-ci il tarixli S\u0259r\u0259ncam\u0131 il\u0259 Az\u0259rbaycan Respublikas\u0131nda 2023-c\u00fc il \u201cHeyd\u0259r \u018fliyev ili\u201d elan edilmi\u015fdir.<\/p>","protected":false},"author":2,"featured_media":22387,"comment_status":"closed","ping_status":"closed","sticky":false,"template":"","format":"standard","meta":[],"categories":[137],"tags":[],"_links":{"self":[{"href":"https:\/\/legacy.dia.edu.az\/ru\/wp-json\/wp\/v2\/posts\/22386"}],"collection":[{"href":"https:\/\/legacy.dia.edu.az\/ru\/wp-json\/wp\/v2\/posts"}],"about":[{"href":"https:\/\/legacy.dia.edu.az\/ru\/wp-json\/wp\/v2\/types\/post"}],"author":[{"embeddable":true,"href":"https:\/\/legacy.dia.edu.az\/ru\/wp-json\/wp\/v2\/users\/2"}],"replies":[{"embeddable":true,"href":"https:\/\/legacy.dia.edu.az\/ru\/wp-json\/wp\/v2\/comments?post=22386"}],"version-history":[{"count":5,"href":"https:\/\/legacy.dia.edu.az\/ru\/wp-json\/wp\/v2\/posts\/22386\/revisions"}],"predecessor-version":[{"id":22394,"href":"https:\/\/legacy.dia.edu.az\/ru\/wp-json\/wp\/v2\/posts\/22386\/revisions\/22394"}],"wp:featuredmedia":[{"embeddable":true,"href":"https:\/\/legacy.dia.edu.az\/ru\/wp-json\/wp\/v2\/media\/22387"}],"wp:attachment":[{"href":"https:\/\/legacy.dia.edu.az\/ru\/wp-json\/wp\/v2\/media?parent=22386"}],"wp:term":[{"taxonomy":"category","embeddable":true,"href":"https:\/\/legacy.dia.edu.az\/ru\/wp-json\/wp\/v2\/categories?post=22386"},{"taxonomy":"post_tag","embeddable":true,"href":"https:\/\/legacy.dia.edu.az\/ru\/wp-json\/wp\/v2\/tags?post=22386"}],"curies":[{"name":"wp","href":"https:\/\/api.w.org\/{rel}","templated":true}]}}