{"id":21911,"date":"2024-01-18T10:23:00","date_gmt":"2024-01-18T06:23:00","guid":{"rendered":"https:\/\/dia.edu.az\/?p=21911"},"modified":"2024-02-19T09:57:54","modified_gmt":"2024-02-19T05:57:54","slug":"dovl%c9%99t-idar%c9%99cilik-akademiyasinda-20-yanvara-h%c9%99sr-olunmus-elmi-praktik-konfrans-kecirilib","status":"publish","type":"post","link":"https:\/\/legacy.dia.edu.az\/ru\/arxivl\u0259r\/21911","title":{"rendered":"D\u00f6vl\u0259t \u0130dar\u0259\u00e7ilik Akademiyas\u0131nda 20 Yanvara h\u0259sr olunmu\u015f elmi-praktik konfrans ke\u00e7irilib"},"content":{"rendered":"<div data-elementor-type=\"wp-post\" data-elementor-id=\"21911\" class=\"elementor elementor-21911\" data-elementor-settings=\"[]\">\n\t\t\t\t\t\t<div class=\"elementor-inner\">\n\t\t\t\t\t\t\t<div class=\"elementor-section-wrap\">\n\t\t\t\t\t\t\t<section class=\"elementor-section elementor-top-section elementor-element elementor-element-0bea1e6 elementor-section-boxed elementor-section-height-default elementor-section-height-default\" data-id=\"0bea1e6\" data-element_type=\"section\">\n\t\t\t\t\t\t<div class=\"elementor-container elementor-column-gap-default\">\n\t\t\t\t\t\t\t<div class=\"elementor-row\">\n\t\t\t\t\t<div class=\"elementor-column elementor-col-100 elementor-top-column elementor-element elementor-element-91c6490\" data-id=\"91c6490\" data-element_type=\"column\">\n\t\t\t<div class=\"elementor-column-wrap elementor-element-populated\">\n\t\t\t\t\t\t\t<div class=\"elementor-widget-wrap\">\n\t\t\t\t\t\t<div class=\"elementor-element elementor-element-e555198 elementor-widget elementor-widget-text-editor\" data-id=\"e555198\" data-element_type=\"widget\" data-widget_type=\"text-editor.default\">\n\t\t\t\t<div class=\"elementor-widget-container\">\n\t\t\t\t\t\t\t\t<div class=\"elementor-text-editor elementor-clearfix\">\n\t\t\t\t\tD\u00f6vl\u0259t \u0130dar\u0259\u00e7ilik Akademiyas\u0131nda 20 Yanvara h\u0259sr olunmu\u015f elmi-praktik konfrans ke\u00e7irilib\t\t\t\t\t<\/div>\n\t\t\t\t\t\t<\/div>\n\t\t\t\t<\/div>\n\t\t\t\t\t\t<\/div>\n\t\t\t\t\t<\/div>\n\t\t<\/div>\n\t\t\t\t\t\t\t\t<\/div>\n\t\t\t\t\t<\/div>\n\t\t<\/section>\n\t\t\t\t<section class=\"elementor-section elementor-top-section elementor-element elementor-element-d5bd64b elementor-section-boxed elementor-section-height-default elementor-section-height-default\" data-id=\"d5bd64b\" data-element_type=\"section\">\n\t\t\t\t\t\t<div class=\"elementor-container elementor-column-gap-default\">\n\t\t\t\t\t\t\t<div class=\"elementor-row\">\n\t\t\t\t\t<div class=\"elementor-column elementor-col-50 elementor-top-column elementor-element elementor-element-5440725\" data-id=\"5440725\" data-element_type=\"column\">\n\t\t\t<div class=\"elementor-column-wrap elementor-element-populated\">\n\t\t\t\t\t\t\t<div class=\"elementor-widget-wrap\">\n\t\t\t\t\t\t<div class=\"elementor-element elementor-element-6dcedf1 elementor-widget elementor-widget-image\" data-id=\"6dcedf1\" data-element_type=\"widget\" data-widget_type=\"image.default\">\n\t\t\t\t<div class=\"elementor-widget-container\">\n\t\t\t\t\t\t\t\t<div class=\"elementor-image\">\n\t\t\t\t\t\t\t\t\t\t\t\t\t<a href=\"https:\/\/dia.edu.az\/wp-content\/uploads\/2024\/01\/DSC_2577MM-scaled.jpg\" data-elementor-open-lightbox=\"yes\" data-elementor-lightbox-title=\"DSC_2577MM\">\n\t\t\t\t\t\t\t<img width=\"450\" height=\"298\" src=\"https:\/\/legacy.dia.edu.az\/wp-content\/uploads\/2024\/01\/DSC_2577MM-450x298.jpg\" class=\"attachment-large size-large\" alt=\"\" srcset=\"https:\/\/legacy.dia.edu.az\/wp-content\/uploads\/2024\/01\/DSC_2577MM-450x298.jpg 450w, https:\/\/legacy.dia.edu.az\/wp-content\/uploads\/2024\/01\/DSC_2577MM-200x132.jpg 200w, https:\/\/legacy.dia.edu.az\/wp-content\/uploads\/2024\/01\/DSC_2577MM-1536x1017.jpg 1536w, https:\/\/legacy.dia.edu.az\/wp-content\/uploads\/2024\/01\/DSC_2577MM-2048x1356.jpg 2048w, https:\/\/legacy.dia.edu.az\/wp-content\/uploads\/2024\/01\/DSC_2577MM-18x12.jpg 18w, https:\/\/legacy.dia.edu.az\/wp-content\/uploads\/2024\/01\/DSC_2577MM-150x100.jpg 150w, https:\/\/legacy.dia.edu.az\/wp-content\/uploads\/2024\/01\/DSC_2577MM-450x298@2x.jpg 900w, https:\/\/legacy.dia.edu.az\/wp-content\/uploads\/2024\/01\/DSC_2577MM-200x132@2x.jpg 400w\" sizes=\"(max-width: 450px) 100vw, 450px\" \/>\t\t\t\t\t\t\t\t<\/a>\n\t\t\t\t\t\t\t\t\t\t\t\t\t\t<\/div>\n\t\t\t\t\t\t<\/div>\n\t\t\t\t<\/div>\n\t\t\t\t\t\t<\/div>\n\t\t\t\t\t<\/div>\n\t\t<\/div>\n\t\t\t\t<div class=\"elementor-column elementor-col-50 elementor-top-column elementor-element elementor-element-15b01fd\" data-id=\"15b01fd\" data-element_type=\"column\">\n\t\t\t<div class=\"elementor-column-wrap elementor-element-populated\">\n\t\t\t\t\t\t\t<div class=\"elementor-widget-wrap\">\n\t\t\t\t\t\t<div class=\"elementor-element elementor-element-d834c89 elementor-widget elementor-widget-image\" data-id=\"d834c89\" data-element_type=\"widget\" data-widget_type=\"image.default\">\n\t\t\t\t<div class=\"elementor-widget-container\">\n\t\t\t\t\t\t\t\t<div class=\"elementor-image\">\n\t\t\t\t\t\t\t\t\t\t\t\t\t<a href=\"https:\/\/dia.edu.az\/wp-content\/uploads\/2024\/01\/DSC_2566MM-scaled.jpg\" data-elementor-open-lightbox=\"yes\" data-elementor-lightbox-title=\"DSC_2566MM\">\n\t\t\t\t\t\t\t<img width=\"450\" height=\"298\" src=\"https:\/\/legacy.dia.edu.az\/wp-content\/uploads\/2024\/01\/DSC_2566MM-450x298.jpg\" class=\"attachment-large size-large\" alt=\"\" srcset=\"https:\/\/legacy.dia.edu.az\/wp-content\/uploads\/2024\/01\/DSC_2566MM-450x298.jpg 450w, https:\/\/legacy.dia.edu.az\/wp-content\/uploads\/2024\/01\/DSC_2566MM-200x132.jpg 200w, https:\/\/legacy.dia.edu.az\/wp-content\/uploads\/2024\/01\/DSC_2566MM-1536x1017.jpg 1536w, https:\/\/legacy.dia.edu.az\/wp-content\/uploads\/2024\/01\/DSC_2566MM-2048x1356.jpg 2048w, https:\/\/legacy.dia.edu.az\/wp-content\/uploads\/2024\/01\/DSC_2566MM-18x12.jpg 18w, https:\/\/legacy.dia.edu.az\/wp-content\/uploads\/2024\/01\/DSC_2566MM-150x100.jpg 150w, https:\/\/legacy.dia.edu.az\/wp-content\/uploads\/2024\/01\/DSC_2566MM-450x298@2x.jpg 900w, https:\/\/legacy.dia.edu.az\/wp-content\/uploads\/2024\/01\/DSC_2566MM-200x132@2x.jpg 400w\" sizes=\"(max-width: 450px) 100vw, 450px\" \/>\t\t\t\t\t\t\t\t<\/a>\n\t\t\t\t\t\t\t\t\t\t\t\t\t\t<\/div>\n\t\t\t\t\t\t<\/div>\n\t\t\t\t<\/div>\n\t\t\t\t\t\t<\/div>\n\t\t\t\t\t<\/div>\n\t\t<\/div>\n\t\t\t\t\t\t\t\t<\/div>\n\t\t\t\t\t<\/div>\n\t\t<\/section>\n\t\t\t\t<section class=\"elementor-section elementor-top-section elementor-element elementor-element-7cb2aa7 elementor-section-boxed elementor-section-height-default elementor-section-height-default\" data-id=\"7cb2aa7\" data-element_type=\"section\">\n\t\t\t\t\t\t<div class=\"elementor-container elementor-column-gap-default\">\n\t\t\t\t\t\t\t<div class=\"elementor-row\">\n\t\t\t\t\t<div class=\"elementor-column elementor-col-100 elementor-top-column elementor-element elementor-element-2671f4b\" data-id=\"2671f4b\" data-element_type=\"column\">\n\t\t\t<div class=\"elementor-column-wrap elementor-element-populated\">\n\t\t\t\t\t\t\t<div class=\"elementor-widget-wrap\">\n\t\t\t\t\t\t<div class=\"elementor-element elementor-element-c7dac30 elementor-widget elementor-widget-text-editor\" data-id=\"c7dac30\" data-element_type=\"widget\" data-widget_type=\"text-editor.default\">\n\t\t\t\t<div class=\"elementor-widget-container\">\n\t\t\t\t\t\t\t\t<div class=\"elementor-text-editor elementor-clearfix\">\n\t\t\t\t\t<p>Yanvar\u0131n 19-da Az\u0259rbaycan Respublikas\u0131n\u0131n Prezidenti yan\u0131nda D\u00f6vl\u0259t \u0130dar\u0259\u00e7ilik<br>\nAkademiyas\u0131nda 20 Yanvara h\u0259sr olunmu\u015f elmi-praktik konfrans ke\u00e7irilib.<br>\n\u018fvv\u0259lc\u0259 t\u0259dbir i\u015ftirak\u00e7\u0131lar\u0131 \u015f\u0259hidl\u0259rin \u0259ziz xatir\u0259sini yad edibl\u0259r.<\/p>\n<p>Konfransda D\u0130A-n\u0131n rektoru, akademik Urxan \u018fl\u0259kb\u0259rov 1990-c\u0131 il yanvar\u0131n 19-dan 20-n\u0259<br>\nke\u00e7\u0259n gec\u0259 imperiya ordusunun Bak\u0131da v\u0259 \u00f6lk\u0259mizin dig\u0259r \u015f\u0259h\u0259r v\u0259 rayonlar\u0131nda t\u00f6r\u0259tdiyi<br>\nqanl\u0131 hadis\u0259l\u0259rd\u0259n dan\u0131\u015f\u0131b. Qeyd olunub ki, 20 Yanvarda Az\u0259rbaycan xalq\u0131na qar\u015f\u0131<br>\nt\u00f6r\u0259dilmi\u015f bu cinay\u0259t h\u0259m d\u0259 b\u00fct\u00fcn b\u0259\u015f\u0259riyy\u0259t\u0259, insanl\u0131\u011fa qar\u015f\u0131 h\u0259yata ke\u00e7irilib.<br>\nU.\u018fl\u0259kb\u0259rov vur\u011fulay\u0131b ki, faci\u0259nin ert\u0259si g\u00fcn\u00fc ulu \u00f6nd\u0259r Heyd\u0259r \u018fliyev Az\u0259rbaycan\u0131n<br>\nMoskva \u015f\u0259h\u0259rind\u0259ki daimi n\u00fcmay\u0259nd\u0259liyin\u0259 g\u0259l\u0259r\u0259k qanl\u0131 faci\u0259ni t\u00f6r\u0259d\u0259nl\u0259r\u0259 qar\u015f\u0131 k\u0259skin<br>\netiraz\u0131n\u0131 bildirib, g\u00fcnahkarlar\u0131n c\u0259zaland\u0131r\u0131lmas\u0131n\u0131 q\u0259tiyy\u0259tl\u0259 t\u0259l\u0259b edib.<br>\n\u00dcmummilli Liderin t\u0259\u015f\u0259bb\u00fcs\u00fc il\u0259 20 Yanvara h\u00fcquqi-siyasi qiym\u0259t verildiyini xat\u0131rladan<br>\nrektor bu qanl\u0131 hadis\u0259nin he\u00e7 zaman yaddan \u00e7\u0131xmayaca\u011f\u0131n\u0131 bildirib.<br>\nHeyd\u0259r \u018fliyev siyas\u0259tinin u\u011furlu n\u0259tic\u0259l\u0259rind\u0259n b\u0259hs ed\u0259n akademik U.\u018fl\u0259kb\u0259rov Ulu<br>\n\u00d6nd\u0259rin ideyalar\u0131n\u0131n Prezident \u0130lham \u018fliyev t\u0259r\u0259find\u0259n \u0259zml\u0259 h\u0259yata ke\u00e7irildiyini<br>\nvur\u011fulay\u0131b.\u00a0<br>\nT\u0259dbird\u0259 D\u00f6vl\u0259t qullu\u011fu v\u0259 kadr siyas\u0259ti kafedras\u0131n\u0131n m\u00fcdiri professor Hikm\u0259t Babao\u011flu,<br>\nQaraba\u011f \u0130rsini Ara\u015fd\u0131rmalar M\u0259rk\u0259zinin m\u00fcdiri professor El\u00e7in \u018fhm\u0259dov, Tarix<br>\nkafedras\u0131n\u0131n m\u00fcdiri dosent Firdovsiy\u0259 \u018fhm\u0259dova v\u0259 ba\u015fqalar\u0131 20 Yanvar hadis\u0259l\u0259rinin<br>\nd\u0259h\u015f\u0259tl\u0259rind\u0259n b\u0259hs edib, \u015f\u0259hidl\u0259rin xatir\u0259sinin daim \u0259ziz tutulaca\u011f\u0131n\u0131 bildiribl\u0259r, bu<br>\nt\u0259dbirl\u0259rin ke\u00e7irilm\u0259si yeti\u015fm\u0259kd\u0259 olan g\u0259nc n\u0259sil \u00fc\u00e7\u00fcn \u0259h\u0259miyy\u0259tini qeyd edibl\u0259r.<\/p>\t\t\t\t\t<\/div>\n\t\t\t\t\t\t<\/div>\n\t\t\t\t<\/div>\n\t\t\t\t\t\t<\/div>\n\t\t\t\t\t<\/div>\n\t\t<\/div>\n\t\t\t\t\t\t\t\t<\/div>\n\t\t\t\t\t<\/div>\n\t\t<\/section>\n\t\t\t\t\t\t<\/div>\n\t\t\t\t\t\t<\/div>\n\t\t\t\t\t<\/div>","protected":false},"excerpt":{"rendered":"<p>Yanvar\u0131n 19-da Az\u0259rbaycan Respublikas\u0131n\u0131n Prezidenti yan\u0131nda D\u00f6vl\u0259t \u0130dar\u0259\u00e7ilik Akademiyas\u0131nda 20 Yanvara h\u0259sr olunmu\u015f elmi-praktik konfrans ke\u00e7irilib.<br \/>\n\u018fvv\u0259lc\u0259 t\u0259dbir i\u015ftirak\u00e7\u0131lar\u0131 \u015f\u0259hidl\u0259rin \u0259ziz xatir\u0259sini yad edibl\u0259r.<\/p>","protected":false},"author":2,"featured_media":21912,"comment_status":"closed","ping_status":"closed","sticky":false,"template":"","format":"standard","meta":[],"categories":[137],"tags":[],"_links":{"self":[{"href":"https:\/\/legacy.dia.edu.az\/ru\/wp-json\/wp\/v2\/posts\/21911"}],"collection":[{"href":"https:\/\/legacy.dia.edu.az\/ru\/wp-json\/wp\/v2\/posts"}],"about":[{"href":"https:\/\/legacy.dia.edu.az\/ru\/wp-json\/wp\/v2\/types\/post"}],"author":[{"embeddable":true,"href":"https:\/\/legacy.dia.edu.az\/ru\/wp-json\/wp\/v2\/users\/2"}],"replies":[{"embeddable":true,"href":"https:\/\/legacy.dia.edu.az\/ru\/wp-json\/wp\/v2\/comments?post=21911"}],"version-history":[{"count":16,"href":"https:\/\/legacy.dia.edu.az\/ru\/wp-json\/wp\/v2\/posts\/21911\/revisions"}],"predecessor-version":[{"id":22098,"href":"https:\/\/legacy.dia.edu.az\/ru\/wp-json\/wp\/v2\/posts\/21911\/revisions\/22098"}],"wp:featuredmedia":[{"embeddable":true,"href":"https:\/\/legacy.dia.edu.az\/ru\/wp-json\/wp\/v2\/media\/21912"}],"wp:attachment":[{"href":"https:\/\/legacy.dia.edu.az\/ru\/wp-json\/wp\/v2\/media?parent=21911"}],"wp:term":[{"taxonomy":"category","embeddable":true,"href":"https:\/\/legacy.dia.edu.az\/ru\/wp-json\/wp\/v2\/categories?post=21911"},{"taxonomy":"post_tag","embeddable":true,"href":"https:\/\/legacy.dia.edu.az\/ru\/wp-json\/wp\/v2\/tags?post=21911"}],"curies":[{"name":"wp","href":"https:\/\/api.w.org\/{rel}","templated":true}]}}