{"id":21698,"date":"2023-12-30T10:59:00","date_gmt":"2023-12-30T06:59:00","guid":{"rendered":"https:\/\/dia.edu.az\/?p=21698"},"modified":"2024-01-11T11:04:19","modified_gmt":"2024-01-11T07:04:19","slug":"dovl%c9%99t-idar%c9%99cilik-akademiyasinda-bayram-t%c9%99dbiri-kecirilib","status":"publish","type":"post","link":"https:\/\/legacy.dia.edu.az\/ru\/arxivl\u0259r\/21698","title":{"rendered":"D\u00f6vl\u0259t \u0130dar\u0259\u00e7ilik Akademiyas\u0131nda bayram t\u0259dbiri ke\u00e7irilib"},"content":{"rendered":"<div data-elementor-type=\"wp-post\" data-elementor-id=\"21698\" class=\"elementor elementor-21698\" data-elementor-settings=\"[]\">\n\t\t\t\t\t\t<div class=\"elementor-inner\">\n\t\t\t\t\t\t\t<div class=\"elementor-section-wrap\">\n\t\t\t\t\t\t\t<section class=\"elementor-section elementor-top-section elementor-element elementor-element-ecc2296 elementor-section-boxed elementor-section-height-default elementor-section-height-default\" data-id=\"ecc2296\" data-element_type=\"section\">\n\t\t\t\t\t\t<div class=\"elementor-container elementor-column-gap-default\">\n\t\t\t\t\t\t\t<div class=\"elementor-row\">\n\t\t\t\t\t<div class=\"elementor-column elementor-col-100 elementor-top-column elementor-element elementor-element-088932d\" data-id=\"088932d\" data-element_type=\"column\">\n\t\t\t<div class=\"elementor-column-wrap elementor-element-populated\">\n\t\t\t\t\t\t\t<div class=\"elementor-widget-wrap\">\n\t\t\t\t\t\t<div class=\"elementor-element elementor-element-d2a45ca elementor-position-top elementor-vertical-align-top elementor-widget elementor-widget-image-box\" data-id=\"d2a45ca\" data-element_type=\"widget\" data-widget_type=\"image-box.default\">\n\t\t\t\t<div class=\"elementor-widget-container\">\n\t\t\t<div class=\"elementor-image-box-wrapper\"><figure class=\"elementor-image-box-img\"><img width=\"2560\" height=\"1696\" src=\"https:\/\/legacy.dia.edu.az\/wp-content\/uploads\/2024\/01\/DSC_2467-scaled.jpg\" class=\"attachment-full size-full\" alt=\"\" srcset=\"https:\/\/legacy.dia.edu.az\/wp-content\/uploads\/2024\/01\/DSC_2467-scaled.jpg 2560w, https:\/\/legacy.dia.edu.az\/wp-content\/uploads\/2024\/01\/DSC_2467-200x132.jpg 200w, https:\/\/legacy.dia.edu.az\/wp-content\/uploads\/2024\/01\/DSC_2467-450x298.jpg 450w, https:\/\/legacy.dia.edu.az\/wp-content\/uploads\/2024\/01\/DSC_2467-1536x1017.jpg 1536w, https:\/\/legacy.dia.edu.az\/wp-content\/uploads\/2024\/01\/DSC_2467-2048x1356.jpg 2048w, https:\/\/legacy.dia.edu.az\/wp-content\/uploads\/2024\/01\/DSC_2467-18x12.jpg 18w, https:\/\/legacy.dia.edu.az\/wp-content\/uploads\/2024\/01\/DSC_2467-150x100.jpg 150w, https:\/\/legacy.dia.edu.az\/wp-content\/uploads\/2024\/01\/DSC_2467-200x132@2x.jpg 400w, https:\/\/legacy.dia.edu.az\/wp-content\/uploads\/2024\/01\/DSC_2467-450x298@2x.jpg 900w\" sizes=\"(max-width: 2560px) 100vw, 2560px\" \/><\/figure><div class=\"elementor-image-box-content\"><h3 class=\"elementor-image-box-title\">D\u00f6vl\u0259t \u0130dar\u0259\u00e7ilik Akademiyas\u0131nda bayram t\u0259dbiri ke\u00e7irilib<\/h3><p class=\"elementor-image-box-description\">Az\u0259rbaycan Respublikas\u0131n\u0131n Prezidenti yan\u0131nda D\u00f6vl\u0259t \u0130dar\u0259\u00e7ilik Akademiyas\u0131nda 31\ndekabr D\u00fcnya Az\u0259rbaycanl\u0131lar\u0131n\u0131n H\u0259mr\u0259ylik G\u00fcn\u00fc v\u0259 Yeni \u0130l m\u00fcnasib\u0259ti il\u0259 bayram\nt\u0259dbiri ke\u00e7irilib.\nD\u0130A-n\u0131n rektoru, akademik Urxan \u018fl\u0259kb\u0259rov kollektivi t\u0259brik edib, xo\u015f arzular\u0131n\u0131 bildirib. O,\n\u00dcmummilli lider, d\u00fcnya \u015f\u00f6hr\u0259tli siyasi v\u0259 d\u00f6vl\u0259t xadimi Heyd\u0259r \u018fliyevin d\u0259y\u0259rl\u0259rimizin\nqorunub saxlanmas\u0131nda misilsiz tarixi xidm\u0259tl\u0259rini qeyd edib, onun ideyalar\u0131n\u0131n Prezident\n\u0130lham \u018fliyev t\u0259r\u0259find\u0259n u\u011furla h\u0259yata ke\u00e7irildiyini vur\u011fulay\u0131b.<\/p><\/div><\/div>\t\t<\/div>\n\t\t\t\t<\/div>\n\t\t\t\t\t\t<\/div>\n\t\t\t\t\t<\/div>\n\t\t<\/div>\n\t\t\t\t\t\t\t\t<\/div>\n\t\t\t\t\t<\/div>\n\t\t<\/section>\n\t\t\t\t\t\t<\/div>\n\t\t\t\t\t\t<\/div>\n\t\t\t\t\t<\/div>","protected":false},"excerpt":{"rendered":"<p>Az\u0259rbaycan Respublikas\u0131n\u0131n Prezidenti yan\u0131nda D\u00f6vl\u0259t \u0130dar\u0259\u00e7ilik Akademiyas\u0131nda 31<br \/>\ndekabr D\u00fcnya Az\u0259rbaycanl\u0131lar\u0131n\u0131n H\u0259mr\u0259ylik G\u00fcn\u00fc v\u0259 Yeni \u0130l m\u00fcnasib\u0259ti il\u0259 bayram<br \/>\nt\u0259dbiri ke\u00e7irilib.<\/p>","protected":false},"author":2,"featured_media":21700,"comment_status":"closed","ping_status":"closed","sticky":false,"template":"","format":"standard","meta":[],"categories":[137],"tags":[],"_links":{"self":[{"href":"https:\/\/legacy.dia.edu.az\/ru\/wp-json\/wp\/v2\/posts\/21698"}],"collection":[{"href":"https:\/\/legacy.dia.edu.az\/ru\/wp-json\/wp\/v2\/posts"}],"about":[{"href":"https:\/\/legacy.dia.edu.az\/ru\/wp-json\/wp\/v2\/types\/post"}],"author":[{"embeddable":true,"href":"https:\/\/legacy.dia.edu.az\/ru\/wp-json\/wp\/v2\/users\/2"}],"replies":[{"embeddable":true,"href":"https:\/\/legacy.dia.edu.az\/ru\/wp-json\/wp\/v2\/comments?post=21698"}],"version-history":[{"count":8,"href":"https:\/\/legacy.dia.edu.az\/ru\/wp-json\/wp\/v2\/posts\/21698\/revisions"}],"predecessor-version":[{"id":21708,"href":"https:\/\/legacy.dia.edu.az\/ru\/wp-json\/wp\/v2\/posts\/21698\/revisions\/21708"}],"wp:featuredmedia":[{"embeddable":true,"href":"https:\/\/legacy.dia.edu.az\/ru\/wp-json\/wp\/v2\/media\/21700"}],"wp:attachment":[{"href":"https:\/\/legacy.dia.edu.az\/ru\/wp-json\/wp\/v2\/media?parent=21698"}],"wp:term":[{"taxonomy":"category","embeddable":true,"href":"https:\/\/legacy.dia.edu.az\/ru\/wp-json\/wp\/v2\/categories?post=21698"},{"taxonomy":"post_tag","embeddable":true,"href":"https:\/\/legacy.dia.edu.az\/ru\/wp-json\/wp\/v2\/tags?post=21698"}],"curies":[{"name":"wp","href":"https:\/\/api.w.org\/{rel}","templated":true}]}}